{"id":4769,"date":"2012-07-19T11:53:27","date_gmt":"2012-07-19T16:53:27","guid":{"rendered":"http:\/\/www.oscarhumbertogomez.com\/?p=4769"},"modified":"2024-12-23T13:15:48","modified_gmt":"2024-12-23T18:15:48","slug":"el-dr-carlos-cortes-caballero-m-d-y-su-tratado-de-medicina-legal","status":"publish","type":"post","link":"https:\/\/oscarhumbertogomez.com\/?p=4769","title":{"rendered":"EL DR. CARLOS CORT\u00c9S CABALLERO, M.D., Y SU TRATADO DE MEDICINA LEGAL. Por \u00d3scar Humberto G\u00f3mez G\u00f3mez. Fotograf\u00edas de Nylse Blackburn."},"content":{"rendered":"<div id=\"attachment_4774\" style=\"width: 650px\" class=\"wp-caption aligncenter\"><img loading=\"lazy\" decoding=\"async\" aria-describedby=\"caption-attachment-4774\" class=\"size-large wp-image-4774\" title=\"CARLOS CORT\u00c9S CABALLERO\" src=\"https:\/\/lapiedrafilosofal.com\/wp-content\/uploads\/2012\/07\/CARLOS-CORT\u00c9S-CABALLERO-1024x768.jpg\" alt=\"\" width=\"640\" height=\"480\" srcset=\"https:\/\/oscarhumbertogomez.com\/wp-content\/uploads\/2012\/07\/CARLOS-CORT\u00c9S-CABALLERO-1024x768.jpg 1024w, https:\/\/oscarhumbertogomez.com\/wp-content\/uploads\/2012\/07\/CARLOS-CORT\u00c9S-CABALLERO-300x225.jpg 300w, https:\/\/oscarhumbertogomez.com\/wp-content\/uploads\/2012\/07\/CARLOS-CORT\u00c9S-CABALLERO.jpg 2048w\" sizes=\"auto, (max-width: 640px) 100vw, 640px\" \/><p id=\"caption-attachment-4774\" class=\"wp-caption-text\">DR. CARLOS CORT\u00c9S CABALLERO, EMINENTE M\u00c9DICO PAT\u00d3LOGO Y LEGISTA SANTANDEREANO<\/p><\/div>\n<p>&nbsp;<\/p>\n<p>No hay nada que mejor muestre la grandeza de los hombres que el respeto y valoraci\u00f3n que exhiban hacia aquellas personas humildes que alg\u00fan papel han desempe\u00f1ado a lo largo de sus vidas.<\/p>\n<p>En su libro <em>De la Medicina en Santander. Semblanzas y recuerdos<\/em>,&nbsp;el m\u00e9dico Carlos Cort\u00e9s Caballero refleja su talante cuando resalta los servicios que en el seno de su hogar prest\u00f3 una humilde empleada que hubo de participar en los quehaceres de su crianza, incluso en solitario despu\u00e9s de la muerte de su se\u00f1ora madre, do\u00f1a Ana del Carmen Caballero. Luego de relacionar a quienes formaban su familia, el facultativo santandereano escribe:<\/p>\n<p>&#8220;Adem\u00e1s, entr\u00f3 a formar parte de este grupo familiar Mar\u00eda del Rosario Ni\u00f1o, quien ayud\u00f3 a mi madre desde muy temprano, por all\u00e1 en 1936, a nuestra crianza y en todas las labores que sin contar con la moderna tecnolog\u00eda deb\u00edan practicarse en cualquier hogar. &#8220;Tatica&#8221;, como cari\u00f1osamente la llam\u00e1bamos, era imprescindible en nuestra organizaci\u00f3n y lo fue por varias generaciones. &nbsp;Despu\u00e9s de la desaparici\u00f3n de nuestra madre en 1991, continu\u00f3 con nosotros durante muchos a\u00f1os, siempre derrochando amor, buen genio, bondad y atenciones hasta cuando f\u00edsicamente le fue posible. Como alguien de la familia dijo, fue el \u00e1ngel guardi\u00e1n que Dios nos envi\u00f3 y perteneci\u00f3 al grupo de aquellos seres que cada d\u00eda son m\u00e1s escasos&#8221;. (p\u00e1g. 228).<\/p>\n<p>Exaltar a las personas sencillas que han desempe\u00f1ado alg\u00fan papel en el decurso de la vida es una virtud exclusiva de almas grandes y nobles. &nbsp;Definitivamente, el doctor Cort\u00e9s Caballero no es solamente uno de los m\u00e9dicos m\u00e1s ilustres que ha tenido nuestra comarca, a quien hemos decidido poner de relieve en nuestro portal para remembranza de los mayores y conocimiento de los j\u00f3venes que no han tenido el honor de ser sus disc\u00edpulos. &nbsp;Es tambi\u00e9n un santandereano meritorio que le hace honor a sus apellidos. Unos apellidos que si se escribiesen a la usanza antigua, como Caballero y G\u00f3ngora, Ortega y Gasset o Lozano y Lozano, har\u00edan notar a\u00fan con mayor claridad que este galeno, oriundo de la Villa de San Carlos del Pie de la Cuesta, ha sido siempre, en efecto, Cort\u00e9s y Caballero.<\/p>\n<p>&nbsp;<\/p>\n<div id=\"attachment_4775\" style=\"width: 650px\" class=\"wp-caption aligncenter\"><img loading=\"lazy\" decoding=\"async\" aria-describedby=\"caption-attachment-4775\" class=\"size-large wp-image-4775\" title=\"CARLOS CORT\u00c9S CABALLERO II\" src=\"https:\/\/lapiedrafilosofal.com\/wp-content\/uploads\/2012\/07\/CARLOS-CORT\u00c9S-CABALLERO-II-1024x768.jpg\" alt=\"\" width=\"640\" height=\"480\" srcset=\"https:\/\/oscarhumbertogomez.com\/wp-content\/uploads\/2012\/07\/CARLOS-CORT\u00c9S-CABALLERO-II-1024x768.jpg 1024w, https:\/\/oscarhumbertogomez.com\/wp-content\/uploads\/2012\/07\/CARLOS-CORT\u00c9S-CABALLERO-II-300x225.jpg 300w, https:\/\/oscarhumbertogomez.com\/wp-content\/uploads\/2012\/07\/CARLOS-CORT\u00c9S-CABALLERO-II.jpg 2048w\" sizes=\"auto, (max-width: 640px) 100vw, 640px\" \/><p id=\"caption-attachment-4775\" class=\"wp-caption-text\">EL DR. CARLOS CORT\u00c9S CABALLERO EN SU LABORATORIO<\/p><\/div>\n<p>&nbsp;<\/p>\n<p>Con la coautor\u00eda del jurista y educador don Humberto Ortega Moreno, el hombre de ciencia a quien hoy exaltamos le ha legado a nuestro terru\u00f1o su obra <em>Juristas y Medicina. Tratado de Medicina Legal&nbsp;<\/em>en&nbsp;edici\u00f3n publicada bajo el sello&nbsp;<em>Doctrina y Ley Ltda<\/em>, obra que fue presentada en la Academia de Historia de Santander, en sobria ceremonia en la cual intervinieron el se\u00f1or Presidente de la Academia, don Miguel Jos\u00e9 Pinilla Guti\u00e9rrez, el exmagistrado y catedr\u00e1tico universitario don Rodolfo Mantilla J\u00e1come y, por supuesto, los autores.<\/p>\n<p>&nbsp;<\/p>\n<p><img loading=\"lazy\" decoding=\"async\" class=\"aligncenter size-large wp-image-4790\" title=\"Libro Carlos C.\" src=\"https:\/\/lapiedrafilosofal.com\/wp-content\/uploads\/2012\/07\/Libro-Carlos-C.-741x1024.png\" alt=\"\" width=\"640\" height=\"884\" srcset=\"https:\/\/oscarhumbertogomez.com\/wp-content\/uploads\/2012\/07\/Libro-Carlos-C.-741x1024.png 741w, https:\/\/oscarhumbertogomez.com\/wp-content\/uploads\/2012\/07\/Libro-Carlos-C.-217x300.png 217w, https:\/\/oscarhumbertogomez.com\/wp-content\/uploads\/2012\/07\/Libro-Carlos-C..png 1814w\" sizes=\"auto, (max-width: 640px) 100vw, 640px\" \/><\/p>\n<p>&nbsp;<\/p>\n<p>El tratado aborda, entre otros, los siguientes temas:<\/p>\n<p>-Rese\u00f1a hist\u00f3rica de la Medicina Legal en Am\u00e9rica, en Colombia y, desde luego, en Santander, partiendo del primer peritaje m\u00e9dico forense practicado en el continente, que fue llevado a cabo por el doctor Chanca en presencia de Crist\u00f3bal Col\u00f3n.<\/p>\n<p>-La biolog\u00eda de la lesi\u00f3n.<\/p>\n<p>-Lecciones de anatom\u00eda.<\/p>\n<p>-Laboratorio forense.<\/p>\n<p>-Patolog\u00eda forense.<\/p>\n<p>-Lofoscopia, quiroscopia, pelmatoscopia y dactiloscopia.<\/p>\n<p>-Cadena de custodia.<\/p>\n<p>-Peritaci\u00f3n.<\/p>\n<p>-Traumatolog\u00eda forense.<\/p>\n<p>-Lesiones seg\u00fan los agentes causantes.<br \/>\nLesiones por agentes f\u00edsicos. Armas blancas. Armas de fuego. Cambios en la temperatura. Electricidad. Radiaciones.<br \/>\nLesiones por agentes qu\u00edmicos. Minas antipersonas. Agentes biol\u00f3gicos.<br \/>\nLesiones multifactoriales. Lesiones al feto. Lesiones por violencia intrafamiliar. Lesiones por alteraci\u00f3n en la biodiversidad.<\/p>\n<p>-Secuelas de las lesiones.<\/p>\n<p>-Psiquiatr\u00eda Forense.<\/p>\n<p>-Psicolog\u00eda Forense.<\/p>\n<p>-Tanatolog\u00eda. El fen\u00f3meno de la muerte. Signos inmediatos y tard\u00edos. La necropsia. El&nbsp;levantamiento del cad\u00e1ver.<\/p>\n<p>-La exhumaci\u00f3n.<\/p>\n<p>-Toxicolog\u00eda forense.<\/p>\n<p>-El dopaje.<\/p>\n<p>-Los estupefacientes.<\/p>\n<p>-Odontolog\u00eda forense.<\/p>\n<p>-Sexolog\u00eda forense.<\/p>\n<p>-Bal\u00edstica.<\/p>\n<p>-La suspensi\u00f3n de la detenci\u00f3n preventiva por enfermedad grave.<\/p>\n<p>-Salud ocupacional.<\/p>\n<p>&nbsp;<\/p>\n<div id=\"attachment_4776\" style=\"width: 650px\" class=\"wp-caption aligncenter\"><img loading=\"lazy\" decoding=\"async\" aria-describedby=\"caption-attachment-4776\" class=\"size-large wp-image-4776\" title=\"CARLOS CORT\u00c9S CABALLERO III\" src=\"https:\/\/lapiedrafilosofal.com\/wp-content\/uploads\/2012\/07\/CARLOS-CORT\u00c9S-CABALLERO-III-1024x768.jpg\" alt=\"\" width=\"640\" height=\"480\" srcset=\"https:\/\/oscarhumbertogomez.com\/wp-content\/uploads\/2012\/07\/CARLOS-CORT\u00c9S-CABALLERO-III-1024x768.jpg 1024w, https:\/\/oscarhumbertogomez.com\/wp-content\/uploads\/2012\/07\/CARLOS-CORT\u00c9S-CABALLERO-III-300x225.jpg 300w, https:\/\/oscarhumbertogomez.com\/wp-content\/uploads\/2012\/07\/CARLOS-CORT\u00c9S-CABALLERO-III.jpg 2048w\" sizes=\"auto, (max-width: 640px) 100vw, 640px\" \/><p id=\"caption-attachment-4776\" class=\"wp-caption-text\">M\u00c1S ALL\u00c1 DE TODOS LOS DIPLOMAS Y GALARDONES QUE LE HAN OTORGADO EN LA VIDA, EL DR. CARLOS CORT\u00c9S CABALLERO NO HA DEJADO DE SER EL HIJO SENCILLO DE LA VILLA DE PIEDECUESTA QUE AFECTIVAMENTE JAM\u00c1S ABANDON\u00d3 LAS CALLES DE SU PUEBLO NATAL.<\/p><\/div>\n<p>&nbsp;<\/p>\n<p>El Dr. Carlos Cort\u00e9s Caballero naci\u00f3 en Piedecuesta \/ Santander en 1936 en el hogar formado por don Carlos Julio Cort\u00e9s Zaraza y do\u00f1a Ana del Carmen Caballero. &nbsp;Obtuvo su t\u00edtulo de M\u00e9dico Cirujano en la Facultad de Medicina de la Universidad de Antioquia y realiz\u00f3 sus estudios de postgrado en los Estados Unidos de Am\u00e9rica (Pennsylvania, Boston, Pittsburg y Cleveland) y en Jap\u00f3n (Tokyo). &nbsp;Es casado con la distinguida dama do\u00f1a Mar\u00eda Isabel Buitrago, hija del fundador de Forjas de Colombia don Pedro Mar\u00eda Buitrago, y es padre de los m\u00e9dicos Carlos Andr\u00e9s y Catalina Mar\u00eda, y de la bi\u00f3loga Ana Isabel.<\/p>\n<p>&nbsp;<\/p>\n<img loading=\"lazy\" decoding=\"async\" class=\"size-full wp-image-4787\" title=\"ESCULAPIO\" src=\"https:\/\/lapiedrafilosofal.com\/wp-content\/uploads\/2012\/07\/ESCULAPIO1.png\" alt=\"\" width=\"226\" height=\"400\" srcset=\"https:\/\/oscarhumbertogomez.com\/wp-content\/uploads\/2012\/07\/ESCULAPIO1.png 226w, https:\/\/oscarhumbertogomez.com\/wp-content\/uploads\/2012\/07\/ESCULAPIO1-169x300.png 169w\" sizes=\"auto, (max-width: 226px) 100vw, 226px\" \/>\n<p>&nbsp;<\/p>\n<p>Catedr\u00e1tico de Patolog\u00eda y Decano de Medicina (E) de la Universidad Industrial de Santander (UIS), ha sido tambi\u00e9n profesor de Medicina Legal en la Universidad Aut\u00f3noma de Bucaramanga (UNAB) y la Universidad Santo Tom\u00e1s, lo mismo que de Patolog\u00eda en la Universitaria de Santander (UDES). &nbsp;Es Miembro de N\u00famero de la Academia Nacional de Medicina, Miembro Correspondiente de la Academia de Historia de Santander, Miembro Honorario y Presidente del Colegio M\u00e9dico de Santander, y Miembro Honorario de la Sociedad Colombiana de Citolog\u00eda. &nbsp;Cruz de Esculapio de la Federaci\u00f3n M\u00e9dica Colombiana y Magistrado y Presidente del Tribunal de \u00c9tica M\u00e9dica, fue, por largos a\u00f1os, perito m\u00e9dico y Jefe de la Oficina Seccional de Medicina Legal de Santander, Director &#8211; Fundador del Instituto Nacional de Medicina Legal y Ciencias Forenses Regional Nor-Oriente y Presidente de la Sociedad Colombiana de Patolog\u00eda. &nbsp;Es, adem\u00e1s, Board Americano en Anatomopatolog\u00eda y Patolog\u00eda Cl\u00ednica. &nbsp;Ha sido Asistente del Instituto de Cancerolog\u00eda de Tokyo \/ Jap\u00f3n y M\u00e9dico Forense del Condado de Dade \/ Miami \/ Estado de La Florida \/ USA. &nbsp;En el 2005 recibi\u00f3 la nominaci\u00f3n &#8220;Caring Physicians of the World&#8221;.<\/p>\n<p>Empero, a \u00e9l pareciera costarle trabajo reconocer que ha recibido esas altas distinciones, como tambi\u00e9n admitir el elevado nivel de su preparaci\u00f3n acad\u00e9mica. &nbsp;Quiz\u00e1s eso explique el por qu\u00e9 cuando en los estrados judiciales, a donde suele cit\u00e1rsele como testigo calificado, le preguntan por su formaci\u00f3n cient\u00edfica, responde: &#8220;Soy m\u00e9dico&#8221;.<\/p>\n<p>&nbsp;<\/p>\n<div id=\"attachment_4788\" style=\"width: 810px\" class=\"wp-caption aligncenter\"><img loading=\"lazy\" decoding=\"async\" aria-describedby=\"caption-attachment-4788\" class=\"size-full wp-image-4788\" title=\"Piedecuesta_Santander_Colombia\" src=\"https:\/\/lapiedrafilosofal.com\/wp-content\/uploads\/2012\/07\/Piedecuesta_Santander_Colombia.jpg\" alt=\"\" width=\"800\" height=\"600\" srcset=\"https:\/\/oscarhumbertogomez.com\/wp-content\/uploads\/2012\/07\/Piedecuesta_Santander_Colombia.jpg 800w, https:\/\/oscarhumbertogomez.com\/wp-content\/uploads\/2012\/07\/Piedecuesta_Santander_Colombia-300x225.jpg 300w\" sizes=\"auto, (max-width: 800px) 100vw, 800px\" \/><p id=\"caption-attachment-4788\" class=\"wp-caption-text\">PARQUE PRINCIPAL DE PIEDECUESTA \/ SANTANDER, EL SOLAR NATIVO DEL DR. CARLOS CORT\u00c9S CABALLERO. SU PADRE, DON CARLOS JULIO CORT\u00c9S ZARAZA, NATURAL DE OIBA \/ SANTANDER, LLEG\u00d3 ALL\u00cd SIENDO UN NI\u00d1O DE NUEVE A\u00d1OS. SU SE\u00d1ORA MADRE, DO\u00d1A ANA DEL CARMEN CABALLERO, ERA ORIUNDA DE LA PROVINCIA DE GARC\u00cdA ROVIRA. FOTOGRAF\u00cdA: WIKIPEDIA. Usuario: Campoel\u00edas. Licencia de Creative Commons.<\/p><\/div>\n<p>&nbsp;<\/p>\n<p>Por fortuna, quienes tuvimos el honor de ser sus alumnos en la c\u00e1tedra de Medicina Legal hemos podido continuar benefici\u00e1ndonos de sus ense\u00f1anzas, impartidas siempre con la sencillez propia del que realmente sabe. &nbsp;Sus agudas observaciones, producto de sus vastos conocimientos y de su larga experiencia, han hecho posible dilucidar las hondas dudas cient\u00edficas que no pocos casos judiciales presentan y han permitido hacer justicia donde, seguramente, sin sus luces, se hubiese incurrido en penosa inequidad.<\/p>\n<p>Van para el doctor Carlos Cort\u00e9s Caballero nuestras felicitaciones por la cuarta edici\u00f3n de su Tratado de Medicina Legal, extensivas, por supuesto, a su coautor, el doctor Humberto Ortega Moreno, de quien hablaremos en otra oportunidad.<\/p>\n<p>Pero tambi\u00e9n van para el doctor Cort\u00e9s nuestras efusivas y sinceras felicitaciones por una vida entera dedicada a la noble profesi\u00f3n de Hip\u00f3crates, ejercida con la honestidad y la profundidad del cient\u00edfico, pero con la sencillez de los que verdaderamente son grandes: aquellos que ni siquiera son conscientes de su grandeza.<\/p>\n<p>Mesa de las Tempestades \/ \u00c1rea Metropolitana de Bucaramanga, jueves 19 de julio de 2012.<\/p>\n<p>&nbsp;<\/p>\n","protected":false},"excerpt":{"rendered":"<p>&nbsp; No hay nada que mejor muestre la grandeza de los hombres que el respeto y valoraci\u00f3n que exhiban hacia aquellas personas humildes que alg\u00fan papel han desempe\u00f1ado a lo largo de sus vidas. En su libro De la Medicina &hellip; <a href=\"https:\/\/oscarhumbertogomez.com\/?p=4769\">Sigue leyendo <span class=\"meta-nav\">&rarr;<\/span><\/a><\/p>\n<div class='heateorSssClear'><\/div><div  class='heateor_sss_sharing_container heateor_sss_horizontal_sharing' heateor-sss-data-href='https:\/\/oscarhumbertogomez.com\/?p=4769'><div class='heateor_sss_sharing_title' style=\"font-weight:bold\" >\u00a1Gracias por compartirla!<\/div><ul class=\"heateor_sss_sharing_ul\"><li class=\"heateorSssSharingRound\"><i style=\"width:35px;height:35px;border-radius:999px;\" alt=\"Facebook\" Title=\"Facebook\" class=\"heateorSssSharing heateorSssFacebookBackground\" onclick='heateorSssPopup(\"https:\/\/www.facebook.com\/sharer\/sharer.php?u=https%3A%2F%2Foscarhumbertogomez.com%2Findex.php%3Frest_route%3D%252Fwp%252Fv2%252Fposts%252F4769\")'><ss style=\"display:block;border-radius:999px;\" class=\"heateorSssSharingSvg heateorSssFacebookSvg\"><\/ss><\/i><\/li><li class=\"heateorSssSharingRound\"><i style=\"width:35px;height:35px;border-radius:999px;\" alt=\"Twitter\" Title=\"Twitter\" class=\"heateorSssSharing heateorSssTwitterBackground\" onclick='heateorSssPopup(\"http:\/\/twitter.com\/intent\/tweet?text=EL%20DR.%20CARLOS%20CORT%C3%89S%20CABALLERO%2C%20M.D.%2C%20Y%20SU%20TRATADO%20DE%20MEDICINA%20LEGAL.%20Por%20%C3%93scar%20Humberto%20G%C3%B3mez%20G%C3%B3mez.%20Fotograf%C3%ADas%20de%20Nylse%20Blackburn.&url=https%3A%2F%2Foscarhumbertogomez.com%2Findex.php%3Frest_route%3D%252Fwp%252Fv2%252Fposts%252F4769\")'><ss style=\"display:block;border-radius:999px;\" class=\"heateorSssSharingSvg heateorSssTwitterSvg\"><\/ss><\/i><\/li><li class=\"heateorSssSharingRound\"><i style=\"width:35px;height:35px;border-radius:999px;\" alt=\"Whatsapp\" Title=\"Whatsapp\" class=\"heateorSssSharing heateorSssWhatsappBackground\" onclick='heateorSssPopup(\"https:\/\/web.whatsapp.com\/send?text=EL%20DR.%20CARLOS%20CORT%C3%89S%20CABALLERO%2C%20M.D.%2C%20Y%20SU%20TRATADO%20DE%20MEDICINA%20LEGAL.%20Por%20%C3%93scar%20Humberto%20G%C3%B3mez%20G%C3%B3mez.%20Fotograf%C3%ADas%20de%20Nylse%20Blackburn. https%3A%2F%2Foscarhumbertogomez.com%2Findex.php%3Frest_route%3D%252Fwp%252Fv2%252Fposts%252F4769\")'><ss style=\"display:block\" class=\"heateorSssSharingSvg heateorSssWhatsappSvg\"><\/ss><\/i><\/li><li class=\"heateorSssSharingRound\"><i style=\"width:35px;height:35px;border-radius:999px;\" alt=\"Pinterest\" Title=\"Pinterest\" class=\"heateorSssSharing heateorSssPinterestBackground\" onclick=\"javascript:void( (function() {var e=document.createElement('script' );e.setAttribute('type','text\/javascript' );e.setAttribute('charset','UTF-8' );e.setAttribute('src','\/\/assets.pinterest.com\/js\/pinmarklet.js?r='+Math.random()*99999999);document.body.appendChild(e)})());\"><ss style=\"display:block;border-radius:999px;\" class=\"heateorSssSharingSvg heateorSssPinterestSvg\"><\/ss><\/i><\/li><li class=\"heateorSssSharingRound\"><i style=\"width:35px;height:35px;border-radius:999px;\" alt=\"Google Gmail\" Title=\"Google Gmail\" class=\"heateorSssSharing heateorSssGoogleGmailBackground\" onclick='heateorSssPopup(\"https:\/\/mail.google.com\/mail\/?ui=2&view=cm&fs=1&tf=1&su=EL%20DR.%20CARLOS%20CORT%C3%89S%20CABALLERO%2C%20M.D.%2C%20Y%20SU%20TRATADO%20DE%20MEDICINA%20LEGAL.%20Por%20%C3%93scar%20Humberto%20G%C3%B3mez%20G%C3%B3mez.%20Fotograf%C3%ADas%20de%20Nylse%20Blackburn.&body=Link:https%3A%2F%2Foscarhumbertogomez.com%2Findex.php%3Frest_route%3D%252Fwp%252Fv2%252Fposts%252F4769\")'><ss style=\"display:block;border-radius:999px;\" class=\"heateorSssSharingSvg heateorSssGoogleGmailSvg\"><\/ss><\/i><\/li><li class=\"heateorSssSharingRound\"><i style=\"width:35px;height:35px;border-radius:999px;\" title=\"More\" alt=\"More\" class=\"heateorSssSharing heateorSssMoreBackground\" onclick=\"heateorSssMoreSharingPopup(this, 'https:\/\/oscarhumbertogomez.com\/index.php?rest_route=%2Fwp%2Fv2%2Fposts%2F4769', 'EL%20DR.%20CARLOS%20CORT%C3%89S%20CABALLERO%2C%20M.D.%2C%20Y%20SU%20TRATADO%20DE%20MEDICINA%20LEGAL.%20Por%20%C3%93scar%20Humberto%20G%C3%B3mez%20G%C3%B3mez.%20Fotograf%C3%ADas%20de%20Nylse%20Blackburn.', '' )\" ><ss style=\"display:block\" class=\"heateorSssSharingSvg heateorSssMoreSvg\"><\/ss><\/i><\/li><\/ul><div class=\"heateorSssClear\"><\/div><\/div><div class='heateorSssClear'><\/div>","protected":false},"author":2,"featured_media":0,"comment_status":"open","ping_status":"open","sticky":false,"template":"","format":"standard","meta":{"spay_email":"","footnotes":""},"categories":[16,61],"tags":[],"class_list":["post-4769","post","type-post","status-publish","format-standard","hentry","category-libros","category-medicina"],"jetpack_featured_media_url":"","jetpack_shortlink":"https:\/\/wp.me\/p1FYrr-1eV","_links":{"self":[{"href":"https:\/\/oscarhumbertogomez.com\/index.php?rest_route=\/wp\/v2\/posts\/4769","targetHints":{"allow":["GET"]}}],"collection":[{"href":"https:\/\/oscarhumbertogomez.com\/index.php?rest_route=\/wp\/v2\/posts"}],"about":[{"href":"https:\/\/oscarhumbertogomez.com\/index.php?rest_route=\/wp\/v2\/types\/post"}],"author":[{"embeddable":true,"href":"https:\/\/oscarhumbertogomez.com\/index.php?rest_route=\/wp\/v2\/users\/2"}],"replies":[{"embeddable":true,"href":"https:\/\/oscarhumbertogomez.com\/index.php?rest_route=%2Fwp%2Fv2%2Fcomments&post=4769"}],"version-history":[{"count":5,"href":"https:\/\/oscarhumbertogomez.com\/index.php?rest_route=\/wp\/v2\/posts\/4769\/revisions"}],"predecessor-version":[{"id":49646,"href":"https:\/\/oscarhumbertogomez.com\/index.php?rest_route=\/wp\/v2\/posts\/4769\/revisions\/49646"}],"wp:attachment":[{"href":"https:\/\/oscarhumbertogomez.com\/index.php?rest_route=%2Fwp%2Fv2%2Fmedia&parent=4769"}],"wp:term":[{"taxonomy":"category","embeddable":true,"href":"https:\/\/oscarhumbertogomez.com\/index.php?rest_route=%2Fwp%2Fv2%2Fcategories&post=4769"},{"taxonomy":"post_tag","embeddable":true,"href":"https:\/\/oscarhumbertogomez.com\/index.php?rest_route=%2Fwp%2Fv2%2Ftags&post=4769"}],"curies":[{"name":"wp","href":"https:\/\/api.w.org\/{rel}","templated":true}]}}