{"id":48501,"date":"2024-08-02T17:02:00","date_gmt":"2024-08-02T22:02:00","guid":{"rendered":"https:\/\/oscarhumbertogomez.com\/?p=48501"},"modified":"2024-08-07T11:42:29","modified_gmt":"2024-08-07T16:42:29","slug":"ningun-estudiante-universitario-debe-sentirse-atrapado-sin-salida-por-oscar-humberto-gomez-gomez","status":"publish","type":"post","link":"https:\/\/oscarhumbertogomez.com\/?p=48501","title":{"rendered":"NING\u00daN ESTUDIANTE UNIVERSITARIO DEBE SENTIRSE ATRAPADO SIN SALIDA. Por \u00d3scar Humberto G\u00f3mez G\u00f3mez"},"content":{"rendered":"<p><img loading=\"lazy\" decoding=\"async\" class=\"aligncenter size-full wp-image-48514\" src=\"https:\/\/oscarhumbertogomez.com\/wp-content\/uploads\/2024\/08\/residente-.jpeg\" alt=\"\" width=\"1000\" height=\"750\" srcset=\"https:\/\/oscarhumbertogomez.com\/wp-content\/uploads\/2024\/08\/residente-.jpeg 1000w, https:\/\/oscarhumbertogomez.com\/wp-content\/uploads\/2024\/08\/residente--300x225.jpeg 300w, https:\/\/oscarhumbertogomez.com\/wp-content\/uploads\/2024\/08\/residente--768x576.jpeg 768w\" sizes=\"auto, (max-width: 1000px) 100vw, 1000px\" \/><\/p>\n<p>&nbsp;<\/p>\n<p>En la entrada pasada y a prop\u00f3sito de lo sucedido con la joven m\u00e9dica caldense y residente de Cirug\u00eda Dra. CATALINA GUTI\u00c9RREZ ZULUAGA y el trato que recib\u00eda dentro de la Facultad de Medicina de la Universidad Javeriana, de Bogot\u00e1, y en el Hospital San Ignacio, tambi\u00e9n de Bogot\u00e1, donde llevaba a cabo su residencia como alumna de ese posgrado, dec\u00eda que dicha situaci\u00f3n no era exclusiva de esa alma mater, ni de la profesi\u00f3n m\u00e9dica, sino que, sencilla y llanamente, nos hall\u00e1bamos inmersos, como sociedad, en una CRISIS GENERAL DEL AMOR A LOS DEM\u00c1S.<\/p>\n<p>Y dec\u00eda que era una crisis que se traduc\u00eda en el ejercicio de la violencia f\u00edsica y de la violencia moral en contra del otro y, particularmente, en el abuso por parte del que se sent\u00eda m\u00e1s fuerte en contra de aquel al que percib\u00eda m\u00e1s d\u00e9bil.<\/p>\n<p>&nbsp;<\/p>\n<p><img loading=\"lazy\" decoding=\"async\" class=\"aligncenter size-full wp-image-48514\" src=\"https:\/\/oscarhumbertogomez.com\/wp-content\/uploads\/2024\/08\/residente-.jpeg\" alt=\"\" width=\"1000\" height=\"750\" srcset=\"https:\/\/oscarhumbertogomez.com\/wp-content\/uploads\/2024\/08\/residente-.jpeg 1000w, https:\/\/oscarhumbertogomez.com\/wp-content\/uploads\/2024\/08\/residente--300x225.jpeg 300w, https:\/\/oscarhumbertogomez.com\/wp-content\/uploads\/2024\/08\/residente--768x576.jpeg 768w\" sizes=\"auto, (max-width: 1000px) 100vw, 1000px\" \/><\/p>\n<p>&nbsp;<\/p>\n<p>Hoy, en esta nueva entrada acerca del tema, he de recalcar que se trata, adem\u00e1s, de una crisis que se traduce tambi\u00e9n en la perpetuaci\u00f3n de modelos altamente inconvenientes que deber\u00edan ser superados.<\/p>\n<p>Y es que parece incre\u00edble, pero donde menos se piensa en la salud es en las facultades de Medicina.<\/p>\n<p>Hablo del tema por experiencia propia.<\/p>\n<p>&nbsp;<\/p>\n<p><img loading=\"lazy\" decoding=\"async\" class=\"aligncenter size-full wp-image-48514\" src=\"https:\/\/oscarhumbertogomez.com\/wp-content\/uploads\/2024\/08\/residente-.jpeg\" alt=\"\" width=\"1000\" height=\"750\" srcset=\"https:\/\/oscarhumbertogomez.com\/wp-content\/uploads\/2024\/08\/residente-.jpeg 1000w, https:\/\/oscarhumbertogomez.com\/wp-content\/uploads\/2024\/08\/residente--300x225.jpeg 300w, https:\/\/oscarhumbertogomez.com\/wp-content\/uploads\/2024\/08\/residente--768x576.jpeg 768w\" sizes=\"auto, (max-width: 1000px) 100vw, 1000px\" \/><\/p>\n<p>&nbsp;<\/p>\n<p>En efecto, en la que era la primera reuni\u00f3n de padres de familia de otra reputada universidad bogotana a la que asist\u00eda personalmente, luego de viajar desde Bucaramanga a la capital de la Rep\u00fablica, reuni\u00f3n convocada supuestamente para darnos la bienvenida, me sent\u00ed impulsado a hacer uso de la palabra para manifestar mi total desacuerdo con lo que acababan de exponer el decano de Medicina y la secretaria general de la facultad, ambos m\u00e9dicos, en el sentido de que nuestras hijas y nuestros hijos deb\u00edan irse despidiendo &#8220;de eso de dormir en la noche&#8221; y &#8220;de eso de ver a la familia en vacaciones&#8221;, porque a partir de ahora &#8220;van a tener que acostumbrarse a pasar d\u00edas sin dormir&#8221; y &#8220;a\u00f1os sin ver a la familia&#8221;. La secretaria general dijo que &#8220;a todos nos toc\u00f3 trasnochar, y no un d\u00eda, sino pasar hasta varios d\u00edas sin dormir&#8221;, y en cuanto a eso de &#8220;pasar con la familia, que la Navidad, que el A\u00f1o Nuevo, que la Semana Santa&#8221;, que fu\u00e9ramos entendiendo que eso de aqu\u00ed en adelante jam\u00e1s volver\u00eda a suceder porque el tiempo de las vacaciones los estudiantes tendr\u00edan que dedicarlo a estudiar, a preparar trabajos, a tomar cursos de vacaciones, etc\u00e9tera.<\/p>\n<p>De manera que, seg\u00fan estos dos directivos universitarios, el estudiar Medicina significaba el fin de la familia, del sue\u00f1o nocturno y de la posibilidad de disfrutar un per\u00edodo de vacaciones. Y eso no ser\u00eda solamente mientras duraba la carrera, sino para el resto de la vida.<\/p>\n<p>&nbsp;<\/p>\n<p><img loading=\"lazy\" decoding=\"async\" class=\"aligncenter size-full wp-image-48514\" src=\"https:\/\/oscarhumbertogomez.com\/wp-content\/uploads\/2024\/08\/residente-.jpeg\" alt=\"\" width=\"1000\" height=\"750\" srcset=\"https:\/\/oscarhumbertogomez.com\/wp-content\/uploads\/2024\/08\/residente-.jpeg 1000w, https:\/\/oscarhumbertogomez.com\/wp-content\/uploads\/2024\/08\/residente--300x225.jpeg 300w, https:\/\/oscarhumbertogomez.com\/wp-content\/uploads\/2024\/08\/residente--768x576.jpeg 768w\" sizes=\"auto, (max-width: 1000px) 100vw, 1000px\" \/><\/p>\n<p>&nbsp;<\/p>\n<p>Yo, hablando de pie, les dije que me parec\u00eda un contrasentido que en una facultad nada m\u00e1s ni nada menos que de Medicina, cuando la Psiquiatr\u00eda y la Neurolog\u00eda ven\u00edan ense\u00f1ando acerca de la enorme importancia que tiene el sue\u00f1o nocturno, al menos regular, y la Psicolog\u00eda Cl\u00ednica ven\u00eda insistiendo en la imperiosa necesidad de luchar contra el estr\u00e9s, la ansiedad y la depresi\u00f3n fortaleciendo los lazos familiares, se estuviese diciendo esto respecto de j\u00f3venes que hasta ahora estaban atravesando sus a\u00f1os de juventud y pr\u00e1cticamente encontr\u00e1ndose hasta ahora con el mundo y con la vida.<\/p>\n<p>&nbsp;<\/p>\n<p><img loading=\"lazy\" decoding=\"async\" class=\"aligncenter size-full wp-image-48514\" src=\"https:\/\/oscarhumbertogomez.com\/wp-content\/uploads\/2024\/08\/residente-.jpeg\" alt=\"\" width=\"1000\" height=\"750\" srcset=\"https:\/\/oscarhumbertogomez.com\/wp-content\/uploads\/2024\/08\/residente-.jpeg 1000w, https:\/\/oscarhumbertogomez.com\/wp-content\/uploads\/2024\/08\/residente--300x225.jpeg 300w, https:\/\/oscarhumbertogomez.com\/wp-content\/uploads\/2024\/08\/residente--768x576.jpeg 768w\" sizes=\"auto, (max-width: 1000px) 100vw, 1000px\" \/><\/p>\n<p>&nbsp;<\/p>\n<p>La reuni\u00f3n fue bastante tensa. No solo por lo anterior. Tambi\u00e9n lo fue porque yo volv\u00ed a hablar para cuestionar a &#8220;ese modelo de profesor con el que se raja todo el mundo y a quien por esa raz\u00f3n se le teme y se le tiene como lo m\u00e1ximo, cuando en realidad si yo fuera profesor y todos mis alumnos se rajaran en mi materia me preocupar\u00eda por analizar a conciencia en qu\u00e9 estoy fallando, o si es el m\u00e9todo pedag\u00f3gico el que no sirve&#8221;.  Como yo habl\u00e9 apoy\u00e1ndome en el lenguaje de gestos y de m\u00edmica, con el que suelo tratar de ilustrar con mayor claridad a quien me escucha lo que estoy diciendo, el decano me subray\u00f3 que esa clase de profesor &#8220;al que usted caricaturiza&#8221; no lo hab\u00eda en esa universidad, que todo el profesorado estaba conformado por m\u00e9dicos eminentes. Yo dije que &#8220;hay que acabar con la creencia de que en la educaci\u00f3n superior basta con ser una eminencia para ser profesor, porque alguien puede saber mucho sobre un tema, pero no saber transmitir el conocimiento a quienes carecen de \u00e9l, y si ello es as\u00ed esa persona, por brillante que sea, ser\u00e1 un mal profesor universitario, o un mal profesor de bachillerato, o un mal profesor de cualquier nivel&#8221;.<\/p>\n<p>&nbsp;<\/p>\n<p><img loading=\"lazy\" decoding=\"async\" class=\"aligncenter size-full wp-image-48514\" src=\"https:\/\/oscarhumbertogomez.com\/wp-content\/uploads\/2024\/08\/residente-.jpeg\" alt=\"\" width=\"1000\" height=\"750\" srcset=\"https:\/\/oscarhumbertogomez.com\/wp-content\/uploads\/2024\/08\/residente-.jpeg 1000w, https:\/\/oscarhumbertogomez.com\/wp-content\/uploads\/2024\/08\/residente--300x225.jpeg 300w, https:\/\/oscarhumbertogomez.com\/wp-content\/uploads\/2024\/08\/residente--768x576.jpeg 768w\" sizes=\"auto, (max-width: 1000px) 100vw, 1000px\" \/><\/p>\n<p>&nbsp;<\/p>\n<p>Otro tema que surgi\u00f3 fue el de la ense\u00f1anza de valores. Dijeron que eso era &#8220;asunto de la familia&#8221; y &#8220;por ah\u00ed si acaso&#8221; de la educaci\u00f3n preescolar, de la primaria y hasta de pronto del bachillerato, pero que la universidad no se met\u00eda en eso. Yo volv\u00ed a intervenir para discrepar. Dije que eso de creer que en el nivel superior no se requer\u00eda la ense\u00f1anza de valores era un grav\u00edsimo error, porque la formaci\u00f3n s\u00ed empezaba en el hogar, pero prosegu\u00eda en los establecimientos educativos, y no solamente en la escuela y en el colegio, sino tambi\u00e9n en la universidad; que era fundamental formar profesionales con valores.<\/p>\n<p>De esa primera reuni\u00f3n con los padres de familia, que fue bastante  agitada y por momentos tensa, surgi\u00f3 como posibilidad la de que nuestra hija se retirara de esa carrera, como en efecto habr\u00eda de terminar haci\u00e9ndolo, a la altura de su tercer semestre, cuando era m\u00e1s que evidente que la universidad, invocando la &#8220;autonom\u00eda&#8221;, permit\u00eda que ciertos profesores, de cuyos nombres como escribir\u00eda Cervantes no quiero acordarme, calificaran literalmente como les daba la gana.<\/p>\n<p>Hoy en d\u00eda nuestra hija es odont\u00f3loga especialista en Periodoncia de otra alma mater y, que yo sepa, el mundo sigui\u00f3 girando alrededor de su eje, el sol sigui\u00f3 saliendo por el oriente en las ma\u00f1anas y la vida ha continuado.<\/p>\n<p>&nbsp;<\/p>\n<p><img loading=\"lazy\" decoding=\"async\" class=\"aligncenter size-full wp-image-48514\" src=\"https:\/\/oscarhumbertogomez.com\/wp-content\/uploads\/2024\/08\/residente-.jpeg\" alt=\"\" width=\"1000\" height=\"750\" srcset=\"https:\/\/oscarhumbertogomez.com\/wp-content\/uploads\/2024\/08\/residente-.jpeg 1000w, https:\/\/oscarhumbertogomez.com\/wp-content\/uploads\/2024\/08\/residente--300x225.jpeg 300w, https:\/\/oscarhumbertogomez.com\/wp-content\/uploads\/2024\/08\/residente--768x576.jpeg 768w\" sizes=\"auto, (max-width: 1000px) 100vw, 1000px\" \/><\/p>\n<p>&nbsp;<\/p>\n<p>Es importante que en los momentos de oscuridad e incertidumbre las personas, incluidos los estudiantes de Medicina que adelantan su internado y los m\u00e9dicos que hacen su residencia, dejen de creer que no tienen m\u00e1s opciones.<\/p>\n<p>&nbsp;<\/p>\n<p><strong>ILUSTRACI\u00d3N<\/strong>: Fotograf\u00eda tomada de Eje 21. Manizales, Caldas.<\/p>\n<p>&nbsp;<\/p>\n","protected":false},"excerpt":{"rendered":"<p>&nbsp; En la entrada pasada y a prop\u00f3sito de lo sucedido con la joven m\u00e9dica caldense y residente de Cirug\u00eda Dra. CATALINA GUTI\u00c9RREZ ZULUAGA y el trato que recib\u00eda dentro de la Facultad de Medicina de la Universidad Javeriana, de &hellip; <a href=\"https:\/\/oscarhumbertogomez.com\/?p=48501\">Sigue leyendo <span class=\"meta-nav\">&rarr;<\/span><\/a><\/p>\n<div class='heateorSssClear'><\/div><div  class='heateor_sss_sharing_container heateor_sss_horizontal_sharing' heateor-sss-data-href='https:\/\/oscarhumbertogomez.com\/?p=48501'><div class='heateor_sss_sharing_title' style=\"font-weight:bold\" >\u00a1Gracias por compartirla!<\/div><ul class=\"heateor_sss_sharing_ul\"><li class=\"heateorSssSharingRound\"><i style=\"width:35px;height:35px;border-radius:999px;\" alt=\"Facebook\" Title=\"Facebook\" class=\"heateorSssSharing heateorSssFacebookBackground\" onclick='heateorSssPopup(\"https:\/\/www.facebook.com\/sharer\/sharer.php?u=https%3A%2F%2Foscarhumbertogomez.com%2Findex.php%3Frest_route%3D%252Fwp%252Fv2%252Fposts%252F48501\")'><ss style=\"display:block;border-radius:999px;\" class=\"heateorSssSharingSvg heateorSssFacebookSvg\"><\/ss><\/i><\/li><li class=\"heateorSssSharingRound\"><i style=\"width:35px;height:35px;border-radius:999px;\" alt=\"Twitter\" Title=\"Twitter\" class=\"heateorSssSharing heateorSssTwitterBackground\" onclick='heateorSssPopup(\"http:\/\/twitter.com\/intent\/tweet?text=NING%C3%9AN%20ESTUDIANTE%20UNIVERSITARIO%20DEBE%20SENTIRSE%20ATRAPADO%20SIN%20SALIDA.%20Por%20%C3%93scar%20Humberto%20G%C3%B3mez%20G%C3%B3mez&url=https%3A%2F%2Foscarhumbertogomez.com%2Findex.php%3Frest_route%3D%252Fwp%252Fv2%252Fposts%252F48501\")'><ss style=\"display:block;border-radius:999px;\" class=\"heateorSssSharingSvg heateorSssTwitterSvg\"><\/ss><\/i><\/li><li class=\"heateorSssSharingRound\"><i style=\"width:35px;height:35px;border-radius:999px;\" alt=\"Whatsapp\" Title=\"Whatsapp\" class=\"heateorSssSharing heateorSssWhatsappBackground\" onclick='heateorSssPopup(\"https:\/\/web.whatsapp.com\/send?text=NING%C3%9AN%20ESTUDIANTE%20UNIVERSITARIO%20DEBE%20SENTIRSE%20ATRAPADO%20SIN%20SALIDA.%20Por%20%C3%93scar%20Humberto%20G%C3%B3mez%20G%C3%B3mez https%3A%2F%2Foscarhumbertogomez.com%2Findex.php%3Frest_route%3D%252Fwp%252Fv2%252Fposts%252F48501\")'><ss style=\"display:block\" class=\"heateorSssSharingSvg heateorSssWhatsappSvg\"><\/ss><\/i><\/li><li class=\"heateorSssSharingRound\"><i style=\"width:35px;height:35px;border-radius:999px;\" alt=\"Pinterest\" Title=\"Pinterest\" class=\"heateorSssSharing heateorSssPinterestBackground\" onclick=\"javascript:void( (function() {var e=document.createElement('script' );e.setAttribute('type','text\/javascript' );e.setAttribute('charset','UTF-8' );e.setAttribute('src','\/\/assets.pinterest.com\/js\/pinmarklet.js?r='+Math.random()*99999999);document.body.appendChild(e)})());\"><ss style=\"display:block;border-radius:999px;\" class=\"heateorSssSharingSvg heateorSssPinterestSvg\"><\/ss><\/i><\/li><li class=\"heateorSssSharingRound\"><i style=\"width:35px;height:35px;border-radius:999px;\" alt=\"Google Gmail\" Title=\"Google Gmail\" class=\"heateorSssSharing heateorSssGoogleGmailBackground\" onclick='heateorSssPopup(\"https:\/\/mail.google.com\/mail\/?ui=2&view=cm&fs=1&tf=1&su=NING%C3%9AN%20ESTUDIANTE%20UNIVERSITARIO%20DEBE%20SENTIRSE%20ATRAPADO%20SIN%20SALIDA.%20Por%20%C3%93scar%20Humberto%20G%C3%B3mez%20G%C3%B3mez&body=Link:https%3A%2F%2Foscarhumbertogomez.com%2Findex.php%3Frest_route%3D%252Fwp%252Fv2%252Fposts%252F48501\")'><ss style=\"display:block;border-radius:999px;\" class=\"heateorSssSharingSvg heateorSssGoogleGmailSvg\"><\/ss><\/i><\/li><li class=\"heateorSssSharingRound\"><i style=\"width:35px;height:35px;border-radius:999px;\" title=\"More\" alt=\"More\" class=\"heateorSssSharing heateorSssMoreBackground\" onclick=\"heateorSssMoreSharingPopup(this, 'https:\/\/oscarhumbertogomez.com\/index.php?rest_route=%2Fwp%2Fv2%2Fposts%2F48501', 'NING%C3%9AN%20ESTUDIANTE%20UNIVERSITARIO%20DEBE%20SENTIRSE%20ATRAPADO%20SIN%20SALIDA.%20Por%20%C3%93scar%20Humberto%20G%C3%B3mez%20G%C3%B3mez', '' )\" ><ss style=\"display:block\" class=\"heateorSssSharingSvg heateorSssMoreSvg\"><\/ss><\/i><\/li><\/ul><div class=\"heateorSssClear\"><\/div><\/div><div class='heateorSssClear'><\/div>","protected":false},"author":2,"featured_media":0,"comment_status":"closed","ping_status":"closed","sticky":false,"template":"","format":"standard","meta":{"spay_email":"","footnotes":""},"categories":[61,62],"tags":[],"class_list":["post-48501","post","type-post","status-publish","format-standard","hentry","category-medicina","category-odontologia"],"jetpack_featured_media_url":"","jetpack_shortlink":"https:\/\/wp.me\/p1FYrr-cCh","_links":{"self":[{"href":"https:\/\/oscarhumbertogomez.com\/index.php?rest_route=\/wp\/v2\/posts\/48501","targetHints":{"allow":["GET"]}}],"collection":[{"href":"https:\/\/oscarhumbertogomez.com\/index.php?rest_route=\/wp\/v2\/posts"}],"about":[{"href":"https:\/\/oscarhumbertogomez.com\/index.php?rest_route=\/wp\/v2\/types\/post"}],"author":[{"embeddable":true,"href":"https:\/\/oscarhumbertogomez.com\/index.php?rest_route=\/wp\/v2\/users\/2"}],"replies":[{"embeddable":true,"href":"https:\/\/oscarhumbertogomez.com\/index.php?rest_route=%2Fwp%2Fv2%2Fcomments&post=48501"}],"version-history":[{"count":5,"href":"https:\/\/oscarhumbertogomez.com\/index.php?rest_route=\/wp\/v2\/posts\/48501\/revisions"}],"predecessor-version":[{"id":48551,"href":"https:\/\/oscarhumbertogomez.com\/index.php?rest_route=\/wp\/v2\/posts\/48501\/revisions\/48551"}],"wp:attachment":[{"href":"https:\/\/oscarhumbertogomez.com\/index.php?rest_route=%2Fwp%2Fv2%2Fmedia&parent=48501"}],"wp:term":[{"taxonomy":"category","embeddable":true,"href":"https:\/\/oscarhumbertogomez.com\/index.php?rest_route=%2Fwp%2Fv2%2Fcategories&post=48501"},{"taxonomy":"post_tag","embeddable":true,"href":"https:\/\/oscarhumbertogomez.com\/index.php?rest_route=%2Fwp%2Fv2%2Ftags&post=48501"}],"curies":[{"name":"wp","href":"https:\/\/api.w.org\/{rel}","templated":true}]}}