{"id":48546,"date":"2024-08-07T11:38:30","date_gmt":"2024-08-07T16:38:30","guid":{"rendered":"https:\/\/oscarhumbertogomez.com\/?p=48546"},"modified":"2024-08-07T13:12:52","modified_gmt":"2024-08-07T18:12:52","slug":"la-vencedora-nuestro-primer-himno-nacional-por-oscar-humberto-gomez-gomez-2","status":"publish","type":"post","link":"https:\/\/oscarhumbertogomez.com\/?p=48546","title":{"rendered":"LA VENCEDORA, NUESTRO PRIMER HIMNO NACIONAL. Por \u00d3scar Humberto G\u00f3mez G\u00f3mez"},"content":{"rendered":"<p><img loading=\"lazy\" decoding=\"async\" class=\"aligncenter size-large wp-image-29694\" src=\"https:\/\/lapiedrafilosofal.com\/wp-content\/uploads\/2019\/07\/cancino--1024x633.jpg\" alt=\"\" width=\"640\" height=\"396\" srcset=\"https:\/\/oscarhumbertogomez.com\/wp-content\/uploads\/2019\/07\/cancino--1024x633.jpg 1024w, https:\/\/oscarhumbertogomez.com\/wp-content\/uploads\/2019\/07\/cancino--300x186.jpg 300w, https:\/\/oscarhumbertogomez.com\/wp-content\/uploads\/2019\/07\/cancino--768x475.jpg 768w, https:\/\/oscarhumbertogomez.com\/wp-content\/uploads\/2019\/07\/cancino-.jpg 1599w\" sizes=\"auto, (max-width: 640px) 100vw, 640px\" \/><\/p>\n<p>&nbsp;<\/p>\n<p>El alf\u00e9rez de artiller\u00eda y m\u00fasico militar Jos\u00e9 Mar\u00eda Cancino hab\u00eda logrado huir de la prisi\u00f3n en la que los realistas lo manten\u00edan recluido.<\/p>\n<p>Lo hab\u00edan apresado, a\u00f1os atr\u00e1s, luego de servir en las tropas patriotas bajo el mando del coronel Antonio Baraya, del general Jos\u00e9 Mar\u00eda Cabal y del general Antonio Nari\u00f1o, y se hab\u00eda fugado, junto con sus compa\u00f1eros de calabozo, en la poblaci\u00f3n de G\u00e1meza.<\/p>\n<p>&nbsp;<\/p>\n<p><img loading=\"lazy\" decoding=\"async\" class=\"aligncenter size-large wp-image-29694\" src=\"https:\/\/lapiedrafilosofal.com\/wp-content\/uploads\/2019\/07\/cancino--1024x633.jpg\" alt=\"\" width=\"640\" height=\"396\" srcset=\"https:\/\/oscarhumbertogomez.com\/wp-content\/uploads\/2019\/07\/cancino--1024x633.jpg 1024w, https:\/\/oscarhumbertogomez.com\/wp-content\/uploads\/2019\/07\/cancino--300x186.jpg 300w, https:\/\/oscarhumbertogomez.com\/wp-content\/uploads\/2019\/07\/cancino--768x475.jpg 768w, https:\/\/oscarhumbertogomez.com\/wp-content\/uploads\/2019\/07\/cancino-.jpg 1599w\" sizes=\"auto, (max-width: 640px) 100vw, 640px\" \/><\/p>\n<p>&nbsp;<\/p>\n<p>Los fugitivos se hab\u00edan reintegrado inmediatamente al Ej\u00e9rcito Libertador y se encontraban, armados esta vez de sus instrumentos musicales, en pleno campo de batalla el 7 de agosto de 1819. Entonces sucedi\u00f3 que, pasadas las 4 de la tarde, cuando ya las tropas patriotas hab\u00edan consolidado la victoria, el alf\u00e9rez Cancino y sus compa\u00f1eros comenzaron a tocar la contradanza <em>La Vencedora<\/em>. Fue as\u00ed que, en pleno campo de batalla, junto al puente sobre el r\u00edo que los espa\u00f1oles llamaban Teatinos y los ind\u00edgenas llamaban Boyac\u00e1, cerca de los cuerpos sin vida del padre capell\u00e1n Miguel D\u00edaz y de los otros doce patriotas que all\u00ed hab\u00edan muerto, naci\u00f3 nuestro primer Himno Nacional.<\/p>\n<p>&nbsp;<\/p>\n<p><img loading=\"lazy\" decoding=\"async\" class=\"aligncenter size-large wp-image-29694\" src=\"https:\/\/lapiedrafilosofal.com\/wp-content\/uploads\/2019\/07\/cancino--1024x633.jpg\" alt=\"\" width=\"640\" height=\"396\" srcset=\"https:\/\/oscarhumbertogomez.com\/wp-content\/uploads\/2019\/07\/cancino--1024x633.jpg 1024w, https:\/\/oscarhumbertogomez.com\/wp-content\/uploads\/2019\/07\/cancino--300x186.jpg 300w, https:\/\/oscarhumbertogomez.com\/wp-content\/uploads\/2019\/07\/cancino--768x475.jpg 768w, https:\/\/oscarhumbertogomez.com\/wp-content\/uploads\/2019\/07\/cancino-.jpg 1599w\" sizes=\"auto, (max-width: 640px) 100vw, 640px\" \/><\/p>\n<p>&nbsp;<\/p>\n<p><em>La vencedora<\/em> fue un himno que el nuevo Estado americano jam\u00e1s declar\u00f3 oficialmente como tal. Lo hizo el pueblo, espont\u00e1neamente, al tararearla, al tocarla, al bailarla, al apropiarse de ella, al hacerla suya, al sentirse identificado con aquella pieza, tan sencilla como pegajosa y que para ellos representaba la alegr\u00eda inmensa por el nacimiento de una Naci\u00f3n nueva, libre de su condici\u00f3n de colonia.<\/p>\n<p>Durante la Gran Colombia, durante los a\u00f1os en que dur\u00f3 la existencia del inmenso pa\u00eds que fue una realidad desde 1821, los colombianos la convirtieron en el Himno Nacional de Colombia.<\/p>\n<p>Colombia era, en aquel entonces, la enorme Naci\u00f3n conformada por las actuales rep\u00fablicas de Venezuela, Colombia, Panam\u00e1 y Ecuador. Para distinguirla de la actual, los historiadores la llaman &#8220;la Gran Colombia&#8221;.<\/p>\n<p>&nbsp;<\/p>\n<p><img loading=\"lazy\" decoding=\"async\" class=\"aligncenter size-large wp-image-29694\" src=\"https:\/\/lapiedrafilosofal.com\/wp-content\/uploads\/2019\/07\/cancino--1024x633.jpg\" alt=\"\" width=\"640\" height=\"396\" srcset=\"https:\/\/oscarhumbertogomez.com\/wp-content\/uploads\/2019\/07\/cancino--1024x633.jpg 1024w, https:\/\/oscarhumbertogomez.com\/wp-content\/uploads\/2019\/07\/cancino--300x186.jpg 300w, https:\/\/oscarhumbertogomez.com\/wp-content\/uploads\/2019\/07\/cancino--768x475.jpg 768w, https:\/\/oscarhumbertogomez.com\/wp-content\/uploads\/2019\/07\/cancino-.jpg 1599w\" sizes=\"auto, (max-width: 640px) 100vw, 640px\" \/><\/p>\n<p>&nbsp;<\/p>\n<p>Con el paso del tiempo, <em>La vencedora<\/em> empez\u00f3 a ser abandonada hasta que finalmente cay\u00f3 en el olvido. S\u00ed, el mismo en el que cay\u00f3 la propia Gran Colombia, aquel inmenso y promisorio pa\u00eds que alcanz\u00f3 a durar hasta 1830, y el mismo en el que fueron cayendo los art\u00edfices de la creaci\u00f3n de la nueva Naci\u00f3n colombiana, primero los menos famosos y finalmente todos, porque a todos (as\u00ed digan lo contrario) se les envi\u00f3 al olvido.<\/p>\n<p>&nbsp;<\/p>\n<p>Hoy quiero traer al presente <em>La vencedora<\/em>, la contradanza convertida en himno, y, por supuesto, al alf\u00e9rez Jos\u00e9 Mar\u00eda Cancino y a los m\u00fasicos an\u00f3nimos que lo acompa\u00f1aron aquella tarde hist\u00f3rica junto al peque\u00f1o e hist\u00f3rico puente.<\/p>\n<p>Aqu\u00ed est\u00e1, pues, nuestro primer himno, el Himno Nacional de la Rep\u00fablica de Colombia al que nadie declar\u00f3 oficialmente como tal, pero que emergi\u00f3 como s\u00edmbolo patrio en el coraz\u00f3n mismo de la Naci\u00f3n a la que termin\u00f3 simbolizando.<\/p>\n<p>Mi\u00e9rcoles 7 de agosto de 2024<\/p>\n<p>&nbsp;<\/p>\n<p><iframe loading=\"lazy\" width=\"560\" height=\"315\" src=\"https:\/\/www.youtube-nocookie.com\/embed\/VamF9SLmV_8?controls=0\" title=\"YouTube video player\" frameborder=\"0\" allow=\"accelerometer; autoplay; clipboard-write; encrypted-media; gyroscope; picture-in-picture\" allowfullscreen=\"\"><\/iframe><\/p>\n<p>&nbsp;<\/p>\n","protected":false},"excerpt":{"rendered":"<p>&nbsp; El alf\u00e9rez de artiller\u00eda y m\u00fasico militar Jos\u00e9 Mar\u00eda Cancino hab\u00eda logrado huir de la prisi\u00f3n en la que los realistas lo manten\u00edan recluido. Lo hab\u00edan apresado, a\u00f1os atr\u00e1s, luego de servir en las tropas patriotas bajo el mando &hellip; <a href=\"https:\/\/oscarhumbertogomez.com\/?p=48546\">Sigue leyendo <span class=\"meta-nav\">&rarr;<\/span><\/a><\/p>\n<div class='heateorSssClear'><\/div><div  class='heateor_sss_sharing_container heateor_sss_horizontal_sharing' heateor-sss-data-href='https:\/\/oscarhumbertogomez.com\/?p=48546'><div class='heateor_sss_sharing_title' style=\"font-weight:bold\" >\u00a1Gracias por compartirla!<\/div><ul class=\"heateor_sss_sharing_ul\"><li class=\"heateorSssSharingRound\"><i style=\"width:35px;height:35px;border-radius:999px;\" alt=\"Facebook\" Title=\"Facebook\" class=\"heateorSssSharing heateorSssFacebookBackground\" onclick='heateorSssPopup(\"https:\/\/www.facebook.com\/sharer\/sharer.php?u=https%3A%2F%2Foscarhumbertogomez.com%2Findex.php%3Frest_route%3D%252Fwp%252Fv2%252Fposts%252F48546\")'><ss style=\"display:block;border-radius:999px;\" class=\"heateorSssSharingSvg heateorSssFacebookSvg\"><\/ss><\/i><\/li><li class=\"heateorSssSharingRound\"><i style=\"width:35px;height:35px;border-radius:999px;\" alt=\"Twitter\" Title=\"Twitter\" class=\"heateorSssSharing heateorSssTwitterBackground\" onclick='heateorSssPopup(\"http:\/\/twitter.com\/intent\/tweet?text=LA%20VENCEDORA%2C%20NUESTRO%20PRIMER%20HIMNO%20NACIONAL.%20Por%20%C3%93scar%20Humberto%20G%C3%B3mez%20G%C3%B3mez&url=https%3A%2F%2Foscarhumbertogomez.com%2Findex.php%3Frest_route%3D%252Fwp%252Fv2%252Fposts%252F48546\")'><ss style=\"display:block;border-radius:999px;\" class=\"heateorSssSharingSvg heateorSssTwitterSvg\"><\/ss><\/i><\/li><li class=\"heateorSssSharingRound\"><i style=\"width:35px;height:35px;border-radius:999px;\" alt=\"Whatsapp\" Title=\"Whatsapp\" class=\"heateorSssSharing heateorSssWhatsappBackground\" onclick='heateorSssPopup(\"https:\/\/web.whatsapp.com\/send?text=LA%20VENCEDORA%2C%20NUESTRO%20PRIMER%20HIMNO%20NACIONAL.%20Por%20%C3%93scar%20Humberto%20G%C3%B3mez%20G%C3%B3mez https%3A%2F%2Foscarhumbertogomez.com%2Findex.php%3Frest_route%3D%252Fwp%252Fv2%252Fposts%252F48546\")'><ss style=\"display:block\" class=\"heateorSssSharingSvg heateorSssWhatsappSvg\"><\/ss><\/i><\/li><li class=\"heateorSssSharingRound\"><i style=\"width:35px;height:35px;border-radius:999px;\" alt=\"Pinterest\" Title=\"Pinterest\" class=\"heateorSssSharing heateorSssPinterestBackground\" onclick=\"javascript:void( (function() {var e=document.createElement('script' );e.setAttribute('type','text\/javascript' );e.setAttribute('charset','UTF-8' );e.setAttribute('src','\/\/assets.pinterest.com\/js\/pinmarklet.js?r='+Math.random()*99999999);document.body.appendChild(e)})());\"><ss style=\"display:block;border-radius:999px;\" class=\"heateorSssSharingSvg heateorSssPinterestSvg\"><\/ss><\/i><\/li><li class=\"heateorSssSharingRound\"><i style=\"width:35px;height:35px;border-radius:999px;\" alt=\"Google Gmail\" Title=\"Google Gmail\" class=\"heateorSssSharing heateorSssGoogleGmailBackground\" onclick='heateorSssPopup(\"https:\/\/mail.google.com\/mail\/?ui=2&view=cm&fs=1&tf=1&su=LA%20VENCEDORA%2C%20NUESTRO%20PRIMER%20HIMNO%20NACIONAL.%20Por%20%C3%93scar%20Humberto%20G%C3%B3mez%20G%C3%B3mez&body=Link:https%3A%2F%2Foscarhumbertogomez.com%2Findex.php%3Frest_route%3D%252Fwp%252Fv2%252Fposts%252F48546\")'><ss style=\"display:block;border-radius:999px;\" class=\"heateorSssSharingSvg heateorSssGoogleGmailSvg\"><\/ss><\/i><\/li><li class=\"heateorSssSharingRound\"><i style=\"width:35px;height:35px;border-radius:999px;\" title=\"More\" alt=\"More\" class=\"heateorSssSharing heateorSssMoreBackground\" onclick=\"heateorSssMoreSharingPopup(this, 'https:\/\/oscarhumbertogomez.com\/index.php?rest_route=%2Fwp%2Fv2%2Fposts%2F48546', 'LA%20VENCEDORA%2C%20NUESTRO%20PRIMER%20HIMNO%20NACIONAL.%20Por%20%C3%93scar%20Humberto%20G%C3%B3mez%20G%C3%B3mez', '' )\" ><ss style=\"display:block\" class=\"heateorSssSharingSvg heateorSssMoreSvg\"><\/ss><\/i><\/li><\/ul><div class=\"heateorSssClear\"><\/div><\/div><div class='heateorSssClear'><\/div>","protected":false},"author":2,"featured_media":0,"comment_status":"closed","ping_status":"closed","sticky":false,"template":"","format":"standard","meta":{"spay_email":"","footnotes":""},"categories":[12],"tags":[],"class_list":["post-48546","post","type-post","status-publish","format-standard","hentry","category-historia"],"jetpack_featured_media_url":"","jetpack_shortlink":"https:\/\/wp.me\/p1FYrr-cD0","_links":{"self":[{"href":"https:\/\/oscarhumbertogomez.com\/index.php?rest_route=\/wp\/v2\/posts\/48546","targetHints":{"allow":["GET"]}}],"collection":[{"href":"https:\/\/oscarhumbertogomez.com\/index.php?rest_route=\/wp\/v2\/posts"}],"about":[{"href":"https:\/\/oscarhumbertogomez.com\/index.php?rest_route=\/wp\/v2\/types\/post"}],"author":[{"embeddable":true,"href":"https:\/\/oscarhumbertogomez.com\/index.php?rest_route=\/wp\/v2\/users\/2"}],"replies":[{"embeddable":true,"href":"https:\/\/oscarhumbertogomez.com\/index.php?rest_route=%2Fwp%2Fv2%2Fcomments&post=48546"}],"version-history":[{"count":5,"href":"https:\/\/oscarhumbertogomez.com\/index.php?rest_route=\/wp\/v2\/posts\/48546\/revisions"}],"predecessor-version":[{"id":48585,"href":"https:\/\/oscarhumbertogomez.com\/index.php?rest_route=\/wp\/v2\/posts\/48546\/revisions\/48585"}],"wp:attachment":[{"href":"https:\/\/oscarhumbertogomez.com\/index.php?rest_route=%2Fwp%2Fv2%2Fmedia&parent=48546"}],"wp:term":[{"taxonomy":"category","embeddable":true,"href":"https:\/\/oscarhumbertogomez.com\/index.php?rest_route=%2Fwp%2Fv2%2Fcategories&post=48546"},{"taxonomy":"post_tag","embeddable":true,"href":"https:\/\/oscarhumbertogomez.com\/index.php?rest_route=%2Fwp%2Fv2%2Ftags&post=48546"}],"curies":[{"name":"wp","href":"https:\/\/api.w.org\/{rel}","templated":true}]}}