{"id":48619,"date":"2024-08-15T10:41:15","date_gmt":"2024-08-15T15:41:15","guid":{"rendered":"https:\/\/oscarhumbertogomez.com\/?p=48619"},"modified":"2024-08-15T10:47:32","modified_gmt":"2024-08-15T15:47:32","slug":"hoy-es-la-fiesta-de-la-asuncion-de-maria-por-oscar-humberto-gomez-gomez","status":"publish","type":"post","link":"https:\/\/oscarhumbertogomez.com\/?p=48619","title":{"rendered":"HOY ES LA FIESTA DE LA ASUNCI\u00d3N DE MAR\u00cdA. Por \u00d3scar Humberto G\u00f3mez G\u00f3mez"},"content":{"rendered":"<p><img loading=\"lazy\" decoding=\"async\" class=\"aligncenter size-large wp-image-45602\" src=\"https:\/\/oscarhumbertogomez.com\/wp-content\/uploads\/2023\/08\/TIZIANO-LA-ASUNCION-DE-LA-VIRGEN--865x1024.jpeg\" alt=\"\" width=\"640\" height=\"758\" srcset=\"https:\/\/oscarhumbertogomez.com\/wp-content\/uploads\/2023\/08\/TIZIANO-LA-ASUNCION-DE-LA-VIRGEN--865x1024.jpeg 865w, https:\/\/oscarhumbertogomez.com\/wp-content\/uploads\/2023\/08\/TIZIANO-LA-ASUNCION-DE-LA-VIRGEN--254x300.jpeg 254w, https:\/\/oscarhumbertogomez.com\/wp-content\/uploads\/2023\/08\/TIZIANO-LA-ASUNCION-DE-LA-VIRGEN--768x909.jpeg 768w, https:\/\/oscarhumbertogomez.com\/wp-content\/uploads\/2023\/08\/TIZIANO-LA-ASUNCION-DE-LA-VIRGEN-.jpeg 1004w\" sizes=\"auto, (max-width: 640px) 100vw, 640px\" \/><\/p>\n<p>&nbsp;<\/p>\n<p>Como religi\u00f3n que es, la Iglesia Cat\u00f3lica, Apost\u00f3lica y Romana tiene sus propios dogmas.<\/p>\n<p>Y es que las creencias de una religi\u00f3n no tienen por qu\u00e9 tener necesariamente bases hist\u00f3ricas. Si este fuera un requisito, entonces en ellas no habr\u00eda nada de sobrenatural y una religi\u00f3n no ser\u00eda m\u00e1s que una secuencia de hechos escuetos acaecidos en determinado sitio y en un preciso momento de su devenir. \u00bfA qu\u00e9 se reducir\u00eda, entonces, la fe?<\/p>\n<p>Por supuesto, la Iglesia tiene una fuerte fundamentaci\u00f3n en la Historia, pero la Historia por s\u00ed sola no es su fundamento \u00fanico.<\/p>\n<p>&nbsp;<\/p>\n<p><img loading=\"lazy\" decoding=\"async\" class=\"aligncenter size-large wp-image-45602\" src=\"https:\/\/oscarhumbertogomez.com\/wp-content\/uploads\/2023\/08\/TIZIANO-LA-ASUNCION-DE-LA-VIRGEN--865x1024.jpeg\" alt=\"\" width=\"640\" height=\"758\" srcset=\"https:\/\/oscarhumbertogomez.com\/wp-content\/uploads\/2023\/08\/TIZIANO-LA-ASUNCION-DE-LA-VIRGEN--865x1024.jpeg 865w, https:\/\/oscarhumbertogomez.com\/wp-content\/uploads\/2023\/08\/TIZIANO-LA-ASUNCION-DE-LA-VIRGEN--254x300.jpeg 254w, https:\/\/oscarhumbertogomez.com\/wp-content\/uploads\/2023\/08\/TIZIANO-LA-ASUNCION-DE-LA-VIRGEN--768x909.jpeg 768w, https:\/\/oscarhumbertogomez.com\/wp-content\/uploads\/2023\/08\/TIZIANO-LA-ASUNCION-DE-LA-VIRGEN-.jpeg 1004w\" sizes=\"auto, (max-width: 640px) 100vw, 640px\" \/><\/p>\n<p>&nbsp;<\/p>\n<p>Pues bien:<\/p>\n<p>Se celebra hoy jueves 15 de agosto en el mundo cat\u00f3lico la Asunci\u00f3n de Mar\u00eda, y aqu\u00ed en Colombia, en virtud de una ley llamada Ley Emiliani (pues el ponente del respectivo proyecto fue el senador Raimundo Emiliani Rom\u00e1n), el descanso laboral que tradicionalmente tra\u00eda consigo esa festividad religiosa se traslad\u00f3 al lunes siguiente. Por eso, este lunes 19 de agosto es festivo en Colombia.<\/p>\n<p>&nbsp;<\/p>\n<p><img loading=\"lazy\" decoding=\"async\" class=\"aligncenter size-large wp-image-45602\" src=\"https:\/\/oscarhumbertogomez.com\/wp-content\/uploads\/2023\/08\/TIZIANO-LA-ASUNCION-DE-LA-VIRGEN--865x1024.jpeg\" alt=\"\" width=\"640\" height=\"758\" srcset=\"https:\/\/oscarhumbertogomez.com\/wp-content\/uploads\/2023\/08\/TIZIANO-LA-ASUNCION-DE-LA-VIRGEN--865x1024.jpeg 865w, https:\/\/oscarhumbertogomez.com\/wp-content\/uploads\/2023\/08\/TIZIANO-LA-ASUNCION-DE-LA-VIRGEN--254x300.jpeg 254w, https:\/\/oscarhumbertogomez.com\/wp-content\/uploads\/2023\/08\/TIZIANO-LA-ASUNCION-DE-LA-VIRGEN--768x909.jpeg 768w, https:\/\/oscarhumbertogomez.com\/wp-content\/uploads\/2023\/08\/TIZIANO-LA-ASUNCION-DE-LA-VIRGEN-.jpeg 1004w\" sizes=\"auto, (max-width: 640px) 100vw, 640px\" \/><\/p>\n<p>&nbsp;<\/p>\n<p>Pero, volviendo al tema, \u00bfpor qu\u00e9 la festividad se llama &#8220;La Asunci\u00f3n de Mar\u00eda&#8221;?.<\/p>\n<p>&nbsp;<\/p>\n<p><img loading=\"lazy\" decoding=\"async\" class=\"aligncenter size-large wp-image-45602\" src=\"https:\/\/oscarhumbertogomez.com\/wp-content\/uploads\/2023\/08\/TIZIANO-LA-ASUNCION-DE-LA-VIRGEN--865x1024.jpeg\" alt=\"\" width=\"640\" height=\"758\" srcset=\"https:\/\/oscarhumbertogomez.com\/wp-content\/uploads\/2023\/08\/TIZIANO-LA-ASUNCION-DE-LA-VIRGEN--865x1024.jpeg 865w, https:\/\/oscarhumbertogomez.com\/wp-content\/uploads\/2023\/08\/TIZIANO-LA-ASUNCION-DE-LA-VIRGEN--254x300.jpeg 254w, https:\/\/oscarhumbertogomez.com\/wp-content\/uploads\/2023\/08\/TIZIANO-LA-ASUNCION-DE-LA-VIRGEN--768x909.jpeg 768w, https:\/\/oscarhumbertogomez.com\/wp-content\/uploads\/2023\/08\/TIZIANO-LA-ASUNCION-DE-LA-VIRGEN-.jpeg 1004w\" sizes=\"auto, (max-width: 640px) 100vw, 640px\" \/><\/p>\n<p>&nbsp;<\/p>\n<p>Pues bien: con el vocablo &#8220;Asunci\u00f3n&#8221; se quiere significar que Mar\u00eda FUE LLEVADA en cuerpo y alma al Cielo.<\/p>\n<p>Es decir, a la Asunci\u00f3n se le diferencia de la Ascensi\u00f3n, que est\u00e1 reservada a Jes\u00fas. La esencia de esa distinci\u00f3n radica en que mientras Jes\u00fas SUBE al Cielo POR S\u00cd MISMO (Ascensi\u00f3n), Mar\u00eda ES LLEVADA al Cielo (Asunci\u00f3n).<\/p>\n<p>&nbsp;<\/p>\n<p><img loading=\"lazy\" decoding=\"async\" class=\"aligncenter size-large wp-image-45602\" src=\"https:\/\/oscarhumbertogomez.com\/wp-content\/uploads\/2023\/08\/TIZIANO-LA-ASUNCION-DE-LA-VIRGEN--865x1024.jpeg\" alt=\"\" width=\"640\" height=\"758\" srcset=\"https:\/\/oscarhumbertogomez.com\/wp-content\/uploads\/2023\/08\/TIZIANO-LA-ASUNCION-DE-LA-VIRGEN--865x1024.jpeg 865w, https:\/\/oscarhumbertogomez.com\/wp-content\/uploads\/2023\/08\/TIZIANO-LA-ASUNCION-DE-LA-VIRGEN--254x300.jpeg 254w, https:\/\/oscarhumbertogomez.com\/wp-content\/uploads\/2023\/08\/TIZIANO-LA-ASUNCION-DE-LA-VIRGEN--768x909.jpeg 768w, https:\/\/oscarhumbertogomez.com\/wp-content\/uploads\/2023\/08\/TIZIANO-LA-ASUNCION-DE-LA-VIRGEN-.jpeg 1004w\" sizes=\"auto, (max-width: 640px) 100vw, 640px\" \/><\/p>\n<p>&nbsp;<\/p>\n<p>Ahora bien: sobre si Mar\u00eda muere y resucita, y ah\u00ed s\u00ed es asunta al Cielo, hay discusi\u00f3n. Es decir, se pregunta si, m\u00e1s bien, NUNCA MURI\u00d3 y fue llevada al Cielo cuando ya el Hacedor Supremo consider\u00f3 cumplida su misi\u00f3n en esta tierra.<\/p>\n<p>Empero, este punto espec\u00edfico no fue abordado cuando se proclam\u00f3 la Asunci\u00f3n de Mar\u00eda como dogma de la Iglesia Cat\u00f3lica.<\/p>\n<p>Hay que anotar que en los primeros siglos se hablaba tan solo de la DORMICI\u00d3N de Mar\u00eda.<\/p>\n<p>&nbsp;<\/p>\n<p><img loading=\"lazy\" decoding=\"async\" class=\"aligncenter size-large wp-image-45602\" src=\"https:\/\/oscarhumbertogomez.com\/wp-content\/uploads\/2023\/08\/TIZIANO-LA-ASUNCION-DE-LA-VIRGEN--865x1024.jpeg\" alt=\"\" width=\"640\" height=\"758\" srcset=\"https:\/\/oscarhumbertogomez.com\/wp-content\/uploads\/2023\/08\/TIZIANO-LA-ASUNCION-DE-LA-VIRGEN--865x1024.jpeg 865w, https:\/\/oscarhumbertogomez.com\/wp-content\/uploads\/2023\/08\/TIZIANO-LA-ASUNCION-DE-LA-VIRGEN--254x300.jpeg 254w, https:\/\/oscarhumbertogomez.com\/wp-content\/uploads\/2023\/08\/TIZIANO-LA-ASUNCION-DE-LA-VIRGEN--768x909.jpeg 768w, https:\/\/oscarhumbertogomez.com\/wp-content\/uploads\/2023\/08\/TIZIANO-LA-ASUNCION-DE-LA-VIRGEN-.jpeg 1004w\" sizes=\"auto, (max-width: 640px) 100vw, 640px\" \/><\/p>\n<p>&nbsp;<\/p>\n<p>El dogma de la Asunci\u00f3n de Mar\u00eda fue proclamado el 1 de noviembre de 1950 por el papa P\u00edo XII.<\/p>\n<p>&nbsp;<\/p>\n<p><img loading=\"lazy\" decoding=\"async\" class=\"aligncenter size-large wp-image-45602\" src=\"https:\/\/oscarhumbertogomez.com\/wp-content\/uploads\/2023\/08\/TIZIANO-LA-ASUNCION-DE-LA-VIRGEN--865x1024.jpeg\" alt=\"\" width=\"640\" height=\"758\" srcset=\"https:\/\/oscarhumbertogomez.com\/wp-content\/uploads\/2023\/08\/TIZIANO-LA-ASUNCION-DE-LA-VIRGEN--865x1024.jpeg 865w, https:\/\/oscarhumbertogomez.com\/wp-content\/uploads\/2023\/08\/TIZIANO-LA-ASUNCION-DE-LA-VIRGEN--254x300.jpeg 254w, https:\/\/oscarhumbertogomez.com\/wp-content\/uploads\/2023\/08\/TIZIANO-LA-ASUNCION-DE-LA-VIRGEN--768x909.jpeg 768w, https:\/\/oscarhumbertogomez.com\/wp-content\/uploads\/2023\/08\/TIZIANO-LA-ASUNCION-DE-LA-VIRGEN-.jpeg 1004w\" sizes=\"auto, (max-width: 640px) 100vw, 640px\" \/><\/p>\n<p>&nbsp;<\/p>\n<p>He le\u00eddo diversas exposiciones que rebaten este dogma. Para cuestionarlo se acude, en primer lugar, al argumento hist\u00f3rico; es decir, se argumenta que no se trata de un hecho hist\u00f3rico, que no hay testigo alguno que haya declarado haber visto ese momento. Ya me refer\u00ed atr\u00e1s a este cuestionamiento.<\/p>\n<p>En segundo t\u00e9rmino, se echa mano del argumento interpretativo, es decir, se traen a colaci\u00f3n pasajes de la Biblia a partir de cuya interpretaci\u00f3n los detractores del dogma concluyen que &#8220;la mujer&#8221;, en referencia a Mar\u00eda, no fue sino eso: una mujer como cualquier otra, que como cualquier otra naci\u00f3 con mancha, como cualquier otra muri\u00f3 y, consiguientemente, igual que el de cualquier otra, su cuerpo sin vida simplemente se pudri\u00f3 en la tumba.<\/p>\n<p>&nbsp;<\/p>\n<p><img loading=\"lazy\" decoding=\"async\" class=\"aligncenter size-large wp-image-45602\" src=\"https:\/\/oscarhumbertogomez.com\/wp-content\/uploads\/2023\/08\/TIZIANO-LA-ASUNCION-DE-LA-VIRGEN--865x1024.jpeg\" alt=\"\" width=\"640\" height=\"758\" srcset=\"https:\/\/oscarhumbertogomez.com\/wp-content\/uploads\/2023\/08\/TIZIANO-LA-ASUNCION-DE-LA-VIRGEN--865x1024.jpeg 865w, https:\/\/oscarhumbertogomez.com\/wp-content\/uploads\/2023\/08\/TIZIANO-LA-ASUNCION-DE-LA-VIRGEN--254x300.jpeg 254w, https:\/\/oscarhumbertogomez.com\/wp-content\/uploads\/2023\/08\/TIZIANO-LA-ASUNCION-DE-LA-VIRGEN--768x909.jpeg 768w, https:\/\/oscarhumbertogomez.com\/wp-content\/uploads\/2023\/08\/TIZIANO-LA-ASUNCION-DE-LA-VIRGEN-.jpeg 1004w\" sizes=\"auto, (max-width: 640px) 100vw, 640px\" \/><\/p>\n<p>&nbsp;<\/p>\n<p>Desde mi modesta percepci\u00f3n personal del tema, la asunci\u00f3n de Mar\u00eda al Cielo no es m\u00e1s que algo l\u00f3gico.<\/p>\n<p>Y es que si se parte de la base de que el Hacedor Supremo encarn\u00f3 y que lo hizo en el vientre de una mujer, esta mujer, la madre nada m\u00e1s ni nada menos que de Dios-Hecho-Hombre, no pudo ser, por simple l\u00f3gica, una mujer com\u00fan y corriente, ni tiene l\u00f3gica alguna que el Hacedor Supremo le fuese a dar el trato de una mujer cualquiera.<\/p>\n<p>&nbsp;<\/p>\n<p><img loading=\"lazy\" decoding=\"async\" class=\"aligncenter size-large wp-image-45602\" src=\"https:\/\/oscarhumbertogomez.com\/wp-content\/uploads\/2023\/08\/TIZIANO-LA-ASUNCION-DE-LA-VIRGEN--865x1024.jpeg\" alt=\"\" width=\"640\" height=\"758\" srcset=\"https:\/\/oscarhumbertogomez.com\/wp-content\/uploads\/2023\/08\/TIZIANO-LA-ASUNCION-DE-LA-VIRGEN--865x1024.jpeg 865w, https:\/\/oscarhumbertogomez.com\/wp-content\/uploads\/2023\/08\/TIZIANO-LA-ASUNCION-DE-LA-VIRGEN--254x300.jpeg 254w, https:\/\/oscarhumbertogomez.com\/wp-content\/uploads\/2023\/08\/TIZIANO-LA-ASUNCION-DE-LA-VIRGEN--768x909.jpeg 768w, https:\/\/oscarhumbertogomez.com\/wp-content\/uploads\/2023\/08\/TIZIANO-LA-ASUNCION-DE-LA-VIRGEN-.jpeg 1004w\" sizes=\"auto, (max-width: 640px) 100vw, 640px\" \/><\/p>\n<p>&nbsp;<\/p>\n<p>En otras palabras, siendo la encarnaci\u00f3n del Creador un hecho excepcional\u00edsimo, tambi\u00e9n excepcional\u00edsima tuvo que ser la mujer en cuyo vientre vino a encarnarse.<\/p>\n<p>Y siendo tan excepcional\u00edsima esta mujer nada m\u00e1s ni nada menos que a los ojos de Dios-Todopoderoso, resulta l\u00f3gico de toda l\u00f3gica que tanto su concepci\u00f3n misma como su paso de esta vida terrenal a la vida gloriosa del Cielo ten\u00edan que ser excepcional\u00edsimos.<\/p>\n<p>&nbsp;<\/p>\n<p><img loading=\"lazy\" decoding=\"async\" class=\"aligncenter size-large wp-image-45602\" src=\"https:\/\/oscarhumbertogomez.com\/wp-content\/uploads\/2023\/08\/TIZIANO-LA-ASUNCION-DE-LA-VIRGEN--865x1024.jpeg\" alt=\"\" width=\"640\" height=\"758\" srcset=\"https:\/\/oscarhumbertogomez.com\/wp-content\/uploads\/2023\/08\/TIZIANO-LA-ASUNCION-DE-LA-VIRGEN--865x1024.jpeg 865w, https:\/\/oscarhumbertogomez.com\/wp-content\/uploads\/2023\/08\/TIZIANO-LA-ASUNCION-DE-LA-VIRGEN--254x300.jpeg 254w, https:\/\/oscarhumbertogomez.com\/wp-content\/uploads\/2023\/08\/TIZIANO-LA-ASUNCION-DE-LA-VIRGEN--768x909.jpeg 768w, https:\/\/oscarhumbertogomez.com\/wp-content\/uploads\/2023\/08\/TIZIANO-LA-ASUNCION-DE-LA-VIRGEN-.jpeg 1004w\" sizes=\"auto, (max-width: 640px) 100vw, 640px\" \/><\/p>\n<p>&nbsp;<\/p>\n<p>Por ello, a la Inmaculada Concepci\u00f3n de Mar\u00eda, es decir, al hecho de que esta mujer especial\u00edsima naci\u00f3 libre del pecado original, esto es, ajena a cualquier m\u00ednima mancha, se le consagr\u00f3 como dogma, y por ello se consagr\u00f3 tambi\u00e9n como dogma el que esta mujer especial\u00edsima no tuvo un final como el de todo el mundo, ni aquel cuerpo que alberg\u00f3 nada m\u00e1s ni nada menos que a Dios-Hecho-Hombre, esto es, nada m\u00e1s ni nada menos que al Creador de todas las cosas encarnado, al Creador del hombre y de la vida humanizado, termin\u00f3 en una tumba cualquiera, sufriendo los efectos de la corrupci\u00f3n natural, como si se tratara de un cad\u00e1ver m\u00e1s entre tantos y tantos.<\/p>\n<p>&nbsp;<\/p>\n<p><img loading=\"lazy\" decoding=\"async\" class=\"aligncenter size-large wp-image-45602\" src=\"https:\/\/oscarhumbertogomez.com\/wp-content\/uploads\/2023\/08\/TIZIANO-LA-ASUNCION-DE-LA-VIRGEN--865x1024.jpeg\" alt=\"\" width=\"640\" height=\"758\" srcset=\"https:\/\/oscarhumbertogomez.com\/wp-content\/uploads\/2023\/08\/TIZIANO-LA-ASUNCION-DE-LA-VIRGEN--865x1024.jpeg 865w, https:\/\/oscarhumbertogomez.com\/wp-content\/uploads\/2023\/08\/TIZIANO-LA-ASUNCION-DE-LA-VIRGEN--254x300.jpeg 254w, https:\/\/oscarhumbertogomez.com\/wp-content\/uploads\/2023\/08\/TIZIANO-LA-ASUNCION-DE-LA-VIRGEN--768x909.jpeg 768w, https:\/\/oscarhumbertogomez.com\/wp-content\/uploads\/2023\/08\/TIZIANO-LA-ASUNCION-DE-LA-VIRGEN-.jpeg 1004w\" sizes=\"auto, (max-width: 640px) 100vw, 640px\" \/><\/p>\n<p>&nbsp;<\/p>\n<p>As\u00ed que, aunque nadie la haya visto, aunque no se trate de un hecho refrendado por la Historia, la simple l\u00f3gica indica que la Asunci\u00f3n de Mar\u00eda s\u00ed sucedi\u00f3, pues quien fue nada m\u00e1s ni nada menos que la Madre-de-Dios-Hecho-Carne no pudo haber muerto como mor\u00edan todos y todas, que su cuerpo no pudo corromperse como se corromp\u00eda el de todos y el de todas, sino que, por el contrario, esta mujer hubo de ser tratada por el Supremo Hacedor con la elevad\u00edsima dignidad con la que f\u00e1cilmente se adivina, a los ojos del observador m\u00e1s desprevenido, habr\u00e1 querido tratarla Aquel que todo, absolutamente todo lo pod\u00eda y todo lo puede.<\/p>\n<p>Me parece que lo il\u00f3gico es pensar que Dios-Todopoderoso procedi\u00f3 en sentido contrario.<\/p>\n<p>&nbsp;<\/p>\n<p><img loading=\"lazy\" decoding=\"async\" class=\"aligncenter size-large wp-image-45602\" src=\"https:\/\/oscarhumbertogomez.com\/wp-content\/uploads\/2023\/08\/TIZIANO-LA-ASUNCION-DE-LA-VIRGEN--865x1024.jpeg\" alt=\"\" width=\"640\" height=\"758\" srcset=\"https:\/\/oscarhumbertogomez.com\/wp-content\/uploads\/2023\/08\/TIZIANO-LA-ASUNCION-DE-LA-VIRGEN--865x1024.jpeg 865w, https:\/\/oscarhumbertogomez.com\/wp-content\/uploads\/2023\/08\/TIZIANO-LA-ASUNCION-DE-LA-VIRGEN--254x300.jpeg 254w, https:\/\/oscarhumbertogomez.com\/wp-content\/uploads\/2023\/08\/TIZIANO-LA-ASUNCION-DE-LA-VIRGEN--768x909.jpeg 768w, https:\/\/oscarhumbertogomez.com\/wp-content\/uploads\/2023\/08\/TIZIANO-LA-ASUNCION-DE-LA-VIRGEN-.jpeg 1004w\" sizes=\"auto, (max-width: 640px) 100vw, 640px\" \/><\/p>\n<p>&nbsp;<\/p>\n<p><strong>ILUSTRACI\u00d3N<\/strong>: La Asunci\u00f3n de la Virgen Mar\u00eda (Detalle). 1516 &#8211; 1518. Tiziano. Ubicaci\u00f3n: Bas\u00edlica de Santa Mar\u00eda dei Frari. Venecia, Italia.<\/p>\n<p>&nbsp;<\/p>\n","protected":false},"excerpt":{"rendered":"<p>&nbsp; Como religi\u00f3n que es, la Iglesia Cat\u00f3lica, Apost\u00f3lica y Romana tiene sus propios dogmas. Y es que las creencias de una religi\u00f3n no tienen por qu\u00e9 tener necesariamente bases hist\u00f3ricas. Si este fuera un requisito, entonces en ellas no &hellip; <a href=\"https:\/\/oscarhumbertogomez.com\/?p=48619\">Sigue leyendo <span class=\"meta-nav\">&rarr;<\/span><\/a><\/p>\n<div class='heateorSssClear'><\/div><div  class='heateor_sss_sharing_container heateor_sss_horizontal_sharing' heateor-sss-data-href='https:\/\/oscarhumbertogomez.com\/?p=48619'><div class='heateor_sss_sharing_title' style=\"font-weight:bold\" >\u00a1Gracias por compartirla!<\/div><ul class=\"heateor_sss_sharing_ul\"><li class=\"heateorSssSharingRound\"><i style=\"width:35px;height:35px;border-radius:999px;\" alt=\"Facebook\" Title=\"Facebook\" class=\"heateorSssSharing heateorSssFacebookBackground\" onclick='heateorSssPopup(\"https:\/\/www.facebook.com\/sharer\/sharer.php?u=https%3A%2F%2Foscarhumbertogomez.com%2Findex.php%3Frest_route%3D%252Fwp%252Fv2%252Fposts%252F48619\")'><ss style=\"display:block;border-radius:999px;\" class=\"heateorSssSharingSvg heateorSssFacebookSvg\"><\/ss><\/i><\/li><li class=\"heateorSssSharingRound\"><i style=\"width:35px;height:35px;border-radius:999px;\" alt=\"Twitter\" Title=\"Twitter\" class=\"heateorSssSharing heateorSssTwitterBackground\" onclick='heateorSssPopup(\"http:\/\/twitter.com\/intent\/tweet?text=HOY%20ES%20LA%20FIESTA%20DE%20LA%20ASUNCI%C3%93N%20DE%20MAR%C3%8DA.%20Por%20%C3%93scar%20Humberto%20G%C3%B3mez%20G%C3%B3mez&url=https%3A%2F%2Foscarhumbertogomez.com%2Findex.php%3Frest_route%3D%252Fwp%252Fv2%252Fposts%252F48619\")'><ss style=\"display:block;border-radius:999px;\" class=\"heateorSssSharingSvg heateorSssTwitterSvg\"><\/ss><\/i><\/li><li class=\"heateorSssSharingRound\"><i style=\"width:35px;height:35px;border-radius:999px;\" alt=\"Whatsapp\" Title=\"Whatsapp\" class=\"heateorSssSharing heateorSssWhatsappBackground\" onclick='heateorSssPopup(\"https:\/\/web.whatsapp.com\/send?text=HOY%20ES%20LA%20FIESTA%20DE%20LA%20ASUNCI%C3%93N%20DE%20MAR%C3%8DA.%20Por%20%C3%93scar%20Humberto%20G%C3%B3mez%20G%C3%B3mez https%3A%2F%2Foscarhumbertogomez.com%2Findex.php%3Frest_route%3D%252Fwp%252Fv2%252Fposts%252F48619\")'><ss style=\"display:block\" class=\"heateorSssSharingSvg heateorSssWhatsappSvg\"><\/ss><\/i><\/li><li class=\"heateorSssSharingRound\"><i style=\"width:35px;height:35px;border-radius:999px;\" alt=\"Pinterest\" Title=\"Pinterest\" class=\"heateorSssSharing heateorSssPinterestBackground\" onclick=\"javascript:void( (function() {var e=document.createElement('script' );e.setAttribute('type','text\/javascript' );e.setAttribute('charset','UTF-8' );e.setAttribute('src','\/\/assets.pinterest.com\/js\/pinmarklet.js?r='+Math.random()*99999999);document.body.appendChild(e)})());\"><ss style=\"display:block;border-radius:999px;\" class=\"heateorSssSharingSvg heateorSssPinterestSvg\"><\/ss><\/i><\/li><li class=\"heateorSssSharingRound\"><i style=\"width:35px;height:35px;border-radius:999px;\" alt=\"Google Gmail\" Title=\"Google Gmail\" class=\"heateorSssSharing heateorSssGoogleGmailBackground\" onclick='heateorSssPopup(\"https:\/\/mail.google.com\/mail\/?ui=2&view=cm&fs=1&tf=1&su=HOY%20ES%20LA%20FIESTA%20DE%20LA%20ASUNCI%C3%93N%20DE%20MAR%C3%8DA.%20Por%20%C3%93scar%20Humberto%20G%C3%B3mez%20G%C3%B3mez&body=Link:https%3A%2F%2Foscarhumbertogomez.com%2Findex.php%3Frest_route%3D%252Fwp%252Fv2%252Fposts%252F48619\")'><ss style=\"display:block;border-radius:999px;\" class=\"heateorSssSharingSvg heateorSssGoogleGmailSvg\"><\/ss><\/i><\/li><li class=\"heateorSssSharingRound\"><i style=\"width:35px;height:35px;border-radius:999px;\" title=\"More\" alt=\"More\" class=\"heateorSssSharing heateorSssMoreBackground\" onclick=\"heateorSssMoreSharingPopup(this, 'https:\/\/oscarhumbertogomez.com\/index.php?rest_route=%2Fwp%2Fv2%2Fposts%2F48619', 'HOY%20ES%20LA%20FIESTA%20DE%20LA%20ASUNCI%C3%93N%20DE%20MAR%C3%8DA.%20Por%20%C3%93scar%20Humberto%20G%C3%B3mez%20G%C3%B3mez', '' )\" ><ss style=\"display:block\" class=\"heateorSssSharingSvg heateorSssMoreSvg\"><\/ss><\/i><\/li><\/ul><div class=\"heateorSssClear\"><\/div><\/div><div class='heateorSssClear'><\/div>","protected":false},"author":2,"featured_media":0,"comment_status":"closed","ping_status":"closed","sticky":false,"template":"","format":"standard","meta":{"spay_email":"","footnotes":""},"categories":[1],"tags":[],"class_list":["post-48619","post","type-post","status-publish","format-standard","hentry","category-blog"],"jetpack_featured_media_url":"","jetpack_shortlink":"https:\/\/wp.me\/p1FYrr-cEb","_links":{"self":[{"href":"https:\/\/oscarhumbertogomez.com\/index.php?rest_route=\/wp\/v2\/posts\/48619","targetHints":{"allow":["GET"]}}],"collection":[{"href":"https:\/\/oscarhumbertogomez.com\/index.php?rest_route=\/wp\/v2\/posts"}],"about":[{"href":"https:\/\/oscarhumbertogomez.com\/index.php?rest_route=\/wp\/v2\/types\/post"}],"author":[{"embeddable":true,"href":"https:\/\/oscarhumbertogomez.com\/index.php?rest_route=\/wp\/v2\/users\/2"}],"replies":[{"embeddable":true,"href":"https:\/\/oscarhumbertogomez.com\/index.php?rest_route=%2Fwp%2Fv2%2Fcomments&post=48619"}],"version-history":[{"count":5,"href":"https:\/\/oscarhumbertogomez.com\/index.php?rest_route=\/wp\/v2\/posts\/48619\/revisions"}],"predecessor-version":[{"id":48626,"href":"https:\/\/oscarhumbertogomez.com\/index.php?rest_route=\/wp\/v2\/posts\/48619\/revisions\/48626"}],"wp:attachment":[{"href":"https:\/\/oscarhumbertogomez.com\/index.php?rest_route=%2Fwp%2Fv2%2Fmedia&parent=48619"}],"wp:term":[{"taxonomy":"category","embeddable":true,"href":"https:\/\/oscarhumbertogomez.com\/index.php?rest_route=%2Fwp%2Fv2%2Fcategories&post=48619"},{"taxonomy":"post_tag","embeddable":true,"href":"https:\/\/oscarhumbertogomez.com\/index.php?rest_route=%2Fwp%2Fv2%2Ftags&post=48619"}],"curies":[{"name":"wp","href":"https:\/\/api.w.org\/{rel}","templated":true}]}}