{"id":49627,"date":"2023-12-23T14:04:00","date_gmt":"2023-12-23T19:04:00","guid":{"rendered":"https:\/\/oscarhumbertogomez.com\/?p=49627"},"modified":"2024-12-29T10:14:39","modified_gmt":"2024-12-29T15:14:39","slug":"los-indigenas-frente-al-derecho-penal-colombiano-por-oscar-humberto-gomez-gomez","status":"publish","type":"post","link":"https:\/\/oscarhumbertogomez.com\/?p=49627","title":{"rendered":"LOS IND\u00cdGENAS FRENTE AL DERECHO PENAL COLOMBIANO. Por \u00d3scar Humberto G\u00f3mez G\u00f3mez"},"content":{"rendered":"\n<figure class=\"wp-block-image size-large\"><a href=\"https:\/\/oscarhumbertogomez.com\/wp-content\/uploads\/2024\/12\/los-indigenas-cara-1-copia.jpg\"><img loading=\"lazy\" decoding=\"async\" width=\"702\" height=\"1024\" src=\"https:\/\/oscarhumbertogomez.com\/wp-content\/uploads\/2024\/12\/los-indigenas-cara-1-copia-702x1024.jpg\" alt=\"\" class=\"wp-image-49628\" srcset=\"https:\/\/oscarhumbertogomez.com\/wp-content\/uploads\/2024\/12\/los-indigenas-cara-1-copia-702x1024.jpg 702w, https:\/\/oscarhumbertogomez.com\/wp-content\/uploads\/2024\/12\/los-indigenas-cara-1-copia-206x300.jpg 206w, https:\/\/oscarhumbertogomez.com\/wp-content\/uploads\/2024\/12\/los-indigenas-cara-1-copia-768x1120.jpg 768w, https:\/\/oscarhumbertogomez.com\/wp-content\/uploads\/2024\/12\/los-indigenas-cara-1-copia-1053x1536.jpg 1053w, https:\/\/oscarhumbertogomez.com\/wp-content\/uploads\/2024\/12\/los-indigenas-cara-1-copia.jpg 1134w\" sizes=\"auto, (max-width: 702px) 100vw, 702px\" \/><\/a><\/figure>\n\n\n<p>&nbsp;<\/p>\n\n\n<figure class=\"wp-block-image size-large\"><a href=\"https:\/\/oscarhumbertogomez.com\/wp-content\/uploads\/2024\/12\/los-indigenas-cara-2.jpg\"><img loading=\"lazy\" decoding=\"async\" width=\"702\" height=\"1024\" src=\"https:\/\/oscarhumbertogomez.com\/wp-content\/uploads\/2024\/12\/los-indigenas-cara-2-702x1024.jpg\" alt=\"\" class=\"wp-image-49629\" srcset=\"https:\/\/oscarhumbertogomez.com\/wp-content\/uploads\/2024\/12\/los-indigenas-cara-2-702x1024.jpg 702w, https:\/\/oscarhumbertogomez.com\/wp-content\/uploads\/2024\/12\/los-indigenas-cara-2-206x300.jpg 206w, https:\/\/oscarhumbertogomez.com\/wp-content\/uploads\/2024\/12\/los-indigenas-cara-2-768x1120.jpg 768w, https:\/\/oscarhumbertogomez.com\/wp-content\/uploads\/2024\/12\/los-indigenas-cara-2-1053x1536.jpg 1053w, https:\/\/oscarhumbertogomez.com\/wp-content\/uploads\/2024\/12\/los-indigenas-cara-2.jpg 1134w\" sizes=\"auto, (max-width: 702px) 100vw, 702px\" \/><\/a><\/figure>\n\n\n<p>&nbsp;<\/p>\n\n\n<figure class=\"wp-block-image size-large\"><a href=\"https:\/\/oscarhumbertogomez.com\/wp-content\/uploads\/2024\/12\/los-indigenas-cara-3-1.jpg\"><img loading=\"lazy\" decoding=\"async\" width=\"420\" height=\"1024\" src=\"https:\/\/oscarhumbertogomez.com\/wp-content\/uploads\/2024\/12\/los-indigenas-cara-3-1-420x1024.jpg\" alt=\"\" class=\"wp-image-49630\" srcset=\"https:\/\/oscarhumbertogomez.com\/wp-content\/uploads\/2024\/12\/los-indigenas-cara-3-1-420x1024.jpg 420w, https:\/\/oscarhumbertogomez.com\/wp-content\/uploads\/2024\/12\/los-indigenas-cara-3-1-123x300.jpg 123w, https:\/\/oscarhumbertogomez.com\/wp-content\/uploads\/2024\/12\/los-indigenas-cara-3-1-630x1536.jpg 630w, https:\/\/oscarhumbertogomez.com\/wp-content\/uploads\/2024\/12\/los-indigenas-cara-3-1.jpg 678w\" sizes=\"auto, (max-width: 420px) 100vw, 420px\" \/><\/a><\/figure>\n\n\n<p>&nbsp;<\/p>\n\n\n<figure class=\"wp-block-image size-large\"><a href=\"https:\/\/oscarhumbertogomez.com\/wp-content\/uploads\/2024\/12\/los-indigenas-cara-4-1.jpg\"><img loading=\"lazy\" decoding=\"async\" width=\"420\" height=\"1024\" src=\"https:\/\/oscarhumbertogomez.com\/wp-content\/uploads\/2024\/12\/los-indigenas-cara-4-1-420x1024.jpg\" alt=\"\" class=\"wp-image-49631\" srcset=\"https:\/\/oscarhumbertogomez.com\/wp-content\/uploads\/2024\/12\/los-indigenas-cara-4-1-420x1024.jpg 420w, https:\/\/oscarhumbertogomez.com\/wp-content\/uploads\/2024\/12\/los-indigenas-cara-4-1-123x300.jpg 123w, https:\/\/oscarhumbertogomez.com\/wp-content\/uploads\/2024\/12\/los-indigenas-cara-4-1-630x1536.jpg 630w, https:\/\/oscarhumbertogomez.com\/wp-content\/uploads\/2024\/12\/los-indigenas-cara-4-1.jpg 678w\" sizes=\"auto, (max-width: 420px) 100vw, 420px\" \/><\/a><\/figure>\n\n\n<p>&nbsp;<\/p>\n<p>* <a href=\"https:\/\/lapiedrafilosofal.com\/wp-content\/uploads\/2019\/03\/Copyright-\u00a9-Derechos-de-autor.jpg\"><img loading=\"lazy\" decoding=\"async\" class=\"alignnone size-thumbnail wp-image-28792\" src=\"https:\/\/lapiedrafilosofal.com\/wp-content\/uploads\/2019\/03\/Copyright-\u00a9-Derechos-de-autor-150x150.jpg\" alt=\"\" width=\"150\" height=\"150\" srcset=\"https:\/\/oscarhumbertogomez.com\/wp-content\/uploads\/2019\/03\/Copyright-\u00a9-Derechos-de-autor-150x150.jpg 150w, https:\/\/oscarhumbertogomez.com\/wp-content\/uploads\/2019\/03\/Copyright-\u00a9-Derechos-de-autor-300x300.jpg 300w, https:\/\/oscarhumbertogomez.com\/wp-content\/uploads\/2019\/03\/Copyright-\u00a9-Derechos-de-autor.jpg 730w\" sizes=\"auto, (max-width: 150px) 100vw, 150px\" \/><\/a> <strong>Derechos Reservados de Autor<\/strong>. 1980 &#8211; 1999<\/p>\n<p>&nbsp;<\/p>","protected":false},"excerpt":{"rendered":"<p>&nbsp; &nbsp; &nbsp; &nbsp; * Derechos Reservados de Autor. 1980 &#8211; 1999 &nbsp;<\/p>\n<div class='heateorSssClear'><\/div><div  class='heateor_sss_sharing_container heateor_sss_horizontal_sharing' heateor-sss-data-href='https:\/\/oscarhumbertogomez.com\/?p=49627'><div class='heateor_sss_sharing_title' style=\"font-weight:bold\" >\u00a1Gracias por compartirla!<\/div><ul class=\"heateor_sss_sharing_ul\"><li class=\"heateorSssSharingRound\"><i style=\"width:35px;height:35px;border-radius:999px;\" alt=\"Facebook\" Title=\"Facebook\" class=\"heateorSssSharing heateorSssFacebookBackground\" onclick='heateorSssPopup(\"https:\/\/www.facebook.com\/sharer\/sharer.php?u=https%3A%2F%2Foscarhumbertogomez.com%2Findex.php%3Frest_route%3D%252Fwp%252Fv2%252Fposts%252F49627\")'><ss style=\"display:block;border-radius:999px;\" class=\"heateorSssSharingSvg heateorSssFacebookSvg\"><\/ss><\/i><\/li><li class=\"heateorSssSharingRound\"><i style=\"width:35px;height:35px;border-radius:999px;\" alt=\"Twitter\" Title=\"Twitter\" class=\"heateorSssSharing heateorSssTwitterBackground\" onclick='heateorSssPopup(\"http:\/\/twitter.com\/intent\/tweet?text=LOS%20IND%C3%8DGENAS%20FRENTE%20AL%20DERECHO%20PENAL%20COLOMBIANO.%20Por%20%C3%93scar%20Humberto%20G%C3%B3mez%20G%C3%B3mez&url=https%3A%2F%2Foscarhumbertogomez.com%2Findex.php%3Frest_route%3D%252Fwp%252Fv2%252Fposts%252F49627\")'><ss style=\"display:block;border-radius:999px;\" class=\"heateorSssSharingSvg heateorSssTwitterSvg\"><\/ss><\/i><\/li><li class=\"heateorSssSharingRound\"><i style=\"width:35px;height:35px;border-radius:999px;\" alt=\"Whatsapp\" Title=\"Whatsapp\" class=\"heateorSssSharing heateorSssWhatsappBackground\" onclick='heateorSssPopup(\"https:\/\/web.whatsapp.com\/send?text=LOS%20IND%C3%8DGENAS%20FRENTE%20AL%20DERECHO%20PENAL%20COLOMBIANO.%20Por%20%C3%93scar%20Humberto%20G%C3%B3mez%20G%C3%B3mez https%3A%2F%2Foscarhumbertogomez.com%2Findex.php%3Frest_route%3D%252Fwp%252Fv2%252Fposts%252F49627\")'><ss style=\"display:block\" class=\"heateorSssSharingSvg heateorSssWhatsappSvg\"><\/ss><\/i><\/li><li class=\"heateorSssSharingRound\"><i style=\"width:35px;height:35px;border-radius:999px;\" alt=\"Pinterest\" Title=\"Pinterest\" class=\"heateorSssSharing heateorSssPinterestBackground\" onclick=\"javascript:void( (function() {var e=document.createElement('script' );e.setAttribute('type','text\/javascript' );e.setAttribute('charset','UTF-8' );e.setAttribute('src','\/\/assets.pinterest.com\/js\/pinmarklet.js?r='+Math.random()*99999999);document.body.appendChild(e)})());\"><ss style=\"display:block;border-radius:999px;\" class=\"heateorSssSharingSvg heateorSssPinterestSvg\"><\/ss><\/i><\/li><li class=\"heateorSssSharingRound\"><i style=\"width:35px;height:35px;border-radius:999px;\" alt=\"Google Gmail\" Title=\"Google Gmail\" class=\"heateorSssSharing heateorSssGoogleGmailBackground\" onclick='heateorSssPopup(\"https:\/\/mail.google.com\/mail\/?ui=2&view=cm&fs=1&tf=1&su=LOS%20IND%C3%8DGENAS%20FRENTE%20AL%20DERECHO%20PENAL%20COLOMBIANO.%20Por%20%C3%93scar%20Humberto%20G%C3%B3mez%20G%C3%B3mez&body=Link:https%3A%2F%2Foscarhumbertogomez.com%2Findex.php%3Frest_route%3D%252Fwp%252Fv2%252Fposts%252F49627\")'><ss style=\"display:block;border-radius:999px;\" class=\"heateorSssSharingSvg heateorSssGoogleGmailSvg\"><\/ss><\/i><\/li><li class=\"heateorSssSharingRound\"><i style=\"width:35px;height:35px;border-radius:999px;\" title=\"More\" alt=\"More\" class=\"heateorSssSharing heateorSssMoreBackground\" onclick=\"heateorSssMoreSharingPopup(this, 'https:\/\/oscarhumbertogomez.com\/index.php?rest_route=%2Fwp%2Fv2%2Fposts%2F49627', 'LOS%20IND%C3%8DGENAS%20FRENTE%20AL%20DERECHO%20PENAL%20COLOMBIANO.%20Por%20%C3%93scar%20Humberto%20G%C3%B3mez%20G%C3%B3mez', '' )\" ><ss style=\"display:block\" class=\"heateorSssSharingSvg heateorSssMoreSvg\"><\/ss><\/i><\/li><\/ul><div class=\"heateorSssClear\"><\/div><\/div><div class='heateorSssClear'><\/div>","protected":false},"author":2,"featured_media":0,"comment_status":"closed","ping_status":"closed","sticky":false,"template":"","format":"standard","meta":{"spay_email":"","footnotes":""},"categories":[16],"tags":[],"class_list":["post-49627","post","type-post","status-publish","format-standard","hentry","category-libros"],"jetpack_featured_media_url":"","jetpack_shortlink":"https:\/\/wp.me\/p1FYrr-cUr","_links":{"self":[{"href":"https:\/\/oscarhumbertogomez.com\/index.php?rest_route=\/wp\/v2\/posts\/49627","targetHints":{"allow":["GET"]}}],"collection":[{"href":"https:\/\/oscarhumbertogomez.com\/index.php?rest_route=\/wp\/v2\/posts"}],"about":[{"href":"https:\/\/oscarhumbertogomez.com\/index.php?rest_route=\/wp\/v2\/types\/post"}],"author":[{"embeddable":true,"href":"https:\/\/oscarhumbertogomez.com\/index.php?rest_route=\/wp\/v2\/users\/2"}],"replies":[{"embeddable":true,"href":"https:\/\/oscarhumbertogomez.com\/index.php?rest_route=%2Fwp%2Fv2%2Fcomments&post=49627"}],"version-history":[{"count":5,"href":"https:\/\/oscarhumbertogomez.com\/index.php?rest_route=\/wp\/v2\/posts\/49627\/revisions"}],"predecessor-version":[{"id":49673,"href":"https:\/\/oscarhumbertogomez.com\/index.php?rest_route=\/wp\/v2\/posts\/49627\/revisions\/49673"}],"wp:attachment":[{"href":"https:\/\/oscarhumbertogomez.com\/index.php?rest_route=%2Fwp%2Fv2%2Fmedia&parent=49627"}],"wp:term":[{"taxonomy":"category","embeddable":true,"href":"https:\/\/oscarhumbertogomez.com\/index.php?rest_route=%2Fwp%2Fv2%2Fcategories&post=49627"},{"taxonomy":"post_tag","embeddable":true,"href":"https:\/\/oscarhumbertogomez.com\/index.php?rest_route=%2Fwp%2Fv2%2Ftags&post=49627"}],"curies":[{"name":"wp","href":"https:\/\/api.w.org\/{rel}","templated":true}]}}