{"id":5098,"date":"2012-08-11T10:52:12","date_gmt":"2012-08-11T15:52:12","guid":{"rendered":"http:\/\/www.oscarhumbertogomez.com\/?p=5098"},"modified":"2025-03-25T10:58:32","modified_gmt":"2025-03-25T15:58:32","slug":"la-verguenza-nacional-anonimo","status":"publish","type":"post","link":"https:\/\/oscarhumbertogomez.com\/?p=5098","title":{"rendered":"La verg\u00fcenza nacional (An\u00f3nimo)"},"content":{"rendered":"<p><span style=\"color: #ff0000;\"><strong>NOTA DEL PORTAL:<\/strong><\/span> <em><strong>Nos ha llegado un mensaje que, por su importancia y actualidad, hemos considerado pertinente publicar en LA PLUMA AJENA. Como no se suministra, ni lo conocemos, el nombre de su autor o autora, lo insertamos como AN\u00d3NIMO. &nbsp;Nuestro portal, respetuoso de la libertad de expresi\u00f3n, le da cabida a su texto porque el mismo refleja el pensamiento de un sector de Colombia que se siente seriamente perjudicado por los canales de televisi\u00f3n RCN y Caracol con la m\u00e1s reciente oleada de dramatizados basados en el narcotr\u00e1fico y su cascada de violencia y degradaci\u00f3n de las costumbres. &nbsp;El texto del mensaje, titulado &#8220;La verg\u00fcenza nacional&#8221;, dice as\u00ed: &nbsp; &nbsp;<\/strong><\/em><\/p>\n<p>&nbsp;<\/p>\n<p><em><strong><\/strong><\/em><span class=\"Apple-style-span\" style=\"color: #ff0000;\"><strong>&#8220;LA VERG\u00dcENZA NACIONAL<\/strong><\/span><\/p>\n<p>&nbsp;<\/p>\n<p><img loading=\"lazy\" decoding=\"async\" class=\"aligncenter size-full wp-image-5099\" title=\"ROSARIO TIJERAS\" src=\"https:\/\/lapiedrafilosofal.com\/wp-content\/uploads\/2012\/08\/ROSARIO-TIJERAS.gif\" alt=\"\" width=\"300\" height=\"219\"><\/p>\n<p>&nbsp;<\/p>\n<p>No m\u00e1s narco-novelas, narco-series, y narco-pel\u00edculas. NO M\u00c1S NARCO-TELEVIDENTES, NI NARCO-AFICIONADOS.<\/p>\n<p>&nbsp;<\/p>\n<img loading=\"lazy\" decoding=\"async\" class=\"size-full wp-image-5100\" title=\"LA VIRGEN DE LOS SICARIOS\" src=\"https:\/\/lapiedrafilosofal.com\/wp-content\/uploads\/2012\/08\/LA-VIRGEN-DE-LOS-SICARIOS.jpg\" alt=\"\" width=\"500\" height=\"278\" srcset=\"https:\/\/oscarhumbertogomez.com\/wp-content\/uploads\/2012\/08\/LA-VIRGEN-DE-LOS-SICARIOS.jpg 500w, https:\/\/oscarhumbertogomez.com\/wp-content\/uploads\/2012\/08\/LA-VIRGEN-DE-LOS-SICARIOS-300x166.jpg 300w\" sizes=\"auto, (max-width: 500px) 100vw, 500px\" \/>\n<p>&nbsp;<\/p>\n<p>&#8220;LA VIRGEN DE LOS SICARIOS&#8221;, &#8220;LA VENDEDORA DE ROSAS&#8221;, &#8220;MARIA LLENA ERES DE GRACIA&#8221;, &#8220;SIN TETAS NO HAY PARAISO&#8221;, &#8220;EL CARTEL DE LOS SAPOS&#8221;, &#8220;SO\u00d1AR NO CUESTA NADA&#8221;, &#8220;LOS PROTEGIDOS&#8221;, &#8220;LA VIUDA DE LA MAFIA&#8221;, &#8220;PANDILLAS, GUERRA Y PAZ&#8221;, &#8220;EL CAPO&#8221;, &#8220;LAS MU\u00d1ECAS DE LA MAFIA&#8221; LA BRUJA, CORREO DE INOCENTES, TRES MILAGROS\u2026Y AHORA PABLO, EL PATR\u00d3N DEL MAL, entre otras porquer\u00edas, han servido de reafirmante y de estimulante para que ante el resto del mundo Colombia sea visto como un nido de ratas, y por ende que los colombianos que viven en el extranjero sean discriminados, marginados, maltratados, agredidos moral y f\u00edsicamente, mirados como personas que son un peligro para quienes los rodean, por las supuestas &#8220;ma\u00f1as&#8221;, malas costumbres y negocios raros que al parecer todo colombiano lleva consigo. Estas producciones antes mencionadas, han sido hechas con el pretexto de &#8220;mostrar nuestra realidad&#8221;.<\/p>\n<p>&nbsp;<\/p>\n<img loading=\"lazy\" decoding=\"async\" class=\"size-full wp-image-5101\" title=\"ESCENA DE &quot;LA VIRGEN DE LOS SICARIOS&quot;\" src=\"https:\/\/lapiedrafilosofal.com\/wp-content\/uploads\/2012\/08\/ESCENA-DE-LA-VIRGEN-DE-LOS-SICARIOS.jpg\" alt=\"\" width=\"575\" height=\"350\" srcset=\"https:\/\/oscarhumbertogomez.com\/wp-content\/uploads\/2012\/08\/ESCENA-DE-LA-VIRGEN-DE-LOS-SICARIOS.jpg 575w, https:\/\/oscarhumbertogomez.com\/wp-content\/uploads\/2012\/08\/ESCENA-DE-LA-VIRGEN-DE-LOS-SICARIOS-300x182.jpg 300w\" sizes=\"auto, (max-width: 575px) 100vw, 575px\" \/>\n<p>&nbsp;<\/p>\n<p>Pero esa no es la raz\u00f3n que los motiva; lo \u00fanico que quieren es llenarse los bolsillos a costa del deterioro de la dignidad y la reputaci\u00f3n de nuestro pa\u00eds, porque saben el morbo de los extranjeros y de muchos colombianos por ver todas esas situaciones basadas en una situaci\u00f3n negativa del pa\u00eds, que los distrae y los llena de emociones fuertes&#8230;<\/p>\n<p>Venden unas historias disfrazadas que son &#8220;balazos&#8221; para la publicidad de Colombia ante el concierto internacional.<\/p>\n<p>&nbsp;<\/p>\n<p><img loading=\"lazy\" decoding=\"async\" class=\"aligncenter size-full wp-image-5102\" title=\"DON OMAR\" src=\"https:\/\/lapiedrafilosofal.com\/wp-content\/uploads\/2012\/08\/DON-OMAR.jpg\" alt=\"\" width=\"500\" height=\"511\" srcset=\"https:\/\/oscarhumbertogomez.com\/wp-content\/uploads\/2012\/08\/DON-OMAR.jpg 500w, https:\/\/oscarhumbertogomez.com\/wp-content\/uploads\/2012\/08\/DON-OMAR-293x300.jpg 293w\" sizes=\"auto, (max-width: 500px) 100vw, 500px\" \/><\/p>\n<p>&nbsp;<\/p>\n<p>A causa de la reacci\u00f3n del cantante Fonseca, por la canci\u00f3n de Don Omar en que relaciona a Colombia con la coca, en un foro de Internet dec\u00eda: &#8220;Colombianos hip\u00f3critas: de qu\u00e9 se quejan, si ustedes eso es lo que muestran en sus programas de televisi\u00f3n: muestran que Colombia es la cuna de las drogas&#8221;.<\/p>\n<p>&nbsp;<\/p>\n<p><img loading=\"lazy\" decoding=\"async\" class=\"aligncenter size-full wp-image-5103\" title=\"fonseca-3\" src=\"https:\/\/lapiedrafilosofal.com\/wp-content\/uploads\/2012\/08\/fonseca-3.jpg\" alt=\"\" width=\"500\" height=\"500\" srcset=\"https:\/\/oscarhumbertogomez.com\/wp-content\/uploads\/2012\/08\/fonseca-3.jpg 500w, https:\/\/oscarhumbertogomez.com\/wp-content\/uploads\/2012\/08\/fonseca-3-150x150.jpg 150w, https:\/\/oscarhumbertogomez.com\/wp-content\/uploads\/2012\/08\/fonseca-3-300x300.jpg 300w\" sizes=\"auto, (max-width: 500px) 100vw, 500px\" \/><\/p>\n<p>&nbsp;<\/p>\n<p>As\u00ed, cada vez que un colombiano entra a una sala de chat o a un foro en la red, es se\u00f1alado, insultado, lo tratan de rata, de narco, de asesino a sueldo. \u00c9so es lo que promocionan Caracol y RCN a trav\u00e9s de la pantalla.<\/p>\n<p>Lo mismo cuando el colombiano llega a otros pa\u00edses. En EE.UU. al periodista &#8220;Pirry&#8221;, al momento de de entreg\u00e1rsele un premio en un evento importante, el anunciador antes de mencionar la palabra &#8220;Colombia&#8221; se movi\u00f3 varias veces la nariz, haciendo como si hubiera terminado de consumir coca\u00edna. \u00c9sas son cosas que duelen, que dan rabia&#8230; Pero qu\u00e9 se puede hacer, si eso es lo que muestran en la televisi\u00f3n para el mundo estas cadenas y nuestra mal llamada literatura.<\/p>\n<p>&nbsp;<\/p>\n<p><img loading=\"lazy\" decoding=\"async\" class=\"aligncenter size-medium wp-image-5129\" title=\"pirry1m\" src=\"https:\/\/lapiedrafilosofal.com\/wp-content\/uploads\/2012\/08\/pirry1m-300x225.png\" alt=\"\" width=\"300\" height=\"225\" srcset=\"https:\/\/oscarhumbertogomez.com\/wp-content\/uploads\/2012\/08\/pirry1m-300x225.png 300w, https:\/\/oscarhumbertogomez.com\/wp-content\/uploads\/2012\/08\/pirry1m.png 320w\" sizes=\"auto, (max-width: 300px) 100vw, 300px\" \/><\/p>\n<p>&nbsp;<\/p>\n<p>\u00a1Gracias, Caracol Televisi\u00f3n! \u00a1Gracias, RCN por hacer posible el repudio del resto del mundo hacia nosotros! Parece que no pueden inventar otra cosa, o es que simplemente no lo hacen porque \u00bftemen no atrapar a la audiencia nacional e internacional que desean?<\/p>\n<p>Parece mentira: Colombia tiene una p\u00e9sima imagen a causa del narcotr\u00e1fico, la violencia y la corrupci\u00f3n de algunos funcionarios del Estado, y, sin embargo, \u00a1\u00a1\u00a1 la televisi\u00f3n y el cine colombiano colaboran para empeorarla a\u00fan m\u00e1s!!!<\/p>\n<p>\u00bfPor qu\u00e9 mejor no crean producciones que ayuden a contrarrestar nuestra mala reputaci\u00f3n, mostrando todas las virtudes, cualidades y cosas positivas que tiene nuestro pa\u00eds y que tenemos nosotros?<\/p>\n<p>&nbsp;<\/p>\n<div id=\"attachment_5105\" style=\"width: 410px\" class=\"wp-caption aligncenter\"><img loading=\"lazy\" decoding=\"async\" aria-describedby=\"caption-attachment-5105\" class=\"size-full wp-image-5105\" title=\"EL CAPO RCN\" src=\"https:\/\/lapiedrafilosofal.com\/wp-content\/uploads\/2012\/08\/EL-CAPO-RCN.jpg\" alt=\"\" width=\"400\" height=\"300\" srcset=\"https:\/\/oscarhumbertogomez.com\/wp-content\/uploads\/2012\/08\/EL-CAPO-RCN.jpg 400w, https:\/\/oscarhumbertogomez.com\/wp-content\/uploads\/2012\/08\/EL-CAPO-RCN-300x225.jpg 300w\" sizes=\"auto, (max-width: 400px) 100vw, 400px\" \/><p id=\"caption-attachment-5105\" class=\"wp-caption-text\">EL CAPO, DEL CANAL RCN<\/p><\/div>\n<p>&nbsp;<\/p>\n<p>Ya estamos cansados de todo lo que la TV nacional y el cine de aqu\u00ed hacen siempre de manera reiterativa: narcotr\u00e1fico, mafia, traquetos, prostitutas, sicarios, corruptos, avivatos, matones, mulas, jibaros, drogas, ladrones, trampas, etc.<\/p>\n<p>Ustedes, detr\u00e1s del pretexto barato y trillado de &#8220;mostrar la realidad de Colombia&#8221;, se enriquecen a causa de la desgracia y la miseria del pa\u00eds, porque las tramas de sus productos audiovisuales se basan siempre en eso. Pero, \u00bfcu\u00e1l &#8220;realidad del pa\u00eds&#8221;? \u00bfAcaso esa es la \u00fanica realidad de nuestra Patria?<\/p>\n<p>Pongamos todos un grano de arena para que esto cambie; ustedes exportando esas novelas y esas series a los otros pa\u00edses no ayudan en nada. Simplemente est\u00e1n llev\u00e1ndole una mala publicidad de nuestra tierra y de nuestra gente al resto del mundo.<\/p>\n<p>&nbsp;<\/p>\n<div id=\"attachment_5106\" style=\"width: 650px\" class=\"wp-caption aligncenter\"><img loading=\"lazy\" decoding=\"async\" aria-describedby=\"caption-attachment-5106\" class=\"size-full wp-image-5106\" title=\"escobar-el-patron-del-mal\" src=\"https:\/\/lapiedrafilosofal.com\/wp-content\/uploads\/2012\/08\/escobar-el-patron-del-mal.jpg\" alt=\"\" width=\"640\" height=\"425\" srcset=\"https:\/\/oscarhumbertogomez.com\/wp-content\/uploads\/2012\/08\/escobar-el-patron-del-mal.jpg 640w, https:\/\/oscarhumbertogomez.com\/wp-content\/uploads\/2012\/08\/escobar-el-patron-del-mal-300x199.jpg 300w\" sizes=\"auto, (max-width: 640px) 100vw, 640px\" \/><p id=\"caption-attachment-5106\" class=\"wp-caption-text\">EL PATR\u00d3N DEL MAL, DEL CANAL CARACOL<\/p><\/div>\n<p>&nbsp;<\/p>\n<p>Esa ambici\u00f3n de tener mayor &#8220;rating&#8221;, de obtener millonarios ingresos y de derrotar al otro canal, ha hecho que piensen en todo, menos en las personas que ven sus porquer\u00edas de producciones. Recuerden que aparte de la gente bien formada, con bases s\u00f3lidas en buenas costumbres, \u00e9tica, valores y moral, que han recibido una buena crianza por parte de sus familias y que por ende tienen un criterio formado y una personalidad definida, tambi\u00e9n hay otras millones de personas ignorantes, carentes de personalidad y desafortunadas que no tienen una familia ideal que pueda formar en ellos un criterio s\u00f3lido que les permita discernir entre lo que conviene y lo que no conviene, y que al vivir en la pobreza y en la miseria, ven en esos personajes de televisi\u00f3n los modelos de vida a seguir, copiando sus acciones caracter\u00edsticas y sus actitudes; hasta empiezan a hablar igual que la cantidad de bandidos que salen en los dos canales privados, para ver si logran alg\u00fan ser &#8220;capos&#8221; tambi\u00e9n y ganar millones con negocios, no importa que sean turbios, todo por salir de la pobreza en la que viven.<\/p>\n<p>&nbsp;<\/p>\n<img loading=\"lazy\" decoding=\"async\" class=\"size-full wp-image-5123\" title=\"El Capo\" src=\"https:\/\/lapiedrafilosofal.com\/wp-content\/uploads\/2012\/08\/El-Capo.jpg\" alt=\"\" width=\"400\" height=\"300\" srcset=\"https:\/\/oscarhumbertogomez.com\/wp-content\/uploads\/2012\/08\/El-Capo.jpg 400w, https:\/\/oscarhumbertogomez.com\/wp-content\/uploads\/2012\/08\/El-Capo-300x225.jpg 300w\" sizes=\"auto, (max-width: 400px) 100vw, 400px\" \/>\n<p>&nbsp;<\/p>\n<p>No vengan ahora con el argumento de que los padres de familia son responsables de lo que ven o no ven sus hijos, porque ustedes bien saben que Colombia tiene una alta degradaci\u00f3n social, donde much\u00edsimos padres no garantizan el bienestar y la buena formaci\u00f3n de sus hijos. Ustedes son conscientes de \u00e9so, porque tienen un noticiero que todos los d\u00edas lo reconfirma y en el que el contenido de violencia y maldad es m\u00e1s que suficiente para ampliarlo a trav\u00e9s de sus poco creativos programas.<\/p>\n<p>As\u00ed que en vista de ese vac\u00edo formativo por parte de los hogares, ustedes como medio masivo de televisi\u00f3n deber\u00edan aportar un grano de arena, para que los ni\u00f1os y j\u00f3venes por lo menos aprendan alguna cosa buena.<br \/>\nLo m\u00e1s c\u00ednico de todo es el horario en que dan esas &#8220;bazofias&#8221;: en horario familiar, cuando todos est\u00e1n frente al televisor. Pero esto es intencional, obviamente, para atrapar una mayor audiencia.<\/p>\n<p>&nbsp;<\/p>\n<img loading=\"lazy\" decoding=\"async\" class=\"size-full wp-image-5125\" title=\"pandillas guerra y paz segunda temporada\" src=\"https:\/\/lapiedrafilosofal.com\/wp-content\/uploads\/2012\/08\/pandillas-guerra-y-paz-segunda-temporada-.jpg\" alt=\"\" width=\"400\" height=\"320\" srcset=\"https:\/\/oscarhumbertogomez.com\/wp-content\/uploads\/2012\/08\/pandillas-guerra-y-paz-segunda-temporada-.jpg 400w, https:\/\/oscarhumbertogomez.com\/wp-content\/uploads\/2012\/08\/pandillas-guerra-y-paz-segunda-temporada--300x240.jpg 300w\" sizes=\"auto, (max-width: 400px) 100vw, 400px\" \/>\n<p>&nbsp;<\/p>\n<p>A ustedes les importa un comino si los ni\u00f1os y los j\u00f3venes -esto incluye a los suyos propios- aprenden todas las porquer\u00edas y las barbaridades que ustedes ense\u00f1an; a RCN y Caracol lo \u00fanico que les importa es el &#8220;rating&#8221;, es llevarse por delante a la competencia. Es una competencia salvaje y desenfrenada, y, como reza el refr\u00e1n, &#8220;En la guerra como en el amor, todo se vale&#8221;, pues ac\u00e1 se vale inventar cualquier tipo de situaciones y tramas, llenas de anti-valores, donde no importa el contenido, con tal de atrapar la mayor\u00eda en la audiencia, y si es posible la totalidad. Ustedes est\u00e1n da\u00f1ando la mente de los m\u00e1s peque\u00f1os, y de esas personas, que una vez adultas carecer\u00e1n de personalidad y criterio, y de manera incalculable est\u00e1n contribuyendo a la degradaci\u00f3n de nuestra sociedad.<\/p>\n<p>Qu\u00e9 lejos estamos de la TV de los 80 y de hasta comienzos de los 90, donde se realizaban producciones extraordinarias sin recurrir al sexo barato y a la violencia, y se pon\u00edan de manifiesto nuestro valores culturales,literarios y folcl\u00f3ricos&#8230;C\u00f3mo extra\u00f1amos a directores integrales como Jorge Al\u00ed Triana, Julio C\u00e9sar Luna, David Stivel, Keppa Amuchastegui, Pepe S\u00e1nchez. Ellos hicieron grande nuestras producciones y por ellos fuimos conocidos en el exterior&#8230;para que hoy los due\u00f1os del Biopolio (RCN Y CARACOL) hayan vendido nuestra identidad entreg\u00e1ndose al mejor postor, M\u00c9XICO&#8230; \u00a1\u00a1\u00a1Qu\u00e9 da\u00f1o nos han hecho!!! Los mexicanos nos convirtieron en su producto, porque el nuestro les estaba haciendo da\u00f1o a nivel internacional. \u00bfD\u00f3nde est\u00e1n los que hicieron PERO SIGO SIENDO EL REY, SAN TROPEL, CABALLO VIEJO, GALLITO RAMIREZ, LA CASA DE LAS DOS PALMAS, LA POTRA ZAINA,etc&#8230;y que tuvieron todo el raiting del mundo&#8230;en algunos casos, hoy, insuperable?<\/p>\n<p>&nbsp;<\/p>\n<div id=\"attachment_5109\" style=\"width: 425px\" class=\"wp-caption aligncenter\"><img loading=\"lazy\" decoding=\"async\" aria-describedby=\"caption-attachment-5109\" class=\"size-full wp-image-5109\" title=\"el-cartel-de-los-sapos4\" src=\"https:\/\/lapiedrafilosofal.com\/wp-content\/uploads\/2012\/08\/el-cartel-de-los-sapos4.jpg\" alt=\"\" width=\"415\" height=\"604\" srcset=\"https:\/\/oscarhumbertogomez.com\/wp-content\/uploads\/2012\/08\/el-cartel-de-los-sapos4.jpg 415w, https:\/\/oscarhumbertogomez.com\/wp-content\/uploads\/2012\/08\/el-cartel-de-los-sapos4-206x300.jpg 206w\" sizes=\"auto, (max-width: 415px) 100vw, 415px\" \/><p id=\"caption-attachment-5109\" class=\"wp-caption-text\">EL CARTEL DE LOS SAPOS<\/p><\/div>\n<p>&nbsp;<\/p>\n<p>Volviendo al desastre de hoy en d\u00eda&#8230;en estas series los polic\u00edas son los malos y los delincuentes son los buenos. Adem\u00e1s de todo lo anterior, tambi\u00e9n est\u00e1n acabando con la imagen de las instituciones del Estado, que si bien algunas tienen funcionarios corruptos, eso no es raz\u00f3n para ahora hacerse ricos con base en esa situaci\u00f3n tan negativa. Escuch\u00e9 alguna vez a un ni\u00f1o decirle a su padre que no era justo que la polic\u00eda capturara al &#8220;capo&#8221;, del canal RCN. \u00bfQu\u00e9 bonito, no? Un peque\u00f1o ni\u00f1o, en su inocencia, preocupado por un mafioso de la novela; un ni\u00f1o que est\u00e1 empezando a odiar a esos polic\u00edas porque quieren detener al bandido de la trama &#8220;el capo&#8221;. Miren, miren con este ejemplo todo lo que est\u00e1n creando en los chiquillos.<\/p>\n<p>&nbsp;<\/p>\n<img loading=\"lazy\" decoding=\"async\" class=\"size-full wp-image-5126\" title=\"PANDILLAS\" src=\"https:\/\/lapiedrafilosofal.com\/wp-content\/uploads\/2012\/08\/PANDILLAS.jpg\" alt=\"\" width=\"400\" height=\"300\" srcset=\"https:\/\/oscarhumbertogomez.com\/wp-content\/uploads\/2012\/08\/PANDILLAS.jpg 400w, https:\/\/oscarhumbertogomez.com\/wp-content\/uploads\/2012\/08\/PANDILLAS-300x225.jpg 300w\" sizes=\"auto, (max-width: 400px) 100vw, 400px\" \/>\n<p>&nbsp;<\/p>\n<p>Unos j\u00f3venes comentaban c\u00f3mo les gustar\u00eda ser narcos, ser traquetos, porque prefieren vivir una vida corta, aunque en cualquier momento los maten, pero rodeados de dinero, lujos y comodidades, a vivir 90 a\u00f1os ganando el salario m\u00ednimo. Dense cuenta la percepci\u00f3n de la vida que est\u00e1n creando en los j\u00f3venes, que, desafortunadamente, no tienen gu\u00edas en su vida, que no tienen padres o familiares que les ense\u00f1en a vivir como debe ser, o que si bien los tienen, esas personas no les garantizan una buena formaci\u00f3n como personas.<\/p>\n<p>Cu\u00e1ntas ni\u00f1as desean ser mu\u00f1ecas de la mafia, para tener todo lo que a ellas se les antoje, sin tener que trabajar, pero esta conclusi\u00f3n se da por la pobreza y la miseria econ\u00f3mica y espiritual en la que viven, y por no tener opciones en educaci\u00f3n, ni alternativas laborales; se arriesgar\u00edan a entrar en el oscuro mundo de la mafia y el crimen organizado.<\/p>\n<p>No crean que alg\u00fan d\u00eda uno de nosotros no tendr\u00e1 que vivir en su familia esta lamentable situaci\u00f3n que nosotros mismos hemos promulgado al ser pasivos espectadores. Prep\u00e1rense, porque &#8220;lo que se siembra se siega&#8221;.<\/p>\n<p>&nbsp;<\/p>\n<img loading=\"lazy\" decoding=\"async\" class=\"size-full wp-image-5127\" title=\"las_mu_ecas_de_la_mafia_olivia_canal_caracol_\" src=\"https:\/\/lapiedrafilosofal.com\/wp-content\/uploads\/2012\/08\/las_mu_ecas_de_la_mafia_olivia_canal_caracol_.jpg\" alt=\"\" width=\"400\" height=\"320\" srcset=\"https:\/\/oscarhumbertogomez.com\/wp-content\/uploads\/2012\/08\/las_mu_ecas_de_la_mafia_olivia_canal_caracol_.jpg 400w, https:\/\/oscarhumbertogomez.com\/wp-content\/uploads\/2012\/08\/las_mu_ecas_de_la_mafia_olivia_canal_caracol_-300x240.jpg 300w\" sizes=\"auto, (max-width: 400px) 100vw, 400px\" \/>\n<p>&nbsp;<\/p>\n<p>Por medio de estas &#8220;basuras&#8221; de programas les est\u00e1n mostrando a la juventud y a la ni\u00f1ez, formas de vida, que si bien son arriesgadas y peligrosas, son sin\u00f3nimos de millones de d\u00f3lares. \u00a1\u00a1\u00a1Qu\u00e9 gran da\u00f1o le hacen a Colombia los dos canales privados y el cine nacional, y nosotros los seguidores de estas baratijas!!! Ellos ensucian a\u00fan m\u00e1s la imagen de los colombianos ante el mundo, contribuyen a la enorme degradaci\u00f3n social y pisotean las instituciones estatales&#8230; \u00a1\u00a1\u00a1Se enriquecen a causa de la desgracia, el infortunio y la miseria del pa\u00eds!!!<\/p>\n<p>No sigan acab\u00e1ndonos. (Y acab\u00e1ndose ustedes, porque al fin y al cabo tambi\u00e9n son colombianos).<br \/>\nNo sigan vendiendo esa mala imagen. No sigan da\u00f1ando mentes inocentes. No sigan influyendo en personas ignorantes y d\u00e9biles. No sigan acabando la televisi\u00f3n como tal (porque, desde que salieron al aire estos dos canales, la TV colombiana ya no sirve).<\/p>\n<p>Con gran descaro van por el mundo llevando sus pel\u00edculas, sus series y sus novelas nutridas de la mala suerte del pa\u00eds m\u00e1s rico de Am\u00e9rica, pero no rico econ\u00f3micamente, sino por todo lo valioso y no exaltado que contiene.<\/p>\n<p>&nbsp;<\/p>\n<p><img loading=\"lazy\" decoding=\"async\" class=\"aligncenter size-full wp-image-5110\" title=\"SIN TETAS\" src=\"https:\/\/lapiedrafilosofal.com\/wp-content\/uploads\/2012\/08\/SIN-TETAS-.jpg\" alt=\"\" width=\"396\" height=\"612\" srcset=\"https:\/\/oscarhumbertogomez.com\/wp-content\/uploads\/2012\/08\/SIN-TETAS-.jpg 396w, https:\/\/oscarhumbertogomez.com\/wp-content\/uploads\/2012\/08\/SIN-TETAS--194x300.jpg 194w\" sizes=\"auto, (max-width: 396px) 100vw, 396px\" \/><\/p>\n<p>&nbsp;<\/p>\n<p>De qu\u00e9 sirve que haya tantos artistas triunfando en el mundo, deportistas colombianos exitosos en otras naciones, de qu\u00e9 sirve que Colombia exporte tantas cosas excelentes y tantas personalidades sin\u00f3nimo de \u00e9xitos, si ustedes empa\u00f1an todo eso con sus programas.<\/p>\n<p>Lo que m\u00e1s rabia produce es que ni el Ministerio de Comunicaciones, ni la Comisi\u00f3n Nacional de Televisi\u00f3n intervienen, ni se pronuncian al respecto; en Colombia todo el mundo hace lo que se le da la gana. Aqu\u00ed estos dos canales monstruos de la TV colombiana no tiene nadie que los vigile, ni controle. Ellos hacen lo que quieren, llev\u00e1ndose por el medio a la sociedad y al buen nombre de nuestro pa\u00eds. Por eso es que desgraciadamente estamos tan mal como estamos.<\/p>\n<p>\u00bfSer\u00e1 que el Ministerio de Comunicaciones y la Comisi\u00f3n Nacional de Televisi\u00f3n est\u00e1n recibiendo su &#8220;mordida&#8221; para pasar estas groser\u00edas de programas? Y \u00bfd\u00f3nde est\u00e1 el defensor del televidente?<\/p>\n<p>&nbsp;<\/p>\n<p>\u00a1\u00a1\u00a1POR FAVOR&#8230;SI EST\u00c1S DE ACUERDO, REENV\u00cdA ESTE MENSAJE A TODOS TUS CONTACTOS!!!<\/p>\n<p>\u00a1\u00a1\u00a1DEBEMOS HACER ALGO POR COLOMBIA&#8230;POR NOSOTROS MISMOS!!!<\/p>\n<p>&nbsp;<\/p>\n<p>&#8220;Es necesario aprender lo que necesitamos y no \u00fanicamente lo que queremos&#8221;<\/p>\n<p>&nbsp;<\/p>\n<p>SI ERES TELEVIDENTE, NO CONTRIBUYAS A AUMENTAR EL &#8220;RATING&#8221; DE ESTOS PROGRAMAS. SI ERES ANUNCIANTE, ABSTENTE DE FORTALECER ESOS ESPACIOS.<\/p>\n<p>\u00a1\u00a1\u00a1COLOMBIANO: HAZLO DE CORAZ\u00d3N POR TU PA\u00cdS!!!&#8221;<\/p>\n<p>&nbsp;<\/p>\n","protected":false},"excerpt":{"rendered":"<p>NOTA DEL PORTAL: Nos ha llegado un mensaje que, por su importancia y actualidad, hemos considerado pertinente publicar en LA PLUMA AJENA. Como no se suministra, ni lo conocemos, el nombre de su autor o autora, lo insertamos como AN\u00d3NIMO. &hellip; <a href=\"https:\/\/oscarhumbertogomez.com\/?p=5098\">Sigue leyendo <span class=\"meta-nav\">&rarr;<\/span><\/a><\/p>\n<div class='heateorSssClear'><\/div><div  class='heateor_sss_sharing_container heateor_sss_horizontal_sharing' heateor-sss-data-href='https:\/\/oscarhumbertogomez.com\/?p=5098'><div class='heateor_sss_sharing_title' style=\"font-weight:bold\" >\u00a1Gracias por compartirla!<\/div><ul class=\"heateor_sss_sharing_ul\"><li class=\"heateorSssSharingRound\"><i style=\"width:35px;height:35px;border-radius:999px;\" alt=\"Facebook\" Title=\"Facebook\" class=\"heateorSssSharing heateorSssFacebookBackground\" onclick='heateorSssPopup(\"https:\/\/www.facebook.com\/sharer\/sharer.php?u=https%3A%2F%2Foscarhumbertogomez.com%2Findex.php%3Frest_route%3D%252Fwp%252Fv2%252Fposts%252F5098\")'><ss style=\"display:block;border-radius:999px;\" class=\"heateorSssSharingSvg heateorSssFacebookSvg\"><\/ss><\/i><\/li><li class=\"heateorSssSharingRound\"><i style=\"width:35px;height:35px;border-radius:999px;\" alt=\"Twitter\" Title=\"Twitter\" class=\"heateorSssSharing heateorSssTwitterBackground\" onclick='heateorSssPopup(\"http:\/\/twitter.com\/intent\/tweet?text=La%20verg%C3%BCenza%20nacional%20%28An%C3%B3nimo%29&url=https%3A%2F%2Foscarhumbertogomez.com%2Findex.php%3Frest_route%3D%252Fwp%252Fv2%252Fposts%252F5098\")'><ss style=\"display:block;border-radius:999px;\" class=\"heateorSssSharingSvg heateorSssTwitterSvg\"><\/ss><\/i><\/li><li class=\"heateorSssSharingRound\"><i style=\"width:35px;height:35px;border-radius:999px;\" alt=\"Whatsapp\" Title=\"Whatsapp\" class=\"heateorSssSharing heateorSssWhatsappBackground\" onclick='heateorSssPopup(\"https:\/\/web.whatsapp.com\/send?text=La%20verg%C3%BCenza%20nacional%20%28An%C3%B3nimo%29 https%3A%2F%2Foscarhumbertogomez.com%2Findex.php%3Frest_route%3D%252Fwp%252Fv2%252Fposts%252F5098\")'><ss style=\"display:block\" class=\"heateorSssSharingSvg heateorSssWhatsappSvg\"><\/ss><\/i><\/li><li class=\"heateorSssSharingRound\"><i style=\"width:35px;height:35px;border-radius:999px;\" alt=\"Pinterest\" Title=\"Pinterest\" class=\"heateorSssSharing heateorSssPinterestBackground\" onclick=\"javascript:void( (function() {var e=document.createElement('script' );e.setAttribute('type','text\/javascript' );e.setAttribute('charset','UTF-8' );e.setAttribute('src','\/\/assets.pinterest.com\/js\/pinmarklet.js?r='+Math.random()*99999999);document.body.appendChild(e)})());\"><ss style=\"display:block;border-radius:999px;\" class=\"heateorSssSharingSvg heateorSssPinterestSvg\"><\/ss><\/i><\/li><li class=\"heateorSssSharingRound\"><i style=\"width:35px;height:35px;border-radius:999px;\" alt=\"Google Gmail\" Title=\"Google Gmail\" class=\"heateorSssSharing heateorSssGoogleGmailBackground\" onclick='heateorSssPopup(\"https:\/\/mail.google.com\/mail\/?ui=2&view=cm&fs=1&tf=1&su=La%20verg%C3%BCenza%20nacional%20%28An%C3%B3nimo%29&body=Link:https%3A%2F%2Foscarhumbertogomez.com%2Findex.php%3Frest_route%3D%252Fwp%252Fv2%252Fposts%252F5098\")'><ss style=\"display:block;border-radius:999px;\" class=\"heateorSssSharingSvg heateorSssGoogleGmailSvg\"><\/ss><\/i><\/li><li class=\"heateorSssSharingRound\"><i style=\"width:35px;height:35px;border-radius:999px;\" title=\"More\" alt=\"More\" class=\"heateorSssSharing heateorSssMoreBackground\" onclick=\"heateorSssMoreSharingPopup(this, 'https:\/\/oscarhumbertogomez.com\/index.php?rest_route=%2Fwp%2Fv2%2Fposts%2F5098', 'La%20verg%C3%BCenza%20nacional%20%28An%C3%B3nimo%29', '' )\" ><ss style=\"display:block\" class=\"heateorSssSharingSvg heateorSssMoreSvg\"><\/ss><\/i><\/li><\/ul><div class=\"heateorSssClear\"><\/div><\/div><div class='heateorSssClear'><\/div>","protected":false},"author":2,"featured_media":0,"comment_status":"open","ping_status":"open","sticky":false,"template":"","format":"standard","meta":{"spay_email":"","footnotes":""},"categories":[6],"tags":[],"class_list":["post-5098","post","type-post","status-publish","format-standard","hentry","category-la-pluma-ajena"],"jetpack_featured_media_url":"","jetpack_shortlink":"https:\/\/wp.me\/p1FYrr-1ke","_links":{"self":[{"href":"https:\/\/oscarhumbertogomez.com\/index.php?rest_route=\/wp\/v2\/posts\/5098","targetHints":{"allow":["GET"]}}],"collection":[{"href":"https:\/\/oscarhumbertogomez.com\/index.php?rest_route=\/wp\/v2\/posts"}],"about":[{"href":"https:\/\/oscarhumbertogomez.com\/index.php?rest_route=\/wp\/v2\/types\/post"}],"author":[{"embeddable":true,"href":"https:\/\/oscarhumbertogomez.com\/index.php?rest_route=\/wp\/v2\/users\/2"}],"replies":[{"embeddable":true,"href":"https:\/\/oscarhumbertogomez.com\/index.php?rest_route=%2Fwp%2Fv2%2Fcomments&post=5098"}],"version-history":[{"count":5,"href":"https:\/\/oscarhumbertogomez.com\/index.php?rest_route=\/wp\/v2\/posts\/5098\/revisions"}],"predecessor-version":[{"id":52876,"href":"https:\/\/oscarhumbertogomez.com\/index.php?rest_route=\/wp\/v2\/posts\/5098\/revisions\/52876"}],"wp:attachment":[{"href":"https:\/\/oscarhumbertogomez.com\/index.php?rest_route=%2Fwp%2Fv2%2Fmedia&parent=5098"}],"wp:term":[{"taxonomy":"category","embeddable":true,"href":"https:\/\/oscarhumbertogomez.com\/index.php?rest_route=%2Fwp%2Fv2%2Fcategories&post=5098"},{"taxonomy":"post_tag","embeddable":true,"href":"https:\/\/oscarhumbertogomez.com\/index.php?rest_route=%2Fwp%2Fv2%2Ftags&post=5098"}],"curies":[{"name":"wp","href":"https:\/\/api.w.org\/{rel}","templated":true}]}}