{"id":51410,"date":"2014-03-16T08:43:00","date_gmt":"2014-03-16T13:43:00","guid":{"rendered":"https:\/\/oscarhumbertogomez.com\/?p=51410"},"modified":"2025-02-25T18:10:14","modified_gmt":"2025-02-25T23:10:14","slug":"comunero-de-antonio-lagos-por-oscar-humberto-gomez-gomez","status":"publish","type":"post","link":"https:\/\/oscarhumbertogomez.com\/?p=51410","title":{"rendered":"COMUNERO, de Antonio Lagos. Por \u00d3scar Humberto G\u00f3mez G\u00f3mez"},"content":{"rendered":"<p>Sin duda, una de las figuras m\u00e1s emblem\u00e1ticas de la historia de este pa\u00eds y uno de los s\u00edmbolos m\u00e1s representativos de la lucha que se tuvo que librar en estas tierras contra la dominaci\u00f3n abusiva de Espa\u00f1a fue el charale\u00f1o Jos\u00e9 Antonio Gal\u00e1n, quien luego de tomar parte activa en la organizaci\u00f3n del movimiento y luego, ante el evidente incumplimiento de la palabra empe\u00f1ada en Zipaquir\u00e1 y la disoluci\u00f3n del numeroso ej\u00e9rcito que hab\u00eda alcanzado a reunirse durante la gran marcha hacia Santaf\u00e9, trat\u00f3 de volver a encender los \u00e1nimos y a recomponer el ej\u00e9rcito revolucionario, pero no obtuvo \u00e9xito en este prop\u00f3sito y antes por el contrario se vio precisado a huir de sus perseguidores, encabezados por uno de los personajes que hab\u00edan sido capitanes de las tropas comuneras, Salvador Plata, quienes lo capturaron en Altos de Onzaga, lo trasladaron al Socorro y lo entregaron a las autoridades espa\u00f1olas. Fue finalmente juzgado, condenado a muerte y ejecutado.<\/p>\n<p>En esta conmemoraci\u00f3n especial hemos querido traerles a los visitantes de nuestro portal uno de los poemas que en homenaje a \u00e9l se han escrito. Es de la pluma del poeta santandereano Antonio Lagos y se titula &#8220;Comunero&#8221;.<\/p>\n<p>Bienvenidos a este reencuentro no solo con la Historia, sino tambi\u00e9n con la Poes\u00eda.<\/p>\n<p>&nbsp;<\/p>\n<p><strong> COMUNERO <\/strong><\/p>\n<p>&nbsp;<\/p>\n<div id=\"attachment_26519\" style=\"width: 1210px\" class=\"wp-caption alignnone\"><a href=\"https:\/\/lapiedrafilosofal.com\/wp-content\/uploads\/2016\/03\/GALAN-COMUNERO-CARLOS-GOMEZ-CASTRO.jpg\"><img loading=\"lazy\" decoding=\"async\" aria-describedby=\"caption-attachment-26519\" class=\"size-full wp-image-26519\" src=\"https:\/\/lapiedrafilosofal.com\/wp-content\/uploads\/2016\/03\/GALAN-COMUNERO-CARLOS-GOMEZ-CASTRO.jpg\" alt=\"\" width=\"1200\" height=\"1600\" srcset=\"https:\/\/oscarhumbertogomez.com\/wp-content\/uploads\/2016\/03\/GALAN-COMUNERO-CARLOS-GOMEZ-CASTRO.jpg 1200w, https:\/\/oscarhumbertogomez.com\/wp-content\/uploads\/2016\/03\/GALAN-COMUNERO-CARLOS-GOMEZ-CASTRO-225x300.jpg 225w, https:\/\/oscarhumbertogomez.com\/wp-content\/uploads\/2016\/03\/GALAN-COMUNERO-CARLOS-GOMEZ-CASTRO-768x1024.jpg 768w\" sizes=\"auto, (max-width: 1200px) 100vw, 1200px\" \/><\/a><p id=\"caption-attachment-26519\" class=\"wp-caption-text\">GAL\u00c1N COMUNERO. Carlos G\u00f3mez Castro. Bucaramanga. 1949.<\/p><\/div>\n<p>&nbsp;<\/p>\n<p>Este es Gal\u00e1n, erguido comunero,<br \/>\nque arm\u00f3 de picas su primer guerrilla,<br \/>\ndesfile de machetes en que brilla<br \/>\nla reivindicaci\u00f3n como un lucero.<\/p>\n<p><span style=\"color: #000000;\">Este es Gal\u00e1n abriendo el derrotero<\/span><br \/>\n<span style=\"color: #000000;\"> de aldea a capital, milla tras milla,<\/span><br \/>\n<span style=\"color: #000000;\"> y frente a frente desaf\u00eda a Castilla,<\/span><br \/>\n<span style=\"color: #000000;\"> Cristo con Cristo, espada con acero.<\/span><\/p>\n<p>All\u00ed Gal\u00e1n, de frente al altiplano,<br \/>\npactado el juramento mano a mano<br \/>\nbajo gris palio de solemne rito.<\/p>\n<p>Mas, roto el pacto se trunca su cabeza,<br \/>\nsin advertir que con Gal\u00e1n empieza<br \/>\nla protesta de Am\u00e9rica y su grito.<\/p>\n<p>RAMIRO LAGOS CASTRO<\/p>\n<p>&nbsp;<\/p>\n","protected":false},"excerpt":{"rendered":"<p>Sin duda, una de las figuras m\u00e1s emblem\u00e1ticas de la historia de este pa\u00eds y uno de los s\u00edmbolos m\u00e1s representativos de la lucha que se tuvo que librar en estas tierras contra la dominaci\u00f3n abusiva de Espa\u00f1a fue el &hellip; <a href=\"https:\/\/oscarhumbertogomez.com\/?p=51410\">Sigue leyendo <span class=\"meta-nav\">&rarr;<\/span><\/a><\/p>\n<div class='heateorSssClear'><\/div><div  class='heateor_sss_sharing_container heateor_sss_horizontal_sharing' heateor-sss-data-href='https:\/\/oscarhumbertogomez.com\/?p=51410'><div class='heateor_sss_sharing_title' style=\"font-weight:bold\" >\u00a1Gracias por compartirla!<\/div><ul class=\"heateor_sss_sharing_ul\"><li class=\"heateorSssSharingRound\"><i style=\"width:35px;height:35px;border-radius:999px;\" alt=\"Facebook\" Title=\"Facebook\" class=\"heateorSssSharing heateorSssFacebookBackground\" onclick='heateorSssPopup(\"https:\/\/www.facebook.com\/sharer\/sharer.php?u=https%3A%2F%2Foscarhumbertogomez.com%2Findex.php%3Frest_route%3D%252Fwp%252Fv2%252Fposts%252F51410\")'><ss style=\"display:block;border-radius:999px;\" class=\"heateorSssSharingSvg heateorSssFacebookSvg\"><\/ss><\/i><\/li><li class=\"heateorSssSharingRound\"><i style=\"width:35px;height:35px;border-radius:999px;\" alt=\"Twitter\" Title=\"Twitter\" class=\"heateorSssSharing heateorSssTwitterBackground\" onclick='heateorSssPopup(\"http:\/\/twitter.com\/intent\/tweet?text=COMUNERO%2C%20de%20Antonio%20Lagos.%20Por%20%C3%93scar%20Humberto%20G%C3%B3mez%20G%C3%B3mez&url=https%3A%2F%2Foscarhumbertogomez.com%2Findex.php%3Frest_route%3D%252Fwp%252Fv2%252Fposts%252F51410\")'><ss style=\"display:block;border-radius:999px;\" class=\"heateorSssSharingSvg heateorSssTwitterSvg\"><\/ss><\/i><\/li><li class=\"heateorSssSharingRound\"><i style=\"width:35px;height:35px;border-radius:999px;\" alt=\"Whatsapp\" Title=\"Whatsapp\" class=\"heateorSssSharing heateorSssWhatsappBackground\" onclick='heateorSssPopup(\"https:\/\/web.whatsapp.com\/send?text=COMUNERO%2C%20de%20Antonio%20Lagos.%20Por%20%C3%93scar%20Humberto%20G%C3%B3mez%20G%C3%B3mez https%3A%2F%2Foscarhumbertogomez.com%2Findex.php%3Frest_route%3D%252Fwp%252Fv2%252Fposts%252F51410\")'><ss style=\"display:block\" class=\"heateorSssSharingSvg heateorSssWhatsappSvg\"><\/ss><\/i><\/li><li class=\"heateorSssSharingRound\"><i style=\"width:35px;height:35px;border-radius:999px;\" alt=\"Pinterest\" Title=\"Pinterest\" class=\"heateorSssSharing heateorSssPinterestBackground\" onclick=\"javascript:void( (function() {var e=document.createElement('script' );e.setAttribute('type','text\/javascript' );e.setAttribute('charset','UTF-8' );e.setAttribute('src','\/\/assets.pinterest.com\/js\/pinmarklet.js?r='+Math.random()*99999999);document.body.appendChild(e)})());\"><ss style=\"display:block;border-radius:999px;\" class=\"heateorSssSharingSvg heateorSssPinterestSvg\"><\/ss><\/i><\/li><li class=\"heateorSssSharingRound\"><i style=\"width:35px;height:35px;border-radius:999px;\" alt=\"Google Gmail\" Title=\"Google Gmail\" class=\"heateorSssSharing heateorSssGoogleGmailBackground\" onclick='heateorSssPopup(\"https:\/\/mail.google.com\/mail\/?ui=2&view=cm&fs=1&tf=1&su=COMUNERO%2C%20de%20Antonio%20Lagos.%20Por%20%C3%93scar%20Humberto%20G%C3%B3mez%20G%C3%B3mez&body=Link:https%3A%2F%2Foscarhumbertogomez.com%2Findex.php%3Frest_route%3D%252Fwp%252Fv2%252Fposts%252F51410\")'><ss style=\"display:block;border-radius:999px;\" class=\"heateorSssSharingSvg heateorSssGoogleGmailSvg\"><\/ss><\/i><\/li><li class=\"heateorSssSharingRound\"><i style=\"width:35px;height:35px;border-radius:999px;\" title=\"More\" alt=\"More\" class=\"heateorSssSharing heateorSssMoreBackground\" onclick=\"heateorSssMoreSharingPopup(this, 'https:\/\/oscarhumbertogomez.com\/index.php?rest_route=%2Fwp%2Fv2%2Fposts%2F51410', 'COMUNERO%2C%20de%20Antonio%20Lagos.%20Por%20%C3%93scar%20Humberto%20G%C3%B3mez%20G%C3%B3mez', '' )\" ><ss style=\"display:block\" class=\"heateorSssSharingSvg heateorSssMoreSvg\"><\/ss><\/i><\/li><\/ul><div class=\"heateorSssClear\"><\/div><\/div><div class='heateorSssClear'><\/div>","protected":false},"author":2,"featured_media":0,"comment_status":"closed","ping_status":"closed","sticky":false,"template":"","format":"standard","meta":{"spay_email":"","footnotes":""},"categories":[7],"tags":[],"class_list":["post-51410","post","type-post","status-publish","format-standard","hentry","category-poesia"],"jetpack_featured_media_url":"","jetpack_shortlink":"https:\/\/wp.me\/p1FYrr-dnc","_links":{"self":[{"href":"https:\/\/oscarhumbertogomez.com\/index.php?rest_route=\/wp\/v2\/posts\/51410","targetHints":{"allow":["GET"]}}],"collection":[{"href":"https:\/\/oscarhumbertogomez.com\/index.php?rest_route=\/wp\/v2\/posts"}],"about":[{"href":"https:\/\/oscarhumbertogomez.com\/index.php?rest_route=\/wp\/v2\/types\/post"}],"author":[{"embeddable":true,"href":"https:\/\/oscarhumbertogomez.com\/index.php?rest_route=\/wp\/v2\/users\/2"}],"replies":[{"embeddable":true,"href":"https:\/\/oscarhumbertogomez.com\/index.php?rest_route=%2Fwp%2Fv2%2Fcomments&post=51410"}],"version-history":[{"count":5,"href":"https:\/\/oscarhumbertogomez.com\/index.php?rest_route=\/wp\/v2\/posts\/51410\/revisions"}],"predecessor-version":[{"id":51418,"href":"https:\/\/oscarhumbertogomez.com\/index.php?rest_route=\/wp\/v2\/posts\/51410\/revisions\/51418"}],"wp:attachment":[{"href":"https:\/\/oscarhumbertogomez.com\/index.php?rest_route=%2Fwp%2Fv2%2Fmedia&parent=51410"}],"wp:term":[{"taxonomy":"category","embeddable":true,"href":"https:\/\/oscarhumbertogomez.com\/index.php?rest_route=%2Fwp%2Fv2%2Fcategories&post=51410"},{"taxonomy":"post_tag","embeddable":true,"href":"https:\/\/oscarhumbertogomez.com\/index.php?rest_route=%2Fwp%2Fv2%2Ftags&post=51410"}],"curies":[{"name":"wp","href":"https:\/\/api.w.org\/{rel}","templated":true}]}}