{"id":5194,"date":"2012-08-19T06:05:51","date_gmt":"2012-08-19T11:05:51","guid":{"rendered":"http:\/\/www.oscarhumbertogomez.com\/?p=5194"},"modified":"2025-03-25T11:03:36","modified_gmt":"2025-03-25T16:03:36","slug":"in-memoriam-por-manuel-enrique-rey","status":"publish","type":"post","link":"https:\/\/oscarhumbertogomez.com\/?p=5194","title":{"rendered":"In Memoriam. Por Manuel Enrique Rey"},"content":{"rendered":"<p><img loading=\"lazy\" decoding=\"async\" class=\"aligncenter size-full wp-image-5233\" title=\"376617_507840822575201_1760718821_n\" src=\"https:\/\/lapiedrafilosofal.com\/wp-content\/uploads\/2012\/08\/376617_507840822575201_1760718821_n.jpg\" alt=\"\" width=\"800\" height=\"382\" srcset=\"https:\/\/oscarhumbertogomez.com\/wp-content\/uploads\/2012\/08\/376617_507840822575201_1760718821_n.jpg 800w, https:\/\/oscarhumbertogomez.com\/wp-content\/uploads\/2012\/08\/376617_507840822575201_1760718821_n-300x143.jpg 300w\" sizes=\"auto, (max-width: 800px) 100vw, 800px\" \/><\/p>\n<p>&nbsp;<\/p>\n<p>Una de las mejores maneras de despedir para siempre a quien fue nuestro dilecto amigo es haci\u00e9ndole un merecido homenaje a su memoria, recordar determinadas acciones de control en la dimensi\u00f3n acuciosa del tiempo. Podr\u00eda ser pesaroso no bloquear o permitir que el olvido no reconociera a trav\u00e9s de la memoria algunos de los recuerdos y de los episodios que alrededor de su compa\u00f1\u00eda fueron gratos, provenientes casi todos ellos de cercanos tiempos idos. Se trata de algunas vivencias y recuerdos que hicieron grata nuestra amistad y compa\u00f1erismo con quien reci\u00e9n acaba de partir: con Gabriel G\u00f3mez Quijano.<\/p>\n<p>Corr\u00eda el a\u00f1o de 1999 y a mis manos lleg\u00f3 un formulario de inscripci\u00f3n para el IX Festivalito de M\u00fasica Colombiana a realizarse los d\u00edas 15 y 16 de mayo. El nombre de la agrupaci\u00f3n que posteriormente fue clasificada por los organizadores del evento como dueto vocal se llamaba: \u201cAlma y Folclor\u201d. Los integrantes del grupo, quienes se hab\u00edan vuelto indispensables cada vez que quer\u00edamos pasar un rato ameno se conformaba por: Gabriel G\u00f3mez Quijano quien ten\u00eda por instrumento la primera voz y una mel\u00f3dica; Elizabeth Rodr\u00edguez Quiroga, la segunda voz; Jorge Sandoval Mu\u00f1oz quien punteaba guitarra; y Luis Carlos Arenas quien rasgaba tiple. No estoy seguro pero me parece ver tocando un bajo al virtuoso Nilson Guerrero.<\/p>\n<p>&nbsp;<\/p>\n<p><img loading=\"lazy\" decoding=\"async\" class=\"aligncenter size-full wp-image-5324\" title=\"Acordeon_piano_Bugari_130J\" src=\"https:\/\/lapiedrafilosofal.com\/wp-content\/uploads\/2012\/08\/Acordeon_piano_Bugari_130J.jpg\" alt=\"\" width=\"400\" height=\"300\" srcset=\"https:\/\/oscarhumbertogomez.com\/wp-content\/uploads\/2012\/08\/Acordeon_piano_Bugari_130J.jpg 400w, https:\/\/oscarhumbertogomez.com\/wp-content\/uploads\/2012\/08\/Acordeon_piano_Bugari_130J-300x225.jpg 300w\" sizes=\"auto, (max-width: 400px) 100vw, 400px\" \/><\/p>\n<p>&nbsp;<\/p>\n<p>Indudablemente, todas las obras propuestas al jurado, pertenec\u00edan al afamado compositor Juan H\u00e9ctor Orejarena, de quien nos hab\u00edamos acostumbrado a escuchar y a tararear sus mel\u00f3dicos y pegajosos bambucos tales como Colombia en Paz, A Santander, A Mi tierra Soberana; sobre todo, aquel hermoso pasillo l\u00edrico titulado, Mi Cuento; de igual manera, el vals que llenar\u00eda de nostalgia y recuerdos gratos a los que ostentaban orgullosos el gentilicio gironeses, me refiero a Mi San Juan de Gir\u00f3n.<\/p>\n<p>La agrupaci\u00f3n hab\u00eda surgido 13 a\u00f1os antes, en 1996. Hab\u00eda ganado en el Cuarto Concurso Nacional de la Canci\u00f3n In\u00e9dita Jos\u00e9 Alejandro Morales en el Socorro (Santander) el a\u00f1o de 1997 con el tema Colombia en Paz, c\u00f3mo ya se dijo anteriormente compuesta por el maestro Juan H\u00e9ctor Orejarena Plata. Para diciembre, la discograf\u00eda nacional se emocionaba oyendo el primer CD del grupo.<\/p>\n<p>&nbsp;<\/p>\n<p><img loading=\"lazy\" decoding=\"async\" class=\"aligncenter size-full wp-image-5234\" title=\"MelodicaMystery\" src=\"https:\/\/lapiedrafilosofal.com\/wp-content\/uploads\/2012\/08\/MelodicaMystery.jpg\" alt=\"\" width=\"294\" height=\"240\"><\/p>\n<p>&nbsp;<\/p>\n<p>Hasta hace pocos a\u00f1os, mientras su salud se lo permit\u00eda, el maestro amenizaba cada cumplea\u00f1os m\u00edo con su orquesta. Llegaba de sorpresa. El grupo se hab\u00eda ampliado con Alexander Conde, guitarra y cuatro; con Jos\u00e9 Antonio Henao Mart\u00ednez al bajo; con Gabriel Ricardo G\u00f3mez Pinto tocando el saxof\u00f3n; y en la percusi\u00f3n, con V\u00edctor Hugo Henao Mart\u00ednez. Qu\u00e9 grato era despues de despedirse oir en grabaci\u00f3n su segundo trabajo musical denominado \u201cAlb\u00fam para el recuerdo\u201d.<\/p>\n<p>Se me olvidaba contar que las gratas reuniones peri\u00f3dicas jam\u00e1s se acababan por falta de m\u00fasica. Era que no pod\u00eda uno re\u00edrse m\u00e1s. Gabriel, quien gustaba pararse encima de alg\u00fan podio lo hac\u00eda a uno desternillarse de la risa con sus muecas, sus disfraces, sus remedos. Dios y los santos deben estar gozando con tanta endorfina, la hormona de la alegr\u00eda. Apenas Gabrielito traspas\u00f3 la puerta del Cielo.<\/p>\n<p>&nbsp;<\/p>\n","protected":false},"excerpt":{"rendered":"<p>&nbsp; Una de las mejores maneras de despedir para siempre a quien fue nuestro dilecto amigo es haci\u00e9ndole un merecido homenaje a su memoria, recordar determinadas acciones de control en la dimensi\u00f3n acuciosa del tiempo. Podr\u00eda ser pesaroso no bloquear &hellip; <a href=\"https:\/\/oscarhumbertogomez.com\/?p=5194\">Sigue leyendo <span class=\"meta-nav\">&rarr;<\/span><\/a><\/p>\n<div class='heateorSssClear'><\/div><div  class='heateor_sss_sharing_container heateor_sss_horizontal_sharing' heateor-sss-data-href='https:\/\/oscarhumbertogomez.com\/?p=5194'><div class='heateor_sss_sharing_title' style=\"font-weight:bold\" >\u00a1Gracias por compartirla!<\/div><ul class=\"heateor_sss_sharing_ul\"><li class=\"heateorSssSharingRound\"><i style=\"width:35px;height:35px;border-radius:999px;\" alt=\"Facebook\" Title=\"Facebook\" class=\"heateorSssSharing heateorSssFacebookBackground\" onclick='heateorSssPopup(\"https:\/\/www.facebook.com\/sharer\/sharer.php?u=https%3A%2F%2Foscarhumbertogomez.com%2Findex.php%3Frest_route%3D%252Fwp%252Fv2%252Fposts%252F5194\")'><ss style=\"display:block;border-radius:999px;\" class=\"heateorSssSharingSvg heateorSssFacebookSvg\"><\/ss><\/i><\/li><li class=\"heateorSssSharingRound\"><i style=\"width:35px;height:35px;border-radius:999px;\" alt=\"Twitter\" Title=\"Twitter\" class=\"heateorSssSharing heateorSssTwitterBackground\" onclick='heateorSssPopup(\"http:\/\/twitter.com\/intent\/tweet?text=In%20Memoriam.%20Por%20Manuel%20Enrique%20Rey&url=https%3A%2F%2Foscarhumbertogomez.com%2Findex.php%3Frest_route%3D%252Fwp%252Fv2%252Fposts%252F5194\")'><ss style=\"display:block;border-radius:999px;\" class=\"heateorSssSharingSvg heateorSssTwitterSvg\"><\/ss><\/i><\/li><li class=\"heateorSssSharingRound\"><i style=\"width:35px;height:35px;border-radius:999px;\" alt=\"Whatsapp\" Title=\"Whatsapp\" class=\"heateorSssSharing heateorSssWhatsappBackground\" onclick='heateorSssPopup(\"https:\/\/web.whatsapp.com\/send?text=In%20Memoriam.%20Por%20Manuel%20Enrique%20Rey https%3A%2F%2Foscarhumbertogomez.com%2Findex.php%3Frest_route%3D%252Fwp%252Fv2%252Fposts%252F5194\")'><ss style=\"display:block\" class=\"heateorSssSharingSvg heateorSssWhatsappSvg\"><\/ss><\/i><\/li><li class=\"heateorSssSharingRound\"><i style=\"width:35px;height:35px;border-radius:999px;\" alt=\"Pinterest\" Title=\"Pinterest\" class=\"heateorSssSharing heateorSssPinterestBackground\" onclick=\"javascript:void( (function() {var e=document.createElement('script' );e.setAttribute('type','text\/javascript' );e.setAttribute('charset','UTF-8' );e.setAttribute('src','\/\/assets.pinterest.com\/js\/pinmarklet.js?r='+Math.random()*99999999);document.body.appendChild(e)})());\"><ss style=\"display:block;border-radius:999px;\" class=\"heateorSssSharingSvg heateorSssPinterestSvg\"><\/ss><\/i><\/li><li class=\"heateorSssSharingRound\"><i style=\"width:35px;height:35px;border-radius:999px;\" alt=\"Google Gmail\" Title=\"Google Gmail\" class=\"heateorSssSharing heateorSssGoogleGmailBackground\" onclick='heateorSssPopup(\"https:\/\/mail.google.com\/mail\/?ui=2&view=cm&fs=1&tf=1&su=In%20Memoriam.%20Por%20Manuel%20Enrique%20Rey&body=Link:https%3A%2F%2Foscarhumbertogomez.com%2Findex.php%3Frest_route%3D%252Fwp%252Fv2%252Fposts%252F5194\")'><ss style=\"display:block;border-radius:999px;\" class=\"heateorSssSharingSvg heateorSssGoogleGmailSvg\"><\/ss><\/i><\/li><li class=\"heateorSssSharingRound\"><i style=\"width:35px;height:35px;border-radius:999px;\" title=\"More\" alt=\"More\" class=\"heateorSssSharing heateorSssMoreBackground\" onclick=\"heateorSssMoreSharingPopup(this, 'https:\/\/oscarhumbertogomez.com\/index.php?rest_route=%2Fwp%2Fv2%2Fposts%2F5194', 'In%20Memoriam.%20Por%20Manuel%20Enrique%20Rey', '' )\" ><ss style=\"display:block\" class=\"heateorSssSharingSvg heateorSssMoreSvg\"><\/ss><\/i><\/li><\/ul><div class=\"heateorSssClear\"><\/div><\/div><div class='heateorSssClear'><\/div>","protected":false},"author":2,"featured_media":0,"comment_status":"open","ping_status":"open","sticky":false,"template":"","format":"standard","meta":{"spay_email":"","footnotes":""},"categories":[6],"tags":[],"class_list":["post-5194","post","type-post","status-publish","format-standard","hentry","category-la-pluma-ajena"],"jetpack_featured_media_url":"","jetpack_shortlink":"https:\/\/wp.me\/p1FYrr-1lM","_links":{"self":[{"href":"https:\/\/oscarhumbertogomez.com\/index.php?rest_route=\/wp\/v2\/posts\/5194","targetHints":{"allow":["GET"]}}],"collection":[{"href":"https:\/\/oscarhumbertogomez.com\/index.php?rest_route=\/wp\/v2\/posts"}],"about":[{"href":"https:\/\/oscarhumbertogomez.com\/index.php?rest_route=\/wp\/v2\/types\/post"}],"author":[{"embeddable":true,"href":"https:\/\/oscarhumbertogomez.com\/index.php?rest_route=\/wp\/v2\/users\/2"}],"replies":[{"embeddable":true,"href":"https:\/\/oscarhumbertogomez.com\/index.php?rest_route=%2Fwp%2Fv2%2Fcomments&post=5194"}],"version-history":[{"count":4,"href":"https:\/\/oscarhumbertogomez.com\/index.php?rest_route=\/wp\/v2\/posts\/5194\/revisions"}],"predecessor-version":[{"id":52880,"href":"https:\/\/oscarhumbertogomez.com\/index.php?rest_route=\/wp\/v2\/posts\/5194\/revisions\/52880"}],"wp:attachment":[{"href":"https:\/\/oscarhumbertogomez.com\/index.php?rest_route=%2Fwp%2Fv2%2Fmedia&parent=5194"}],"wp:term":[{"taxonomy":"category","embeddable":true,"href":"https:\/\/oscarhumbertogomez.com\/index.php?rest_route=%2Fwp%2Fv2%2Fcategories&post=5194"},{"taxonomy":"post_tag","embeddable":true,"href":"https:\/\/oscarhumbertogomez.com\/index.php?rest_route=%2Fwp%2Fv2%2Ftags&post=5194"}],"curies":[{"name":"wp","href":"https:\/\/api.w.org\/{rel}","templated":true}]}}