{"id":52037,"date":"2025-03-07T22:52:39","date_gmt":"2025-03-08T03:52:39","guid":{"rendered":"https:\/\/oscarhumbertogomez.com\/?p=52037"},"modified":"2025-03-08T10:27:26","modified_gmt":"2025-03-08T15:27:26","slug":"la-violencia-vicaria-por-oscar-humberto-gomez-gomez","status":"publish","type":"post","link":"https:\/\/oscarhumbertogomez.com\/?p=52037","title":{"rendered":"LA VIOLENCIA VICARIA. Por \u00d3scar Humberto G\u00f3mez G\u00f3mez"},"content":{"rendered":"<p><img loading=\"lazy\" decoding=\"async\" class=\"aligncenter size-full wp-image-52039\" src=\"https:\/\/oscarhumbertogomez.com\/wp-content\/uploads\/2025\/03\/VIOLENCIA-VICARIA-.jpeg\" alt=\"\" width=\"797\" height=\"720\" srcset=\"https:\/\/oscarhumbertogomez.com\/wp-content\/uploads\/2025\/03\/VIOLENCIA-VICARIA-.jpeg 797w, https:\/\/oscarhumbertogomez.com\/wp-content\/uploads\/2025\/03\/VIOLENCIA-VICARIA--300x271.jpeg 300w, https:\/\/oscarhumbertogomez.com\/wp-content\/uploads\/2025\/03\/VIOLENCIA-VICARIA--768x694.jpeg 768w\" sizes=\"auto, (max-width: 797px) 100vw, 797px\" \/><\/p>\n<p>&nbsp;<\/p>\n<p>Hoy, D\u00eda Internacional de la Mujer, me quiero referir a una de las m\u00e1s cobardes, repudiables y nocivas modalidades de la violencia machista en contra de la mujer.<\/p>\n<p>Hablo de la violencia vicaria.<\/p>\n<p>&nbsp;<\/p>\n<p><img loading=\"lazy\" decoding=\"async\" class=\"aligncenter size-full wp-image-52039\" src=\"https:\/\/oscarhumbertogomez.com\/wp-content\/uploads\/2025\/03\/VIOLENCIA-VICARIA-.jpeg\" alt=\"\" width=\"797\" height=\"720\" srcset=\"https:\/\/oscarhumbertogomez.com\/wp-content\/uploads\/2025\/03\/VIOLENCIA-VICARIA-.jpeg 797w, https:\/\/oscarhumbertogomez.com\/wp-content\/uploads\/2025\/03\/VIOLENCIA-VICARIA--300x271.jpeg 300w, https:\/\/oscarhumbertogomez.com\/wp-content\/uploads\/2025\/03\/VIOLENCIA-VICARIA--768x694.jpeg 768w\" sizes=\"auto, (max-width: 797px) 100vw, 797px\" \/><\/p>\n<p>&nbsp;<\/p>\n<p>Esta particular forma de violencia es la que se ejerce sobre los hijos o las hijas de la mujer a la que se quiere agredir.<\/p>\n<p>En la violencia vicaria, en efecto, el agresor se aprovecha de los sentimientos inherentes al amor materno y se vale de la sensibilidad de la madre ante la suerte de sus hijos para amenazarla, o controlarla, o hacerla sufrir golpeando a sus hijos en su presencia, o amenaz\u00e1ndolos, o expuls\u00e1ndolos de la casa, o priv\u00e1ndolos de la ayuda alimentaria, o incluso caus\u00e1ndoles la muerte o desapareci\u00e9ndolos.<\/p>\n<p>&nbsp;<\/p>\n<p><img loading=\"lazy\" decoding=\"async\" class=\"aligncenter size-full wp-image-52039\" src=\"https:\/\/oscarhumbertogomez.com\/wp-content\/uploads\/2025\/03\/VIOLENCIA-VICARIA-.jpeg\" alt=\"\" width=\"797\" height=\"720\" srcset=\"https:\/\/oscarhumbertogomez.com\/wp-content\/uploads\/2025\/03\/VIOLENCIA-VICARIA-.jpeg 797w, https:\/\/oscarhumbertogomez.com\/wp-content\/uploads\/2025\/03\/VIOLENCIA-VICARIA--300x271.jpeg 300w, https:\/\/oscarhumbertogomez.com\/wp-content\/uploads\/2025\/03\/VIOLENCIA-VICARIA--768x694.jpeg 768w\" sizes=\"auto, (max-width: 797px) 100vw, 797px\" \/><\/p>\n<p>&nbsp;<\/p>\n<p>Seg\u00fan un informe de la Secretar\u00eda de la Mujer de la Alcald\u00eda Mayor de Bogot\u00e1 calendado el 11 de noviembre de 2024, en el a\u00f1o 2023 fueron v\u00edctimas de esta modalidad de violencia en Colombia no menos de dos mil quinientas diecisiete (2517) mujeres y en el primer trimestre de 2024 la cifra ya iba en las ochocientos noventa (890) mujeres v\u00edctimas de violencia vicaria en el pa\u00eds.<\/p>\n<p>&nbsp;<\/p>\n<p><img loading=\"lazy\" decoding=\"async\" class=\"aligncenter size-full wp-image-52039\" src=\"https:\/\/oscarhumbertogomez.com\/wp-content\/uploads\/2025\/03\/VIOLENCIA-VICARIA-.jpeg\" alt=\"\" width=\"797\" height=\"720\" srcset=\"https:\/\/oscarhumbertogomez.com\/wp-content\/uploads\/2025\/03\/VIOLENCIA-VICARIA-.jpeg 797w, https:\/\/oscarhumbertogomez.com\/wp-content\/uploads\/2025\/03\/VIOLENCIA-VICARIA--300x271.jpeg 300w, https:\/\/oscarhumbertogomez.com\/wp-content\/uploads\/2025\/03\/VIOLENCIA-VICARIA--768x694.jpeg 768w\" sizes=\"auto, (max-width: 797px) 100vw, 797px\" \/><\/p>\n<p>&nbsp;<\/p>\n<p>Aunque la violencia vicaria no solamente es ejercida por hombres en contra de mujeres, pues desgraciadamente tambi\u00e9n la ejercen mujeres en contra de hombres, la proporci\u00f3n es abismalmente menor, tal y como sucede con las dem\u00e1s formas de violencia intrafamiliar.<\/p>\n<p>&nbsp;<\/p>\n<p><img loading=\"lazy\" decoding=\"async\" class=\"aligncenter size-full wp-image-52039\" src=\"https:\/\/oscarhumbertogomez.com\/wp-content\/uploads\/2025\/03\/VIOLENCIA-VICARIA-.jpeg\" alt=\"\" width=\"797\" height=\"720\" srcset=\"https:\/\/oscarhumbertogomez.com\/wp-content\/uploads\/2025\/03\/VIOLENCIA-VICARIA-.jpeg 797w, https:\/\/oscarhumbertogomez.com\/wp-content\/uploads\/2025\/03\/VIOLENCIA-VICARIA--300x271.jpeg 300w, https:\/\/oscarhumbertogomez.com\/wp-content\/uploads\/2025\/03\/VIOLENCIA-VICARIA--768x694.jpeg 768w\" sizes=\"auto, (max-width: 797px) 100vw, 797px\" \/><\/p>\n<p>&nbsp;<\/p>\n<p>Dentro del Congreso de Colombia cursa un proyecto de ley que pretende llevar esta conducta al C\u00f3digo Penal tipific\u00e1ndola como delito y consiguientemente castig\u00e1ndola con c\u00e1rcel.<\/p>\n<p>&nbsp;<\/p>\n<p><img loading=\"lazy\" decoding=\"async\" class=\"aligncenter size-full wp-image-52039\" src=\"https:\/\/oscarhumbertogomez.com\/wp-content\/uploads\/2025\/03\/VIOLENCIA-VICARIA-.jpeg\" alt=\"\" width=\"797\" height=\"720\" srcset=\"https:\/\/oscarhumbertogomez.com\/wp-content\/uploads\/2025\/03\/VIOLENCIA-VICARIA-.jpeg 797w, https:\/\/oscarhumbertogomez.com\/wp-content\/uploads\/2025\/03\/VIOLENCIA-VICARIA--300x271.jpeg 300w, https:\/\/oscarhumbertogomez.com\/wp-content\/uploads\/2025\/03\/VIOLENCIA-VICARIA--768x694.jpeg 768w\" sizes=\"auto, (max-width: 797px) 100vw, 797px\" \/><\/p>\n<p>&nbsp;<\/p>\n<p>En el D\u00eda Internacional de la Mujer, pues, una de las banderas que deben ser agitadas con decisi\u00f3n es la lucha a favor de que todo rastro de ese machismo t\u00f3xico que carcome a esta sociedad desaparezca alg\u00fan d\u00eda, y que ojal\u00e1 ese d\u00eda no est\u00e9 lejano, pues en la ra\u00edz de la violencia vicaria contra la mujer se encuentra el machismo.<\/p>\n<p>&nbsp;<\/p>\n<p><img loading=\"lazy\" decoding=\"async\" class=\"aligncenter size-full wp-image-52039\" src=\"https:\/\/oscarhumbertogomez.com\/wp-content\/uploads\/2025\/03\/VIOLENCIA-VICARIA-.jpeg\" alt=\"\" width=\"797\" height=\"720\" srcset=\"https:\/\/oscarhumbertogomez.com\/wp-content\/uploads\/2025\/03\/VIOLENCIA-VICARIA-.jpeg 797w, https:\/\/oscarhumbertogomez.com\/wp-content\/uploads\/2025\/03\/VIOLENCIA-VICARIA--300x271.jpeg 300w, https:\/\/oscarhumbertogomez.com\/wp-content\/uploads\/2025\/03\/VIOLENCIA-VICARIA--768x694.jpeg 768w\" sizes=\"auto, (max-width: 797px) 100vw, 797px\" \/><\/p>\n<p>&nbsp;<\/p>\n<p>Infortunadamente, el machismo violento, aunque parezca mentira, es alimentado por algunas mujeres, principalmente por madres que parad\u00f3jicamente y a pesar de su condici\u00f3n de mujeres apoyan la violencia que sus hijos ejercen en contra de sus nueras, incluida la violencia vicaria, que es como decir que no se oponen a que sean golpeados o maltratados sus propios nietos.<\/p>\n<p>&nbsp;<\/p>\n<p><img loading=\"lazy\" decoding=\"async\" class=\"aligncenter size-full wp-image-52039\" src=\"https:\/\/oscarhumbertogomez.com\/wp-content\/uploads\/2025\/03\/VIOLENCIA-VICARIA-.jpeg\" alt=\"\" width=\"797\" height=\"720\" srcset=\"https:\/\/oscarhumbertogomez.com\/wp-content\/uploads\/2025\/03\/VIOLENCIA-VICARIA-.jpeg 797w, https:\/\/oscarhumbertogomez.com\/wp-content\/uploads\/2025\/03\/VIOLENCIA-VICARIA--300x271.jpeg 300w, https:\/\/oscarhumbertogomez.com\/wp-content\/uploads\/2025\/03\/VIOLENCIA-VICARIA--768x694.jpeg 768w\" sizes=\"auto, (max-width: 797px) 100vw, 797px\" \/><\/p>\n<p>&nbsp;<\/p>\n<p>Como sucede pr\u00e1cticamente con todos los males de nuestra sociedad, las principales herramientas que deben ser utilizadas frente al creciente auge de la violencia vicaria son la vigencia efectiva del Derecho y, por supuesto, la educaci\u00f3n de nuestro pueblo.<\/p>\n<p>&nbsp;<\/p>\n<p><img loading=\"lazy\" decoding=\"async\" class=\"aligncenter size-full wp-image-52039\" src=\"https:\/\/oscarhumbertogomez.com\/wp-content\/uploads\/2025\/03\/VIOLENCIA-VICARIA-.jpeg\" alt=\"\" width=\"797\" height=\"720\" srcset=\"https:\/\/oscarhumbertogomez.com\/wp-content\/uploads\/2025\/03\/VIOLENCIA-VICARIA-.jpeg 797w, https:\/\/oscarhumbertogomez.com\/wp-content\/uploads\/2025\/03\/VIOLENCIA-VICARIA--300x271.jpeg 300w, https:\/\/oscarhumbertogomez.com\/wp-content\/uploads\/2025\/03\/VIOLENCIA-VICARIA--768x694.jpeg 768w\" sizes=\"auto, (max-width: 797px) 100vw, 797px\" \/><\/p>\n<p>&nbsp;<\/p>\n<p>Lamentablemente, respecto de ninguna de ellas observo un compromiso decidido por parte del Estado.<\/p>\n<p>&nbsp;<\/p>\n<p><img loading=\"lazy\" decoding=\"async\" class=\"aligncenter size-full wp-image-52039\" src=\"https:\/\/oscarhumbertogomez.com\/wp-content\/uploads\/2025\/03\/VIOLENCIA-VICARIA-.jpeg\" alt=\"\" width=\"797\" height=\"720\" srcset=\"https:\/\/oscarhumbertogomez.com\/wp-content\/uploads\/2025\/03\/VIOLENCIA-VICARIA-.jpeg 797w, https:\/\/oscarhumbertogomez.com\/wp-content\/uploads\/2025\/03\/VIOLENCIA-VICARIA--300x271.jpeg 300w, https:\/\/oscarhumbertogomez.com\/wp-content\/uploads\/2025\/03\/VIOLENCIA-VICARIA--768x694.jpeg 768w\" sizes=\"auto, (max-width: 797px) 100vw, 797px\" \/><\/p>\n<p>&nbsp;<\/p>\n","protected":false},"excerpt":{"rendered":"<p>&nbsp; Hoy, D\u00eda Internacional de la Mujer, me quiero referir a una de las m\u00e1s cobardes, repudiables y nocivas modalidades de la violencia machista en contra de la mujer. Hablo de la violencia vicaria. &nbsp; &nbsp; Esta particular forma de &hellip; <a href=\"https:\/\/oscarhumbertogomez.com\/?p=52037\">Sigue leyendo <span class=\"meta-nav\">&rarr;<\/span><\/a><\/p>\n<div class='heateorSssClear'><\/div><div  class='heateor_sss_sharing_container heateor_sss_horizontal_sharing' heateor-sss-data-href='https:\/\/oscarhumbertogomez.com\/?p=52037'><div class='heateor_sss_sharing_title' style=\"font-weight:bold\" >\u00a1Gracias por compartirla!<\/div><ul class=\"heateor_sss_sharing_ul\"><li class=\"heateorSssSharingRound\"><i style=\"width:35px;height:35px;border-radius:999px;\" alt=\"Facebook\" Title=\"Facebook\" class=\"heateorSssSharing heateorSssFacebookBackground\" onclick='heateorSssPopup(\"https:\/\/www.facebook.com\/sharer\/sharer.php?u=https%3A%2F%2Foscarhumbertogomez.com%2Findex.php%3Frest_route%3D%252Fwp%252Fv2%252Fposts%252F52037\")'><ss style=\"display:block;border-radius:999px;\" class=\"heateorSssSharingSvg heateorSssFacebookSvg\"><\/ss><\/i><\/li><li class=\"heateorSssSharingRound\"><i style=\"width:35px;height:35px;border-radius:999px;\" alt=\"Twitter\" Title=\"Twitter\" class=\"heateorSssSharing heateorSssTwitterBackground\" onclick='heateorSssPopup(\"http:\/\/twitter.com\/intent\/tweet?text=LA%20VIOLENCIA%20VICARIA.%20Por%20%C3%93scar%20Humberto%20G%C3%B3mez%20G%C3%B3mez&url=https%3A%2F%2Foscarhumbertogomez.com%2Findex.php%3Frest_route%3D%252Fwp%252Fv2%252Fposts%252F52037\")'><ss style=\"display:block;border-radius:999px;\" class=\"heateorSssSharingSvg heateorSssTwitterSvg\"><\/ss><\/i><\/li><li class=\"heateorSssSharingRound\"><i style=\"width:35px;height:35px;border-radius:999px;\" alt=\"Whatsapp\" Title=\"Whatsapp\" class=\"heateorSssSharing heateorSssWhatsappBackground\" onclick='heateorSssPopup(\"https:\/\/web.whatsapp.com\/send?text=LA%20VIOLENCIA%20VICARIA.%20Por%20%C3%93scar%20Humberto%20G%C3%B3mez%20G%C3%B3mez https%3A%2F%2Foscarhumbertogomez.com%2Findex.php%3Frest_route%3D%252Fwp%252Fv2%252Fposts%252F52037\")'><ss style=\"display:block\" class=\"heateorSssSharingSvg heateorSssWhatsappSvg\"><\/ss><\/i><\/li><li class=\"heateorSssSharingRound\"><i style=\"width:35px;height:35px;border-radius:999px;\" alt=\"Pinterest\" Title=\"Pinterest\" class=\"heateorSssSharing heateorSssPinterestBackground\" onclick=\"javascript:void( (function() {var e=document.createElement('script' );e.setAttribute('type','text\/javascript' );e.setAttribute('charset','UTF-8' );e.setAttribute('src','\/\/assets.pinterest.com\/js\/pinmarklet.js?r='+Math.random()*99999999);document.body.appendChild(e)})());\"><ss style=\"display:block;border-radius:999px;\" class=\"heateorSssSharingSvg heateorSssPinterestSvg\"><\/ss><\/i><\/li><li class=\"heateorSssSharingRound\"><i style=\"width:35px;height:35px;border-radius:999px;\" alt=\"Google Gmail\" Title=\"Google Gmail\" class=\"heateorSssSharing heateorSssGoogleGmailBackground\" onclick='heateorSssPopup(\"https:\/\/mail.google.com\/mail\/?ui=2&view=cm&fs=1&tf=1&su=LA%20VIOLENCIA%20VICARIA.%20Por%20%C3%93scar%20Humberto%20G%C3%B3mez%20G%C3%B3mez&body=Link:https%3A%2F%2Foscarhumbertogomez.com%2Findex.php%3Frest_route%3D%252Fwp%252Fv2%252Fposts%252F52037\")'><ss style=\"display:block;border-radius:999px;\" class=\"heateorSssSharingSvg heateorSssGoogleGmailSvg\"><\/ss><\/i><\/li><li class=\"heateorSssSharingRound\"><i style=\"width:35px;height:35px;border-radius:999px;\" title=\"More\" alt=\"More\" class=\"heateorSssSharing heateorSssMoreBackground\" onclick=\"heateorSssMoreSharingPopup(this, 'https:\/\/oscarhumbertogomez.com\/index.php?rest_route=%2Fwp%2Fv2%2Fposts%2F52037', 'LA%20VIOLENCIA%20VICARIA.%20Por%20%C3%93scar%20Humberto%20G%C3%B3mez%20G%C3%B3mez', '' )\" ><ss style=\"display:block\" class=\"heateorSssSharingSvg heateorSssMoreSvg\"><\/ss><\/i><\/li><\/ul><div class=\"heateorSssClear\"><\/div><\/div><div class='heateorSssClear'><\/div>","protected":false},"author":2,"featured_media":0,"comment_status":"closed","ping_status":"closed","sticky":false,"template":"","format":"standard","meta":{"spay_email":"","footnotes":""},"categories":[1],"tags":[],"class_list":["post-52037","post","type-post","status-publish","format-standard","hentry","category-blog"],"jetpack_featured_media_url":"","jetpack_shortlink":"https:\/\/wp.me\/p1FYrr-dxj","_links":{"self":[{"href":"https:\/\/oscarhumbertogomez.com\/index.php?rest_route=\/wp\/v2\/posts\/52037","targetHints":{"allow":["GET"]}}],"collection":[{"href":"https:\/\/oscarhumbertogomez.com\/index.php?rest_route=\/wp\/v2\/posts"}],"about":[{"href":"https:\/\/oscarhumbertogomez.com\/index.php?rest_route=\/wp\/v2\/types\/post"}],"author":[{"embeddable":true,"href":"https:\/\/oscarhumbertogomez.com\/index.php?rest_route=\/wp\/v2\/users\/2"}],"replies":[{"embeddable":true,"href":"https:\/\/oscarhumbertogomez.com\/index.php?rest_route=%2Fwp%2Fv2%2Fcomments&post=52037"}],"version-history":[{"count":5,"href":"https:\/\/oscarhumbertogomez.com\/index.php?rest_route=\/wp\/v2\/posts\/52037\/revisions"}],"predecessor-version":[{"id":52047,"href":"https:\/\/oscarhumbertogomez.com\/index.php?rest_route=\/wp\/v2\/posts\/52037\/revisions\/52047"}],"wp:attachment":[{"href":"https:\/\/oscarhumbertogomez.com\/index.php?rest_route=%2Fwp%2Fv2%2Fmedia&parent=52037"}],"wp:term":[{"taxonomy":"category","embeddable":true,"href":"https:\/\/oscarhumbertogomez.com\/index.php?rest_route=%2Fwp%2Fv2%2Fcategories&post=52037"},{"taxonomy":"post_tag","embeddable":true,"href":"https:\/\/oscarhumbertogomez.com\/index.php?rest_route=%2Fwp%2Fv2%2Ftags&post=52037"}],"curies":[{"name":"wp","href":"https:\/\/api.w.org\/{rel}","templated":true}]}}