{"id":52903,"date":"2025-03-25T18:30:27","date_gmt":"2025-03-25T23:30:27","guid":{"rendered":"https:\/\/oscarhumbertogomez.com\/?p=52903"},"modified":"2025-03-26T15:39:31","modified_gmt":"2025-03-26T20:39:31","slug":"alerta-proteja-a-su-perro-del-cancer-de-piel-por-exposicion-al-sol-no-permita-que-su-paseador-lo-lleve-a-caminar-bajo-el-sol-del-mediodia-por-oscar-humberto-gomez-gomez-miembro-del-colegi","status":"publish","type":"post","link":"https:\/\/oscarhumbertogomez.com\/?p=52903","title":{"rendered":"\u00a1ALERTA! Proteja a su perro del c\u00e1ncer de piel por exposici\u00f3n al sol. \/\/ No permita que su paseador lo lleve a caminar bajo el sol del mediod\u00eda. Por \u00d3scar Humberto G\u00f3mez G\u00f3mez"},"content":{"rendered":"<p><img loading=\"lazy\" decoding=\"async\" class=\"aligncenter size-full wp-image-52909\" src=\"https:\/\/oscarhumbertogomez.com\/wp-content\/uploads\/2025\/03\/CANCER-DE-PIEL-EN-PERROS-1.jpeg\" alt=\"\" width=\"800\" height=\"600\" srcset=\"https:\/\/oscarhumbertogomez.com\/wp-content\/uploads\/2025\/03\/CANCER-DE-PIEL-EN-PERROS-1.jpeg 800w, https:\/\/oscarhumbertogomez.com\/wp-content\/uploads\/2025\/03\/CANCER-DE-PIEL-EN-PERROS-1-300x225.jpeg 300w, https:\/\/oscarhumbertogomez.com\/wp-content\/uploads\/2025\/03\/CANCER-DE-PIEL-EN-PERROS-1-768x576.jpeg 768w\" sizes=\"auto, (max-width: 800px) 100vw, 800px\" \/><\/p>\n<p>&nbsp;<\/p>\n<p>En el d\u00eda de hoy y principalmente hacia el mediod\u00eda hizo uno de esos calores veraniegos de sol canicular que no solo desencadenan dolor de cabeza y sensaci\u00f3n de sopor, sino que por momentos parecieran amenazar con secar el mundo y derretir la vida.<\/p>\n<p>En algunos lugares y en ciertos per\u00edodos del a\u00f1o el calor solar excesivo llega a producir desmayos e incluso son numerosos los casos en que las personas caen muertas en plena calle a consecuencia del mismo.<\/p>\n<p>&nbsp;<\/p>\n<p><img loading=\"lazy\" decoding=\"async\" class=\"aligncenter size-full wp-image-52910\" src=\"https:\/\/oscarhumbertogomez.com\/wp-content\/uploads\/2025\/03\/CANCER-DE-PIEL-EN-PERROS-2.png\" alt=\"\" width=\"1000\" height=\"563\" srcset=\"https:\/\/oscarhumbertogomez.com\/wp-content\/uploads\/2025\/03\/CANCER-DE-PIEL-EN-PERROS-2.png 1000w, https:\/\/oscarhumbertogomez.com\/wp-content\/uploads\/2025\/03\/CANCER-DE-PIEL-EN-PERROS-2-300x169.png 300w, https:\/\/oscarhumbertogomez.com\/wp-content\/uploads\/2025\/03\/CANCER-DE-PIEL-EN-PERROS-2-768x432.png 768w\" sizes=\"auto, (max-width: 1000px) 100vw, 1000px\" \/><\/p>\n<p>&nbsp;<\/p>\n<p>Entre una y dos de la tarde sal\u00ed junto con mi esposa de nuestra casa y nos propusimos abandonar nuestro conjunto residencial con el prop\u00f3sito de ir a Bucaramanga. Sin embargo, cuando avanz\u00e1bamos lentamente hacia la porter\u00eda vimos que ven\u00eda en sentido contrario el grupo de perros a los que saca a caminar a diario un paseador contratado por los due\u00f1os de casa. No es este el \u00fanico paseador de perros que frecuenta el lugar, son varios.<\/p>\n<p>Por lo general, y como es l\u00f3gico que ocurra, los due\u00f1os de casa abandonan sus hogares para irse hacia sus sitios de trabajo a atender sus labores cotidianas y es normal que cada cual deje su vivienda a cargo de una empleada del servicio dom\u00e9stico. Esta ausencia hace que el paseador recoja a los canes en momentos en que no se encuentran en el hogar sus due\u00f1os y que quien en consecuencia se los entregue sea la empleada. Lamentablemente, todo parece indicar que la informaci\u00f3n acerca de los nocivos efectos que el sol causa en la piel no ha llegado hasta estas personas, o que ellas hacen caso omiso de la misma. De hecho, en una sociedad como la nuestra ambas cosas son perfectamente posibles.<\/p>\n<p>Lo cierto es que la fatiga y la sed se les notaba a leguas a todos los perros que tra\u00eda el paseador de regreso. Percib\u00ed que para esos momentos el calor era uno de esos que ya no solamente se siente, sino que se ve. En una palabra, los perros ven\u00edan expuestos a un sol terrible, a un sol que parec\u00eda que iba a generar un incendio.<\/p>\n<p>El paseador se cubr\u00eda la cabeza con un sombrero y con uno de esos implementos que utilizan los \u00e1rabes y que solamente permite verles la cara; los perros, en cambio, solamente iban &#8220;protegidos&#8221;, si as\u00ed se puede llamar, por el pelaje m\u00e1s o menos abundante que, seg\u00fan la raza, tienen o no en el cuerpo.<\/p>\n<p>A\u00fan no sal\u00edamos del entorno y mi esposa coment\u00f3 que parec\u00eda como si estuvi\u00e9ramos en la costa.<\/p>\n<p>&nbsp;<\/p>\n<p><img loading=\"lazy\" decoding=\"async\" class=\"aligncenter size-full wp-image-52911\" src=\"https:\/\/oscarhumbertogomez.com\/wp-content\/uploads\/2025\/03\/CANCER-DE-PIEL-EN-PERROS-3.jpeg\" alt=\"\" width=\"765\" height=\"346\" srcset=\"https:\/\/oscarhumbertogomez.com\/wp-content\/uploads\/2025\/03\/CANCER-DE-PIEL-EN-PERROS-3.jpeg 765w, https:\/\/oscarhumbertogomez.com\/wp-content\/uploads\/2025\/03\/CANCER-DE-PIEL-EN-PERROS-3-300x136.jpeg 300w\" sizes=\"auto, (max-width: 765px) 100vw, 765px\" \/><\/p>\n<p>&nbsp;<\/p>\n<p>Poco despu\u00e9s de abandonar el lugar me arrepent\u00ed de no haber detenido la marcha y haberle increpado al paseador el que estuviese sacando los perros a pasear a pleno sol en lugar de hacerlo a horas frescas. De verdad que me sent\u00ed muy molesto. No obstante, ante la inevitabilidad de los hechos cumplidos, decid\u00ed escribir, al regreso de Bucaramanga, una nota en mi blog y ponerla a circular entre mis vecinos.<\/p>\n<p>Sin embargo, ya de regreso, esa decisi\u00f3n inicial la extend\u00ed y fue as\u00ed que consider\u00e9 m\u00e1s \u00fatil que se abriera una nueva secci\u00f3n dentro de mi portal y tratar en ella ese y otros temas importantes relacionados con el cuidado animal.  En efecto, hoy ha sido abierta bajo el t\u00edtulo de \u201cVeterinaria \u201c, tal y como nuestros visitantes lo pueden estar observando en el cabezote.<\/p>\n<p>A partir de ahora, y tal y como all\u00ed se anuncia, se estar\u00e1n abordando en esta nueva secci\u00f3n temas relacionados con los animales.<\/p>\n<p>Obviamente, nos documentaremos con profesionales de la Medicina Veterinaria y con fuentes confiables de informaci\u00f3n cient\u00edfica.<\/p>\n<p>Por ahora, les dejamos a nuestros vecinos, y por extensi\u00f3n a todas las personas a quienes llegamos con nuestras entradas, una inquietud para que se tome conciencia acerca de la imperiosa e inaplazable decisi\u00f3n de no permitir nunca m\u00e1s que los perros sean sacados a caminar por sus paseadores en horas en las que est\u00e9 haciendo sol.<\/p>\n<p>&nbsp;<\/p>\n<p><img loading=\"lazy\" decoding=\"async\" class=\"aligncenter size-full wp-image-52912\" src=\"https:\/\/oscarhumbertogomez.com\/wp-content\/uploads\/2025\/03\/CANCER-DE-PIEL-EN-PERROS-4.jpeg\" alt=\"\" width=\"1024\" height=\"820\" srcset=\"https:\/\/oscarhumbertogomez.com\/wp-content\/uploads\/2025\/03\/CANCER-DE-PIEL-EN-PERROS-4.jpeg 1024w, https:\/\/oscarhumbertogomez.com\/wp-content\/uploads\/2025\/03\/CANCER-DE-PIEL-EN-PERROS-4-300x240.jpeg 300w, https:\/\/oscarhumbertogomez.com\/wp-content\/uploads\/2025\/03\/CANCER-DE-PIEL-EN-PERROS-4-768x615.jpeg 768w\" sizes=\"auto, (max-width: 1024px) 100vw, 1024px\" \/><\/p>\n<p>&nbsp;<\/p>\n<p>\u00bfY por qu\u00e9 lo anterior? \u00bfPor qu\u00e9 esta preocupaci\u00f3n? \u00bfPor qu\u00e9 mi molestia frente al hecho de que los paseadores est\u00e9n sacando a caminar a los perros a las 11 de la ma\u00f1ana, a las 12 del mediod\u00eda, a la una de la tarde, a las dos de la tarde, etc., en lugar de hacerlo a tempranas horas de la ma\u00f1ana, esto es, antes de las nueve de la ma\u00f1ana (9 a.m.), de manera que a las 10 de la ma\u00f1ana (10 a.m.) cada perro ya est\u00e9 de nuevo en su casa, o en vez de hacerlo despu\u00e9s de las cuatro de la tarde (4 p.m.), cuando el sol ya ha empezado a decrecer, como por ejemplo a las cinco (5 p.m.) o seis de la tarde (6 p.m.)?<\/p>\n<p>La raz\u00f3n es muy sencilla y, de hecho, se trata de un tema acerca del cual viene ley\u00e9ndose todos los d\u00edas en la prensa, viene escuch\u00e1ndose a diario en la radio, viene vi\u00e9ndose y escuch\u00e1ndose de manera frecuente en la televisi\u00f3n, y vienen public\u00e1ndose informes en diferentes canales de YouTube as\u00ed como en otras fuentes de informaci\u00f3n de Internet. Me refiero a que el sol es la principal causa del c\u00e1ncer de piel.<\/p>\n<p>El c\u00e1ncer de piel puede llegar a ser mortal. La gente suele creer que el c\u00e1ncer de piel afecta solamente la piel, que es como decir a una parte meramente superficial del cuerpo. Error may\u00fasculo: un melanoma, por ejemplo, es potencialmente mortal porque est\u00e1 en capacidad de extenderse a otros \u00f3rganos y matar al paciente. Un caso emblem\u00e1tico aparece narrado de manera dram\u00e1tica por el escritor colombiano H\u00e9ctor Abad Faciolince en su libro &#8220;El olvido que seremos&#8221;.<\/p>\n<p>Pero otro aspecto extremadamente grave es el relacionado con los perros en s\u00ed. Y es que las personas piensan que solamente los humanos pueden verse afectados de c\u00e1ncer de piel por exposici\u00f3n al sol. Nada m\u00e1s alejado de la realidad. En el caso concreto de los perros del lugar donde resido y de sus paseadores que imprudentemente los sacan a caminar bajo los rayos del sol, se tiene el lamentable antecedente de un perro que precisamente por estos d\u00edas se encuentra en tratamiento oncol\u00f3gico debido a hab\u00e9rsele detectado c\u00e1ncer de piel.<\/p>\n<p>&nbsp;<\/p>\n<p><img loading=\"lazy\" decoding=\"async\" class=\"aligncenter size-full wp-image-52913\" src=\"https:\/\/oscarhumbertogomez.com\/wp-content\/uploads\/2025\/03\/CANCER-DE-PIEL-EN-PERROS-5.jpeg\" alt=\"\" width=\"600\" height=\"400\" srcset=\"https:\/\/oscarhumbertogomez.com\/wp-content\/uploads\/2025\/03\/CANCER-DE-PIEL-EN-PERROS-5.jpeg 600w, https:\/\/oscarhumbertogomez.com\/wp-content\/uploads\/2025\/03\/CANCER-DE-PIEL-EN-PERROS-5-300x200.jpeg 300w\" sizes=\"auto, (max-width: 600px) 100vw, 600px\" \/><\/p>\n<p>&nbsp;<\/p>\n<p>Tambi\u00e9n se cree de manera err\u00f3nea que el pelaje del perro lo protege contra los efectos de los rayos UV (rayos ultravioleta) del sol, causantes del c\u00e1ncer dermatol\u00f3gico. Otro error may\u00fasculo: el pelo de las mascotas NO las protege de estos rayos da\u00f1inos.<\/p>\n<p>As\u00ed las cosas, la primera medida de prevenci\u00f3n para proteger a los perros de la posibilidad de adquirir c\u00e1ncer de piel es replantear de manera radical los horarios en los que los paseadores los sacan a caminar.<\/p>\n<p>&nbsp;<\/p>\n<p><img loading=\"lazy\" decoding=\"async\" class=\"aligncenter size-full wp-image-52915\" src=\"https:\/\/oscarhumbertogomez.com\/wp-content\/uploads\/2025\/03\/CANCER-DE-PIEL-EN-PERROS-7.jpeg\" alt=\"\" width=\"702\" height=\"460\" srcset=\"https:\/\/oscarhumbertogomez.com\/wp-content\/uploads\/2025\/03\/CANCER-DE-PIEL-EN-PERROS-7.jpeg 702w, https:\/\/oscarhumbertogomez.com\/wp-content\/uploads\/2025\/03\/CANCER-DE-PIEL-EN-PERROS-7-300x197.jpeg 300w\" sizes=\"auto, (max-width: 702px) 100vw, 702px\" \/><\/p>\n<p>&nbsp;<\/p>\n<p>Los dermat\u00f3logos han advertido que si bien es cierto el sol es absolutamente necesario para la salud humana, pues no s\u00f3lo proporciona, entre otras cosas importantes, la vitamina D que el cuerpo necesita y adem\u00e1s regula el reloj biol\u00f3gico de nuestro cuerpo, el hipot\u00e1lamo, por lo cual salir al sol es absolutamente necesario como costumbre diaria para prevenir problemas de salud f\u00edsica y mental como el insomnio, no menos cierto es que no todas las horas del d\u00eda son propicias para tomarlo, pues ello debe hacerse ANTES de las 10 de la ma\u00f1ana (10 a.m.) o DESPU\u00c9S de las cuatro de la tarde (4 p.m.).<\/p>\n<p>Y esta advertencia que la Medicina hace con relaci\u00f3n a los seres humanos tambi\u00e9n la hace la Veterinaria respecto de las mascotas.<\/p>\n<p>&nbsp;<\/p>\n<p><img loading=\"lazy\" decoding=\"async\" class=\"aligncenter size-large wp-image-52914\" src=\"https:\/\/oscarhumbertogomez.com\/wp-content\/uploads\/2025\/03\/CANCER-DE-PIEL-EN-PERROS-6-1024x576.jpeg\" alt=\"\" width=\"640\" height=\"360\" srcset=\"https:\/\/oscarhumbertogomez.com\/wp-content\/uploads\/2025\/03\/CANCER-DE-PIEL-EN-PERROS-6-1024x576.jpeg 1024w, https:\/\/oscarhumbertogomez.com\/wp-content\/uploads\/2025\/03\/CANCER-DE-PIEL-EN-PERROS-6-300x169.jpeg 300w, https:\/\/oscarhumbertogomez.com\/wp-content\/uploads\/2025\/03\/CANCER-DE-PIEL-EN-PERROS-6-768x432.jpeg 768w, https:\/\/oscarhumbertogomez.com\/wp-content\/uploads\/2025\/03\/CANCER-DE-PIEL-EN-PERROS-6.jpeg 1440w\" sizes=\"auto, (max-width: 640px) 100vw, 640px\" \/><\/p>\n<p>&nbsp;<\/p>\n<p>En conclusi\u00f3n, el sol de entre las 10 de la ma\u00f1ana (10 a.m.) y las cuatro de la tarde (4 p.m.) est\u00e1 absolutamente contraindicado para asolearse y esa advertencia vale no solamente para los humanos, sino tambi\u00e9n para los perros.<\/p>\n<p>Solamente con este elemental proceder prudente se prevendr\u00e1 que se repita con los dem\u00e1s canes de nuestro condominio la lamentable historia que se est\u00e1 viviendo con aquel perro habitante del mismo que hoy en d\u00eda est\u00e1 recibiendo tratamiento oncol\u00f3gico por c\u00e1ncer de piel.<\/p>\n<p>Y, en general, que se repita con muchas otras mascotas que est\u00e1n siendo expuestas imprudentemente a unas horas de sol totalmente inapropiadas.<\/p>\n<p>&nbsp;<\/p>\n<p><strong>\u00d3SCAR HUMBERTO G\u00d3MEZ G\u00d3MEZ<\/strong>: Miembro del Colegio Nacional de Periodistas. Credencial nro. 2014026 del CNP.<\/p>\n<p>&nbsp;<\/p>\n","protected":false},"excerpt":{"rendered":"<p>&nbsp; En el d\u00eda de hoy y principalmente hacia el mediod\u00eda hizo uno de esos calores veraniegos de sol canicular que no solo desencadenan dolor de cabeza y sensaci\u00f3n de sopor, sino que por momentos parecieran amenazar con secar el &hellip; <a href=\"https:\/\/oscarhumbertogomez.com\/?p=52903\">Sigue leyendo <span class=\"meta-nav\">&rarr;<\/span><\/a><\/p>\n<div class='heateorSssClear'><\/div><div  class='heateor_sss_sharing_container heateor_sss_horizontal_sharing' heateor-sss-data-href='https:\/\/oscarhumbertogomez.com\/?p=52903'><div class='heateor_sss_sharing_title' style=\"font-weight:bold\" >\u00a1Gracias por compartirla!<\/div><ul class=\"heateor_sss_sharing_ul\"><li class=\"heateorSssSharingRound\"><i style=\"width:35px;height:35px;border-radius:999px;\" alt=\"Facebook\" Title=\"Facebook\" class=\"heateorSssSharing heateorSssFacebookBackground\" onclick='heateorSssPopup(\"https:\/\/www.facebook.com\/sharer\/sharer.php?u=https%3A%2F%2Foscarhumbertogomez.com%2Findex.php%3Frest_route%3D%252Fwp%252Fv2%252Fposts%252F52903\")'><ss style=\"display:block;border-radius:999px;\" class=\"heateorSssSharingSvg heateorSssFacebookSvg\"><\/ss><\/i><\/li><li class=\"heateorSssSharingRound\"><i style=\"width:35px;height:35px;border-radius:999px;\" alt=\"Twitter\" Title=\"Twitter\" class=\"heateorSssSharing heateorSssTwitterBackground\" onclick='heateorSssPopup(\"http:\/\/twitter.com\/intent\/tweet?text=%C2%A1ALERTA%21%20Proteja%20a%20su%20perro%20del%20c%C3%A1ncer%20de%20piel%20por%20exposici%C3%B3n%20al%20sol.%20%2F%2F%20No%20permita%20que%20su%20paseador%20lo%20lleve%20a%20caminar%20bajo%20el%20sol%20del%20mediod%C3%ADa.%20Por%20%C3%93scar%20Humberto%20G%C3%B3mez%20G%C3%B3mez&url=https%3A%2F%2Foscarhumbertogomez.com%2Findex.php%3Frest_route%3D%252Fwp%252Fv2%252Fposts%252F52903\")'><ss style=\"display:block;border-radius:999px;\" class=\"heateorSssSharingSvg heateorSssTwitterSvg\"><\/ss><\/i><\/li><li class=\"heateorSssSharingRound\"><i style=\"width:35px;height:35px;border-radius:999px;\" alt=\"Whatsapp\" Title=\"Whatsapp\" class=\"heateorSssSharing heateorSssWhatsappBackground\" onclick='heateorSssPopup(\"https:\/\/web.whatsapp.com\/send?text=%C2%A1ALERTA%21%20Proteja%20a%20su%20perro%20del%20c%C3%A1ncer%20de%20piel%20por%20exposici%C3%B3n%20al%20sol.%20%2F%2F%20No%20permita%20que%20su%20paseador%20lo%20lleve%20a%20caminar%20bajo%20el%20sol%20del%20mediod%C3%ADa.%20Por%20%C3%93scar%20Humberto%20G%C3%B3mez%20G%C3%B3mez https%3A%2F%2Foscarhumbertogomez.com%2Findex.php%3Frest_route%3D%252Fwp%252Fv2%252Fposts%252F52903\")'><ss style=\"display:block\" class=\"heateorSssSharingSvg heateorSssWhatsappSvg\"><\/ss><\/i><\/li><li class=\"heateorSssSharingRound\"><i style=\"width:35px;height:35px;border-radius:999px;\" alt=\"Pinterest\" Title=\"Pinterest\" class=\"heateorSssSharing heateorSssPinterestBackground\" onclick=\"javascript:void( (function() {var e=document.createElement('script' );e.setAttribute('type','text\/javascript' );e.setAttribute('charset','UTF-8' );e.setAttribute('src','\/\/assets.pinterest.com\/js\/pinmarklet.js?r='+Math.random()*99999999);document.body.appendChild(e)})());\"><ss style=\"display:block;border-radius:999px;\" class=\"heateorSssSharingSvg heateorSssPinterestSvg\"><\/ss><\/i><\/li><li class=\"heateorSssSharingRound\"><i style=\"width:35px;height:35px;border-radius:999px;\" alt=\"Google Gmail\" Title=\"Google Gmail\" class=\"heateorSssSharing heateorSssGoogleGmailBackground\" onclick='heateorSssPopup(\"https:\/\/mail.google.com\/mail\/?ui=2&view=cm&fs=1&tf=1&su=%C2%A1ALERTA%21%20Proteja%20a%20su%20perro%20del%20c%C3%A1ncer%20de%20piel%20por%20exposici%C3%B3n%20al%20sol.%20%2F%2F%20No%20permita%20que%20su%20paseador%20lo%20lleve%20a%20caminar%20bajo%20el%20sol%20del%20mediod%C3%ADa.%20Por%20%C3%93scar%20Humberto%20G%C3%B3mez%20G%C3%B3mez&body=Link:https%3A%2F%2Foscarhumbertogomez.com%2Findex.php%3Frest_route%3D%252Fwp%252Fv2%252Fposts%252F52903\")'><ss style=\"display:block;border-radius:999px;\" class=\"heateorSssSharingSvg heateorSssGoogleGmailSvg\"><\/ss><\/i><\/li><li class=\"heateorSssSharingRound\"><i style=\"width:35px;height:35px;border-radius:999px;\" title=\"More\" alt=\"More\" class=\"heateorSssSharing heateorSssMoreBackground\" onclick=\"heateorSssMoreSharingPopup(this, 'https:\/\/oscarhumbertogomez.com\/index.php?rest_route=%2Fwp%2Fv2%2Fposts%2F52903', '%C2%A1ALERTA%21%20Proteja%20a%20su%20perro%20del%20c%C3%A1ncer%20de%20piel%20por%20exposici%C3%B3n%20al%20sol.%20%2F%2F%20No%20permita%20que%20su%20paseador%20lo%20lleve%20a%20caminar%20bajo%20el%20sol%20del%20mediod%C3%ADa.%20Por%20%C3%93scar%20Humberto%20G%C3%B3mez%20G%C3%B3mez', '' )\" ><ss style=\"display:block\" class=\"heateorSssSharingSvg heateorSssMoreSvg\"><\/ss><\/i><\/li><\/ul><div class=\"heateorSssClear\"><\/div><\/div><div class='heateorSssClear'><\/div>","protected":false},"author":2,"featured_media":0,"comment_status":"closed","ping_status":"closed","sticky":false,"template":"","format":"standard","meta":{"spay_email":"","footnotes":""},"categories":[72],"tags":[],"class_list":["post-52903","post","type-post","status-publish","format-standard","hentry","category-veterinaria"],"jetpack_featured_media_url":"","jetpack_shortlink":"https:\/\/wp.me\/p1FYrr-dLh","_links":{"self":[{"href":"https:\/\/oscarhumbertogomez.com\/index.php?rest_route=\/wp\/v2\/posts\/52903","targetHints":{"allow":["GET"]}}],"collection":[{"href":"https:\/\/oscarhumbertogomez.com\/index.php?rest_route=\/wp\/v2\/posts"}],"about":[{"href":"https:\/\/oscarhumbertogomez.com\/index.php?rest_route=\/wp\/v2\/types\/post"}],"author":[{"embeddable":true,"href":"https:\/\/oscarhumbertogomez.com\/index.php?rest_route=\/wp\/v2\/users\/2"}],"replies":[{"embeddable":true,"href":"https:\/\/oscarhumbertogomez.com\/index.php?rest_route=%2Fwp%2Fv2%2Fcomments&post=52903"}],"version-history":[{"count":5,"href":"https:\/\/oscarhumbertogomez.com\/index.php?rest_route=\/wp\/v2\/posts\/52903\/revisions"}],"predecessor-version":[{"id":53035,"href":"https:\/\/oscarhumbertogomez.com\/index.php?rest_route=\/wp\/v2\/posts\/52903\/revisions\/53035"}],"wp:attachment":[{"href":"https:\/\/oscarhumbertogomez.com\/index.php?rest_route=%2Fwp%2Fv2%2Fmedia&parent=52903"}],"wp:term":[{"taxonomy":"category","embeddable":true,"href":"https:\/\/oscarhumbertogomez.com\/index.php?rest_route=%2Fwp%2Fv2%2Fcategories&post=52903"},{"taxonomy":"post_tag","embeddable":true,"href":"https:\/\/oscarhumbertogomez.com\/index.php?rest_route=%2Fwp%2Fv2%2Ftags&post=52903"}],"curies":[{"name":"wp","href":"https:\/\/api.w.org\/{rel}","templated":true}]}}