{"id":53877,"date":"2025-04-21T11:40:45","date_gmt":"2025-04-21T16:40:45","guid":{"rendered":"https:\/\/oscarhumbertogomez.com\/?p=53877"},"modified":"2025-04-25T16:13:54","modified_gmt":"2025-04-25T21:13:54","slug":"el-papa-francisco-ha-regresado-a-la-casa-del-padre-por-oscar-humberto-gomez-gomez","status":"publish","type":"post","link":"https:\/\/oscarhumbertogomez.com\/?p=53877","title":{"rendered":"EL PAPA FRANCISCO &#8220;HA PARTIDO HACIA LA CASA DEL PADRE&#8221;. Por \u00d3scar Humberto G\u00f3mez G\u00f3mez"},"content":{"rendered":"<img loading=\"lazy\" decoding=\"async\" class=\"size-large wp-image-53887\" src=\"https:\/\/oscarhumbertogomez.com\/wp-content\/uploads\/2025\/04\/Francisco-1-1-769x1024.jpeg\" alt=\"\" width=\"640\" height=\"852\" srcset=\"https:\/\/oscarhumbertogomez.com\/wp-content\/uploads\/2025\/04\/Francisco-1-1-769x1024.jpeg 769w, https:\/\/oscarhumbertogomez.com\/wp-content\/uploads\/2025\/04\/Francisco-1-1-225x300.jpeg 225w, https:\/\/oscarhumbertogomez.com\/wp-content\/uploads\/2025\/04\/Francisco-1-1-768x1023.jpeg 768w, https:\/\/oscarhumbertogomez.com\/wp-content\/uploads\/2025\/04\/Francisco-1-1.jpeg 988w\" sizes=\"auto, (max-width: 640px) 100vw, 640px\" \/>\n<p>&nbsp;<\/p>\n<p>Desde un principio, desde aquella misma ya lejana noche en la que, sentado a la mesa en el restaurante La Carreta, de su compatriota Roberto Pablo Janiot, segu\u00eda a trav\u00e9s de la pantalla del peque\u00f1o televisor que hab\u00eda sido instalado en el lugar para tal efecto los pormenores de su elecci\u00f3n, era para m\u00ed previsible que sus orientaciones espirituales como nuevo conductor de la Iglesia Cat\u00f3lica ser\u00edan recibidas con agrado por unos y rechazadas con acritud  por otros, pues era consciente de que ya hab\u00eda hecho carrera el mal moderno de que todo el mundo se sent\u00eda con derecho a opinar como quer\u00eda, incluso en materias que se ignoraban, y, m\u00e1s grave a\u00fan, a desacatar, hasta con desprecio y en ocasiones con abierta falta de consideraci\u00f3n y respeto, a aquellos que, por raz\u00f3n de su investidura, y de antiqu\u00edsimas reglas vigentes en el seno de las instituciones al frente de las cuales hab\u00edan sido puestos, eran quienes deb\u00edan se\u00f1alar las directrices que hab\u00edan de ser acatadas y seguidas frente a los diversos y complejos problemas que fuesen surgiendo en la din\u00e1mica del cada vez m\u00e1s dif\u00edcil devenir social.<\/p>\n<p>&nbsp;<\/p>\n<img loading=\"lazy\" decoding=\"async\" class=\"size-large wp-image-53887\" src=\"https:\/\/oscarhumbertogomez.com\/wp-content\/uploads\/2025\/04\/Francisco-1-1-769x1024.jpeg\" alt=\"\" width=\"640\" height=\"852\" srcset=\"https:\/\/oscarhumbertogomez.com\/wp-content\/uploads\/2025\/04\/Francisco-1-1-769x1024.jpeg 769w, https:\/\/oscarhumbertogomez.com\/wp-content\/uploads\/2025\/04\/Francisco-1-1-225x300.jpeg 225w, https:\/\/oscarhumbertogomez.com\/wp-content\/uploads\/2025\/04\/Francisco-1-1-768x1023.jpeg 768w, https:\/\/oscarhumbertogomez.com\/wp-content\/uploads\/2025\/04\/Francisco-1-1.jpeg 988w\" sizes=\"auto, (max-width: 640px) 100vw, 640px\" \/>\n<p>&nbsp;<\/p>\n<p>Por eso, porque tengo la impresi\u00f3n personal de que todo el mundo quiere tener un papa a su medida, percibo que el sumo pont\u00edfice que acaba de morir, hoy lunes de Pascua, a las 7:35 de la ma\u00f1ana, hora de El Vaticano, 0:35 de la madrugada hora de Colombia, tuvo que enfrentar la incomprensi\u00f3n, la oposici\u00f3n y hasta el conflicto suscitados desde diversos sectores, incluidos parad\u00f3jicamente algunos que por pertenecer a la Iglesia Cat\u00f3lica, que \u00e9l comandaba, le deb\u00edan profesar respeto y acatamiento.<\/p>\n<p>&nbsp;<\/p>\n<img loading=\"lazy\" decoding=\"async\" class=\"size-large wp-image-53887\" src=\"https:\/\/oscarhumbertogomez.com\/wp-content\/uploads\/2025\/04\/Francisco-1-1-769x1024.jpeg\" alt=\"\" width=\"640\" height=\"852\" srcset=\"https:\/\/oscarhumbertogomez.com\/wp-content\/uploads\/2025\/04\/Francisco-1-1-769x1024.jpeg 769w, https:\/\/oscarhumbertogomez.com\/wp-content\/uploads\/2025\/04\/Francisco-1-1-225x300.jpeg 225w, https:\/\/oscarhumbertogomez.com\/wp-content\/uploads\/2025\/04\/Francisco-1-1-768x1023.jpeg 768w, https:\/\/oscarhumbertogomez.com\/wp-content\/uploads\/2025\/04\/Francisco-1-1.jpeg 988w\" sizes=\"auto, (max-width: 640px) 100vw, 640px\" \/>\n<p>&nbsp;<\/p>\n<p>En lo que a m\u00ed respecta, hoy, tantos a\u00f1os despu\u00e9s de aquella noche de su elecci\u00f3n como el primer papa latinoamericano, y m\u00e1s all\u00e1 de que haya compartido o no algunas de sus ense\u00f1anzas (lo cual, de cara a su autoridad como m\u00e1ximo gu\u00eda espiritual del catolicismo y a mi humildad como simple feligr\u00e9s, resulta irrelevante de toda irrelevancia), frente al deceso del Papa Francisco me uno a ese sentimiento, un tanto contradictorio, que experimentamos los cristianos ante la muerte de las personas que hemos amado, o que hemos admirado, o que simplemente hemos respetado por una raz\u00f3n u otra: aquel confuso sentimiento de tristeza, que, sin embargo, si se miran bien las cosas, a la luz de nuestras convicciones, deber\u00eda ser m\u00e1s bien de alegr\u00eda, pues finalmente la muerte no es sino una etapa m\u00e1s de la vida, y no cualquier etapa, sino aquella en la cual, en efecto, y tal y como se escribi\u00f3 en el comunicado oficial de El Vaticano, partimos hacia la casa del Padre.<\/p>\n<p>Que obviamente es nuestra casa.<\/p>\n<p>&nbsp;<\/p>\n<p>\u00c1rea metropolitana de Bucaramanga, Colombia, lunes 21 de abril de 2025<\/p>\n<p>&nbsp;<\/p>\n<img loading=\"lazy\" decoding=\"async\" class=\"size-large wp-image-53887\" src=\"https:\/\/oscarhumbertogomez.com\/wp-content\/uploads\/2025\/04\/Francisco-1-1-769x1024.jpeg\" alt=\"\" width=\"640\" height=\"852\" srcset=\"https:\/\/oscarhumbertogomez.com\/wp-content\/uploads\/2025\/04\/Francisco-1-1-769x1024.jpeg 769w, https:\/\/oscarhumbertogomez.com\/wp-content\/uploads\/2025\/04\/Francisco-1-1-225x300.jpeg 225w, https:\/\/oscarhumbertogomez.com\/wp-content\/uploads\/2025\/04\/Francisco-1-1-768x1023.jpeg 768w, https:\/\/oscarhumbertogomez.com\/wp-content\/uploads\/2025\/04\/Francisco-1-1.jpeg 988w\" sizes=\"auto, (max-width: 640px) 100vw, 640px\" \/>\n<p>&nbsp;<\/p>\n","protected":false},"excerpt":{"rendered":"<p>&nbsp; Desde un principio, desde aquella misma ya lejana noche en la que, sentado a la mesa en el restaurante La Carreta, de su compatriota Roberto Pablo Janiot, segu\u00eda a trav\u00e9s de la pantalla del peque\u00f1o televisor que hab\u00eda sido &hellip; <a href=\"https:\/\/oscarhumbertogomez.com\/?p=53877\">Sigue leyendo <span class=\"meta-nav\">&rarr;<\/span><\/a><\/p>\n<div class='heateorSssClear'><\/div><div  class='heateor_sss_sharing_container heateor_sss_horizontal_sharing' heateor-sss-data-href='https:\/\/oscarhumbertogomez.com\/?p=53877'><div class='heateor_sss_sharing_title' style=\"font-weight:bold\" >\u00a1Gracias por compartirla!<\/div><ul class=\"heateor_sss_sharing_ul\"><li class=\"heateorSssSharingRound\"><i style=\"width:35px;height:35px;border-radius:999px;\" alt=\"Facebook\" Title=\"Facebook\" class=\"heateorSssSharing heateorSssFacebookBackground\" onclick='heateorSssPopup(\"https:\/\/www.facebook.com\/sharer\/sharer.php?u=https%3A%2F%2Foscarhumbertogomez.com%2Findex.php%3Frest_route%3D%252Fwp%252Fv2%252Fposts%252F53877\")'><ss style=\"display:block;border-radius:999px;\" class=\"heateorSssSharingSvg heateorSssFacebookSvg\"><\/ss><\/i><\/li><li class=\"heateorSssSharingRound\"><i style=\"width:35px;height:35px;border-radius:999px;\" alt=\"Twitter\" Title=\"Twitter\" class=\"heateorSssSharing heateorSssTwitterBackground\" onclick='heateorSssPopup(\"http:\/\/twitter.com\/intent\/tweet?text=EL%20PAPA%20FRANCISCO%20%22HA%20PARTIDO%20HACIA%20LA%20CASA%20DEL%20PADRE%22.%20Por%20%C3%93scar%20Humberto%20G%C3%B3mez%20G%C3%B3mez&url=https%3A%2F%2Foscarhumbertogomez.com%2Findex.php%3Frest_route%3D%252Fwp%252Fv2%252Fposts%252F53877\")'><ss style=\"display:block;border-radius:999px;\" class=\"heateorSssSharingSvg heateorSssTwitterSvg\"><\/ss><\/i><\/li><li class=\"heateorSssSharingRound\"><i style=\"width:35px;height:35px;border-radius:999px;\" alt=\"Whatsapp\" Title=\"Whatsapp\" class=\"heateorSssSharing heateorSssWhatsappBackground\" onclick='heateorSssPopup(\"https:\/\/web.whatsapp.com\/send?text=EL%20PAPA%20FRANCISCO%20%22HA%20PARTIDO%20HACIA%20LA%20CASA%20DEL%20PADRE%22.%20Por%20%C3%93scar%20Humberto%20G%C3%B3mez%20G%C3%B3mez https%3A%2F%2Foscarhumbertogomez.com%2Findex.php%3Frest_route%3D%252Fwp%252Fv2%252Fposts%252F53877\")'><ss style=\"display:block\" class=\"heateorSssSharingSvg heateorSssWhatsappSvg\"><\/ss><\/i><\/li><li class=\"heateorSssSharingRound\"><i style=\"width:35px;height:35px;border-radius:999px;\" alt=\"Pinterest\" Title=\"Pinterest\" class=\"heateorSssSharing heateorSssPinterestBackground\" onclick=\"javascript:void( (function() {var e=document.createElement('script' );e.setAttribute('type','text\/javascript' );e.setAttribute('charset','UTF-8' );e.setAttribute('src','\/\/assets.pinterest.com\/js\/pinmarklet.js?r='+Math.random()*99999999);document.body.appendChild(e)})());\"><ss style=\"display:block;border-radius:999px;\" class=\"heateorSssSharingSvg heateorSssPinterestSvg\"><\/ss><\/i><\/li><li class=\"heateorSssSharingRound\"><i style=\"width:35px;height:35px;border-radius:999px;\" alt=\"Google Gmail\" Title=\"Google Gmail\" class=\"heateorSssSharing heateorSssGoogleGmailBackground\" onclick='heateorSssPopup(\"https:\/\/mail.google.com\/mail\/?ui=2&view=cm&fs=1&tf=1&su=EL%20PAPA%20FRANCISCO%20%22HA%20PARTIDO%20HACIA%20LA%20CASA%20DEL%20PADRE%22.%20Por%20%C3%93scar%20Humberto%20G%C3%B3mez%20G%C3%B3mez&body=Link:https%3A%2F%2Foscarhumbertogomez.com%2Findex.php%3Frest_route%3D%252Fwp%252Fv2%252Fposts%252F53877\")'><ss style=\"display:block;border-radius:999px;\" class=\"heateorSssSharingSvg heateorSssGoogleGmailSvg\"><\/ss><\/i><\/li><li class=\"heateorSssSharingRound\"><i style=\"width:35px;height:35px;border-radius:999px;\" title=\"More\" alt=\"More\" class=\"heateorSssSharing heateorSssMoreBackground\" onclick=\"heateorSssMoreSharingPopup(this, 'https:\/\/oscarhumbertogomez.com\/index.php?rest_route=%2Fwp%2Fv2%2Fposts%2F53877', 'EL%20PAPA%20FRANCISCO%20%22HA%20PARTIDO%20HACIA%20LA%20CASA%20DEL%20PADRE%22.%20Por%20%C3%93scar%20Humberto%20G%C3%B3mez%20G%C3%B3mez', '' )\" ><ss style=\"display:block\" class=\"heateorSssSharingSvg heateorSssMoreSvg\"><\/ss><\/i><\/li><\/ul><div class=\"heateorSssClear\"><\/div><\/div><div class='heateorSssClear'><\/div>","protected":false},"author":2,"featured_media":0,"comment_status":"closed","ping_status":"closed","sticky":false,"template":"","format":"standard","meta":{"spay_email":"","footnotes":""},"categories":[1],"tags":[],"class_list":["post-53877","post","type-post","status-publish","format-standard","hentry","category-blog"],"jetpack_featured_media_url":"","jetpack_shortlink":"https:\/\/wp.me\/p1FYrr-e0Z","_links":{"self":[{"href":"https:\/\/oscarhumbertogomez.com\/index.php?rest_route=\/wp\/v2\/posts\/53877","targetHints":{"allow":["GET"]}}],"collection":[{"href":"https:\/\/oscarhumbertogomez.com\/index.php?rest_route=\/wp\/v2\/posts"}],"about":[{"href":"https:\/\/oscarhumbertogomez.com\/index.php?rest_route=\/wp\/v2\/types\/post"}],"author":[{"embeddable":true,"href":"https:\/\/oscarhumbertogomez.com\/index.php?rest_route=\/wp\/v2\/users\/2"}],"replies":[{"embeddable":true,"href":"https:\/\/oscarhumbertogomez.com\/index.php?rest_route=%2Fwp%2Fv2%2Fcomments&post=53877"}],"version-history":[{"count":5,"href":"https:\/\/oscarhumbertogomez.com\/index.php?rest_route=\/wp\/v2\/posts\/53877\/revisions"}],"predecessor-version":[{"id":53908,"href":"https:\/\/oscarhumbertogomez.com\/index.php?rest_route=\/wp\/v2\/posts\/53877\/revisions\/53908"}],"wp:attachment":[{"href":"https:\/\/oscarhumbertogomez.com\/index.php?rest_route=%2Fwp%2Fv2%2Fmedia&parent=53877"}],"wp:term":[{"taxonomy":"category","embeddable":true,"href":"https:\/\/oscarhumbertogomez.com\/index.php?rest_route=%2Fwp%2Fv2%2Fcategories&post=53877"},{"taxonomy":"post_tag","embeddable":true,"href":"https:\/\/oscarhumbertogomez.com\/index.php?rest_route=%2Fwp%2Fv2%2Ftags&post=53877"}],"curies":[{"name":"wp","href":"https:\/\/api.w.org\/{rel}","templated":true}]}}