{"id":5407,"date":"2012-08-27T22:20:11","date_gmt":"2012-08-28T03:20:11","guid":{"rendered":"http:\/\/www.oscarhumbertogomez.com\/?p=5407"},"modified":"2025-02-04T11:15:59","modified_gmt":"2025-02-04T16:15:59","slug":"la-sala-de-casacion-penal-no-denunciara-penalmente-a-la-periodista-cecilia-orozco","status":"publish","type":"post","link":"https:\/\/oscarhumbertogomez.com\/?p=5407","title":{"rendered":"La Sala de Casaci\u00f3n Penal de la Corte Suprema de Justicia no denunciar\u00e1 penalmente a la periodista Cecilia Orozco. Por \u00d3scar Humberto G\u00f3mez G\u00f3mez"},"content":{"rendered":"<div id=\"attachment_49906\" style=\"width: 650px\" class=\"wp-caption aligncenter\"><img loading=\"lazy\" decoding=\"async\" aria-describedby=\"caption-attachment-49906\" class=\"size-large wp-image-49906\" src=\"https:\/\/oscarhumbertogomez.com\/wp-content\/uploads\/2011\/06\/WhatsApp-Image-2025-01-19-at-16.33.19-1024x690.jpeg\" alt=\"\" width=\"640\" height=\"431\" srcset=\"https:\/\/oscarhumbertogomez.com\/wp-content\/uploads\/2011\/06\/WhatsApp-Image-2025-01-19-at-16.33.19-1024x690.jpeg 1024w, https:\/\/oscarhumbertogomez.com\/wp-content\/uploads\/2011\/06\/WhatsApp-Image-2025-01-19-at-16.33.19-300x202.jpeg 300w, https:\/\/oscarhumbertogomez.com\/wp-content\/uploads\/2011\/06\/WhatsApp-Image-2025-01-19-at-16.33.19-768x517.jpeg 768w, https:\/\/oscarhumbertogomez.com\/wp-content\/uploads\/2011\/06\/WhatsApp-Image-2025-01-19-at-16.33.19.jpeg 1280w\" sizes=\"auto, (max-width: 640px) 100vw, 640px\" \/><p id=\"caption-attachment-49906\" class=\"wp-caption-text\">\u00d3SCAR HUMBERTO G\u00d3MEZ G\u00d3MEZ. Fotograf\u00eda de Nylse Blackburn. 2009<\/p><\/div>\n<p>&nbsp;<\/p>\n<p>La Sala de Casaci\u00f3n Penal de la Corte Suprema de Justicia ech\u00f3 atr\u00e1s su decisi\u00f3n de denunciar penalmente a la periodista Cecilia Orozco Tasc\u00f3n. &nbsp;As\u00ed lo dio a conocer la Corporaci\u00f3n mediante un nuevo comunicado.<\/p>\n<p>&nbsp;<\/p>\n<p><img loading=\"lazy\" decoding=\"async\" class=\"aligncenter size-full wp-image-5408\" title=\"CECILIA OROZCO\" src=\"https:\/\/lapiedrafilosofal.com\/wp-content\/uploads\/2012\/08\/CECILIA-OROZCO.jpg\" alt=\"\" width=\"600\" height=\"400\" srcset=\"https:\/\/oscarhumbertogomez.com\/wp-content\/uploads\/2012\/08\/CECILIA-OROZCO.jpg 600w, https:\/\/oscarhumbertogomez.com\/wp-content\/uploads\/2012\/08\/CECILIA-OROZCO-300x200.jpg 300w\" sizes=\"auto, (max-width: 600px) 100vw, 600px\" \/><\/p>\n<p>&nbsp;<\/p>\n<p>Al igual que lo ocurrido con el hundimiento de la reforma a la Justicia, registramos con preocupaci\u00f3n que esta clase de reversas, aunque plausibles, siempre apaciguan los \u00e1nimos y hacen olvidar la imperiosa e inaplazable necesidad de llegar al fondo de los grandes males que padece la Administraci\u00f3n de Justicia o, como en este caso, al porqu\u00e9 del paulatino distanciamiento entre la actividad jurisdiccional y la prensa como faro orientador y como registro hist\u00f3rico de los hechos notorios al que ahora se le pretende desconocer su indiscutible valor probatorio. (VER ENTRADA).<\/p>\n<p>El aplaudido hundimiento de la reforma, por ejemplo, hizo que se olvidaran temas cruciales como el de la corrupci\u00f3n parlamentaria, la total impunidad de los delitos que cometen los altos dignatarios del Estado, la congesti\u00f3n y lentitud judicial, y la improvisaci\u00f3n permanente con que se pretenden solucionar estos problemas estructurales, la absoluta inseguridad jur\u00eddica que se apoder\u00f3 de Colombia, el creciente sometimiento de la abogac\u00eda al Estado a trav\u00e9s de la intimidaci\u00f3n que este ejerce con su poder disciplinario, y un largo etc\u00e9tera<\/p>\n<p>Debido a todo ello, nuestro portal deja intactas en la red las entradas que se refirieron al tema del anuncio de la denuncia penal por calumnia e injuria por parte de la Sala de Casaci\u00f3n Penal contra Cecilia Orozco y al cuestionamiento, curiosamente sin amenaza de denuncia, hecho por esa misma Sala de Casaci\u00f3n a la tambi\u00e9n periodista Mar\u00eda Jimena Duz\u00e1n, pues todo cuanto all\u00ed se expresa mantiene plena vigencia.<\/p>\n<p>\u00c1rea metropolitana de Bucaramanga, lunes 27 de agosto de 2012.<\/p>\n<p>&nbsp;<\/p>\n","protected":false},"excerpt":{"rendered":"<p>&nbsp; La Sala de Casaci\u00f3n Penal de la Corte Suprema de Justicia ech\u00f3 atr\u00e1s su decisi\u00f3n de denunciar penalmente a la periodista Cecilia Orozco Tasc\u00f3n. &nbsp;As\u00ed lo dio a conocer la Corporaci\u00f3n mediante un nuevo comunicado. &nbsp; &nbsp; Al igual &hellip; <a href=\"https:\/\/oscarhumbertogomez.com\/?p=5407\">Sigue leyendo <span class=\"meta-nav\">&rarr;<\/span><\/a><\/p>\n<div class='heateorSssClear'><\/div><div  class='heateor_sss_sharing_container heateor_sss_horizontal_sharing' heateor-sss-data-href='https:\/\/oscarhumbertogomez.com\/?p=5407'><div class='heateor_sss_sharing_title' style=\"font-weight:bold\" >\u00a1Gracias por compartirla!<\/div><ul class=\"heateor_sss_sharing_ul\"><li class=\"heateorSssSharingRound\"><i style=\"width:35px;height:35px;border-radius:999px;\" alt=\"Facebook\" Title=\"Facebook\" class=\"heateorSssSharing heateorSssFacebookBackground\" onclick='heateorSssPopup(\"https:\/\/www.facebook.com\/sharer\/sharer.php?u=https%3A%2F%2Foscarhumbertogomez.com%2Findex.php%3Frest_route%3D%252Fwp%252Fv2%252Fposts%252F5407\")'><ss style=\"display:block;border-radius:999px;\" class=\"heateorSssSharingSvg heateorSssFacebookSvg\"><\/ss><\/i><\/li><li class=\"heateorSssSharingRound\"><i style=\"width:35px;height:35px;border-radius:999px;\" alt=\"Twitter\" Title=\"Twitter\" class=\"heateorSssSharing heateorSssTwitterBackground\" onclick='heateorSssPopup(\"http:\/\/twitter.com\/intent\/tweet?text=La%20Sala%20de%20Casaci%C3%B3n%20Penal%20de%20la%20Corte%20Suprema%20de%20Justicia%20no%20denunciar%C3%A1%20penalmente%20a%20la%20periodista%20Cecilia%20Orozco.%20Por%20%C3%93scar%20Humberto%20G%C3%B3mez%20G%C3%B3mez&url=https%3A%2F%2Foscarhumbertogomez.com%2Findex.php%3Frest_route%3D%252Fwp%252Fv2%252Fposts%252F5407\")'><ss style=\"display:block;border-radius:999px;\" class=\"heateorSssSharingSvg heateorSssTwitterSvg\"><\/ss><\/i><\/li><li class=\"heateorSssSharingRound\"><i style=\"width:35px;height:35px;border-radius:999px;\" alt=\"Whatsapp\" Title=\"Whatsapp\" class=\"heateorSssSharing heateorSssWhatsappBackground\" onclick='heateorSssPopup(\"https:\/\/web.whatsapp.com\/send?text=La%20Sala%20de%20Casaci%C3%B3n%20Penal%20de%20la%20Corte%20Suprema%20de%20Justicia%20no%20denunciar%C3%A1%20penalmente%20a%20la%20periodista%20Cecilia%20Orozco.%20Por%20%C3%93scar%20Humberto%20G%C3%B3mez%20G%C3%B3mez https%3A%2F%2Foscarhumbertogomez.com%2Findex.php%3Frest_route%3D%252Fwp%252Fv2%252Fposts%252F5407\")'><ss style=\"display:block\" class=\"heateorSssSharingSvg heateorSssWhatsappSvg\"><\/ss><\/i><\/li><li class=\"heateorSssSharingRound\"><i style=\"width:35px;height:35px;border-radius:999px;\" alt=\"Pinterest\" Title=\"Pinterest\" class=\"heateorSssSharing heateorSssPinterestBackground\" onclick=\"javascript:void( (function() {var e=document.createElement('script' );e.setAttribute('type','text\/javascript' );e.setAttribute('charset','UTF-8' );e.setAttribute('src','\/\/assets.pinterest.com\/js\/pinmarklet.js?r='+Math.random()*99999999);document.body.appendChild(e)})());\"><ss style=\"display:block;border-radius:999px;\" class=\"heateorSssSharingSvg heateorSssPinterestSvg\"><\/ss><\/i><\/li><li class=\"heateorSssSharingRound\"><i style=\"width:35px;height:35px;border-radius:999px;\" alt=\"Google Gmail\" Title=\"Google Gmail\" class=\"heateorSssSharing heateorSssGoogleGmailBackground\" onclick='heateorSssPopup(\"https:\/\/mail.google.com\/mail\/?ui=2&view=cm&fs=1&tf=1&su=La%20Sala%20de%20Casaci%C3%B3n%20Penal%20de%20la%20Corte%20Suprema%20de%20Justicia%20no%20denunciar%C3%A1%20penalmente%20a%20la%20periodista%20Cecilia%20Orozco.%20Por%20%C3%93scar%20Humberto%20G%C3%B3mez%20G%C3%B3mez&body=Link:https%3A%2F%2Foscarhumbertogomez.com%2Findex.php%3Frest_route%3D%252Fwp%252Fv2%252Fposts%252F5407\")'><ss style=\"display:block;border-radius:999px;\" class=\"heateorSssSharingSvg heateorSssGoogleGmailSvg\"><\/ss><\/i><\/li><li class=\"heateorSssSharingRound\"><i style=\"width:35px;height:35px;border-radius:999px;\" title=\"More\" alt=\"More\" class=\"heateorSssSharing heateorSssMoreBackground\" onclick=\"heateorSssMoreSharingPopup(this, 'https:\/\/oscarhumbertogomez.com\/index.php?rest_route=%2Fwp%2Fv2%2Fposts%2F5407', 'La%20Sala%20de%20Casaci%C3%B3n%20Penal%20de%20la%20Corte%20Suprema%20de%20Justicia%20no%20denunciar%C3%A1%20penalmente%20a%20la%20periodista%20Cecilia%20Orozco.%20Por%20%C3%93scar%20Humberto%20G%C3%B3mez%20G%C3%B3mez', '' )\" ><ss style=\"display:block\" class=\"heateorSssSharingSvg heateorSssMoreSvg\"><\/ss><\/i><\/li><\/ul><div class=\"heateorSssClear\"><\/div><\/div><div class='heateorSssClear'><\/div>","protected":false},"author":2,"featured_media":0,"comment_status":"closed","ping_status":"closed","sticky":false,"template":"","format":"standard","meta":{"spay_email":"","footnotes":""},"categories":[1],"tags":[],"class_list":["post-5407","post","type-post","status-publish","format-standard","hentry","category-blog"],"jetpack_featured_media_url":"","jetpack_shortlink":"https:\/\/wp.me\/p1FYrr-1pd","_links":{"self":[{"href":"https:\/\/oscarhumbertogomez.com\/index.php?rest_route=\/wp\/v2\/posts\/5407","targetHints":{"allow":["GET"]}}],"collection":[{"href":"https:\/\/oscarhumbertogomez.com\/index.php?rest_route=\/wp\/v2\/posts"}],"about":[{"href":"https:\/\/oscarhumbertogomez.com\/index.php?rest_route=\/wp\/v2\/types\/post"}],"author":[{"embeddable":true,"href":"https:\/\/oscarhumbertogomez.com\/index.php?rest_route=\/wp\/v2\/users\/2"}],"replies":[{"embeddable":true,"href":"https:\/\/oscarhumbertogomez.com\/index.php?rest_route=%2Fwp%2Fv2%2Fcomments&post=5407"}],"version-history":[{"count":4,"href":"https:\/\/oscarhumbertogomez.com\/index.php?rest_route=\/wp\/v2\/posts\/5407\/revisions"}],"predecessor-version":[{"id":50186,"href":"https:\/\/oscarhumbertogomez.com\/index.php?rest_route=\/wp\/v2\/posts\/5407\/revisions\/50186"}],"wp:attachment":[{"href":"https:\/\/oscarhumbertogomez.com\/index.php?rest_route=%2Fwp%2Fv2%2Fmedia&parent=5407"}],"wp:term":[{"taxonomy":"category","embeddable":true,"href":"https:\/\/oscarhumbertogomez.com\/index.php?rest_route=%2Fwp%2Fv2%2Fcategories&post=5407"},{"taxonomy":"post_tag","embeddable":true,"href":"https:\/\/oscarhumbertogomez.com\/index.php?rest_route=%2Fwp%2Fv2%2Ftags&post=5407"}],"curies":[{"name":"wp","href":"https:\/\/api.w.org\/{rel}","templated":true}]}}