{"id":54071,"date":"2025-05-31T08:00:00","date_gmt":"2025-05-31T13:00:00","guid":{"rendered":"https:\/\/oscarhumbertogomez.com\/?p=54071"},"modified":"2025-05-31T23:15:37","modified_gmt":"2025-06-01T04:15:37","slug":"hoy-hace-exactamente-un-siglo-se-inauguro-en-bucaramanga-el-paradisiaco-luna-park-por-oscar-humberto-gomez-gomez","status":"publish","type":"post","link":"https:\/\/oscarhumbertogomez.com\/?p=54071","title":{"rendered":"Hoy hace exactamente UN SIGLO se inaugur\u00f3 en Bucaramanga el paradis\u00edaco LUNA PARK. Por \u00d3scar Humberto G\u00f3mez G\u00f3mez"},"content":{"rendered":"<p><img loading=\"lazy\" decoding=\"async\" class=\"aligncenter size-full wp-image-54078\" src=\"https:\/\/oscarhumbertogomez.com\/wp-content\/uploads\/2025\/05\/received_505028777178022-1.jpeg\" alt=\"\" width=\"566\" height=\"368\" srcset=\"https:\/\/oscarhumbertogomez.com\/wp-content\/uploads\/2025\/05\/received_505028777178022-1.jpeg 566w, https:\/\/oscarhumbertogomez.com\/wp-content\/uploads\/2025\/05\/received_505028777178022-1-300x195.jpeg 300w\" sizes=\"auto, (max-width: 566px) 100vw, 566px\" \/><\/p>\n<p>&nbsp;<\/p>\n<p>Hoy hace <strong>CIEN A\u00d1OS<\/strong>, el 31 de mayo de 1925, era domingo y en los extensos terrenos donde actualmente est\u00e1 ubicado el SENA, y a su occidente la carrera 27 y un \u00e1rea residencial, y a su oriente la avenida Eduardo Santos, la misma que conduce al Monumento a las Banderas, se estaba inaugurando en Bucaramanga un lugar m\u00e1gico llamado &#8220;<strong>el LUNA PARK<\/strong>&#8220;.<\/p>\n<p>&nbsp;<\/p>\n<p><img loading=\"lazy\" decoding=\"async\" class=\"aligncenter size-full wp-image-54078\" src=\"https:\/\/oscarhumbertogomez.com\/wp-content\/uploads\/2025\/05\/received_505028777178022-1.jpeg\" alt=\"\" width=\"566\" height=\"368\" srcset=\"https:\/\/oscarhumbertogomez.com\/wp-content\/uploads\/2025\/05\/received_505028777178022-1.jpeg 566w, https:\/\/oscarhumbertogomez.com\/wp-content\/uploads\/2025\/05\/received_505028777178022-1-300x195.jpeg 300w\" sizes=\"auto, (max-width: 566px) 100vw, 566px\" \/><\/p>\n<p>&nbsp;<\/p>\n<p>El conocimiento de que dentro de mi ciudad natal hab\u00eda existido un lugar paradis\u00edaco llamado el <strong>LUNA PARK<\/strong> me impact\u00f3 profundamente desde aquel ya lejano d\u00eda en que, indagando en viejos archivos en busca de informaci\u00f3n para el libro que estaba preparando sobre la historia de Bucaramanga (obra cuya segunda edici\u00f3n, dicho sea de paso, ya es inminente), me encontr\u00e9 con el dato de su existencia. Ese dato lo hall\u00e9 dentro de una de mis fuentes bibliogr\u00e1ficas: el libro REAL DE MINAS DE BUCARAMANGA de ERNESTO VALDERRAMA BEN\u00cdTEZ.<\/p>\n<p>&nbsp;<\/p>\n<p><img loading=\"lazy\" decoding=\"async\" class=\"aligncenter size-full wp-image-54078\" src=\"https:\/\/oscarhumbertogomez.com\/wp-content\/uploads\/2025\/05\/received_505028777178022-1.jpeg\" alt=\"\" width=\"566\" height=\"368\" srcset=\"https:\/\/oscarhumbertogomez.com\/wp-content\/uploads\/2025\/05\/received_505028777178022-1.jpeg 566w, https:\/\/oscarhumbertogomez.com\/wp-content\/uploads\/2025\/05\/received_505028777178022-1-300x195.jpeg 300w\" sizes=\"auto, (max-width: 566px) 100vw, 566px\" \/><\/p>\n<p>&nbsp;<\/p>\n<p>Me llam\u00f3 la atenci\u00f3n que el autor tra\u00eda a colaci\u00f3n el informe que el hoy desaparecido diario &#8220;EL DEBER&#8221; hab\u00eda incluido en su edici\u00f3n del mi\u00e9rcoles inmediatamente siguiente, es decir, del d\u00eda 3 de junio de 1925. El ver mencionado a aquel ya desaparecido peri\u00f3dico conservador bumangu\u00e9s me traslad\u00f3 al a\u00f1o 1972 cuando termin\u00e9 vinculado a \u00e9l debido a circunstancias que tuvieron que ver con la muerte de la artista ROSITA, esposa del cantautor piedecuestano PABLUS GALLINAZO.<\/p>\n<p>&nbsp;<\/p>\n<p><img loading=\"lazy\" decoding=\"async\" class=\"aligncenter size-large wp-image-203\" src=\"https:\/\/oscarhumbertogomez.com\/wp-content\/uploads\/2011\/06\/Car\u00e1tula-844x1024.jpg\" alt=\"\" width=\"640\" height=\"776\" srcset=\"https:\/\/oscarhumbertogomez.com\/wp-content\/uploads\/2011\/06\/Car\u00e1tula-844x1024.jpg 844w, https:\/\/oscarhumbertogomez.com\/wp-content\/uploads\/2011\/06\/Car\u00e1tula-247x300.jpg 247w, https:\/\/oscarhumbertogomez.com\/wp-content\/uploads\/2011\/06\/Car\u00e1tula.jpg 1095w\" sizes=\"auto, (max-width: 640px) 100vw, 640px\" \/><\/p>\n<p>&nbsp;<\/p>\n<p>Por supuesto, el pasaje del libro de VALDERRAMA BEN\u00cdTEZ, y con \u00e9l los fragmentos reproducidos de aquel viejo informe de EL DEBER, lo inclu\u00ed en mi HISTORIA DE BUCARAMANGA, cuya primera edici\u00f3n fue publicada en el a\u00f1o 2009.<\/p>\n<p>El siguiente es, pues, el aparte de mi libro HISTORIA DE BUCARAMANGA donde dej\u00e9 registrada la existencia del LUNA PARK:<\/p>\n<p>&#8220;Domingo 31 de mayo de 1925: Apertura del Luna Park.<\/p>\n<p>El Luna Park quedaba ubicado en el llano de La Mutualidad. Seg\u00fan El Deber del 3 de junio de 1925, se pod\u00eda ir \u201c&#8230;a pie, a caballo, en autom\u00f3vil o en bicicleta\u201d, recordaba \u201clos paisajes azules de Suiza\u201d, hab\u00eda \u201cun lago hermos\u00edsimo\u201d, exist\u00eda \u201cun pintoresco kiosco para los m\u00fasicos\u201d, se pod\u00eda navegar en \u201cligeras naves de gasolina y de remo\u201d y cerraba el entorno \u201cuna plantaci\u00f3n primorosa de bamb\u00fa&#8230;\u201d (El art\u00edculo de prensa es reproducido por Ernesto Valderrama Ben\u00edtez en Real de Minas de Bucaramanga)&#8221;.<\/p>\n<p>&nbsp;<\/p>\n<p><img loading=\"lazy\" decoding=\"async\" class=\"aligncenter size-full wp-image-54078\" src=\"https:\/\/oscarhumbertogomez.com\/wp-content\/uploads\/2025\/05\/received_505028777178022-1.jpeg\" alt=\"\" width=\"566\" height=\"368\" srcset=\"https:\/\/oscarhumbertogomez.com\/wp-content\/uploads\/2025\/05\/received_505028777178022-1.jpeg 566w, https:\/\/oscarhumbertogomez.com\/wp-content\/uploads\/2025\/05\/received_505028777178022-1-300x195.jpeg 300w\" sizes=\"auto, (max-width: 566px) 100vw, 566px\" \/><\/p>\n<p>&nbsp;<\/p>\n<p>Sobra decir que a partir de ese DOMINGO 31 de mayo de 1925 las familias bumanguesas habr\u00edan de tener la oportunidad de disfrutar en el LUNA PARK de un d\u00eda de descanso y de contacto con la naturaleza.<\/p>\n<p>&nbsp;<\/p>\n<p><img loading=\"lazy\" decoding=\"async\" class=\"aligncenter size-full wp-image-54078\" src=\"https:\/\/oscarhumbertogomez.com\/wp-content\/uploads\/2025\/05\/received_505028777178022-1.jpeg\" alt=\"\" width=\"566\" height=\"368\" srcset=\"https:\/\/oscarhumbertogomez.com\/wp-content\/uploads\/2025\/05\/received_505028777178022-1.jpeg 566w, https:\/\/oscarhumbertogomez.com\/wp-content\/uploads\/2025\/05\/received_505028777178022-1-300x195.jpeg 300w\" sizes=\"auto, (max-width: 566px) 100vw, 566px\" \/><\/p>\n<p>&nbsp;<\/p>\n<p>Lamentablemente, y tal y como sucedi\u00f3 con quebradas y puentes, con estanques y patos, con flores y p\u00e1jaros cantores, y, en fin, con un largo etc\u00e9tera, hasta las encantadoras aguas del LUNA PARK y su maravilloso entorno natural lleg\u00f3 un d\u00eda cualquiera el &#8220;progreso&#8221; mal entendido y entonces&#8230;<\/p>\n<p>&nbsp;<\/p>\n<p><strong>\u00d3SCAR HUMBERTO G\u00d3MEZ G\u00d3MEZ<\/strong>: Miembro de N\u00famero de la Academia de Historia de Santander. Miembro del Colegio Nacional de Periodistas. Credencial nro. 2014026 del CNP. Miembro de la Sociedad de Autores y Compositores de Colombia (SAYCO). Miembro del ilustre y desaparecido Colegio de Abogados de Santander.<\/p>\n<p>&nbsp;<\/p>\n","protected":false},"excerpt":{"rendered":"<p>&nbsp; Hoy hace CIEN A\u00d1OS, el 31 de mayo de 1925, era domingo y en los extensos terrenos donde actualmente est\u00e1 ubicado el SENA, y a su occidente la carrera 27 y un \u00e1rea residencial, y a su oriente la &hellip; <a href=\"https:\/\/oscarhumbertogomez.com\/?p=54071\">Sigue leyendo <span class=\"meta-nav\">&rarr;<\/span><\/a><\/p>\n<div class='heateorSssClear'><\/div><div  class='heateor_sss_sharing_container heateor_sss_horizontal_sharing' heateor-sss-data-href='https:\/\/oscarhumbertogomez.com\/?p=54071'><div class='heateor_sss_sharing_title' style=\"font-weight:bold\" >\u00a1Gracias por compartirla!<\/div><ul class=\"heateor_sss_sharing_ul\"><li class=\"heateorSssSharingRound\"><i style=\"width:35px;height:35px;border-radius:999px;\" alt=\"Facebook\" Title=\"Facebook\" class=\"heateorSssSharing heateorSssFacebookBackground\" onclick='heateorSssPopup(\"https:\/\/www.facebook.com\/sharer\/sharer.php?u=https%3A%2F%2Foscarhumbertogomez.com%2Findex.php%3Frest_route%3D%252Fwp%252Fv2%252Fposts%252F54071\")'><ss style=\"display:block;border-radius:999px;\" class=\"heateorSssSharingSvg heateorSssFacebookSvg\"><\/ss><\/i><\/li><li class=\"heateorSssSharingRound\"><i style=\"width:35px;height:35px;border-radius:999px;\" alt=\"Twitter\" Title=\"Twitter\" class=\"heateorSssSharing heateorSssTwitterBackground\" onclick='heateorSssPopup(\"http:\/\/twitter.com\/intent\/tweet?text=Hoy%20hace%20exactamente%20UN%20SIGLO%20se%20inaugur%C3%B3%20en%20Bucaramanga%20el%20paradis%C3%ADaco%20LUNA%20PARK.%20Por%20%C3%93scar%20Humberto%20G%C3%B3mez%20G%C3%B3mez&url=https%3A%2F%2Foscarhumbertogomez.com%2Findex.php%3Frest_route%3D%252Fwp%252Fv2%252Fposts%252F54071\")'><ss style=\"display:block;border-radius:999px;\" class=\"heateorSssSharingSvg heateorSssTwitterSvg\"><\/ss><\/i><\/li><li class=\"heateorSssSharingRound\"><i style=\"width:35px;height:35px;border-radius:999px;\" alt=\"Whatsapp\" Title=\"Whatsapp\" class=\"heateorSssSharing heateorSssWhatsappBackground\" onclick='heateorSssPopup(\"https:\/\/web.whatsapp.com\/send?text=Hoy%20hace%20exactamente%20UN%20SIGLO%20se%20inaugur%C3%B3%20en%20Bucaramanga%20el%20paradis%C3%ADaco%20LUNA%20PARK.%20Por%20%C3%93scar%20Humberto%20G%C3%B3mez%20G%C3%B3mez https%3A%2F%2Foscarhumbertogomez.com%2Findex.php%3Frest_route%3D%252Fwp%252Fv2%252Fposts%252F54071\")'><ss style=\"display:block\" class=\"heateorSssSharingSvg heateorSssWhatsappSvg\"><\/ss><\/i><\/li><li class=\"heateorSssSharingRound\"><i style=\"width:35px;height:35px;border-radius:999px;\" alt=\"Pinterest\" Title=\"Pinterest\" class=\"heateorSssSharing heateorSssPinterestBackground\" onclick=\"javascript:void( (function() {var e=document.createElement('script' );e.setAttribute('type','text\/javascript' );e.setAttribute('charset','UTF-8' );e.setAttribute('src','\/\/assets.pinterest.com\/js\/pinmarklet.js?r='+Math.random()*99999999);document.body.appendChild(e)})());\"><ss style=\"display:block;border-radius:999px;\" class=\"heateorSssSharingSvg heateorSssPinterestSvg\"><\/ss><\/i><\/li><li class=\"heateorSssSharingRound\"><i style=\"width:35px;height:35px;border-radius:999px;\" alt=\"Google Gmail\" Title=\"Google Gmail\" class=\"heateorSssSharing heateorSssGoogleGmailBackground\" onclick='heateorSssPopup(\"https:\/\/mail.google.com\/mail\/?ui=2&view=cm&fs=1&tf=1&su=Hoy%20hace%20exactamente%20UN%20SIGLO%20se%20inaugur%C3%B3%20en%20Bucaramanga%20el%20paradis%C3%ADaco%20LUNA%20PARK.%20Por%20%C3%93scar%20Humberto%20G%C3%B3mez%20G%C3%B3mez&body=Link:https%3A%2F%2Foscarhumbertogomez.com%2Findex.php%3Frest_route%3D%252Fwp%252Fv2%252Fposts%252F54071\")'><ss style=\"display:block;border-radius:999px;\" class=\"heateorSssSharingSvg heateorSssGoogleGmailSvg\"><\/ss><\/i><\/li><li class=\"heateorSssSharingRound\"><i style=\"width:35px;height:35px;border-radius:999px;\" title=\"More\" alt=\"More\" class=\"heateorSssSharing heateorSssMoreBackground\" onclick=\"heateorSssMoreSharingPopup(this, 'https:\/\/oscarhumbertogomez.com\/index.php?rest_route=%2Fwp%2Fv2%2Fposts%2F54071', 'Hoy%20hace%20exactamente%20UN%20SIGLO%20se%20inaugur%C3%B3%20en%20Bucaramanga%20el%20paradis%C3%ADaco%20LUNA%20PARK.%20Por%20%C3%93scar%20Humberto%20G%C3%B3mez%20G%C3%B3mez', '' )\" ><ss style=\"display:block\" class=\"heateorSssSharingSvg heateorSssMoreSvg\"><\/ss><\/i><\/li><\/ul><div class=\"heateorSssClear\"><\/div><\/div><div class='heateorSssClear'><\/div>","protected":false},"author":2,"featured_media":0,"comment_status":"closed","ping_status":"closed","sticky":false,"template":"","format":"standard","meta":{"spay_email":"","footnotes":""},"categories":[18,12],"tags":[],"class_list":["post-54071","post","type-post","status-publish","format-standard","hentry","category-ecologia","category-historia"],"jetpack_featured_media_url":"","jetpack_shortlink":"https:\/\/wp.me\/p1FYrr-e47","_links":{"self":[{"href":"https:\/\/oscarhumbertogomez.com\/index.php?rest_route=\/wp\/v2\/posts\/54071","targetHints":{"allow":["GET"]}}],"collection":[{"href":"https:\/\/oscarhumbertogomez.com\/index.php?rest_route=\/wp\/v2\/posts"}],"about":[{"href":"https:\/\/oscarhumbertogomez.com\/index.php?rest_route=\/wp\/v2\/types\/post"}],"author":[{"embeddable":true,"href":"https:\/\/oscarhumbertogomez.com\/index.php?rest_route=\/wp\/v2\/users\/2"}],"replies":[{"embeddable":true,"href":"https:\/\/oscarhumbertogomez.com\/index.php?rest_route=%2Fwp%2Fv2%2Fcomments&post=54071"}],"version-history":[{"count":5,"href":"https:\/\/oscarhumbertogomez.com\/index.php?rest_route=\/wp\/v2\/posts\/54071\/revisions"}],"predecessor-version":[{"id":54101,"href":"https:\/\/oscarhumbertogomez.com\/index.php?rest_route=\/wp\/v2\/posts\/54071\/revisions\/54101"}],"wp:attachment":[{"href":"https:\/\/oscarhumbertogomez.com\/index.php?rest_route=%2Fwp%2Fv2%2Fmedia&parent=54071"}],"wp:term":[{"taxonomy":"category","embeddable":true,"href":"https:\/\/oscarhumbertogomez.com\/index.php?rest_route=%2Fwp%2Fv2%2Fcategories&post=54071"},{"taxonomy":"post_tag","embeddable":true,"href":"https:\/\/oscarhumbertogomez.com\/index.php?rest_route=%2Fwp%2Fv2%2Ftags&post=54071"}],"curies":[{"name":"wp","href":"https:\/\/api.w.org\/{rel}","templated":true}]}}