{"id":54117,"date":"2025-07-20T14:46:47","date_gmt":"2025-07-20T19:46:47","guid":{"rendered":"https:\/\/oscarhumbertogomez.com\/?p=54117"},"modified":"2025-07-22T20:09:52","modified_gmt":"2025-07-23T01:09:52","slug":"carbonell-por-oscar-humberto-gomez-gomez-3","status":"publish","type":"post","link":"https:\/\/oscarhumbertogomez.com\/?p=54117","title":{"rendered":"CARBONELL. Por \u00d3scar Humberto G\u00f3mez G\u00f3mez"},"content":{"rendered":"<p><img loading=\"lazy\" decoding=\"async\" class=\"aligncenter size-full wp-image-42529\" src=\"https:\/\/oscarhumbertogomez.com\/wp-content\/uploads\/2022\/07\/Carbonell.jpeg\" alt=\"\" width=\"193\" height=\"262\"><\/p>\n<p>&nbsp;<\/p>\n<p>Aunque la historia oficial lo mantuvo por a\u00f1os y a\u00f1os relegado al m\u00e1s completo olvido, y ni en las escuelas, ni en los colegios se ense\u00f1\u00f3 absolutamente nada acerca de \u00e9l en las clases de Historia Patria, el pr\u00f3cer bogotano Jos\u00e9 Mar\u00eda Carbonell fue sin duda el verdadero protagonista central de aquel 20 de julio de 1810 que hoy celebramos como el D\u00eda de la Independencia.<\/p>\n<p>&nbsp;<\/p>\n<p><img loading=\"lazy\" decoding=\"async\" class=\"aligncenter size-full wp-image-42529\" src=\"https:\/\/oscarhumbertogomez.com\/wp-content\/uploads\/2022\/07\/Carbonell.jpeg\" alt=\"\" width=\"193\" height=\"262\"><\/p>\n<p>&nbsp;<\/p>\n<p>Y es que lo que vino a saberse con el paso del tiempo fue que aquel tumultuoso levantamiento del mediod\u00eda que hab\u00edan desencadenado los del florero de Llorente (que, dicho sea de paso, tampoco ha debido llamarse as\u00ed, sino el florero de Gonz\u00e1lez) ya agonizaba cuando ca\u00eda la tarde, pues la inmensa mayor\u00eda de los presentes se hab\u00eda marchado para sus lugares de residencia o se aprestaban a hacerlo mientras que los dirigentes criollos trataban infructuosamente de disuadirlos para que se quedaran.<\/p>\n<p>&nbsp;<\/p>\n<p><img loading=\"lazy\" decoding=\"async\" class=\"aligncenter size-full wp-image-42529\" src=\"https:\/\/oscarhumbertogomez.com\/wp-content\/uploads\/2022\/07\/Carbonell.jpeg\" alt=\"\" width=\"193\" height=\"262\"><\/p>\n<p>&nbsp;<\/p>\n<p>Fue, entonces, cuando hacia las siete de la noche, hora para la cual el levantamiento ya iba encaminado hacia el fracaso, hizo su aparici\u00f3n Carbonell.<\/p>\n<p>&nbsp;<\/p>\n<p><img loading=\"lazy\" decoding=\"async\" class=\"aligncenter size-full wp-image-42529\" src=\"https:\/\/oscarhumbertogomez.com\/wp-content\/uploads\/2022\/07\/Carbonell.jpeg\" alt=\"\" width=\"193\" height=\"262\"><\/p>\n<p>&nbsp;<\/p>\n<p>El joven bogotano se hab\u00eda dedicado durante la tarde a un intenso trabajo pol\u00edtico en los barrios San Victorino, Egipto, Bel\u00e9n y Las Cruces, actividad gracias a la cual hab\u00eda convencido al pueblo de todos aquellos sectores humildes de que hab\u00eda llegado para ellos la hora de la Independencia.<\/p>\n<p>&nbsp;<\/p>\n<p><img loading=\"lazy\" decoding=\"async\" class=\"aligncenter size-full wp-image-42529\" src=\"https:\/\/oscarhumbertogomez.com\/wp-content\/uploads\/2022\/07\/Carbonell.jpeg\" alt=\"\" width=\"193\" height=\"262\"><\/p>\n<p>&nbsp;<\/p>\n<p>Cuando se aproximaban las siete de la noche, pues, Carbonell, al frente de una multitud proveniente de esos barrios, calculada en casi la mitad de la poblaci\u00f3n de la Bogot\u00e1 de entonces, revivi\u00f3 el movimiento popular ya moribundo y, entonces, se empez\u00f3 a exigir a gritos lo que hasta ese momento los dirigentes criollos no hab\u00edan exigido: &#8220;\u00a1Cabildo abierto!&#8221;, el desconocimiento del rey Fernando VII, la independencia total respecto de Espa\u00f1a, la creaci\u00f3n de una Junta Popular &#8211; que equival\u00eda al que ser\u00eda el primer Gobierno independiente -, la rendici\u00f3n inmediata de las tropas y la entrega de las armas, y en fin, el inicio de una nueva Rep\u00fablica.<\/p>\n<p>&nbsp;<\/p>\n<p><img loading=\"lazy\" decoding=\"async\" class=\"aligncenter size-full wp-image-42529\" src=\"https:\/\/oscarhumbertogomez.com\/wp-content\/uploads\/2022\/07\/Carbonell.jpeg\" alt=\"\" width=\"193\" height=\"262\"><\/p>\n<p>&nbsp;<\/p>\n<p>No era a eso a lo que aspiraban los dirigentes criollos, ni fue eso lo que buscaron, ni lo que obtuvieron, ni lo que convinieron con el virrey y las autoridades espa\u00f1olas. Ellos lo que quer\u00edan era que se les reconocieran a los espa\u00f1oles de la Espa\u00f1a de ultramar los mismos derechos pol\u00edticos que ten\u00edan los espa\u00f1oles de la Espa\u00f1a peninsular. Por ello, lo que hicieron fue crear una Junta presidida por el propio virrey y con la vicepresidencia, nada m\u00e1s ni nada menos, que del hijo de quien hab\u00eda sido el ponente de la sentencia contra Jos\u00e9 Antonio Gal\u00e1n, redactar un acta en la que se reconoc\u00eda a Fernando VII y al virrey, y poner a salvo los intereses de Espa\u00f1a y, por supuesto, los propios.<\/p>\n<p>&nbsp;<\/p>\n<p><img loading=\"lazy\" decoding=\"async\" class=\"aligncenter size-full wp-image-42529\" src=\"https:\/\/oscarhumbertogomez.com\/wp-content\/uploads\/2022\/07\/Carbonell.jpeg\" alt=\"\" width=\"193\" height=\"262\"><\/p>\n<p>&nbsp;<\/p>\n<p>Despu\u00e9s de aquella noche del 20 de julio de 1810 y de la madrugada del 21, vendr\u00e1 en los d\u00edas siguientes la insistencia de Carbonell en su lucha (algo parecido a lo sucedido con Gal\u00e1n luego de las Capitulaciones y de su incumplimiento por parte de Espa\u00f1a), su persecuci\u00f3n y encarcelamiento por parte de quienes hab\u00edan sido los l\u00edderes del movimiento el 20 de julio (algo similar a lo acontecido con Gal\u00e1n) y, finalmente, ya con el Pacificador Pablo Morillo en el poder, su apresamiento definitivo, su condena a la horca y su ejecuci\u00f3n (19 de junio de 1816) en la Huerta de Jaime, hoy en d\u00eda Plaza de los M\u00e1rtires (algo parecido a lo ocurrido con Gal\u00e1n).<\/p>\n<p>&nbsp;<\/p>\n<p><img loading=\"lazy\" decoding=\"async\" class=\"aligncenter size-full wp-image-42529\" src=\"https:\/\/oscarhumbertogomez.com\/wp-content\/uploads\/2022\/07\/Carbonell.jpeg\" alt=\"\" width=\"193\" height=\"262\"><\/p>\n<p>&nbsp;<\/p>\n<p>Hab\u00eda nacido en 1779 y cursado sus estudios en el Colegio San Bartolom\u00e9.<\/p>\n<p>&nbsp;<\/p>\n<p><img loading=\"lazy\" decoding=\"async\" class=\"aligncenter size-full wp-image-42529\" src=\"https:\/\/oscarhumbertogomez.com\/wp-content\/uploads\/2022\/07\/Carbonell.jpeg\" alt=\"\" width=\"193\" height=\"262\"><\/p>\n<p>&nbsp;<\/p>\n<p>A su muerte ten\u00eda 37 a\u00f1os.<\/p>\n<p>&nbsp;<\/p>\n<p><img loading=\"lazy\" decoding=\"async\" class=\"aligncenter size-full wp-image-42529\" src=\"https:\/\/oscarhumbertogomez.com\/wp-content\/uploads\/2022\/07\/Carbonell.jpeg\" alt=\"\" width=\"193\" height=\"262\"><\/p>\n<p>&nbsp;<\/p>\n<p><strong>ILUSTRACI\u00d3N<\/strong>: Carbonell. Retrato de Jos\u00e9 Mar\u00eda Espinosa. 1845.<\/p>\n<p>&nbsp;<\/p>\n","protected":false},"excerpt":{"rendered":"<p>&nbsp; Aunque la historia oficial lo mantuvo por a\u00f1os y a\u00f1os relegado al m\u00e1s completo olvido, y ni en las escuelas, ni en los colegios se ense\u00f1\u00f3 absolutamente nada acerca de \u00e9l en las clases de Historia Patria, el pr\u00f3cer &hellip; <a href=\"https:\/\/oscarhumbertogomez.com\/?p=54117\">Sigue leyendo <span class=\"meta-nav\">&rarr;<\/span><\/a><\/p>\n<div class='heateorSssClear'><\/div><div  class='heateor_sss_sharing_container heateor_sss_horizontal_sharing' heateor-sss-data-href='https:\/\/oscarhumbertogomez.com\/?p=54117'><div class='heateor_sss_sharing_title' style=\"font-weight:bold\" >\u00a1Gracias por compartirla!<\/div><ul class=\"heateor_sss_sharing_ul\"><li class=\"heateorSssSharingRound\"><i style=\"width:35px;height:35px;border-radius:999px;\" alt=\"Facebook\" Title=\"Facebook\" class=\"heateorSssSharing heateorSssFacebookBackground\" onclick='heateorSssPopup(\"https:\/\/www.facebook.com\/sharer\/sharer.php?u=https%3A%2F%2Foscarhumbertogomez.com%2Findex.php%3Frest_route%3D%252Fwp%252Fv2%252Fposts%252F54117\")'><ss style=\"display:block;border-radius:999px;\" class=\"heateorSssSharingSvg heateorSssFacebookSvg\"><\/ss><\/i><\/li><li class=\"heateorSssSharingRound\"><i style=\"width:35px;height:35px;border-radius:999px;\" alt=\"Twitter\" Title=\"Twitter\" class=\"heateorSssSharing heateorSssTwitterBackground\" onclick='heateorSssPopup(\"http:\/\/twitter.com\/intent\/tweet?text=CARBONELL.%20Por%20%C3%93scar%20Humberto%20G%C3%B3mez%20G%C3%B3mez&url=https%3A%2F%2Foscarhumbertogomez.com%2Findex.php%3Frest_route%3D%252Fwp%252Fv2%252Fposts%252F54117\")'><ss style=\"display:block;border-radius:999px;\" class=\"heateorSssSharingSvg heateorSssTwitterSvg\"><\/ss><\/i><\/li><li class=\"heateorSssSharingRound\"><i style=\"width:35px;height:35px;border-radius:999px;\" alt=\"Whatsapp\" Title=\"Whatsapp\" class=\"heateorSssSharing heateorSssWhatsappBackground\" onclick='heateorSssPopup(\"https:\/\/web.whatsapp.com\/send?text=CARBONELL.%20Por%20%C3%93scar%20Humberto%20G%C3%B3mez%20G%C3%B3mez https%3A%2F%2Foscarhumbertogomez.com%2Findex.php%3Frest_route%3D%252Fwp%252Fv2%252Fposts%252F54117\")'><ss style=\"display:block\" class=\"heateorSssSharingSvg heateorSssWhatsappSvg\"><\/ss><\/i><\/li><li class=\"heateorSssSharingRound\"><i style=\"width:35px;height:35px;border-radius:999px;\" alt=\"Pinterest\" Title=\"Pinterest\" class=\"heateorSssSharing heateorSssPinterestBackground\" onclick=\"javascript:void( (function() {var e=document.createElement('script' );e.setAttribute('type','text\/javascript' );e.setAttribute('charset','UTF-8' );e.setAttribute('src','\/\/assets.pinterest.com\/js\/pinmarklet.js?r='+Math.random()*99999999);document.body.appendChild(e)})());\"><ss style=\"display:block;border-radius:999px;\" class=\"heateorSssSharingSvg heateorSssPinterestSvg\"><\/ss><\/i><\/li><li class=\"heateorSssSharingRound\"><i style=\"width:35px;height:35px;border-radius:999px;\" alt=\"Google Gmail\" Title=\"Google Gmail\" class=\"heateorSssSharing heateorSssGoogleGmailBackground\" onclick='heateorSssPopup(\"https:\/\/mail.google.com\/mail\/?ui=2&view=cm&fs=1&tf=1&su=CARBONELL.%20Por%20%C3%93scar%20Humberto%20G%C3%B3mez%20G%C3%B3mez&body=Link:https%3A%2F%2Foscarhumbertogomez.com%2Findex.php%3Frest_route%3D%252Fwp%252Fv2%252Fposts%252F54117\")'><ss style=\"display:block;border-radius:999px;\" class=\"heateorSssSharingSvg heateorSssGoogleGmailSvg\"><\/ss><\/i><\/li><li class=\"heateorSssSharingRound\"><i style=\"width:35px;height:35px;border-radius:999px;\" title=\"More\" alt=\"More\" class=\"heateorSssSharing heateorSssMoreBackground\" onclick=\"heateorSssMoreSharingPopup(this, 'https:\/\/oscarhumbertogomez.com\/index.php?rest_route=%2Fwp%2Fv2%2Fposts%2F54117', 'CARBONELL.%20Por%20%C3%93scar%20Humberto%20G%C3%B3mez%20G%C3%B3mez', '' )\" ><ss style=\"display:block\" class=\"heateorSssSharingSvg heateorSssMoreSvg\"><\/ss><\/i><\/li><\/ul><div class=\"heateorSssClear\"><\/div><\/div><div class='heateorSssClear'><\/div>","protected":false},"author":2,"featured_media":0,"comment_status":"closed","ping_status":"closed","sticky":false,"template":"","format":"standard","meta":{"spay_email":"","footnotes":""},"categories":[1],"tags":[],"class_list":["post-54117","post","type-post","status-publish","format-standard","hentry","category-blog"],"jetpack_featured_media_url":"","jetpack_shortlink":"https:\/\/wp.me\/p1FYrr-e4R","_links":{"self":[{"href":"https:\/\/oscarhumbertogomez.com\/index.php?rest_route=\/wp\/v2\/posts\/54117","targetHints":{"allow":["GET"]}}],"collection":[{"href":"https:\/\/oscarhumbertogomez.com\/index.php?rest_route=\/wp\/v2\/posts"}],"about":[{"href":"https:\/\/oscarhumbertogomez.com\/index.php?rest_route=\/wp\/v2\/types\/post"}],"author":[{"embeddable":true,"href":"https:\/\/oscarhumbertogomez.com\/index.php?rest_route=\/wp\/v2\/users\/2"}],"replies":[{"embeddable":true,"href":"https:\/\/oscarhumbertogomez.com\/index.php?rest_route=%2Fwp%2Fv2%2Fcomments&post=54117"}],"version-history":[{"count":3,"href":"https:\/\/oscarhumbertogomez.com\/index.php?rest_route=\/wp\/v2\/posts\/54117\/revisions"}],"predecessor-version":[{"id":54176,"href":"https:\/\/oscarhumbertogomez.com\/index.php?rest_route=\/wp\/v2\/posts\/54117\/revisions\/54176"}],"wp:attachment":[{"href":"https:\/\/oscarhumbertogomez.com\/index.php?rest_route=%2Fwp%2Fv2%2Fmedia&parent=54117"}],"wp:term":[{"taxonomy":"category","embeddable":true,"href":"https:\/\/oscarhumbertogomez.com\/index.php?rest_route=%2Fwp%2Fv2%2Fcategories&post=54117"},{"taxonomy":"post_tag","embeddable":true,"href":"https:\/\/oscarhumbertogomez.com\/index.php?rest_route=%2Fwp%2Fv2%2Ftags&post=54117"}],"curies":[{"name":"wp","href":"https:\/\/api.w.org\/{rel}","templated":true}]}}