{"id":54178,"date":"2025-07-23T10:34:42","date_gmt":"2025-07-23T15:34:42","guid":{"rendered":"https:\/\/oscarhumbertogomez.com\/?p=54178"},"modified":"2025-07-23T12:31:18","modified_gmt":"2025-07-23T17:31:18","slug":"emigdio-benitez-por-oscar-humberto-gomez-gomez-2","status":"publish","type":"post","link":"https:\/\/oscarhumbertogomez.com\/?p=54178","title":{"rendered":"EMIGDIO BEN\u00cdTEZ. Por \u00d3scar Humberto G\u00f3mez G\u00f3mez"},"content":{"rendered":"<p><img loading=\"lazy\" decoding=\"async\" class=\"aligncenter size-large wp-image-54156\" src=\"https:\/\/oscarhumbertogomez.com\/wp-content\/uploads\/2025\/07\/Ilustracio\u0301n_sin_ti\u0301tulo-679x1024.png\" alt=\"\" width=\"640\" height=\"965\" srcset=\"https:\/\/oscarhumbertogomez.com\/wp-content\/uploads\/2025\/07\/Ilustracio\u0301n_sin_ti\u0301tulo-679x1024.png 679w, https:\/\/oscarhumbertogomez.com\/wp-content\/uploads\/2025\/07\/Ilustracio\u0301n_sin_ti\u0301tulo-199x300.png 199w, https:\/\/oscarhumbertogomez.com\/wp-content\/uploads\/2025\/07\/Ilustracio\u0301n_sin_ti\u0301tulo-768x1158.png 768w, https:\/\/oscarhumbertogomez.com\/wp-content\/uploads\/2025\/07\/Ilustracio\u0301n_sin_ti\u0301tulo-1018x1536.png 1018w, https:\/\/oscarhumbertogomez.com\/wp-content\/uploads\/2025\/07\/Ilustracio\u0301n_sin_ti\u0301tulo-1358x2048.png 1358w, https:\/\/oscarhumbertogomez.com\/wp-content\/uploads\/2025\/07\/Ilustracio\u0301n_sin_ti\u0301tulo.png 1645w\" sizes=\"auto, (max-width: 640px) 100vw, 640px\" \/><\/p>\n<p>&nbsp;<\/p>\n<p>De Emigdio Ben\u00edtez escuch\u00e9 hablar por primera vez cuando era ni\u00f1o a ra\u00edz de que mis hermanos mayores mencionaban una escuela p\u00fablica que ten\u00eda ese nombre y quedaba ubicada en alg\u00fan lugar de nuestra Bucaramanga natal, la misma donde se hallaba el barrio en el cual viv\u00edamos.<\/p>\n<p>Yo no ten\u00eda la m\u00e1s m\u00ednima idea de qui\u00e9n era este personaje, ni del por qu\u00e9 a una de las escuelas p\u00fablicas situadas en esa todav\u00eda rom\u00e1ntica, sencilla y amable capital santandereana donde jug\u00e1bamos pepas, bail\u00e1bamos el trompo, le\u00edamos cuentos de vaqueros, com\u00edamos melcochas y asist\u00edamos a clases le hab\u00edan puesto su nombre. Tan solo posteriormente, muchos a\u00f1os despu\u00e9s, vine a saber que se trataba de uno de los protagonistas del llamado &#8220;Grito de Independencia&#8221; del 20 de julio de 1810 y firmante de la llamada &#8220;Acta de Independencia&#8221;, suscrita, seg\u00fan me dec\u00edan, luego de un turbulento levantamiento popular que hab\u00eda estallado al mediod\u00eda en la plaza principal de Santaf\u00e9 ante la negativa de un espa\u00f1ol de nombre Jos\u00e9 Gonz\u00e1lez Llorente a prestar un florero que adornar\u00eda la mesa principal del agasajo que se le iba a brindar a un visitador que llegaba y que se llamaba Antonio Villavicencio.<\/p>\n<p>Finalmente me enter\u00e9 de que Emigdio Ben\u00edtez, cuyo segundo apellido era Plata, hab\u00eda llegado a la lejana, g\u00e9lida, brumosa y lluviosa capital del pa\u00eds proveniente de su distante pueblo natal, una viceparroquia cercana al c\u00e1lido y arisco Socorro, aquel Socorro que m\u00e1s tarde ser\u00e1 capital del Estado Soberano de Santander cuando este pa\u00eds adopte el sistema federal; aquel Socorro que posteriormente se convertir\u00e1 en municipio del departamento de Santander cuando se creen los departamentos; aquel Socorro que ser\u00e1 capital de la provincia Comunera, cuando a\u00fan existan las seis provincias de Santander (no &#8220;las ocho&#8221;, como a cierto sector pol\u00edtico se le ocurri\u00f3 empezar a decir hace algunos a\u00f1os, con bandera de ocho estrellas incluida y que todav\u00eda ondea por ah\u00ed en ciertos clubes, en uno que otro edificio p\u00fablico y en el entorno de algunos despistados); aquel mismo Socorro donde diez d\u00edas antes del 20 de julio de 1810 ya hab\u00eda estallado un levantamiento popular contra los abusos espa\u00f1oles y se hab\u00eda suscrito un Acta de Independencia de la que nunca se habla. Levantamiento en el cual tom\u00f3 parte, por supuesto, el joven revolucionario Emigdio Ben\u00edtez.<\/p>\n<p>En memorable discurso pronunciado en la sede de la Academia Colombiana de Historia el 19 de julio de 1956, el respetado historiador socorrano Horacio Rodr\u00edguez Plata rememoraba que el patriota Ben\u00edtez, a quien llama &#8220;maestro de pr\u00f3ceres&#8221;, &#8220;Naci\u00f3 en la viceparroquia de Nuestra Se\u00f1ora de la Salud del P\u00e1ramo, cercana a la ciudad del Socorro, en enero de 1766, y fue el segundo de los hijos del matrimonio del doctor Jos\u00e9 Antonio Benitez y Uribe v de do\u00f1a Teresa Plata y Alvarez, ambos descendientes de gentes hidalgas avecindadas en tierras de Gir\u00f3n y del Socorro y vinculadas a la fundaci\u00f3n de aquellas dos hist\u00f3ricas y populosas villas en los tiempos del virreinato de la Nueva Granada&#8221; (&#8220;Emigdio Ben\u00edtez, maestro de pr\u00f3ceres&#8221;. En: Bolet\u00edn de Historia y Antig\u00fcedades. Volumen XLIII. Bogot\u00e1. 1956. p\u00e1g. 422).<\/p>\n<p>Empero, si se pretende abordar la vida del pr\u00f3cer paramuno Emigdio Ben\u00edtez Plata hay que subrayar de entrada cu\u00e1l fue su posici\u00f3n pol\u00edtica durante los hechos del 20 de julio de 1810 en Santaf\u00e9.<\/p>\n<p>Y es que al relatar los sucesos que dieron nacimiento a la Primera Rep\u00fablica (despectivamente llamada la Patria Boba) suele confundirse el papel de unos con el de otros y entremezclar a todos los personajes involucrados en los acontecimientos como si hubiesen tenido una id\u00e9ntica postura ideol\u00f3gica. Pero no: en el contexto f\u00e1ctico de lo ocurrido, el cual debe incluir no s\u00f3lo el 20 de julio como tal, sino tambi\u00e9n los d\u00edas subsiguientes, la historia oculta pone de presente a quien hurga dentro de ella que en realidad desde el primer d\u00eda, esto es, desde el 20 de julio mismo, hubo dos posiciones claramente antag\u00f3nicas.<\/p>\n<p>Una postura, la conservadora, entendi\u00f3 el movimiento como algo exclusivo de la \u00e9lite criolla en defensa de sus intereses. Esta postura en ning\u00fan momento pretendi\u00f3 desconocer al virrey. Fue esta la posici\u00f3n que termin\u00f3 imponi\u00e9ndose y ello explica el por qu\u00e9 no solo en ninguna parte de la famosa acta se habl\u00f3 de independizarse, y antes por el contrario expresamente se reconoci\u00f3 la autoridad de Fernando S\u00e9ptimo, el rey de Espa\u00f1a (en aquellos momentos prisionero de las tropas francesas que bajo Napole\u00f3n Bonaparte hab\u00edan invadido el territorio espa\u00f1ol), sino que adem\u00e1s como presidente de la Junta Suprema finalmente elegida fue designado nada m\u00e1s ni nada menos que el mism\u00edsimo virrey.<\/p>\n<p>Otra muy distinta, en cambio, fue la posici\u00f3n asumida por un sector radical. Este sector abog\u00f3 desde el comienzo por la independencia y consiguientemente por el derrocamiento y encarcelamiento del virrey. Pues bien: de este sector radical form\u00f3 parte Emigdio Ben\u00edtez.<\/p>\n<p>La celebraci\u00f3n oficial del 20 de julio se ha centrado siempre tan solo en ese d\u00eda, en el 20 de julio de 1810, desechando los significativos hechos acaecidos en los d\u00edas posteriores, principalmente el encarcelamiento del virrey y el confinamiento de la virreina. Pero no: la confrontaci\u00f3n entre las dos posiciones extremas que surgieron aquel mismo d\u00eda del estallido se har\u00e1 tan fuerte durante los d\u00edas subsiguientes, que terminar\u00e1 hasta con el encarcelamiento del mism\u00edsimo Jos\u00e9 Mar\u00eda Carbonell, nada menos que el pr\u00f3cer bogotano que pr\u00e1cticamente salv\u00f3 del fracaso el levantamiento popular del 20 de julio gracias al entusiasta trabajo pol\u00edtico que realiz\u00f3 en los barrios humildes de Bogot\u00e1, como San Victorino, y a su irrupci\u00f3n, al frente de la multitud que hab\u00eda logrado aglutinar en esos sectores populares, en la plaza principal santafere\u00f1a, una plaza donde el fervor inicial del mediod\u00eda, cuando se suscit\u00f3 la premeditada revuelta frente a la casa de Jos\u00e9 Gonz\u00e1lez Llorente, ya hacia el anochecer hab\u00eda deca\u00eddo de manera ostensible, pese a los llamados del orador charale\u00f1o Jos\u00e9 Acevedo y G\u00f3mez a no desfallecer. Valga subrayar que a Carbonell no lo mandan a la c\u00e1rcel las autoridades espa\u00f1olas, sino \u00a1vaya paradoja! las propias autoridades criollas que se han tomado el poder, dicho sea de paso gracias a \u00e9l.<\/p>\n<p>Pero volviendo a nuestro pr\u00f3cer paramuno, hemos de decir que su existencia terminar\u00e1 en el fat\u00eddico 1816, cuando ser\u00e1 fusilado en la Huerta de Jaime (hoy en d\u00eda Plaza de los M\u00e1rtires), en una Santaf\u00e9 otra vez bajo el dominio espa\u00f1ol y sujeta a lo que se conocer\u00e1 en la historia como el R\u00e9gimen del Terror, aquel tenebroso estado de cosas impuesto por el general espa\u00f1ol Pablo Morillo, quien llegar\u00e1 a estas tierras con las claras instrucciones de recuperar la autoridad del rey Fernando S\u00e9ptimo sobre ellas e imponer de nuevo, y por consiguiente, la presencia de las severas autoridades virreinales provenientes de la metr\u00f3poli.<\/p>\n<p>Emigdio Ben\u00edtez habr\u00e1 sido hasta entonces, entre otras cosas, bachiller del Colegio San Bartolom\u00e9, abogado de la Real Audiencia, profesor en el mismo Colegio San Bartolom\u00e9 de pr\u00f3ceres como el general Francisco de Paula Santander, miembro del Congreso de las Provincias Unidas, firmante de la Constituci\u00f3n de Cundinamarca de 1812, gobernador del Socorro y coronel de los ej\u00e9rcitos patriotas.<\/p>\n<p>Cuando est\u00e9 parado frente al pelot\u00f3n de fusilamiento pr\u00f3ximo a recibir la mortal descarga, tendr\u00e1 50 a\u00f1os de edad.<\/p>\n<p>Hay quienes dicen, sin embargo, que en realidad naci\u00f3 mucho despu\u00e9s de 1766 y que por consiguiente en esos momentos ten\u00eda muchos menos.<\/p>\n<p>&nbsp;<\/p>\n<p><strong> \u00c1rea metropolitana de Bucaramanga, mi\u00e9rcoles 23 de julio de 2025 <\/strong><\/p>\n<p>&nbsp;<\/p>\n<p><img loading=\"lazy\" decoding=\"async\" class=\"aligncenter size-large wp-image-54156\" src=\"https:\/\/oscarhumbertogomez.com\/wp-content\/uploads\/2025\/07\/Ilustracio\u0301n_sin_ti\u0301tulo-679x1024.png\" alt=\"\" width=\"640\" height=\"965\" srcset=\"https:\/\/oscarhumbertogomez.com\/wp-content\/uploads\/2025\/07\/Ilustracio\u0301n_sin_ti\u0301tulo-679x1024.png 679w, https:\/\/oscarhumbertogomez.com\/wp-content\/uploads\/2025\/07\/Ilustracio\u0301n_sin_ti\u0301tulo-199x300.png 199w, https:\/\/oscarhumbertogomez.com\/wp-content\/uploads\/2025\/07\/Ilustracio\u0301n_sin_ti\u0301tulo-768x1158.png 768w, https:\/\/oscarhumbertogomez.com\/wp-content\/uploads\/2025\/07\/Ilustracio\u0301n_sin_ti\u0301tulo-1018x1536.png 1018w, https:\/\/oscarhumbertogomez.com\/wp-content\/uploads\/2025\/07\/Ilustracio\u0301n_sin_ti\u0301tulo-1358x2048.png 1358w, https:\/\/oscarhumbertogomez.com\/wp-content\/uploads\/2025\/07\/Ilustracio\u0301n_sin_ti\u0301tulo.png 1645w\" sizes=\"auto, (max-width: 640px) 100vw, 640px\" \/><\/p>\n<p>&nbsp;<\/p>\n<p><strong> AGRADECIMIENTOS <\/strong>: El autor expresa sus agradecimientos al talentoso ilustrador y caricaturista santandereano Pedro Jes\u00fas Vargas Cordero (&#8220;Pietro&#8221;) y al Dr. Adri\u00e1n Serrano Prada, joven y distinguido abogado rosarista santandereano, por su amable y valiosa colaboraci\u00f3n.<\/p>\n<p>&nbsp;<\/p>\n<p><strong>\u00d3SCAR HUMBERTO G\u00d3MEZ G\u00d3MEZ<\/strong>: Miembro de N\u00famero de la Academia de Historia de Santander. Miembro del Colegio Nacional de Periodistas. Credencial nro. 2014026 del CNP. Miembro de la Sociedad de Autores y Compositores de Colombia (SAYCO). Miembro del ilustre y desaparecido Colegio de Abogados de Santander.<\/p>\n<p>&nbsp;<\/p>\n","protected":false},"excerpt":{"rendered":"<p>&nbsp; De Emigdio Ben\u00edtez escuch\u00e9 hablar por primera vez cuando era ni\u00f1o a ra\u00edz de que mis hermanos mayores mencionaban una escuela p\u00fablica que ten\u00eda ese nombre y quedaba ubicada en alg\u00fan lugar de nuestra Bucaramanga natal, la misma donde &hellip; <a href=\"https:\/\/oscarhumbertogomez.com\/?p=54178\">Sigue leyendo <span class=\"meta-nav\">&rarr;<\/span><\/a><\/p>\n<div class='heateorSssClear'><\/div><div  class='heateor_sss_sharing_container heateor_sss_horizontal_sharing' heateor-sss-data-href='https:\/\/oscarhumbertogomez.com\/?p=54178'><div class='heateor_sss_sharing_title' style=\"font-weight:bold\" >\u00a1Gracias por compartirla!<\/div><ul class=\"heateor_sss_sharing_ul\"><li class=\"heateorSssSharingRound\"><i style=\"width:35px;height:35px;border-radius:999px;\" alt=\"Facebook\" Title=\"Facebook\" class=\"heateorSssSharing heateorSssFacebookBackground\" onclick='heateorSssPopup(\"https:\/\/www.facebook.com\/sharer\/sharer.php?u=https%3A%2F%2Foscarhumbertogomez.com%2Findex.php%3Frest_route%3D%252Fwp%252Fv2%252Fposts%252F54178\")'><ss style=\"display:block;border-radius:999px;\" class=\"heateorSssSharingSvg heateorSssFacebookSvg\"><\/ss><\/i><\/li><li class=\"heateorSssSharingRound\"><i style=\"width:35px;height:35px;border-radius:999px;\" alt=\"Twitter\" Title=\"Twitter\" class=\"heateorSssSharing heateorSssTwitterBackground\" onclick='heateorSssPopup(\"http:\/\/twitter.com\/intent\/tweet?text=EMIGDIO%20BEN%C3%8DTEZ.%20Por%20%C3%93scar%20Humberto%20G%C3%B3mez%20G%C3%B3mez&url=https%3A%2F%2Foscarhumbertogomez.com%2Findex.php%3Frest_route%3D%252Fwp%252Fv2%252Fposts%252F54178\")'><ss style=\"display:block;border-radius:999px;\" class=\"heateorSssSharingSvg heateorSssTwitterSvg\"><\/ss><\/i><\/li><li class=\"heateorSssSharingRound\"><i style=\"width:35px;height:35px;border-radius:999px;\" alt=\"Whatsapp\" Title=\"Whatsapp\" class=\"heateorSssSharing heateorSssWhatsappBackground\" onclick='heateorSssPopup(\"https:\/\/web.whatsapp.com\/send?text=EMIGDIO%20BEN%C3%8DTEZ.%20Por%20%C3%93scar%20Humberto%20G%C3%B3mez%20G%C3%B3mez https%3A%2F%2Foscarhumbertogomez.com%2Findex.php%3Frest_route%3D%252Fwp%252Fv2%252Fposts%252F54178\")'><ss style=\"display:block\" class=\"heateorSssSharingSvg heateorSssWhatsappSvg\"><\/ss><\/i><\/li><li class=\"heateorSssSharingRound\"><i style=\"width:35px;height:35px;border-radius:999px;\" alt=\"Pinterest\" Title=\"Pinterest\" class=\"heateorSssSharing heateorSssPinterestBackground\" onclick=\"javascript:void( (function() {var e=document.createElement('script' );e.setAttribute('type','text\/javascript' );e.setAttribute('charset','UTF-8' );e.setAttribute('src','\/\/assets.pinterest.com\/js\/pinmarklet.js?r='+Math.random()*99999999);document.body.appendChild(e)})());\"><ss style=\"display:block;border-radius:999px;\" class=\"heateorSssSharingSvg heateorSssPinterestSvg\"><\/ss><\/i><\/li><li class=\"heateorSssSharingRound\"><i style=\"width:35px;height:35px;border-radius:999px;\" alt=\"Google Gmail\" Title=\"Google Gmail\" class=\"heateorSssSharing heateorSssGoogleGmailBackground\" onclick='heateorSssPopup(\"https:\/\/mail.google.com\/mail\/?ui=2&view=cm&fs=1&tf=1&su=EMIGDIO%20BEN%C3%8DTEZ.%20Por%20%C3%93scar%20Humberto%20G%C3%B3mez%20G%C3%B3mez&body=Link:https%3A%2F%2Foscarhumbertogomez.com%2Findex.php%3Frest_route%3D%252Fwp%252Fv2%252Fposts%252F54178\")'><ss style=\"display:block;border-radius:999px;\" class=\"heateorSssSharingSvg heateorSssGoogleGmailSvg\"><\/ss><\/i><\/li><li class=\"heateorSssSharingRound\"><i style=\"width:35px;height:35px;border-radius:999px;\" title=\"More\" alt=\"More\" class=\"heateorSssSharing heateorSssMoreBackground\" onclick=\"heateorSssMoreSharingPopup(this, 'https:\/\/oscarhumbertogomez.com\/index.php?rest_route=%2Fwp%2Fv2%2Fposts%2F54178', 'EMIGDIO%20BEN%C3%8DTEZ.%20Por%20%C3%93scar%20Humberto%20G%C3%B3mez%20G%C3%B3mez', '' )\" ><ss style=\"display:block\" class=\"heateorSssSharingSvg heateorSssMoreSvg\"><\/ss><\/i><\/li><\/ul><div class=\"heateorSssClear\"><\/div><\/div><div class='heateorSssClear'><\/div>","protected":false},"author":2,"featured_media":0,"comment_status":"closed","ping_status":"closed","sticky":false,"template":"","format":"standard","meta":{"spay_email":"","footnotes":""},"categories":[1],"tags":[],"class_list":["post-54178","post","type-post","status-publish","format-standard","hentry","category-blog"],"jetpack_featured_media_url":"","jetpack_shortlink":"https:\/\/wp.me\/p1FYrr-e5Q","_links":{"self":[{"href":"https:\/\/oscarhumbertogomez.com\/index.php?rest_route=\/wp\/v2\/posts\/54178","targetHints":{"allow":["GET"]}}],"collection":[{"href":"https:\/\/oscarhumbertogomez.com\/index.php?rest_route=\/wp\/v2\/posts"}],"about":[{"href":"https:\/\/oscarhumbertogomez.com\/index.php?rest_route=\/wp\/v2\/types\/post"}],"author":[{"embeddable":true,"href":"https:\/\/oscarhumbertogomez.com\/index.php?rest_route=\/wp\/v2\/users\/2"}],"replies":[{"embeddable":true,"href":"https:\/\/oscarhumbertogomez.com\/index.php?rest_route=%2Fwp%2Fv2%2Fcomments&post=54178"}],"version-history":[{"count":6,"href":"https:\/\/oscarhumbertogomez.com\/index.php?rest_route=\/wp\/v2\/posts\/54178\/revisions"}],"predecessor-version":[{"id":54191,"href":"https:\/\/oscarhumbertogomez.com\/index.php?rest_route=\/wp\/v2\/posts\/54178\/revisions\/54191"}],"wp:attachment":[{"href":"https:\/\/oscarhumbertogomez.com\/index.php?rest_route=%2Fwp%2Fv2%2Fmedia&parent=54178"}],"wp:term":[{"taxonomy":"category","embeddable":true,"href":"https:\/\/oscarhumbertogomez.com\/index.php?rest_route=%2Fwp%2Fv2%2Fcategories&post=54178"},{"taxonomy":"post_tag","embeddable":true,"href":"https:\/\/oscarhumbertogomez.com\/index.php?rest_route=%2Fwp%2Fv2%2Ftags&post=54178"}],"curies":[{"name":"wp","href":"https:\/\/api.w.org\/{rel}","templated":true}]}}