{"id":54216,"date":"2025-08-03T12:54:22","date_gmt":"2025-08-03T17:54:22","guid":{"rendered":"https:\/\/oscarhumbertogomez.com\/?p=54216"},"modified":"2025-08-04T16:47:06","modified_gmt":"2025-08-04T21:47:06","slug":"los-hechos-de-charala-del-3-y-el-4-de-agosto-de-1819-por-oscar-humberto-gomez-gomez","status":"publish","type":"post","link":"https:\/\/oscarhumbertogomez.com\/?p=54216","title":{"rendered":"LA BATALLA DEL PIENTA. CHARAL\u00c1, 4 DE AGOSTO DE 1819. Por \u00d3scar Humberto G\u00f3mez G\u00f3mez"},"content":{"rendered":"\n<div class=\"wp-block-image\"><figure class=\"aligncenter\"><img loading=\"lazy\" decoding=\"async\" width=\"853\" height=\"445\" src=\"https:\/\/lapiedrafilosofal.com\/wp-content\/uploads\/2019\/08\/puente-pienta-.jpg\" alt=\"\" class=\"wp-image-29935\" srcset=\"https:\/\/oscarhumbertogomez.com\/wp-content\/uploads\/2019\/08\/puente-pienta-.jpg 853w, https:\/\/oscarhumbertogomez.com\/wp-content\/uploads\/2019\/08\/puente-pienta--300x157.jpg 300w, https:\/\/oscarhumbertogomez.com\/wp-content\/uploads\/2019\/08\/puente-pienta--768x401.jpg 768w\" sizes=\"auto, (max-width: 853px) 100vw, 853px\" \/><figcaption>Puente sobre el r\u00edo Pienta. Fotograf\u00eda de 1885. Alcald\u00eda Municipal de Charal\u00e1. <\/figcaption><\/figure><\/div>\n\n\n<p>&nbsp;<\/p>\n<p>El d\u00eda 4 de agosto de 1819, a escasos tres d\u00edas de la batalla de Boyac\u00e1, sucedieron en Charal\u00e1 unos hechos de particular gravedad que de unos a\u00f1os para ac\u00e1 comenzaron a conocerse como &#8220;la batalla del Pienta&#8221;. <\/p>\n<p> Las fuentes documentales hist\u00f3ricas que permiten la reconstrucci\u00f3n de lo acaecido son: i.) la carta de denuncia de los hechos que le dirigi\u00f3 al ya presidente de la Rep\u00fablica Sim\u00f3n Bol\u00edvar el padre p\u00e1rroco de Charal\u00e1 para el d\u00eda de los hechos, presb\u00edtero Pedro Jos\u00e9 de Vargas; ii.) el serm\u00f3n que el mismo sacerdote pronunci\u00f3 en el templo de Charal\u00e1 un a\u00f1o despu\u00e9s de los sucesos; iii.) el informe dirigido al presidente Bol\u00edvar por el abogado Diego Fernando G\u00f3mez, el investigador que el propio Libertador design\u00f3 para que indagara lo sucedido; iv.) el informe militar dirigido por el coronel Lucas Gonz\u00e1lez, gobernador de la provincia del Socorro y comandante de las tropas realistas en el \u00e1rea, al virrey Juan S\u00e1mano; y v.) la carta dirigida por el patriota Fernando Arias Nieto, part\u00edcipe en el combate y sobreviviente de los hechos, a su amigo Joaqu\u00edn G\u00f3mez, documento cuyo casual hallazgo se produjo recientemente, convirti\u00e9ndose en el detonante de la actual celebraci\u00f3n que se lleva a cabo anualmente en Charal\u00e1.  <\/p>\n<p>&nbsp;<\/p>\n\n\n<div class=\"wp-block-image\"><figure class=\"aligncenter\"><img loading=\"lazy\" decoding=\"async\" width=\"960\" height=\"720\" src=\"https:\/\/lapiedrafilosofal.com\/wp-content\/uploads\/2014\/08\/R\u00cdO-PIENTA.jpg\" alt=\"\" class=\"wp-image-13151\" srcset=\"https:\/\/oscarhumbertogomez.com\/wp-content\/uploads\/2014\/08\/R\u00cdO-PIENTA.jpg 960w, https:\/\/oscarhumbertogomez.com\/wp-content\/uploads\/2014\/08\/R\u00cdO-PIENTA-300x225.jpg 300w\" sizes=\"auto, (max-width: 960px) 100vw, 960px\" \/><figcaption>R\u00edo Pienta. Charal\u00e1, Santander.<\/figcaption><\/figure><\/div>\n\n\n<p>&nbsp;<\/p>\n<p>M\u00e1s all\u00e1 de la calificaci\u00f3n que merezcan los acontecimientos, esto es, si lo acaecido se puede denominar batalla o no (ilustres historiadores como Armando Mart\u00ednez Garnica han concluido que no fue una batalla, sino una masacre), y si realmente la ocurrencia de los mismos incidi\u00f3 en la batalla de Boyac\u00e1 o, por el contrario, fue un acontecer local sin conexi\u00f3n con esta (respetados historiadores, entre ellos el mismo Armando Mart\u00ednez Garnica, han concluido lo \u00faltimo), lo cierto es que s\u00ed hubo un combate armado a orillas del r\u00edo Pienta y posterior a \u00e9l una horrorosa matanza dentro del casco urbano de la poblaci\u00f3n. <\/p>\n<p>&nbsp;<\/p>\n<p>Y es que el mismo d\u00eda en que culminaron los hechos, el coronel Lucas Gonz\u00e1lez le remiti\u00f3 un informe al virrey Juan S\u00e1mano, todav\u00eda con asiento en Santaf\u00e9, de donde ya era inminente que lo sacaran corriendo las tropas del Ej\u00e9rcito Libertador.<\/p>\n<p>En su relato el coronel espa\u00f1ol le cuenta al virrey que <\/p>\n<p>\u201c(\u2026) sin demorar la marcha logr\u00e9 caer a las cuatro de la ma\u00f1ana a la inmediaci\u00f3n del puente de este pueblo [Charal\u00e1]. La oscuridad y ning\u00fan conocimiento del terreno para conseguir una sorpresa, me hizo adoptar la medida de apostar al frente del indicado puente una guerrilla de 30 hombres al mando del subteniente (\u2026) y el resto de las dos compa\u00f1\u00edas del mismo cuerpo, con 48 soldados (\u2026) y cinco voluntarios (\u2026) al de los capitanes (\u2026) cubriendo en batalla el camino real, (\u2026). En esta disposici\u00f3n permanec\u00ed hasta aclarar el d\u00eda, (\u2026). (PLATA RODR\u00cdGUEZ, Horacio. La antigua provincia del Socorro y la Independencia. Academia Colombiana de Historia. Bogot\u00e1. 1963. p.p. 454 &#8211; 455. En: MART\u00cdNEZ GARNICA, Armando. Interpretaciones sobre los sucesos del 4 de agosto en Charal\u00e1. Revista Estudio. No. 346. Academia de Historia de Santander. p. 111).<\/p>\n<p>A continuaci\u00f3n, el coronel realista dice que las tropas charale\u00f1as reconocieron su posici\u00f3n y, entonces,<\/p>\n<p>&#8220;(\u2026) dieron principio a un fuego viv\u00edsimo, pero en vano sus ideas, porque al cuarto de hora despu\u00e9s de observ\u00e1rseles su cobard\u00eda, hice romper un fuego graneado lento y (\u2026) orden\u00e9 (\u2026) se dirigieran a la bayoneta a desalojarlos de sus fuertes. Este movimiento se verific\u00f3 con la mayor celeridad e intrepidez por nuestros valientes soldados que (\u2026) los pusieron en completa dispersi\u00f3n en menos de 10 minutos (\u2026)&#8221;. (loc. cit., p. 112).<\/p>\n<p>En seguida, Lucas Gonz\u00e1lez relata que sus enemigos la emprendieron &#8220;por todas las calles en uni\u00f3n del indecible n\u00famero de habitantes lanceros, que unos y otros, enteramente derrotados (\u2026) en esta jornada perdieron m\u00e1s de cien hombres muertos (sic), (\u2026) 26 armas de fuego con sus trabucos, 40 lanzas, 8 espadas y sables, una bandera, un estandarte, una caja de guerra, caj\u00f3n y medio de municiones,(\u2026). De nuestra parte tuvimos cinco heridos y un contuso (\u2026), contribuyendo mucho a esta gloria los se\u00f1ores oficiales y el teniente (\u2026), que con su buen acierto, valor y serenidad, condujeron los bizarros soldados a la victoria.<br>\n(\u2026)<\/p>\n<p>Este pueblo, que conoci\u00f3 su desastre y ha experimentado parte del rigor de la ley, a las tres horas de la acci\u00f3n se ha presentado m\u00e1s de la mitad implorando perd\u00f3n (\u2026), y animado de los sentimientos de la humanidad lo he indultado, exceptuando \u00fanicamente los caudillos (sic) (que) servir\u00e1n de arrepentimiento a los dem\u00e1s que han gritado la independencia.<\/p>\n<p>(\u2026) <\/p>\n<p>Dios guarde a V.E. muchos a\u00f1os.<\/p>\n<p>Charal\u00e1, 4 de agosto de 1819.<\/p>\n<p>Excelent\u00edsimo se\u00f1or,<\/p>\n<p>Lucas Gonz\u00e1lez&#8221; (ob. cit., p. 112). <\/p>\n<p>(\u2026)&#8221;. <\/p>\n<p>&nbsp;<\/p>\n\n\n<div class=\"wp-block-image\"><figure class=\"aligncenter\"><img loading=\"lazy\" decoding=\"async\" width=\"853\" height=\"445\" src=\"https:\/\/lapiedrafilosofal.com\/wp-content\/uploads\/2019\/08\/puente-pienta-.jpg\" alt=\"\" class=\"wp-image-29935\" srcset=\"https:\/\/oscarhumbertogomez.com\/wp-content\/uploads\/2019\/08\/puente-pienta-.jpg 853w, https:\/\/oscarhumbertogomez.com\/wp-content\/uploads\/2019\/08\/puente-pienta--300x157.jpg 300w, https:\/\/oscarhumbertogomez.com\/wp-content\/uploads\/2019\/08\/puente-pienta--768x401.jpg 768w\" sizes=\"auto, (max-width: 853px) 100vw, 853px\" \/><figcaption>Puente sobre el r\u00edo Pienta. Fotograf\u00eda de 1885. Alcald\u00eda Municipal de Charal\u00e1. <\/figcaption><\/figure><\/div>\n\n\n<p>&nbsp;<\/p>\n<p>La carta de Fernando Arias Nieto a Joaqu\u00edn G\u00f3mez est\u00e1 calendada en la Capellan\u00eda de Riachuelo el 29 de agosto de 1819 y dice en lo pertinente as\u00ed:\n<\/p>\n<p>\u201cAl aclarar el d\u00eda 4 de agosto, permitiendo la luz la vista del enemigo, rompimos fuego sobre ellos, produci\u00e9ndoles las primeras muertes. Igualmente las tropas de Lucas Gonz\u00e1lez prorrumpieron en fuego vivo y sostenido contra nosotros (\u2026). As\u00ed permanecimos un buen rato, pero ocurri\u00f3 que (\u2026) doce o quince lanceros de la tropa de Coromoro (\u2026) quisieron atacar de frente tratando de pasar el puente a la carrera (\u2026). Los desgraciados cayeron a la poca distancia de nuestra posici\u00f3n bajo el fuego nutrido y certero de las balas enemigas (\u2026). Don Fernando Santos romp\u00eda su garganta a gritos, dando \u00f3rdenes, tratando de mantener la disciplina para dirigir a sus hombres con orden y poder tener fuego preciso contra las tropas realistas; igual lo hac\u00eda el coronel Morales y los dem\u00e1s comandantes.<\/p>\n<p>En tanto se ven\u00edan movimientos de tropa al otro lado y se previno a los nuestros de una arremetida para atacarnos cruzando el puente, eso en opini\u00f3n del coronel Morales iba a ocurrir a fuego y a la bayoneta, por lo que se extremaron precauciones y se daban \u00f3rdenes para su contenci\u00f3n\u201d.<\/p>\n<p>(\u2026)<\/p>\n<p>\u201cTal era el estado de malestar y alteraci\u00f3n de algunos comandantes, como don Juan Mart\u00edn de Amaya y don Tadeo Rojas, que le reclamaron al coronel Morales la decisi\u00f3n de no haber tomado las medidas y precauciones necesarias que se le dijeron, sabiendo de la gravedad que precisaba con anterioridad la venida de Lucas Gonz\u00e1lez a Charal\u00e1, pues en ocasiones se le vio m\u00e1s pl\u00e1cidamente con una fulana en galanter\u00edas y ofrecimientos a su persona, dejando en manos de sus subalternos las decisiones que le eran consultadas, que enfrentar las circunstancias con la seriedad inevitable, (\u2026) en la hora verdadera del enfrentamiento se le vio un poco indeciso (\u2026), y as\u00ed fue que una vez vino la arremetida de las tropas espa\u00f1olas, que arreciaron sus disparos en forma nutrida contra nuestras posiciones, mientras un buen n\u00famero de sus soldados con sus fusiles prestos y a la bayoneta, aboc\u00f3 el puente, logrando cruzarlo, aunque con algunas bajas que se les causaron, no siendo suficiente para atajarlos, (\u2026) muchos de los nuestros cayeron en el camino y en los montes donde se atrincheraban, defendiendo su posici\u00f3n, logrando por momentos contener la arremetida, a pesar del fuego graneado y vivo del enemigo en nuestra contra. La indecisi\u00f3n del coronel Morales arrastr\u00f3 a los hombres, pues viendo que este apresur\u00f3 su regreso al pueblo, los dem\u00e1s (\u2026) lo siguieron enseguida (\u2026). Los \u00fanicos que resistieron fueron los de Ocamonte, Encino y Riachuelo, mientras que los dem\u00e1s pasaban y se reagrupaban en las primeras casas. Estos bizarros disparaban desde los altos y laderas con sus escopetas, lanzando piedras con la mano y con las hondas, y algunas que vi ten\u00edan y se fabricaron por alg\u00fan diestro artesano, pero muy pocas y que se disparaban sin ning\u00fan tino; estos, que estaban a descubierto, ca\u00edan atravesados inmisericordemente por las balas, a la bayoneta y por los sables y las espadas. Supe, porque me lo cont\u00f3 despu\u00e9s don Fernando Santos, que el coronel Morales hab\u00eda manifestado realizar la nueva defensa en las primeras casas a la entrada del pueblo para emboscar y contener a los godos (\u2026), se parapetaron en la boca calle real, y aguantaron hasta donde m\u00e1s pudieron, logrando parar un buen rato a los soldados (\u2026), decid\u00ed volver a mi hogar y prevenir a mi familia, logr\u00e9 llegar presuroso a mi casa y dispuse sin demora alguna que mis hijos y mi adorada Elvira (\u2026) salieran en sus monturas al instante rumbo a Riachuelo (\u2026), me volv\u00ed y me aprest\u00e9 a la defensa, llamando al orden y la disciplina a los hombres (\u2026), de inmediato acudimos por las calles sobre la salida del camino real y apoyamos a aquellos que defend\u00edan con su vida sus posiciones, deteniendo por momentos semejante embestida (\u2026), los godos se nos met\u00edan por las casas, los costados y los solares aleda\u00f1os, haci\u00e9ndonos retroceder cuadra por cuadra; as\u00ed como mat\u00e1bamos cada soldado, eran m\u00e1s los que ca\u00edan de los nuestros por la falta de armas de fuego, la pericia en su manejo, la diligencia y la rapidez en cargar los fusiles, pistolas, escopetas y trabucos, la falta de disciplina, el orden y el o\u00eddo para acatar las \u00f3rdenes. Vi que algunos de los paisanos que se rend\u00edan eran de inmediato atravesados sus cuerpos a bayoneta o espada sin misericordia, no hubo piedad con mujeres y (sic) ni\u00f1os, pues estas pobres desgraciadas eran atropelladas en su dignidad y luego asesinadas; (\u2026) unos j\u00f3venes valerosos que no pasaban de los diecis\u00e9is a\u00f1os, que defend\u00edan con bizarr\u00eda su posici\u00f3n con sus lanzas, fueron apresados y de inmediato sin miramiento alguno decapitados; en definitiva, el desorden para la defensa era uno solo, cada quien atacaba de puro coraz\u00f3n (\u2026). Quise saber sobre el coronel Morales y me fue informado que hab\u00eda recogido a la fulana y junto con sus soldados ganaban la v\u00eda presurosos hacia Cincelada\u201d.<\/p>\n<p>(\u2026)<\/p>\n<p>\u201cMientras tanto los que quedamos quisimos enfrentar a los enemigos de donde fuera, desde los balcones, ventanas, esquinas, quicios, detr\u00e1s de los \u00e1rboles, y desde all\u00ed se hac\u00eda fuego contra los godos, se les enfrentaba con las lanzas, se les arrojaba piedra, palos, cada vez m\u00e1s nuestra defensa era destrozada y los hombres ca\u00edan por doquier, (\u2026) solo escuch\u00e1bamos gritos y llanto desgarradores de hombres, mujeres y j\u00f3venes, que eran inmediatamente asesinados. Paramos, y lo que vi desde la esquina de la calle del cementerio fue a los soldados entrar por la fuerza a la iglesia y casa del cura; hab\u00edan dejado tras de s\u00ed gran cantidad de muertos.<\/p>\n<p>Los soldados estaban por todas partes y se acercaban a donde yo estaba con unos diez m\u00e1s, escuch\u00e9 unos disparos de nuestro lado que mataron dos de los que ven\u00edan hacia nosotros (\u2026). Apenas dimos la vuelta a la esquina, fui a dar (\u2026) por el impulso que llevaba, contra las puertas del cementerio que estaban entreabiertas; sin pensarlo segu\u00ed corriendo hacia adentro y sin que los dem\u00e1s se vinieran conmigo, (\u2026) y no supe m\u00e1s de ellos. No s\u00e9 qu\u00e9 \u00e1ngel me protegi\u00f3, porque los soldados continuaron detr\u00e1s de mis compa\u00f1eros y no se percataron m\u00e1s de m\u00ed; (\u2026); tan solo escuchaba gritos y disparos lejanos. (\u2026) all\u00ed permanec\u00ed el resto del d\u00eda escuchando disparos a lo lejos (\u2026); lleg\u00f3 la noche y no me atrev\u00ed a salir por temor (\u2026)\u201d. (CANO AMAYA, \u00c9dgar. En nombre de la libertad. Charal\u00e1: la batalla del 4 de agosto de 1819. Testimonio de un sobreviviente. 2008. Anexo). <\/p>\n<p>&nbsp;<\/p>\n\n\n<div class=\"wp-block-image\"><figure class=\"aligncenter\"><img loading=\"lazy\" decoding=\"async\" width=\"960\" height=\"720\" src=\"https:\/\/lapiedrafilosofal.com\/wp-content\/uploads\/2014\/08\/R\u00cdO-PIENTA.jpg\" alt=\"\" class=\"wp-image-13151\" srcset=\"https:\/\/oscarhumbertogomez.com\/wp-content\/uploads\/2014\/08\/R\u00cdO-PIENTA.jpg 960w, https:\/\/oscarhumbertogomez.com\/wp-content\/uploads\/2014\/08\/R\u00cdO-PIENTA-300x225.jpg 300w\" sizes=\"auto, (max-width: 960px) 100vw, 960px\" \/><figcaption>R\u00edo Pienta. Charal\u00e1, Santander.<\/figcaption><\/figure><\/div>\n\n\n<p>&nbsp;<\/p>\n<p>El cura de Charal\u00e1, presb\u00edtero Pedro Jos\u00e9 de Vargas, hablando desde el p\u00falpito, dirigi\u00f3 un extenso serm\u00f3n a su feligres\u00eda, al a\u00f1o siguiente de los hechos (6 de febrero de 1820), y en lo pertinente dijo lo que a continuaci\u00f3n copio de manera literal:<\/p>\n<p>(\u2026)<\/p>\n<p>\u201cMe parece en vano cansar vuestra atenci\u00f3n en repetiros los horrores que vosotros mismos fuisteis espectadores y testigos oculares, d<em><strong>e los asesinatos y robos generales que los decantados pacificadores de nuestro suelo cometieron el aciago 4 de agosto \u00faltimo<\/strong><\/em> [1819]. Acordaos de m\u00e1s de cincuenta asesinatos de infelices inocentes que cometieron en este santo templo. Aquel d\u00eda aquella tropa de peninsulares, africanos y esclavos de nuestro suelo, estimulados con el sebo y licencia del saqueo, estupro, adulterio, fornicaci\u00f3n y asesinatos, sin respetar lo m\u00e1s sagrado, ni al individuo m\u00e1s inocente. (sic) Acordaos de todos los que asesinaban en este santo templo. El delito que cometieron fue estar oyendo misa, cumpliendo con el precepto de la santificaci\u00f3n del d\u00eda de fiesta. Fuera de que <em><strong>los que asesinaron por las calles, casas, arrabales y plaza, fue sin excepci\u00f3n de sexo, edad, e incapaces de opini\u00f3n<\/strong><\/em>. Todo el empe\u00f1o de estos tigres fue concluir con la humanidad y robarse no solo las propiedades de sus habitantes, sino tambi\u00e9n los bienes y alhajas destinadas y consagradas para el servicio y culto de Dios\u201d.<\/p>\n<p>(Archivo General de la Naci\u00f3n. Colecci\u00f3n Enrique Ortega Ricaurte. Serie Oratoria Sagrada. Caja 184, carpeta 675, folios 129r &#8211; 134v. En: MART\u00cdNEZ GARNICA, Armando, loc. cit., p.p. 143 &#8211; 144. Negrita y cursiva fuera de texto).<\/p>\n<p>&nbsp;<\/p>\n\n\n<div class=\"wp-block-image\"><figure class=\"aligncenter\"><img loading=\"lazy\" decoding=\"async\" width=\"853\" height=\"445\" src=\"https:\/\/lapiedrafilosofal.com\/wp-content\/uploads\/2019\/08\/puente-pienta-.jpg\" alt=\"\" class=\"wp-image-29935\" srcset=\"https:\/\/oscarhumbertogomez.com\/wp-content\/uploads\/2019\/08\/puente-pienta-.jpg 853w, https:\/\/oscarhumbertogomez.com\/wp-content\/uploads\/2019\/08\/puente-pienta--300x157.jpg 300w, https:\/\/oscarhumbertogomez.com\/wp-content\/uploads\/2019\/08\/puente-pienta--768x401.jpg 768w\" sizes=\"auto, (max-width: 853px) 100vw, 853px\" \/><figcaption>Puente sobre el r\u00edo Pienta. Fotograf\u00eda de 1885. Alcald\u00eda Municipal de Charal\u00e1. <\/figcaption><\/figure><\/div>\n\n\n<p>&nbsp;<\/p>\n<p>El siguiente es, en lo pertinente, el texto del informe del doctor Diego Fernando G\u00f3mez al Libertador Sim\u00f3n Bol\u00edvar, una vez realiz\u00f3 las correspondientes pesquisas:<\/p>\n<p><\/p>\n<p>\u201cExcelent\u00edsimo se\u00f1or presidente de la Rep\u00fablica.<\/p>\n<p>La representaci\u00f3n del Doctor Pedro Jos\u00e9 de Vargas, cura de Charal\u00e1, que devuelvo y sobre que paso a informar, en cumplimiento del superior decreto de V.E. fecha 9 del corriente [septiembre], se reduce a tres puntos esenciales: 1\u00ba Sobre la conducta militar y pol\u00edtica del se\u00f1or coronel Morales, comandante general de esta provincia; 2\u00ba Sobre los excesos, robos y asesinatos cometidos en aquella poblaci\u00f3n por la ferocidad del caudillo Gonz\u00e1lez y sus tropas, <em><strong>despu\u00e9s de la jornada del 4 de agosto<\/strong><\/em>; y 3\u00ba Sobre la dilapidaci\u00f3n que se supone del bot\u00edn aprehendido a los enemigos.<\/p>\n<p>Respecto del primer punto (\u2026) he procurado informarme de los mismos oficiales, y personas particulares que pudieron hallarse en Charal\u00e1, y resultan contestes en que <em><strong>se tomaron todas las medidas y precauciones posibles para defender aquel pueblo, y que solo la superioridad de disciplina en las tropas veteranas del enemigo, pudieron hacerles ganar una ventaja sobre las nuestras, compuestas casi en su totalidad de las guerrillas y gente colecticia<\/strong><\/em>. (\u2026)&#8221;.<\/p>\n<p>.<\/p>\n<p>(Archivo General de la Naci\u00f3n. Secci\u00f3n Archivo Anexo. Fondo Historia. Tomo 26, folios 590r a 593v. En: MART\u00cdNEZ GARNICA, Armando. Interpretaciones sobre los sucesos del 4 de agosto en Charal\u00e1. Revista Estudio. No. 346. Academia de Historia de Santander, p. 137 &#8211; 139. Negrita y subrayado fuera de texto)<\/p>\n<p>&nbsp;<\/p>\n<p>El sacerdote Pedro Jos\u00e9 de Vargas, cura p\u00e1rroco de Charal\u00e1 \u2014quien, conforme se observar\u00e1 enseguida, por infortunio no gozaba precisamente de una muy buena redacci\u00f3n, por lo cual entender lo que escribe se torna un tanto dif\u00edcil\u2014, en su carta al general Sim\u00f3n Bol\u00edvar, para ese momento ya presidente de la Rep\u00fablica, le relat\u00f3 lo sucedido en los siguientes t\u00e9rminos:<\/p>\n<p>(\u2026)<\/p>\n<p>\u201cExcelent\u00edsimo se\u00f1or.<\/p>\n<p>(\u2026) dirijo el presente informe de <em><strong>lo acaecido en este infeliz pueblo el 4 del \u00faltimo agosto<\/strong><\/em>. El veinte y siete del \u00faltimo julio se presentaron en esta los ciudadanos coronel Antonio Morales, y comandante de guerrilla Fernando Santos, con cosa de 100 hombres de pelot\u00f3n, que traer\u00edan como 50 fusiles, como 40 lanzas y chuzos de ca\u00f1a brava. Convocaron todo el vecindario y los dem\u00e1s pueblos que la rodean, se juntaron como 800 hombres desarmados. <em><strong>No dieron medidas ningunas de defensa en los ocho d\u00edas que mediaron hasta el 4 de agosto<\/strong><\/em> (&#8230;), hasta que se aproximaron las tropas del coronel Carrillo, las que habiendo tomado la capital del Socorro y cortado la correspondencia <em><strong>del gobernador Gonz\u00e1lez<\/strong><\/em>, y la guarnici\u00f3n y capuchinos <em><strong>que hab\u00eda dejado en Simacota custodiando el bot\u00edn, o saqueo de este pueblo, que hizo el 4 de agosto<\/strong><\/em>, no dejando ni a\u00fan el relicario de administrar el vi\u00e1tico, ni las ropas, ni joyas de los santos, ni aun siquiera mi sotana, despu\u00e9s de matar dentro de la iglesia, en el altozano, sacrist\u00eda y cementerio, a m\u00e1s de 50 infelices que estaban en misa, fuera de varias mujeres y ni\u00f1os, que llegar\u00edan por todos al n\u00famero de 300, poco m\u00e1s o menos, pues las calles y casas quedaron cubiertas de cad\u00e1veres despedazados, que fueron todos pasto de los cerdos y perros, por haber prohibido se sepultaran. (&#8230;)\u201d.<\/p>\n<p>(Archivo General de la Naci\u00f3n. Secci\u00f3n Archivo Anexo. Fondo Historia. Tomo 26, folios 589 r-v y 594 r-v. En: MART\u00cdNEZ GARNICA, Armando, loc. cit., p. 135 &#8211; 136. Negrita y cursiva fuera de texto)<\/p>\n<p>&nbsp;<\/p>\n\n\n<div class=\"wp-block-image\"><figure class=\"aligncenter\"><img loading=\"lazy\" decoding=\"async\" width=\"960\" height=\"720\" src=\"https:\/\/lapiedrafilosofal.com\/wp-content\/uploads\/2014\/08\/R\u00cdO-PIENTA.jpg\" alt=\"\" class=\"wp-image-13151\" srcset=\"https:\/\/oscarhumbertogomez.com\/wp-content\/uploads\/2014\/08\/R\u00cdO-PIENTA.jpg 960w, https:\/\/oscarhumbertogomez.com\/wp-content\/uploads\/2014\/08\/R\u00cdO-PIENTA-300x225.jpg 300w\" sizes=\"auto, (max-width: 960px) 100vw, 960px\" \/><figcaption>R\u00edo Pienta. Charal\u00e1, Santander.<\/figcaption><\/figure><\/div>\n\n\n<p>&nbsp;<\/p>\n<p><strong>\u00d3SCAR HUMBERTO G\u00d3MEZ G\u00d3MEZ<\/strong>: Miembro de N\u00famero de la Academia de Historia de Santander. <\/p>\n<p>&nbsp;<\/p>","protected":false},"excerpt":{"rendered":"<p>&nbsp; El d\u00eda 4 de agosto de 1819, a escasos tres d\u00edas de la batalla de Boyac\u00e1, sucedieron en Charal\u00e1 unos hechos de particular gravedad que de unos a\u00f1os para ac\u00e1 comenzaron a conocerse como &#8220;la batalla del Pienta&#8221;. Las &hellip; <a href=\"https:\/\/oscarhumbertogomez.com\/?p=54216\">Sigue leyendo <span class=\"meta-nav\">&rarr;<\/span><\/a><\/p>\n<div class='heateorSssClear'><\/div><div  class='heateor_sss_sharing_container heateor_sss_horizontal_sharing' heateor-sss-data-href='https:\/\/oscarhumbertogomez.com\/?p=54216'><div class='heateor_sss_sharing_title' style=\"font-weight:bold\" >\u00a1Gracias por compartirla!<\/div><ul class=\"heateor_sss_sharing_ul\"><li class=\"heateorSssSharingRound\"><i style=\"width:35px;height:35px;border-radius:999px;\" alt=\"Facebook\" Title=\"Facebook\" class=\"heateorSssSharing heateorSssFacebookBackground\" onclick='heateorSssPopup(\"https:\/\/www.facebook.com\/sharer\/sharer.php?u=https%3A%2F%2Foscarhumbertogomez.com%2Findex.php%3Frest_route%3D%252Fwp%252Fv2%252Fposts%252F54216\")'><ss style=\"display:block;border-radius:999px;\" class=\"heateorSssSharingSvg heateorSssFacebookSvg\"><\/ss><\/i><\/li><li class=\"heateorSssSharingRound\"><i style=\"width:35px;height:35px;border-radius:999px;\" alt=\"Twitter\" Title=\"Twitter\" class=\"heateorSssSharing heateorSssTwitterBackground\" onclick='heateorSssPopup(\"http:\/\/twitter.com\/intent\/tweet?text=LA%20BATALLA%20DEL%20PIENTA.%20CHARAL%C3%81%2C%204%20DE%20AGOSTO%20DE%201819.%20Por%20%C3%93scar%20Humberto%20G%C3%B3mez%20G%C3%B3mez&url=https%3A%2F%2Foscarhumbertogomez.com%2Findex.php%3Frest_route%3D%252Fwp%252Fv2%252Fposts%252F54216\")'><ss style=\"display:block;border-radius:999px;\" class=\"heateorSssSharingSvg heateorSssTwitterSvg\"><\/ss><\/i><\/li><li class=\"heateorSssSharingRound\"><i style=\"width:35px;height:35px;border-radius:999px;\" alt=\"Whatsapp\" Title=\"Whatsapp\" class=\"heateorSssSharing heateorSssWhatsappBackground\" onclick='heateorSssPopup(\"https:\/\/web.whatsapp.com\/send?text=LA%20BATALLA%20DEL%20PIENTA.%20CHARAL%C3%81%2C%204%20DE%20AGOSTO%20DE%201819.%20Por%20%C3%93scar%20Humberto%20G%C3%B3mez%20G%C3%B3mez https%3A%2F%2Foscarhumbertogomez.com%2Findex.php%3Frest_route%3D%252Fwp%252Fv2%252Fposts%252F54216\")'><ss style=\"display:block\" class=\"heateorSssSharingSvg heateorSssWhatsappSvg\"><\/ss><\/i><\/li><li class=\"heateorSssSharingRound\"><i style=\"width:35px;height:35px;border-radius:999px;\" alt=\"Pinterest\" Title=\"Pinterest\" class=\"heateorSssSharing heateorSssPinterestBackground\" onclick=\"javascript:void( (function() {var e=document.createElement('script' );e.setAttribute('type','text\/javascript' );e.setAttribute('charset','UTF-8' );e.setAttribute('src','\/\/assets.pinterest.com\/js\/pinmarklet.js?r='+Math.random()*99999999);document.body.appendChild(e)})());\"><ss style=\"display:block;border-radius:999px;\" class=\"heateorSssSharingSvg heateorSssPinterestSvg\"><\/ss><\/i><\/li><li class=\"heateorSssSharingRound\"><i style=\"width:35px;height:35px;border-radius:999px;\" alt=\"Google Gmail\" Title=\"Google Gmail\" class=\"heateorSssSharing heateorSssGoogleGmailBackground\" onclick='heateorSssPopup(\"https:\/\/mail.google.com\/mail\/?ui=2&view=cm&fs=1&tf=1&su=LA%20BATALLA%20DEL%20PIENTA.%20CHARAL%C3%81%2C%204%20DE%20AGOSTO%20DE%201819.%20Por%20%C3%93scar%20Humberto%20G%C3%B3mez%20G%C3%B3mez&body=Link:https%3A%2F%2Foscarhumbertogomez.com%2Findex.php%3Frest_route%3D%252Fwp%252Fv2%252Fposts%252F54216\")'><ss style=\"display:block;border-radius:999px;\" class=\"heateorSssSharingSvg heateorSssGoogleGmailSvg\"><\/ss><\/i><\/li><li class=\"heateorSssSharingRound\"><i style=\"width:35px;height:35px;border-radius:999px;\" title=\"More\" alt=\"More\" class=\"heateorSssSharing heateorSssMoreBackground\" onclick=\"heateorSssMoreSharingPopup(this, 'https:\/\/oscarhumbertogomez.com\/index.php?rest_route=%2Fwp%2Fv2%2Fposts%2F54216', 'LA%20BATALLA%20DEL%20PIENTA.%20CHARAL%C3%81%2C%204%20DE%20AGOSTO%20DE%201819.%20Por%20%C3%93scar%20Humberto%20G%C3%B3mez%20G%C3%B3mez', '' )\" ><ss style=\"display:block\" class=\"heateorSssSharingSvg heateorSssMoreSvg\"><\/ss><\/i><\/li><\/ul><div class=\"heateorSssClear\"><\/div><\/div><div class='heateorSssClear'><\/div>","protected":false},"author":2,"featured_media":0,"comment_status":"closed","ping_status":"closed","sticky":false,"template":"","format":"standard","meta":{"spay_email":"","footnotes":""},"categories":[1],"tags":[],"class_list":["post-54216","post","type-post","status-publish","format-standard","hentry","category-blog"],"jetpack_featured_media_url":"","jetpack_shortlink":"https:\/\/wp.me\/p1FYrr-e6s","_links":{"self":[{"href":"https:\/\/oscarhumbertogomez.com\/index.php?rest_route=\/wp\/v2\/posts\/54216","targetHints":{"allow":["GET"]}}],"collection":[{"href":"https:\/\/oscarhumbertogomez.com\/index.php?rest_route=\/wp\/v2\/posts"}],"about":[{"href":"https:\/\/oscarhumbertogomez.com\/index.php?rest_route=\/wp\/v2\/types\/post"}],"author":[{"embeddable":true,"href":"https:\/\/oscarhumbertogomez.com\/index.php?rest_route=\/wp\/v2\/users\/2"}],"replies":[{"embeddable":true,"href":"https:\/\/oscarhumbertogomez.com\/index.php?rest_route=%2Fwp%2Fv2%2Fcomments&post=54216"}],"version-history":[{"count":5,"href":"https:\/\/oscarhumbertogomez.com\/index.php?rest_route=\/wp\/v2\/posts\/54216\/revisions"}],"predecessor-version":[{"id":54265,"href":"https:\/\/oscarhumbertogomez.com\/index.php?rest_route=\/wp\/v2\/posts\/54216\/revisions\/54265"}],"wp:attachment":[{"href":"https:\/\/oscarhumbertogomez.com\/index.php?rest_route=%2Fwp%2Fv2%2Fmedia&parent=54216"}],"wp:term":[{"taxonomy":"category","embeddable":true,"href":"https:\/\/oscarhumbertogomez.com\/index.php?rest_route=%2Fwp%2Fv2%2Fcategories&post=54216"},{"taxonomy":"post_tag","embeddable":true,"href":"https:\/\/oscarhumbertogomez.com\/index.php?rest_route=%2Fwp%2Fv2%2Ftags&post=54216"}],"curies":[{"name":"wp","href":"https:\/\/api.w.org\/{rel}","templated":true}]}}