{"id":543,"date":"2011-07-07T22:15:24","date_gmt":"2011-07-08T03:15:24","guid":{"rendered":"http:\/\/www.oscarhumbertogomez.com\/?p=543"},"modified":"2025-03-31T09:57:06","modified_gmt":"2025-03-31T14:57:06","slug":"murio-el-padre-alberto-gomez-lamus-capellan-del-colegio-guanenta-de-san-gil","status":"publish","type":"post","link":"https:\/\/oscarhumbertogomez.com\/?p=543","title":{"rendered":"Muri\u00f3 el padre Alberto G\u00f3mez Lamus, capell\u00e1n del Colegio Guanent\u00e1 de San Gil"},"content":{"rendered":"<p><img loading=\"lazy\" decoding=\"async\" class=\"aligncenter size-full wp-image-544\" title=\"CATEDRAL DE SAN GIL\" src=\"https:\/\/lapiedrafilosofal.com\/wp-content\/uploads\/2011\/07\/CATEDRAL-DE-SAN-GIL.jpg\" alt=\"CATEDRAL DE SAN GIL\" width=\"1200\" height=\"1600\" srcset=\"https:\/\/oscarhumbertogomez.com\/wp-content\/uploads\/2011\/07\/CATEDRAL-DE-SAN-GIL.jpg 1200w, https:\/\/oscarhumbertogomez.com\/wp-content\/uploads\/2011\/07\/CATEDRAL-DE-SAN-GIL-225x300.jpg 225w, https:\/\/oscarhumbertogomez.com\/wp-content\/uploads\/2011\/07\/CATEDRAL-DE-SAN-GIL-768x1024.jpg 768w\" sizes=\"auto, (max-width: 1200px) 100vw, 1200px\" \/><\/p>\n<p>&nbsp;<\/p>\n<p>El sacerdote cat\u00f3lico santandereano padre Alberto G\u00f3mez Lamus, capell\u00e1n del Colegio Guanent\u00e1 de San Gil, falleci\u00f3 en la Perla del Fonce.<\/p>\n<p>Nuestro portal reproduce textualmente las palabras que su hermano Alejandro G\u00f3mez Lamus, abogado y escritor, con las dificultades propias de los quebrantos de salud que infortunadamente padece, las cuales no le impidieron trasladarse, desde luego llevado por sus seres queridos, hasta la capital guanentina, pronunci\u00f3 en la capilla del Seminario San Carlos Borromeo, en desarrollo de las exequias del levita desaparecido.<\/p>\n<p>La santa misa de cuerpo presente se llev\u00f3 a cabo en la catedral de esa ciudad santandereana. Tomaron parte en la celebraci\u00f3n los coros del seminario, que el finado organiz\u00f3. El Padre Alberto hab\u00eda formado parte de los coros de la Casa de la Cultura de El Socorro.<\/p>\n<p>Un saludo de condolencia muy especial a la familia del distinguido presb\u00edtero fallecido. El padre Alberto y el doctor Alejandro son hijos del historiador Joaqu\u00edn G\u00f3mez Prada, Miembro Correspondiente de la Academia de Historia de Santander, y sobrinos del ilustre tratadista santandereano de Derecho Penal Dr. Agust\u00edn G\u00f3mez Prada, ambos ya fallecidos.<\/p>\n<p>A continuaci\u00f3n, la eleg\u00eda del doctor Alejandro G\u00f3mez Lamus:<\/p>\n<p>&#8220;El 1 de mayo de 1945, la sabana vio nacer unos gemelos, Alberto y Hernando. La altiplanicie bogotana se cubri\u00f3 de verdor para ver llegar a este valle de l\u00e1grimas a los primog\u00e9nitos de Joaqu\u00edn G\u00f3mez Prada y Matilde Lamus Correa, de estirpe de Zapatoca y brav\u00eda raza santandereana. Pasaron unos a\u00f1os y vemos a Alberto con su hermano Hernando correr bulliciosamente por los pasillos del Colegio Cristo Rey (hoy la Universidad Santo Tom\u00e1s de Bucaramanga). La infancia se desenvolvi\u00f3 en el calor de El Centro, en una casa de madera, anjeo y tubos, en medio de \u00e1rboles de mango resguardados por unas inquietas iguanas. Todo respiraba petr\u00f3leo en ese campo de producci\u00f3n. El esp\u00edritu de Dios imperaba en la familia G\u00f3mez Lamus y un padre y una madre, celosos ante los mandamientos del Creador, quisieron que sus hijos varones sirvieran a la Santa Madre Iglesia, en lo posible como <em>alter Cristus<\/em>. Por eso vemos a Alberto, Hernando, Joaqu\u00edn Aurelio y Alejandro, en la fr\u00eda y lev\u00edtica Zapatoca, en la Escuela Apost\u00f3lica de los Sagrados Corazones, en la d\u00e9cada de los 60 y, m\u00e1s adelante, a los gemelos, verlos en las aulas del Seminario Conciliar San Carlos Borromeo de la muy noble y leal Villa de San Gil. Pero Alberto pensaba m\u00e1s all\u00e1, quiso que su misi\u00f3n evangelizadora se extendiera m\u00e1s all\u00e1 del Magdalena Medio y, ya sacerdote, ingresa al Seminario San Pedro Claver de la Di\u00f3cesis de Barrancabermeja para dictar clases en &#8220;la obra maestra de Monse\u00f1or Bernardo Arango Henao&#8221;, seg\u00fan Pablo VI. Retorn\u00f3 a la Di\u00f3cesis de Socorro y San Gil y fue designado en la Parroquia de Barbosa en reemplazo del inolvidable y jovial Padre &#8220;Mayito&#8221;, Mario Pimiento Pati\u00f1o, quien muri\u00f3 celebrando la Santa Eucarist\u00eda.<\/p>\n<p>Al Padre Alberto le fueron encomendadas varias parroquias en esta tierra de Santander, tales como la de Jes\u00fas Mar\u00eda, El Gucamayo, Mogotes, V\u00e9lez y Barichara, e hizo parte con el Padre Mauro Serrano interpretando el viol\u00edn, de los Coros de la Casa de la Cultura del Socorrro. En su actuar, \u00e9l siempre se destac\u00f3 por su carisma y buen humor. Hoy ante su cuerpo yerto quiero evocar &#8220;El Retorno&#8221;, poes\u00eda del sacerdote jesuita Antonio Silva Mujica, por creer ahora que encierra toda la vida de un ser inquieto y pleno del esp\u00edritu de Dios:<\/p>\n<p><em>&#8220;Por montes y quebradas,<\/em><br \/>\n<em> radiante de canciones<\/em><br \/>\n<em> nuestra ni\u00f1ez corr\u00eda ba\u00f1ada en luz y en aire<\/em><br \/>\n<em> y al sol de los venados jubilosos volv\u00edamos<\/em><br \/>\n<em> como vuelven al nido jubilosas las aves.<\/em><\/p>\n<p><em>Arrullando ilusiones dormimos placenteros<\/em><br \/>\n<em> hasta que entraba el rayo del sol por los cristales<\/em><br \/>\n<em> so\u00f1\u00e1bamos ser hombres el d\u00eda de ma\u00f1ana<\/em><br \/>\n<em> sin saber que a los ni\u00f1os envidiaban los grandes.<\/em><\/p>\n<p><em>Cuando el viento tra\u00eda mezclado con gorjeos<\/em><br \/>\n<em> el canto de la siega desde el vecino valle,<\/em><br \/>\n<em> felices acud\u00edamos a levantar manojos<\/em><br \/>\n<em> cantando la festiva canci\u00f3n de los trigales.<\/em><\/p>\n<p><em>Una tarde partiste, pasaron muchos a\u00f1os.<\/em><br \/>\n<em> Hoy encuentras antiguo cuanto nuevo dejaste:<\/em><br \/>\n<em> ruinosas las paredes, abrojo en los jardines,<\/em><br \/>\n<em> doradas de tristeza las copas de los sauces.<\/em><\/p>\n<p><em>En vano rueda el agua y en vano las auroras,<\/em><br \/>\n<em> madrugan con sus trinos y brisas para nadie<\/em><br \/>\n<em> el pino melodioso marchitose de altura<\/em><br \/>\n<em> y cay\u00f3 con sus nidos el trovador del valle.<\/em><\/p>\n<p><em>En el tendido tronco, ba\u00f1ados por la luna,<\/em><br \/>\n<em> \u00a1 Cantamos tantas noches hasta que fuimos grandes!<\/em><br \/>\n<em> \u00a1 Cantaron otros ni\u00f1os y t\u00fa jam\u00e1s volviste<\/em><br \/>\n<em> y el tronco envejecido, ces\u00f3 de o\u00edr cantares!<\/em><\/p>\n<p><em>Crecieron las palmeras que ya te desconocen<\/em><br \/>\n<em> y en tu ausencia murieron los verdes naranjales;<\/em><br \/>\n<em> sin juegos ni columpios, hastiado de silencio<\/em><br \/>\n<em> se sec\u00f3 entre sus hiedras el retorcido mangle.<\/em><\/p>\n<p><em>Los caballos no existen, la yuntas ni el reba\u00f1o,<\/em><br \/>\n<em> no ladra el fiel amigo ni viene a saludarte;<\/em><br \/>\n<em> no juegan con el agua los ni\u00f1os en la acequia<\/em><br \/>\n<em> ni el himno de las mieses invita con sus aires.<\/em><\/p>\n<p><em>\u00bf \u00a1 A qu\u00e9 vienes, hermano, a recorrer tus huellas !?<\/em><br \/>\n<em> barrieron ya las lluvias, la tierra que pisaste<\/em><br \/>\n<em> llev\u00f3 el viento las voces, nuestra ni\u00f1ez, el tiempo,<\/em><br \/>\n<em> la guerra nuestros bienes, la muerte a nuestros padres.<\/em><\/p>\n<p><em>Mas entremos, escucha&#8230; no hay seres, voz ni ruidos,<\/em><br \/>\n<em>las tejas tienen c\u00e9sped y nidos los alares,<\/em><br \/>\n<em> al sol de los venados ya nadie vuelve a casa<\/em><br \/>\n<em> ni el canto de las ni\u00f1as regresa por el valle.<\/em><\/p>\n<p><em>De noche, solitaria, se escucha entre malezas<\/em><br \/>\n<em> llorar junto a las ruinas, la fuente inconsolable<\/em><br \/>\n<em> del patio en el silencio para que, afinando,<\/em><br \/>\n<em> desgranen dulce arpegio las manos de mi madre.<\/em><\/p>\n<p><em>La vida es una noche, la ruina es un preludio;<\/em><br \/>\n<em> ma\u00f1ana empezaremos ni\u00f1ez que no se acabe<\/em><br \/>\n<em> y aquestas ilusiones anidan en mi sue\u00f1os<\/em><br \/>\n<em> como duermen los trinos esperando que aclare.&#8221;<\/em><\/p>\n<p>Gracias a la la familia G\u00f3mez Pinto por velar desinteresadamente frente al lecho del enfermo; s\u00f3lo Dios con su infinita bondad habr\u00e1 de pagarles tan abnegada labor, que desemboc\u00f3 en el altruismo.<\/p>\n<p>Hermano Alberto: el tiempo deviene con las sombras del olvido. T\u00fa no le debes nada a la vida y la vida tampoco te debe nada.<br \/>\nDale Se\u00f1or el descanso eterno y brille para \u00e9l la luz perpetua.<br \/>\nQue el alma del padre Alberto descanse en paz, lo mismo la de todos los cristianos, por la misericordia de Dios. Am\u00e9n&#8221;.<\/p>\n<p>&nbsp;<\/p>\n","protected":false},"excerpt":{"rendered":"<p>&nbsp; El sacerdote cat\u00f3lico santandereano padre Alberto G\u00f3mez Lamus, capell\u00e1n del Colegio Guanent\u00e1 de San Gil, falleci\u00f3 en la Perla del Fonce. Nuestro portal reproduce textualmente las palabras que su hermano Alejandro G\u00f3mez Lamus, abogado y escritor, con las dificultades &hellip; <a href=\"https:\/\/oscarhumbertogomez.com\/?p=543\">Sigue leyendo <span class=\"meta-nav\">&rarr;<\/span><\/a><\/p>\n<div class='heateorSssClear'><\/div><div  class='heateor_sss_sharing_container heateor_sss_horizontal_sharing' heateor-sss-data-href='https:\/\/oscarhumbertogomez.com\/?p=543'><div class='heateor_sss_sharing_title' style=\"font-weight:bold\" >\u00a1Gracias por compartirla!<\/div><ul class=\"heateor_sss_sharing_ul\"><li class=\"heateorSssSharingRound\"><i style=\"width:35px;height:35px;border-radius:999px;\" alt=\"Facebook\" Title=\"Facebook\" class=\"heateorSssSharing heateorSssFacebookBackground\" onclick='heateorSssPopup(\"https:\/\/www.facebook.com\/sharer\/sharer.php?u=https%3A%2F%2Foscarhumbertogomez.com%2Findex.php%3Frest_route%3D%252Fwp%252Fv2%252Fposts%252F543\")'><ss style=\"display:block;border-radius:999px;\" class=\"heateorSssSharingSvg heateorSssFacebookSvg\"><\/ss><\/i><\/li><li class=\"heateorSssSharingRound\"><i style=\"width:35px;height:35px;border-radius:999px;\" alt=\"Twitter\" Title=\"Twitter\" class=\"heateorSssSharing heateorSssTwitterBackground\" onclick='heateorSssPopup(\"http:\/\/twitter.com\/intent\/tweet?text=Muri%C3%B3%20el%20padre%20Alberto%20G%C3%B3mez%20Lamus%2C%20capell%C3%A1n%20del%20Colegio%20Guanent%C3%A1%20de%20San%20Gil&url=https%3A%2F%2Foscarhumbertogomez.com%2Findex.php%3Frest_route%3D%252Fwp%252Fv2%252Fposts%252F543\")'><ss style=\"display:block;border-radius:999px;\" class=\"heateorSssSharingSvg heateorSssTwitterSvg\"><\/ss><\/i><\/li><li class=\"heateorSssSharingRound\"><i style=\"width:35px;height:35px;border-radius:999px;\" alt=\"Whatsapp\" Title=\"Whatsapp\" class=\"heateorSssSharing heateorSssWhatsappBackground\" onclick='heateorSssPopup(\"https:\/\/web.whatsapp.com\/send?text=Muri%C3%B3%20el%20padre%20Alberto%20G%C3%B3mez%20Lamus%2C%20capell%C3%A1n%20del%20Colegio%20Guanent%C3%A1%20de%20San%20Gil https%3A%2F%2Foscarhumbertogomez.com%2Findex.php%3Frest_route%3D%252Fwp%252Fv2%252Fposts%252F543\")'><ss style=\"display:block\" class=\"heateorSssSharingSvg heateorSssWhatsappSvg\"><\/ss><\/i><\/li><li class=\"heateorSssSharingRound\"><i style=\"width:35px;height:35px;border-radius:999px;\" alt=\"Pinterest\" Title=\"Pinterest\" class=\"heateorSssSharing heateorSssPinterestBackground\" onclick=\"javascript:void( (function() {var e=document.createElement('script' );e.setAttribute('type','text\/javascript' );e.setAttribute('charset','UTF-8' );e.setAttribute('src','\/\/assets.pinterest.com\/js\/pinmarklet.js?r='+Math.random()*99999999);document.body.appendChild(e)})());\"><ss style=\"display:block;border-radius:999px;\" class=\"heateorSssSharingSvg heateorSssPinterestSvg\"><\/ss><\/i><\/li><li class=\"heateorSssSharingRound\"><i style=\"width:35px;height:35px;border-radius:999px;\" alt=\"Google Gmail\" Title=\"Google Gmail\" class=\"heateorSssSharing heateorSssGoogleGmailBackground\" onclick='heateorSssPopup(\"https:\/\/mail.google.com\/mail\/?ui=2&view=cm&fs=1&tf=1&su=Muri%C3%B3%20el%20padre%20Alberto%20G%C3%B3mez%20Lamus%2C%20capell%C3%A1n%20del%20Colegio%20Guanent%C3%A1%20de%20San%20Gil&body=Link:https%3A%2F%2Foscarhumbertogomez.com%2Findex.php%3Frest_route%3D%252Fwp%252Fv2%252Fposts%252F543\")'><ss style=\"display:block;border-radius:999px;\" class=\"heateorSssSharingSvg heateorSssGoogleGmailSvg\"><\/ss><\/i><\/li><li class=\"heateorSssSharingRound\"><i style=\"width:35px;height:35px;border-radius:999px;\" title=\"More\" alt=\"More\" class=\"heateorSssSharing heateorSssMoreBackground\" onclick=\"heateorSssMoreSharingPopup(this, 'https:\/\/oscarhumbertogomez.com\/index.php?rest_route=%2Fwp%2Fv2%2Fposts%2F543', 'Muri%C3%B3%20el%20padre%20Alberto%20G%C3%B3mez%20Lamus%2C%20capell%C3%A1n%20del%20Colegio%20Guanent%C3%A1%20de%20San%20Gil', '' )\" ><ss style=\"display:block\" class=\"heateorSssSharingSvg heateorSssMoreSvg\"><\/ss><\/i><\/li><\/ul><div class=\"heateorSssClear\"><\/div><\/div><div class='heateorSssClear'><\/div>","protected":false},"author":2,"featured_media":0,"comment_status":"open","ping_status":"open","sticky":false,"template":"","format":"standard","meta":{"spay_email":"","footnotes":""},"categories":[1],"tags":[],"class_list":["post-543","post","type-post","status-publish","format-standard","hentry","category-blog"],"jetpack_featured_media_url":"","jetpack_shortlink":"https:\/\/wp.me\/p1FYrr-8L","_links":{"self":[{"href":"https:\/\/oscarhumbertogomez.com\/index.php?rest_route=\/wp\/v2\/posts\/543","targetHints":{"allow":["GET"]}}],"collection":[{"href":"https:\/\/oscarhumbertogomez.com\/index.php?rest_route=\/wp\/v2\/posts"}],"about":[{"href":"https:\/\/oscarhumbertogomez.com\/index.php?rest_route=\/wp\/v2\/types\/post"}],"author":[{"embeddable":true,"href":"https:\/\/oscarhumbertogomez.com\/index.php?rest_route=\/wp\/v2\/users\/2"}],"replies":[{"embeddable":true,"href":"https:\/\/oscarhumbertogomez.com\/index.php?rest_route=%2Fwp%2Fv2%2Fcomments&post=543"}],"version-history":[{"count":5,"href":"https:\/\/oscarhumbertogomez.com\/index.php?rest_route=\/wp\/v2\/posts\/543\/revisions"}],"predecessor-version":[{"id":53310,"href":"https:\/\/oscarhumbertogomez.com\/index.php?rest_route=\/wp\/v2\/posts\/543\/revisions\/53310"}],"wp:attachment":[{"href":"https:\/\/oscarhumbertogomez.com\/index.php?rest_route=%2Fwp%2Fv2%2Fmedia&parent=543"}],"wp:term":[{"taxonomy":"category","embeddable":true,"href":"https:\/\/oscarhumbertogomez.com\/index.php?rest_route=%2Fwp%2Fv2%2Fcategories&post=543"},{"taxonomy":"post_tag","embeddable":true,"href":"https:\/\/oscarhumbertogomez.com\/index.php?rest_route=%2Fwp%2Fv2%2Ftags&post=543"}],"curies":[{"name":"wp","href":"https:\/\/api.w.org\/{rel}","templated":true}]}}