{"id":54330,"date":"2025-08-08T10:00:58","date_gmt":"2025-08-08T15:00:58","guid":{"rendered":"https:\/\/oscarhumbertogomez.com\/?p=54330"},"modified":"2025-08-08T10:30:39","modified_gmt":"2025-08-08T15:30:39","slug":"garcia-rovira-el-ultimo-presidente-por-oscar-humberto-gomez-gomez","status":"publish","type":"post","link":"https:\/\/oscarhumbertogomez.com\/?p=54330","title":{"rendered":"GARC\u00cdA ROVIRA, EL \u00daLTIMO PRESIDENTE. Por \u00d3scar Humberto G\u00f3mez G\u00f3mez"},"content":{"rendered":"<div id=\"attachment_20221\" style=\"width: 489px\" class=\"wp-caption aligncenter\"><a href=\"https:\/\/lapiedrafilosofal.com\/wp-content\/uploads\/2016\/08\/parque-garcia-rovira-1.jpg\" rel=\"attachment wp-att-20221\"><img loading=\"lazy\" decoding=\"async\" aria-describedby=\"caption-attachment-20221\" class=\"size-full wp-image-20221\" src=\"https:\/\/lapiedrafilosofal.com\/wp-content\/uploads\/2016\/08\/parque-garcia-rovira-1.jpg\" alt=\"ESTATUA EN HONOR AL GENERAL CUSTODIO GARC\u00cdA ROVIRA EN BUCARAMANGA.\" width=\"479\" height=\"640\" srcset=\"https:\/\/oscarhumbertogomez.com\/wp-content\/uploads\/2016\/08\/parque-garcia-rovira-1.jpg 479w, https:\/\/oscarhumbertogomez.com\/wp-content\/uploads\/2016\/08\/parque-garcia-rovira-1-225x300.jpg 225w\" sizes=\"auto, (max-width: 479px) 100vw, 479px\" \/><\/a><p id=\"caption-attachment-20221\" class=\"wp-caption-text\">ESTATUA EN HONOR AL GENERAL CUSTODIO GARC\u00cdA ROVIRA EN BUCARAMANGA [Escultor: Xavier Arnold, alem\u00e1n, 1899]<\/p><\/div>\n<p>&nbsp;<\/p>\n<p>Todos hablan del 7 de agosto, pero nadie habla del 8.<\/p>\n<p>Inaceptable, claro est\u00e1, en los colombianos, que no deber\u00edan ignorar a sus pr\u00f3ceres. Pero m\u00e1s, en los  oriundos de Bucaramanga, porque \u00e9l lo era.<\/p>\n<p>Y es que el 8 de agosto de cada a\u00f1o \u2014s\u00ed, al d\u00eda siguiente de la conmemoraci\u00f3n de la Batalla de Boyac\u00e1\u2014 se cumple el aniversario del fusilamiento del ilustre bumangu\u00e9s que fuera el \u00faltimo presidente de la Primera Rep\u00fablica, el general Custodio Garc\u00eda Rovira.<\/p>\n<p>&nbsp;<\/p>\n<div id=\"attachment_20222\" style=\"width: 740px\" class=\"wp-caption aligncenter\"><a href=\"https:\/\/lapiedrafilosofal.com\/wp-content\/uploads\/2016\/08\/parque-GARCIA-ROVIRA.jpg\" rel=\"attachment wp-att-20222\"><img loading=\"lazy\" decoding=\"async\" aria-describedby=\"caption-attachment-20222\" class=\"size-full wp-image-20222\" src=\"https:\/\/lapiedrafilosofal.com\/wp-content\/uploads\/2016\/08\/parque-GARCIA-ROVIRA.jpg\" alt=\"ANTIGUO PARQUE GARC\u00cdA ROVIRA [Fotograf\u00eda de Quintilio Gavassa Mibelli. Cortes\u00eda del periodista e historiador santandereano Edmundo Gavassa Villamizar].\" width=\"730\" height=\"272\" srcset=\"https:\/\/oscarhumbertogomez.com\/wp-content\/uploads\/2016\/08\/parque-GARCIA-ROVIRA.jpg 730w, https:\/\/oscarhumbertogomez.com\/wp-content\/uploads\/2016\/08\/parque-GARCIA-ROVIRA-300x112.jpg 300w\" sizes=\"auto, (max-width: 730px) 100vw, 730px\" \/><\/a><p id=\"caption-attachment-20222\" class=\"wp-caption-text\">ANTIGUO PARQUE GARC\u00cdA ROVIRA [Fotograf\u00eda de Quintilio Gavassa Mibelli]<\/p><\/div>\n<p>&nbsp;<\/p>\n<p>Hab\u00eda sido llevado hasta la capital en condiciones humillantes &#8211; a pie, descalzo, amarrado de pies y manos, y atado con una correa de la cintura al cuello &#8211; desde el sur del pa\u00eds, desde el Caquet\u00e1, donde hab\u00eda sido capturado cuando trataba de huir hacia el Brasil, a trav\u00e9s de la selva, de las tropas espa\u00f1olas que en esos d\u00edas aciagos para la Independencia ensangrentaban el suelo nacional. En esos momentos era el presidente de la Rep\u00fablica, pues el Congreso lo hab\u00eda elegido luego de quedar vacante el cargo ante la renuncia de Jos\u00e9 Fern\u00e1ndez Madrid. Ya lo hab\u00eda sido en los dos a\u00f1os anteriores, en 1814 y 1815.  El general espa\u00f1ol Pablo Morillo el Pacificador ya estaba dentro del pa\u00eds con sus tropas imponiendo lo que habr\u00e1 de conocerse en la historia como el R\u00e9gimen del Terror. La represi\u00f3n era espantosa.<\/p>\n<p>Apenas dos semanas antes de su fusilamiento, el presidente Garc\u00eda Rovira se hab\u00eda casado en el p\u00e1ramo de Guanacas, ante el sacerdote capell\u00e1n del Ej\u00e9rcito y en medio del fr\u00edo y de la soledad, con la joven Mar\u00eda Josefa Piedrahita. Quince d\u00edas durar\u00eda el matrimonio. Su esposa tendr\u00eda que seguir de lejos el cortejo triste del pr\u00f3cer arrestado con rumbo hacia Santa Fe.<\/p>\n<p>&nbsp;<\/p>\n<div id=\"attachment_26556\" style=\"width: 760px\" class=\"wp-caption alignnone\"><a href=\"https:\/\/lapiedrafilosofal.com\/wp-content\/uploads\/2018\/08\/BANDERA-PROVINCIAS-UNIDAS-DE-LA-NUEVA-GRANADA-1814-1816.png\"><img loading=\"lazy\" decoding=\"async\" aria-describedby=\"caption-attachment-26556\" class=\"size-full wp-image-26556\" src=\"https:\/\/lapiedrafilosofal.com\/wp-content\/uploads\/2018\/08\/BANDERA-PROVINCIAS-UNIDAS-DE-LA-NUEVA-GRANADA-1814-1816.png\" alt=\"\" width=\"750\" height=\"500\" srcset=\"https:\/\/oscarhumbertogomez.com\/wp-content\/uploads\/2018\/08\/BANDERA-PROVINCIAS-UNIDAS-DE-LA-NUEVA-GRANADA-1814-1816.png 750w, https:\/\/oscarhumbertogomez.com\/wp-content\/uploads\/2018\/08\/BANDERA-PROVINCIAS-UNIDAS-DE-LA-NUEVA-GRANADA-1814-1816-300x200.png 300w\" sizes=\"auto, (max-width: 750px) 100vw, 750px\" \/><\/a><p id=\"caption-attachment-26556\" class=\"wp-caption-text\">BANDERA DE LAS PROVINCIAS UNIDAS DE LA NUEVA GRANADA, NOMBRE DE NUESTRO PA\u00cdS CUANDO CUSTODIO GARC\u00cdA ROVIRA FUE PRESIDENTE (1814 &#8211; 1816)<\/p><\/div>\n<p>&nbsp;<\/p>\n<p>En la Huerta de Jaime, hoy Plaza de los M\u00e1rtires, fue llevado al pared\u00f3n en medio de un cortejo sombr\u00edo. Iba rezando en lat\u00edn, cabizbajo, vencido, sabedor de que su muerte se producir\u00eda en cuesti\u00f3n de minutos, y con ella se esfumar\u00edan sus sue\u00f1os por una naci\u00f3n libre. Libre, al menos, del oprobio de unas autoridades espa\u00f1olas que durante siglos hab\u00edan gobernado estas tierras como si aqu\u00ed no hubiera gente capaz de hacerlo. Que a eso se circunscrib\u00eda hasta ese momento, hay que advertirlo, el concepto de la Independencia Nacional.<\/p>\n<p>&nbsp;<\/p>\n<p>Hab\u00eda nacido en Bucaramanga. S\u00ed: naci\u00f3 en una casa que, debiendo ser un museo y un sitio de visita obligada de los extranjeros y de los turistas todos, se convirti\u00f3 en un inmueble ruinoso.<\/p>\n<p>&nbsp;<\/p>\n<div id=\"attachment_12844\" style=\"width: 610px\" class=\"wp-caption aligncenter\"><a href=\"https:\/\/lapiedrafilosofal.com\/wp-content\/uploads\/2014\/07\/CUSTODIO-GARC\u00cdA-ROVIRA.jpg\" rel=\"attachment wp-att-12844\"><img loading=\"lazy\" decoding=\"async\" aria-describedby=\"caption-attachment-12844\" class=\"size-full wp-image-12844\" src=\"https:\/\/lapiedrafilosofal.com\/wp-content\/uploads\/2014\/07\/CUSTODIO-GARC\u00cdA-ROVIRA.jpg\" alt=\"AS\u00cd LE DAMOS IMPORTANCIA A NUESTRA HISTORIA ANTE LAS NUEVAS GENERACIONES. CASA NATAL DEL PROCER BUMANGUES CUSTODIO GARC\u00cdA ROVIRA, PRESIDENTE DE LA REPUBLICA EN LOS TURBULENTOS TIEMPOS DE LA RECONQUISTA ESPA\u00d1OLA Y QUIEN YA LO HAB\u00cdA SIDO ANTES. \" width=\"600\" height=\"400\" srcset=\"https:\/\/oscarhumbertogomez.com\/wp-content\/uploads\/2014\/07\/CUSTODIO-GARC\u00cdA-ROVIRA.jpg 600w, https:\/\/oscarhumbertogomez.com\/wp-content\/uploads\/2014\/07\/CUSTODIO-GARC\u00cdA-ROVIRA-300x200.jpg 300w\" sizes=\"auto, (max-width: 600px) 100vw, 600px\" \/><\/a><p id=\"caption-attachment-12844\" class=\"wp-caption-text\">CASA NATAL DEL PR\u00d3CER BUMANGU\u00c9S CUSTODIO GARC\u00cdA ROVIRA, \u00daLTIMO PRESIDENTE DE LA PRIMERA REP\u00daBLICA [Fotograf\u00eda: Vanguardia Liberal]<\/p><\/div>\n<p>&nbsp;<\/p>\n<p>Naci\u00f3, s\u00ed, en Bucaramanga, en la actual calle 35 con carrera 9a esquina. No naci\u00f3 en Cartagena, como dec\u00edan todav\u00eda en el a\u00f1o 2007 las dos \u00fanicas biograf\u00edas publicadas sobre \u00e9l en Internet, las mismas que me animaron a escribir mi libro &#8220;Historia de Bucaramanga&#8221;, que, dicho sea de paso, habr\u00eda de llevarme a ser recibido en la Academia de Historia de Santander como Miembro Correspondiente gracias a la generosidad de su presidente, el ingeniero y ex rector de la Universidad Industrial de Santander (UIS) Miguel Jos\u00e9 Pinilla Guti\u00e9rrez.<\/p>\n<p>S\u00ed: el m\u00e1rtir de la Independencia Custodio Garc\u00eda Rovira naci\u00f3 ah\u00ed, en esa casa, por entonces distinguida y se\u00f1orial, el d\u00eda 2 de marzo de 1780.<\/p>\n<p>&nbsp;<\/p>\n<p><a href=\"https:\/\/lapiedrafilosofal.com\/wp-content\/uploads\/2016\/07\/Custodio-Garcia-Rovira.jpg\" rel=\"attachment wp-att-20141\"><img loading=\"lazy\" decoding=\"async\" class=\"aligncenter size-large wp-image-20141\" src=\"https:\/\/lapiedrafilosofal.com\/wp-content\/uploads\/2016\/07\/Custodio-Garcia-Rovira-761x1024.jpg\" alt=\"Custodio-Garcia-Rovira\" width=\"640\" height=\"861\" srcset=\"https:\/\/oscarhumbertogomez.com\/wp-content\/uploads\/2016\/07\/Custodio-Garcia-Rovira-761x1024.jpg 761w, https:\/\/oscarhumbertogomez.com\/wp-content\/uploads\/2016\/07\/Custodio-Garcia-Rovira-223x300.jpg 223w, https:\/\/oscarhumbertogomez.com\/wp-content\/uploads\/2016\/07\/Custodio-Garcia-Rovira-768x1033.jpg 768w, https:\/\/oscarhumbertogomez.com\/wp-content\/uploads\/2016\/07\/Custodio-Garcia-Rovira.jpg 1200w\" sizes=\"auto, (max-width: 640px) 100vw, 640px\" \/><\/a><\/p>\n<p>&nbsp;<\/p>\n<p>Sus detractores solo resaltan de \u00e9l la imagen del militar vencido en Cachir\u00ed. Incluso hay quienes abogan por que se retire la estatua del parque que lleva su nombre. No faltar\u00e1n quienes pidan luego que se le cambie el nombre al parque. Y que se lo cambien al barrio. Y al colegio. Y a la provincia santandereana. Y al batall\u00f3n.<\/p>\n<p>Pero no; a los hombres no se les puede juzgar con semejante sesgo, aunque en la dureza de la guerra la grandeza suela medirse, entre otras fr\u00edas estad\u00edsticas, por el n\u00famero de combates ganados y los muertos que se le hayan causado al enemigo.<\/p>\n<p>&nbsp;<\/p>\n<p>Custodio Garc\u00eda Rovira era abogado, te\u00f3logo, m\u00fasico culto, pintor, pol\u00edgloto (o pol\u00edglota, como me corrigieron el otro d\u00eda, aunque la verdad sea dicha ambas formas est\u00e1n autorizadas por la Real Academia Espa\u00f1ola), y catedr\u00e1tico del Colegio de San Bartolom\u00e9. Uno de sus alumnos fue Francisco de Paula Santander, futuro pr\u00f3cer nacional. Con este, el desdichado general santandereano habr\u00eda de compartir las amarguras de la desastrosa derrota en Cachir\u00ed.<\/p>\n<p>&nbsp;<\/p>\n<div id=\"attachment_20225\" style=\"width: 810px\" class=\"wp-caption aligncenter\"><a href=\"https:\/\/lapiedrafilosofal.com\/wp-content\/uploads\/2016\/08\/parquegarciarovira2-1.jpg\" rel=\"attachment wp-att-20225\"><img loading=\"lazy\" decoding=\"async\" aria-describedby=\"caption-attachment-20225\" class=\"size-full wp-image-20225\" src=\"https:\/\/lapiedrafilosofal.com\/wp-content\/uploads\/2016\/08\/parquegarciarovira2-1.jpg\" alt=\"EL PARQUE GARC\u00cdA ROVIRA (antes Plaza Garc\u00eda Rovira, y antes Plaza Principal) EN LOS TIEMPOS DE FAYAD GANDUR Y LA LLEGADA DE LOS PRIMEROS AUTOM\u00d3VILES A BUCARAMANGA (Principios del siglo XX).\" width=\"800\" height=\"500\" srcset=\"https:\/\/oscarhumbertogomez.com\/wp-content\/uploads\/2016\/08\/parquegarciarovira2-1.jpg 800w, https:\/\/oscarhumbertogomez.com\/wp-content\/uploads\/2016\/08\/parquegarciarovira2-1-300x188.jpg 300w, https:\/\/oscarhumbertogomez.com\/wp-content\/uploads\/2016\/08\/parquegarciarovira2-1-768x480.jpg 768w\" sizes=\"auto, (max-width: 800px) 100vw, 800px\" \/><\/a><p id=\"caption-attachment-20225\" class=\"wp-caption-text\">EL PARQUE GARC\u00cdA ROVIRA (antes Plaza Garc\u00eda Rovira, y antes Plaza Principal) EN LOS TIEMPOS DEL COCHERO FAYAD GANDUR (en la fotograf\u00eda) Y LA LLEGADA DE LOS PRIMEROS AUTOM\u00d3VILES A BUCARAMANGA (Fotograf\u00eda de Quintilio Gavassa Mibelli)<\/p><\/div>\n<p>&nbsp;<\/p>\n<p>El 23 de setiembre (d\u00e9jamelo as\u00ed, sin la letra &#8220;p&#8221;, mi estimado corrector) de 1814 ser\u00e1 designado por el Congreso miembro del triunvirato que gobernar\u00e1 el pa\u00eds. Solo podr\u00e1 posesionarse como presidente el d\u00eda 28 de noviembre de 1814. El 11 de julio de 1815 renunciar\u00e1 al cargo.<\/p>\n<p>En 1816 recibir\u00e1 el rango de general y ser\u00e1 nombrado jefe militar de la provincia del Socorro.<\/p>\n<p>Entonces, el Gobierno Nacional le ordenar\u00e1 que se dirija a cortar el avance de las tropas espa\u00f1olas que, al mando del coronel Sebasti\u00e1n de la Calzada, amenazan con penetrar al territorio nacional desde el oriente. En esos momentos Espa\u00f1a est\u00e1 invadiendo el pa\u00eds con un poderoso ej\u00e9rcito, porque ha decidido echar para atr\u00e1s su Independencia.<\/p>\n<p>\u00c9l moviliza sus tropas, junto al coronel Francisco de Paula Santander, su alumno, y entonces sobreviene el combate en el p\u00e1ramo de Cachir\u00ed.<\/p>\n<p>Realmente son dos. El primero se lleva a cabo el 8 de febrero de 1816. Las huestes espa\u00f1olas se retiran. El general, entusiasta, escribe y le env\u00eda al Gobierno el parte de victoria.<\/p>\n<p>&nbsp;<\/p>\n<div id=\"attachment_12842\" style=\"width: 650px\" class=\"wp-caption aligncenter\"><a href=\"https:\/\/lapiedrafilosofal.com\/wp-content\/uploads\/2014\/07\/CACHIR\u00cd-Fotograf\u00eda-de-Pastor-Virviescas-G\u00f3mez.1.jpg\" rel=\"attachment wp-att-12842\"><img loading=\"lazy\" decoding=\"async\" aria-describedby=\"caption-attachment-12842\" class=\"size-large wp-image-12842\" src=\"https:\/\/lapiedrafilosofal.com\/wp-content\/uploads\/2014\/07\/CACHIR\u00cd-Fotograf\u00eda-de-Pastor-Virviescas-G\u00f3mez.1-1024x679.jpg\" alt=\"CACHIR\u00cd \/ Fotograf\u00eda de Pastor Virviescas G\u00f3mez. \" width=\"640\" height=\"424\" srcset=\"https:\/\/oscarhumbertogomez.com\/wp-content\/uploads\/2014\/07\/CACHIR\u00cd-Fotograf\u00eda-de-Pastor-Virviescas-G\u00f3mez.1-1024x679.jpg 1024w, https:\/\/oscarhumbertogomez.com\/wp-content\/uploads\/2014\/07\/CACHIR\u00cd-Fotograf\u00eda-de-Pastor-Virviescas-G\u00f3mez.1-300x199.jpg 300w, https:\/\/oscarhumbertogomez.com\/wp-content\/uploads\/2014\/07\/CACHIR\u00cd-Fotograf\u00eda-de-Pastor-Virviescas-G\u00f3mez.1.jpg 1600w\" sizes=\"auto, (max-width: 640px) 100vw, 640px\" \/><\/a><p id=\"caption-attachment-12842\" class=\"wp-caption-text\">CACHIR\u00cd \/ Fotograf\u00eda del periodista santandereano Pastor Virviescas<\/p><\/div>\n<p>&nbsp;<\/p>\n<p>Catorce d\u00edas despu\u00e9s, sin embargo, se desencadena la espantosa cat\u00e1strofe. Es 22 de febrero de 1816 y, en pleno fragor de la batalla, las tropas del coronel Calzada, que est\u00e1n apostadas en las agrestes monta\u00f1as santandereanas, utilizan, por primera vez en la historia de la Nueva Granada, el toque de corneta. Los soldados del general Garc\u00eda Rovira y del coronel Francisco de Paula Santander, confundidos por el eco que el sonido de los instrumentos genera en las monta\u00f1as, y pensando que est\u00e1n rodeados, se desbandan en medio del m\u00e1s absoluto caos, raz\u00f3n por la cual el comandante, desesperado, les ordena a gritos que se mantengan firmes en sus posiciones.  De ah\u00ed viene la versi\u00f3n de su famoso &#8220;\u00a1Firmes, Cachir\u00ed!&#8221;. Este fue el grito plasmado en el monumento erigido en honor al pr\u00f3cer en el hoy parque Garc\u00eda Rovira, de Bucaramanga. Pero no todos lo comparten. El periodista Pastor Virviescas escribi\u00f3 una cr\u00f3nica en la que asegura que el desesperado general no lanz\u00f3 en realidad ese grito (<em>Del grito victorioso de &#8220;\u00a1Firmes Cachir\u00ed!&#8221; a la ca\u00edda estrepitosa de un mito santandereano<\/em>), mientras que el historiador Antonio Cacua Prada se\u00f1ala que lo que grit\u00f3 fue &#8220;\u00a1Firmes, carajos!&#8221; (<em>Custodio Garc\u00eda Rovira, el estudiante m\u00e1rtir<\/em>), y, en cambio, el escritor Jaime \u00c1lvarez Guti\u00e9rrez asevera que lo que grit\u00f3 fue &#8220;\u00a1Firmes, hijos de puta!&#8221; (<em>Carta al Rey<\/em>). En todo caso, lo cierto es que la desorganizada tropa, presa del terror, no obedece a su jefe y prosigue su hu\u00edda, perseguida por el ej\u00e9rcito espa\u00f1ol. Las tropas del coronel Calzada despedazan el ej\u00e9rcito patriota y producen la peor mortandad en la historia de la guerra de Independencia. El general Garc\u00eda Rovira y el coronel Santander logran escapar hacia el Socorro.<\/p>\n<p>En un documento muy posterior, escrito despu\u00e9s de la Guerra de Independencia, el general Francisco de Paula Santander atribuye la debacle militar en Cachir\u00ed a dos errores del general Garc\u00eda Rovira: uno, el hecho de haber dise\u00f1ado una estrategia inapropiada, no porque lo fuera en s\u00ed misma, sino por la inexperiencia de los soldados patriotas; y el otro, el no haber ordenado la retirada inmediata hacia Bucaramanga.<\/p>\n<p>&nbsp;<\/p>\n<div id=\"attachment_20234\" style=\"width: 365px\" class=\"wp-caption aligncenter\"><a href=\"https:\/\/lapiedrafilosofal.com\/wp-content\/uploads\/2016\/08\/santander-torresMendez_big.jpg\" rel=\"attachment wp-att-20234\"><img loading=\"lazy\" decoding=\"async\" aria-describedby=\"caption-attachment-20234\" class=\"size-full wp-image-20234\" src=\"https:\/\/lapiedrafilosofal.com\/wp-content\/uploads\/2016\/08\/santander-torresMendez_big.jpg\" alt=\"FRANCISCO DE PAULA SANTANDER [\u00d3leo de Ram\u00f3n Torres M\u00e9ndez. Instituto Caro y Cuervo. Bogot\u00e1].\" width=\"355\" height=\"450\" srcset=\"https:\/\/oscarhumbertogomez.com\/wp-content\/uploads\/2016\/08\/santander-torresMendez_big.jpg 355w, https:\/\/oscarhumbertogomez.com\/wp-content\/uploads\/2016\/08\/santander-torresMendez_big-237x300.jpg 237w\" sizes=\"auto, (max-width: 355px) 100vw, 355px\" \/><\/a><p id=\"caption-attachment-20234\" class=\"wp-caption-text\">FRANCISCO DE PAULA SANTANDER [\u00d3leo de Ram\u00f3n Torres M\u00e9ndez. Instituto Caro y Cuervo. Bogot\u00e1]<\/p><\/div>\n<p>&nbsp;<\/p>\n<div id=\"attachment_20230\" style=\"width: 410px\" class=\"wp-caption aligncenter\"><a href=\"https:\/\/lapiedrafilosofal.com\/wp-content\/uploads\/2016\/08\/Antonio-Cacua-Prada.jpg\" rel=\"attachment wp-att-20230\"><img loading=\"lazy\" decoding=\"async\" aria-describedby=\"caption-attachment-20230\" class=\"size-full wp-image-20230\" src=\"https:\/\/lapiedrafilosofal.com\/wp-content\/uploads\/2016\/08\/Antonio-Cacua-Prada.jpg\" alt=\"ANTONIO CACUA PRADA, ilustre historiador santandereano, autor de la obra Custodio Garc\u00eda Rovira, el estudiante m\u00e1rtir. \" width=\"400\" height=\"596\" srcset=\"https:\/\/oscarhumbertogomez.com\/wp-content\/uploads\/2016\/08\/Antonio-Cacua-Prada.jpg 400w, https:\/\/oscarhumbertogomez.com\/wp-content\/uploads\/2016\/08\/Antonio-Cacua-Prada-201x300.jpg 201w\" sizes=\"auto, (max-width: 400px) 100vw, 400px\" \/><\/a><p id=\"caption-attachment-20230\" class=\"wp-caption-text\">Dr. ANTONIO CACUA PRADA, ilustre historiador santandereano, autor de la obra <em>Custodio Garc\u00eda Rovira, el estudiante m\u00e1rtir<\/em><\/p><\/div>\n<p>&nbsp;<\/p>\n<p>Con la espantosa derrota de Cachir\u00ed pr\u00e1cticamente comienza el hundimiento de la Primera Rep\u00fablica.<\/p>\n<p>&nbsp;<\/p>\n<div id=\"attachment_12843\" style=\"width: 730px\" class=\"wp-caption aligncenter\"><a href=\"https:\/\/lapiedrafilosofal.com\/wp-content\/uploads\/2014\/07\/CACHIR\u00cd-I.jpg\" rel=\"attachment wp-att-12843\"><img loading=\"lazy\" decoding=\"async\" aria-describedby=\"caption-attachment-12843\" class=\"size-full wp-image-12843\" src=\"https:\/\/lapiedrafilosofal.com\/wp-content\/uploads\/2014\/07\/CACHIR\u00cd-I.jpg\" alt=\"ESTE ES EL ACTUAL PUEBLECITO DE CACHIR\u00cd. \" width=\"720\" height=\"480\" srcset=\"https:\/\/oscarhumbertogomez.com\/wp-content\/uploads\/2014\/07\/CACHIR\u00cd-I.jpg 720w, https:\/\/oscarhumbertogomez.com\/wp-content\/uploads\/2014\/07\/CACHIR\u00cd-I-300x200.jpg 300w\" sizes=\"auto, (max-width: 720px) 100vw, 720px\" \/><\/a><p id=\"caption-attachment-12843\" class=\"wp-caption-text\">EL PUEBLECITO DE CACHIR\u00cd<\/p><\/div>\n<p>&nbsp;<\/p>\n<p>Ese mismo a\u00f1o el presidente Jos\u00e9 Fern\u00e1ndez Madrid renuncia y el Congreso designa al general Garc\u00eda Rovira presidente de la ya tambaleante Rep\u00fablica. Tan solo cinco d\u00edas despu\u00e9s se produce la derrota patriota en la Cuchilla del Tambo (27 de junio de 1816).<\/p>\n<p>&nbsp;<\/p>\n<p>En aquellos d\u00edas aciagos se pasa de la guerra al amor en cuesti\u00f3n de nada: tres d\u00edas despu\u00e9s de la debacle patriota en la Cuchilla del Tambo, el 1 de julio de 1816, ante el padre capell\u00e1n del ej\u00e9rcito, en presencia de las diezmadas tropas y del vicepresidente, Liborio Mej\u00eda, el presidente de la ya agonizante Rep\u00fablica se casa con la joven Mar\u00eda Josefa Piedrahita S\u00e1enz.<\/p>\n<p>Nueve d\u00edas despu\u00e9s del matrimonio, el 10 de julio siguiente, sobreviene una nueva derrota patriota, esta vez sobre el r\u00edo de La Plata, Huila. Y dos d\u00edas despu\u00e9s, en las selvas del Caquet\u00e1, en momentos en que huye hacia el Brasil, es atrapado por los espa\u00f1oles (12 de julio de 1816).<\/p>\n<p>Entonces, el presidente de la Rep\u00fablica Custodio Garc\u00eda Rovira es conducido, en condiciones indignas, hambriento, sediento y desmoralizado, a Santaf\u00e9, donde es juzgado, sentenciado a muerte y fusilado (jueves 8 de agosto de 1816).<\/p>\n<p>&nbsp;<\/p>\n<div id=\"attachment_20226\" style=\"width: 560px\" class=\"wp-caption aligncenter\"><a href=\"https:\/\/lapiedrafilosofal.com\/wp-content\/uploads\/2016\/08\/plaza-de-los-martires.jpg\" rel=\"attachment wp-att-20226\"><img loading=\"lazy\" decoding=\"async\" aria-describedby=\"caption-attachment-20226\" class=\"size-full wp-image-20226\" src=\"https:\/\/lapiedrafilosofal.com\/wp-content\/uploads\/2016\/08\/plaza-de-los-martires.jpg\" alt=\"PLAZA DE LOS M\u00c1RTIRES (antes Huerta de Jaime) EN BOGOT\u00c1 (antes Santa Fe), DONDE FUE FUSILADO EL PRESIDENTE DE LA REP\u00daBLICA SANTANDEREANO CUSTODIO GARC\u00cdA ROVIRA. \" width=\"550\" height=\"366\" srcset=\"https:\/\/oscarhumbertogomez.com\/wp-content\/uploads\/2016\/08\/plaza-de-los-martires.jpg 550w, https:\/\/oscarhumbertogomez.com\/wp-content\/uploads\/2016\/08\/plaza-de-los-martires-300x200.jpg 300w\" sizes=\"auto, (max-width: 550px) 100vw, 550px\" \/><\/a><p id=\"caption-attachment-20226\" class=\"wp-caption-text\">PLAZA DE LOS M\u00c1RTIRES (antes Huerta de Jaime) EN BOGOT\u00c1 (antes Santaf\u00e9), DONDE FUE FUSILADO EL \u00daLTIMO PRESIDENTE DE LA PRIMERA REP\u00daBLICA, EL GENERAL BUMANGU\u00c9S CUSTODIO GARC\u00cdA ROVIRA.<\/p><\/div>\n<p>&nbsp;<\/p>\n<p>Honran su memoria la provincia santandereana de Garc\u00eda Rovira, el parque Garc\u00eda Rovira y el barrio Garc\u00eda Rovira, de Bucaramanga; el Batall\u00f3n Custodio Garc\u00eda Rovira del Ej\u00e9rcito Nacional, con sede en Pamplona; el Instituto Nacional de Ense\u00f1anza Media (INEM) Custodio Garc\u00eda Rovira, reputado plantel educativo con asiento en suelo bumangu\u00e9s; y la Casa de la Cultura Custodio Garc\u00eda Rovira, tambi\u00e9n ubicada en la capital santandereana.<\/p>\n<p>Sus sucesores en la dignidad presidencial, sin embargo, permitieron que muchos a\u00f1os despu\u00e9s el sitio donde naci\u00f3 se convirtiera en una casa que amenaza ruina y que el entorno donde muri\u00f3 se transformara \u2014eso me dicen\u2014 en uno de los lugares m\u00e1s s\u00f3rdidos y peligrosos de Bogot\u00e1.<\/p>\n<p>&nbsp;<\/p>\n<p><strong>\u00d3SCAR HUMBERTO G\u00d3MEZ G\u00d3MEZ<\/strong>: Miembro de N\u00famero de la Academia de Historia de Santander.<\/p>\n<p>&nbsp;<\/p>\n","protected":false},"excerpt":{"rendered":"<p>&nbsp; Todos hablan del 7 de agosto, pero nadie habla del 8. Inaceptable, claro est\u00e1, en los colombianos, que no deber\u00edan ignorar a sus pr\u00f3ceres. Pero m\u00e1s, en los oriundos de Bucaramanga, porque \u00e9l lo era. Y es que el &hellip; <a href=\"https:\/\/oscarhumbertogomez.com\/?p=54330\">Sigue leyendo <span class=\"meta-nav\">&rarr;<\/span><\/a><\/p>\n<div class='heateorSssClear'><\/div><div  class='heateor_sss_sharing_container heateor_sss_horizontal_sharing' heateor-sss-data-href='https:\/\/oscarhumbertogomez.com\/?p=54330'><div class='heateor_sss_sharing_title' style=\"font-weight:bold\" >\u00a1Gracias por compartirla!<\/div><ul class=\"heateor_sss_sharing_ul\"><li class=\"heateorSssSharingRound\"><i style=\"width:35px;height:35px;border-radius:999px;\" alt=\"Facebook\" Title=\"Facebook\" class=\"heateorSssSharing heateorSssFacebookBackground\" onclick='heateorSssPopup(\"https:\/\/www.facebook.com\/sharer\/sharer.php?u=https%3A%2F%2Foscarhumbertogomez.com%2Findex.php%3Frest_route%3D%252Fwp%252Fv2%252Fposts%252F54330\")'><ss style=\"display:block;border-radius:999px;\" class=\"heateorSssSharingSvg heateorSssFacebookSvg\"><\/ss><\/i><\/li><li class=\"heateorSssSharingRound\"><i style=\"width:35px;height:35px;border-radius:999px;\" alt=\"Twitter\" Title=\"Twitter\" class=\"heateorSssSharing heateorSssTwitterBackground\" onclick='heateorSssPopup(\"http:\/\/twitter.com\/intent\/tweet?text=GARC%C3%8DA%20ROVIRA%2C%20EL%20%C3%9ALTIMO%20PRESIDENTE.%20Por%20%C3%93scar%20Humberto%20G%C3%B3mez%20G%C3%B3mez&url=https%3A%2F%2Foscarhumbertogomez.com%2Findex.php%3Frest_route%3D%252Fwp%252Fv2%252Fposts%252F54330\")'><ss style=\"display:block;border-radius:999px;\" class=\"heateorSssSharingSvg heateorSssTwitterSvg\"><\/ss><\/i><\/li><li class=\"heateorSssSharingRound\"><i style=\"width:35px;height:35px;border-radius:999px;\" alt=\"Whatsapp\" Title=\"Whatsapp\" class=\"heateorSssSharing heateorSssWhatsappBackground\" onclick='heateorSssPopup(\"https:\/\/web.whatsapp.com\/send?text=GARC%C3%8DA%20ROVIRA%2C%20EL%20%C3%9ALTIMO%20PRESIDENTE.%20Por%20%C3%93scar%20Humberto%20G%C3%B3mez%20G%C3%B3mez https%3A%2F%2Foscarhumbertogomez.com%2Findex.php%3Frest_route%3D%252Fwp%252Fv2%252Fposts%252F54330\")'><ss style=\"display:block\" class=\"heateorSssSharingSvg heateorSssWhatsappSvg\"><\/ss><\/i><\/li><li class=\"heateorSssSharingRound\"><i style=\"width:35px;height:35px;border-radius:999px;\" alt=\"Pinterest\" Title=\"Pinterest\" class=\"heateorSssSharing heateorSssPinterestBackground\" onclick=\"javascript:void( (function() {var e=document.createElement('script' );e.setAttribute('type','text\/javascript' );e.setAttribute('charset','UTF-8' );e.setAttribute('src','\/\/assets.pinterest.com\/js\/pinmarklet.js?r='+Math.random()*99999999);document.body.appendChild(e)})());\"><ss style=\"display:block;border-radius:999px;\" class=\"heateorSssSharingSvg heateorSssPinterestSvg\"><\/ss><\/i><\/li><li class=\"heateorSssSharingRound\"><i style=\"width:35px;height:35px;border-radius:999px;\" alt=\"Google Gmail\" Title=\"Google Gmail\" class=\"heateorSssSharing heateorSssGoogleGmailBackground\" onclick='heateorSssPopup(\"https:\/\/mail.google.com\/mail\/?ui=2&view=cm&fs=1&tf=1&su=GARC%C3%8DA%20ROVIRA%2C%20EL%20%C3%9ALTIMO%20PRESIDENTE.%20Por%20%C3%93scar%20Humberto%20G%C3%B3mez%20G%C3%B3mez&body=Link:https%3A%2F%2Foscarhumbertogomez.com%2Findex.php%3Frest_route%3D%252Fwp%252Fv2%252Fposts%252F54330\")'><ss style=\"display:block;border-radius:999px;\" class=\"heateorSssSharingSvg heateorSssGoogleGmailSvg\"><\/ss><\/i><\/li><li class=\"heateorSssSharingRound\"><i style=\"width:35px;height:35px;border-radius:999px;\" title=\"More\" alt=\"More\" class=\"heateorSssSharing heateorSssMoreBackground\" onclick=\"heateorSssMoreSharingPopup(this, 'https:\/\/oscarhumbertogomez.com\/index.php?rest_route=%2Fwp%2Fv2%2Fposts%2F54330', 'GARC%C3%8DA%20ROVIRA%2C%20EL%20%C3%9ALTIMO%20PRESIDENTE.%20Por%20%C3%93scar%20Humberto%20G%C3%B3mez%20G%C3%B3mez', '' )\" ><ss style=\"display:block\" class=\"heateorSssSharingSvg heateorSssMoreSvg\"><\/ss><\/i><\/li><\/ul><div class=\"heateorSssClear\"><\/div><\/div><div class='heateorSssClear'><\/div>","protected":false},"author":2,"featured_media":0,"comment_status":"closed","ping_status":"closed","sticky":false,"template":"","format":"standard","meta":{"spay_email":"","footnotes":""},"categories":[1],"tags":[],"class_list":["post-54330","post","type-post","status-publish","format-standard","hentry","category-blog"],"jetpack_featured_media_url":"","jetpack_shortlink":"https:\/\/wp.me\/p1FYrr-e8i","_links":{"self":[{"href":"https:\/\/oscarhumbertogomez.com\/index.php?rest_route=\/wp\/v2\/posts\/54330","targetHints":{"allow":["GET"]}}],"collection":[{"href":"https:\/\/oscarhumbertogomez.com\/index.php?rest_route=\/wp\/v2\/posts"}],"about":[{"href":"https:\/\/oscarhumbertogomez.com\/index.php?rest_route=\/wp\/v2\/types\/post"}],"author":[{"embeddable":true,"href":"https:\/\/oscarhumbertogomez.com\/index.php?rest_route=\/wp\/v2\/users\/2"}],"replies":[{"embeddable":true,"href":"https:\/\/oscarhumbertogomez.com\/index.php?rest_route=%2Fwp%2Fv2%2Fcomments&post=54330"}],"version-history":[{"count":5,"href":"https:\/\/oscarhumbertogomez.com\/index.php?rest_route=\/wp\/v2\/posts\/54330\/revisions"}],"predecessor-version":[{"id":54341,"href":"https:\/\/oscarhumbertogomez.com\/index.php?rest_route=\/wp\/v2\/posts\/54330\/revisions\/54341"}],"wp:attachment":[{"href":"https:\/\/oscarhumbertogomez.com\/index.php?rest_route=%2Fwp%2Fv2%2Fmedia&parent=54330"}],"wp:term":[{"taxonomy":"category","embeddable":true,"href":"https:\/\/oscarhumbertogomez.com\/index.php?rest_route=%2Fwp%2Fv2%2Fcategories&post=54330"},{"taxonomy":"post_tag","embeddable":true,"href":"https:\/\/oscarhumbertogomez.com\/index.php?rest_route=%2Fwp%2Fv2%2Ftags&post=54330"}],"curies":[{"name":"wp","href":"https:\/\/api.w.org\/{rel}","templated":true}]}}