{"id":54376,"date":"2025-10-02T15:43:18","date_gmt":"2025-10-02T20:43:18","guid":{"rendered":"https:\/\/oscarhumbertogomez.com\/?p=54376"},"modified":"2025-10-04T12:34:13","modified_gmt":"2025-10-04T17:34:13","slug":"sentado-frente-al-telon-acerca-de-la-excelente-pelicula-colombiana-un-poeta-ii-por-oscar-humberto-gomez-gomez","status":"publish","type":"post","link":"https:\/\/oscarhumbertogomez.com\/?p=54376","title":{"rendered":"Sentado frente al tel\u00f3n. ACERCA DE LA EXCELENTE PEL\u00cdCULA COLOMBIANA \u201cUN POETA\u201d. (II) Por \u00d3scar Humberto G\u00f3mez G\u00f3mez"},"content":{"rendered":"<p><strong>Sentado frente al tel\u00f3n<\/strong><\/p>\n<p>&nbsp;<\/p>\n<p><img loading=\"lazy\" decoding=\"async\" class=\"aligncenter size-full wp-image-54360\" src=\"https:\/\/oscarhumbertogomez.com\/wp-content\/uploads\/2025\/09\/UN-POETA-UBEIMAR-RIOS.jpeg\" alt=\"\" width=\"717\" height=\"1024\" srcset=\"https:\/\/oscarhumbertogomez.com\/wp-content\/uploads\/2025\/09\/UN-POETA-UBEIMAR-RIOS.jpeg 717w, https:\/\/oscarhumbertogomez.com\/wp-content\/uploads\/2025\/09\/UN-POETA-UBEIMAR-RIOS-210x300.jpeg 210w\" sizes=\"auto, (max-width: 717px) 100vw, 717px\" \/><\/p>\n<p>&nbsp;<\/p>\n<p><strong>ACERCA DE LA EXCELENTE PEL\u00cdCULA COLOMBIANA \u201cUN POETA\u201d<\/strong><\/p>\n<p>&nbsp;<\/p>\n<p>(II)<\/p>\n<p>&nbsp;<\/p>\n<p><strong>Por \u00d3scar Humberto G\u00f3mez G\u00f3mez<\/strong><\/p>\n<p>&nbsp;<\/p>\n<p>A pesar de sobrepasar con creces los 50 a\u00f1os de edad, \u00d3scar Restrepo no solo no ha abandonado la casa de su mam\u00e1, sino que todav\u00eda le pide plata para sus gastos b\u00e1sicos.<\/p>\n<p>Pero esa falta de autosuficiencia econ\u00f3mica es todav\u00eda m\u00e1s grave, porque \u00d3scar Restrepo, quien tiene una hija (la joven estudiante Daniela, encarnada por la talentosa actriz Alisson Correa) y vive separado de ella y de su mam\u00e1, debido a que no soportan su estado de abandono personal, ni su dedicaci\u00f3n al licor, se ve precisado a pedirle a su propia hija que le preste algo de dinero. En ese contexto adverso, no es dif\u00edcil entender que su dignidad personal se ve completamente menoscabada.<\/p>\n<p>&nbsp;<\/p>\n<p><img decoding=\"async\" class=\"aligncenter size-full wp-image-54380\" src=\"https:\/\/oscarhumbertogomez.com\/wp-content\/uploads\/2025\/10\/ALISSON-CORREA.jpeg\" alt=\"\" width=\"500\" height=\"\"><\/p>\n<p>&nbsp;<\/p>\n<p>Hasta que llega el momento en que su propia hermana le consigue un trabajo: se trata de que dicte clases de filosof\u00eda en un modesto colegio.<\/p>\n<p>Aunque \u00e9l se niega inicialmente a aceptar ese puesto, al final lo toma y es entonces cuando comienza a dictar clases en aquel sencillo establecimiento educativo, que es donde precisamente se entera de que una de sus alumnas, Yurlady, es conocida dentro de sus compa\u00f1eros porque escribe poes\u00edas, que ella misma ilustra con sus propios dibujos.<\/p>\n<p>Cuando el frustrado poeta, que ya es consciente a sus a\u00f1os de que no lleg\u00f3 a ninguna parte con sus obras, se entera de que su joven alumna escribe versos de singular delicadeza y hermosura en las hojas de su cuaderno, se propone llevarla a la casa de los poetas a la cual pertenec\u00eda cuando gan\u00f3 el premio de poes\u00eda a sus 25 a\u00f1os y a la que sigui\u00f3 perteneciendo mientras iba sumi\u00e9ndose cada vez m\u00e1s en los abismos del fracaso. Y la lleva all\u00ed, porque, seg\u00fan mi interpretaci\u00f3n personal, cree haber encontrado la persona en la que podr\u00e1 proyectar aquel \u00e9xito literario que \u00e9l no tuvo en la vida.<\/p>\n<p>Me da la impresi\u00f3n, en efecto, de que \u00d3scar Restrepo quiere a \u00faltima hora triunfar en la vida a trav\u00e9s del triunfo de su alumna, al estilo del boxeador que no lleg\u00f3 a ning\u00fan lado, pero que como entrenador se propone hacer campe\u00f3n a uno de sus pupilos.<\/p>\n<p>Convertido en el padrino literario de una jovencita con talento po\u00e9tico, muy pronto \u00d3scar Restrepo habr\u00e1 de entender, sin embargo, que el hecho de que una persona tenga talento para algo no significa necesariamente que est\u00e9 interesada en explotarlo.<\/p>\n<p>&nbsp;<\/p>\n<p><img loading=\"lazy\" decoding=\"async\" class=\"aligncenter size-large wp-image-54381\" src=\"https:\/\/oscarhumbertogomez.com\/wp-content\/uploads\/2025\/10\/REBECA-ANDRADE--1024x576.jpeg\" alt=\"\" width=\"640\" height=\"360\" srcset=\"https:\/\/oscarhumbertogomez.com\/wp-content\/uploads\/2025\/10\/REBECA-ANDRADE--1024x576.jpeg 1024w, https:\/\/oscarhumbertogomez.com\/wp-content\/uploads\/2025\/10\/REBECA-ANDRADE--300x169.jpeg 300w, https:\/\/oscarhumbertogomez.com\/wp-content\/uploads\/2025\/10\/REBECA-ANDRADE--768x432.jpeg 768w, https:\/\/oscarhumbertogomez.com\/wp-content\/uploads\/2025\/10\/REBECA-ANDRADE-.jpeg 1280w\" sizes=\"auto, (max-width: 640px) 100vw, 640px\" \/><\/p>\n<p>&nbsp;<\/p>\n<p>De otro lado, cuando uno observa en la pel\u00edcula las interioridades de la casa de los poetas a la que pertenece \u00d3scar Restrepo desde joven, se encuentra con un tema que poco se aborda y que es el de la envidia entre los pares.<\/p>\n<p>Y es que cuando \u00d3scar Restrepo gana el concurso de poes\u00eda y en reuni\u00f3n celebrada en la casa de los poetas se le brinda un tributo y en el desarrollo del mismo se le da el uso de la palabra, no s\u00f3lo aflora el ego del ganador, que se explaya en hablar de s\u00ed mismo, aunque en tercera persona, sino adem\u00e1s sucede que dentro del auditorio, conformado por poetas como \u00e9l, pero a quienes no premiaron, empieza la incomodidad de quienes le escuchan y su inocultable deseo de que termine cuanto antes su perorata, hasta que muy pronto acaban interrumpi\u00e9ndolo y literalmente quit\u00e1ndole el micr\u00f3fono. Como un presagio de lo que vendr\u00eda despu\u00e9s, en la siguiente escena el protagonista aparece discurseando frente a un auditorio totalmente distinto: un vagabundo solitario, un habitante de calle con quien desfoga toda la frustraci\u00f3n que le produjo el que, en plena premiaci\u00f3n, no lo hubiesen dejado hablar con la extensi\u00f3n temporal con que pensaba hacerlo como si se tratase de haber ganado un premio internacional y no fuera \u00e9l el modesto joven poeta \u00d3scar Restrepo, sino un Pablo Neruda, o un Federico Garc\u00eda Lorca, o un Edgar Allan Poe.<\/p>\n<p>La pel\u00edcula, al menos desde mi perspectiva, deja flotando en el ambiente ese sentimiento tan evidente en todos los sectores sociales donde los seres humanos desarrollan la misma actividad y comparten un espacio y un tiempo, pero no soportan que uno de ellos de buenas a primeras sobrepase al resto en cualquiera de las \u00e1reas en las que las personas se consideran superiores a los dem\u00e1s, como lo son el dinero, la fama, el poder, los premios, o, por supuesto, la belleza.<\/p>\n<p>El psiquiatra espa\u00f1ol Emilio Mira y L\u00f3pez en su obra \u201cCuatro gigantes del alma\u201d deja en claro que el sentimiento de la envidia no emerge en el que est\u00e1 muy abajo en contra del que est\u00e1 muy arriba, sino entre pares, cuando uno de estos escala a un nivel superior al que obstenta el resto. Yo suelo ilustrarlo con un ejemplo: el cabo no envidia al general de dos soles que ha sido ascendido a general de tres soles; el cabo envidia a ese otro cabo que ha sido ascendido a sargento mientras que \u00e9l, en cambio, seguir\u00e1 siendo cabo.<\/p>\n<p>La explosiva mezcla del ego no satisfecho y la envidia de la que es v\u00edctima termina destruyendo al entonces promisorio poeta. Perdido por completo su norte vital, \u00d3scar Restrepo habr\u00e1 de abandonar cada vez m\u00e1s la poes\u00eda y habr\u00e1 de hundirse cada vez m\u00e1s en las oscuridades del desencanto y de la depresi\u00f3n, elucubrando sobre lo que pudo haber sido y no fue, hasta que conoce a Yurlady.<\/p>\n<p>Me parece que en ese momento el protagonista tuvo la m\u00e1s preciosa oportunidad para descubrir la verdadera esencia de la poes\u00eda. Sin embargo, \u00e9l se obstina en conducir a su descubrimiento a seguir los pasos que \u00e9l hubiese querido seguir a lo largo de sus a\u00f1os.<\/p>\n<p>Yurlady le da se\u00f1ales inequ\u00edvocas de que no le interesa ser lo que \u00e9l pretende que sea. Incluso llegar\u00e1 un momento en que ni siquiera volver\u00e1 a asistir a la casa de los poetas, porque aquel ambiente no logra despertar en ella las emociones que su mentor cree y quiere que se despierten en su coraz\u00f3n. Es su obstinado mentor quien la busca, quien le recrimina que no haya regresado, quien la motiva para que lo haga y hasta se la lleva \u00e9l mismo hacia aquel destino que \u00e9l cree que es el propio de su pupila.<\/p>\n<p>La imagen debi\u00f3 ser para \u00e9l di\u00e1fana, convincente y definitiva: la encontr\u00f3 pint\u00e1ndole las u\u00f1as a una joven vecina, pero adem\u00e1s le pide a \u00e9l dinero para comprar implementos que necesita para adelantar su trabajo de manicurista. A Yurlady no le interesa en absoluto ser una gran poetisa, lo que le interesa es el manicure. Es, sin embargo, tan talentosa para la poes\u00eda, que termina premiada. Y ser\u00e1 en la celebraci\u00f3n de aquella premiaci\u00f3n donde, a sus escasos 15 a\u00f1os, tendr\u00e1 la oportunidad de pasarse de tragos y donde le dejar\u00e1 en claro a su obstinado mentor que como poetisa, adem\u00e1s de su satisfacci\u00f3n \u00edntima de serlo, ella no va a llegar a ninguna parte.<\/p>\n<p>Pero esa terrible celebraci\u00f3n adem\u00e1s pondr\u00e1 cara a cara al protagonista con un problema que \u00e9l ingenuamente no previ\u00f3 cuando se meti\u00f3 en la tozuda tarea de llevar a la fama a su pupila: tendr\u00e1 que enfrentar el profundo disgusto que en el seno de la familia de esta generar\u00e1 el que se la haya llevado a una fiesta de donde sali\u00f3 ebria, y que fuera de eso la haya dejado tirada en la calle, cerca de su casa, con la esperanza de que su familia saliera y al verla botada en el suelo la recogiera y le brindara las atenciones que su deplorable estado hac\u00edan necesarias. Las consecuencias de aquella infortunada fiesta rebasar\u00e1n los linderos meramente familiares de la joven y llegar\u00e1n hasta el entorno educativo donde \u00e9l dicta sus clases.<\/p>\n<p>&nbsp;<\/p>\n<p><img loading=\"lazy\" decoding=\"async\" class=\"aligncenter size-large wp-image-54382\" src=\"https:\/\/oscarhumbertogomez.com\/wp-content\/uploads\/2025\/10\/YURLADY-Y-SU-FAMILIA-1024x618.jpeg\" alt=\"\" width=\"640\" height=\"386\" srcset=\"https:\/\/oscarhumbertogomez.com\/wp-content\/uploads\/2025\/10\/YURLADY-Y-SU-FAMILIA-1024x618.jpeg 1024w, https:\/\/oscarhumbertogomez.com\/wp-content\/uploads\/2025\/10\/YURLADY-Y-SU-FAMILIA-300x181.jpeg 300w, https:\/\/oscarhumbertogomez.com\/wp-content\/uploads\/2025\/10\/YURLADY-Y-SU-FAMILIA-768x463.jpeg 768w, https:\/\/oscarhumbertogomez.com\/wp-content\/uploads\/2025\/10\/YURLADY-Y-SU-FAMILIA-1536x926.jpeg 1536w, https:\/\/oscarhumbertogomez.com\/wp-content\/uploads\/2025\/10\/YURLADY-Y-SU-FAMILIA-2048x1235.jpeg 2048w\" sizes=\"auto, (max-width: 640px) 100vw, 640px\" \/><\/p>\n<p>&nbsp;<\/p>\n<p>Pero adem\u00e1s aquel tremendo rev\u00e9s agudizar\u00e1 la ya dif\u00edcil relaci\u00f3n que mantiene con su hija, quien, con todo, y en honor a la verdad, antes del escandaloso suceso ya hab\u00eda empezado a aproximarse t\u00edmidamente al talento po\u00e9tico de su pap\u00e1 yendo a la biblioteca con el prop\u00f3sito de leer sus versos.<\/p>\n<p>&nbsp;<\/p>\n<p><img decoding=\"async\" class=\"aligncenter size-full wp-image-54383\" src=\"https:\/\/oscarhumbertogomez.com\/wp-content\/uploads\/2025\/10\/EL-POETA-Y-SU-HIJA.jpeg\" alt=\"\" width=\"500\" height=\"\"><\/p>\n<p>&nbsp;<\/p>\n<p>(CONTINUAR\u00c1)<\/p>\n<p>&nbsp;<\/p>\n<p><strong>\u00d3SCAR HUMBERTO G\u00d3MEZ G\u00d3MEZ<\/strong>: Miembro de N\u00famero de la Academia de Historia de Santander. Miembro del Colegio Nacional de Periodistas. Miembro de la Sociedad de Autores y Compositores de Colombia. Miembro del ilustre y desaparecido Colegio de Abogados de Santander.<\/p>\n<p>&nbsp;<\/p>\n","protected":false},"excerpt":{"rendered":"<p>Sentado frente al tel\u00f3n &nbsp; &nbsp; ACERCA DE LA EXCELENTE PEL\u00cdCULA COLOMBIANA \u201cUN POETA\u201d &nbsp; (II) &nbsp; Por \u00d3scar Humberto G\u00f3mez G\u00f3mez &nbsp; A pesar de sobrepasar con creces los 50 a\u00f1os de edad, \u00d3scar Restrepo no solo no ha &hellip; <a href=\"https:\/\/oscarhumbertogomez.com\/?p=54376\">Sigue leyendo <span class=\"meta-nav\">&rarr;<\/span><\/a><\/p>\n<div class='heateorSssClear'><\/div><div  class='heateor_sss_sharing_container heateor_sss_horizontal_sharing' heateor-sss-data-href='https:\/\/oscarhumbertogomez.com\/?p=54376'><div class='heateor_sss_sharing_title' style=\"font-weight:bold\" >\u00a1Gracias por compartirla!<\/div><ul class=\"heateor_sss_sharing_ul\"><li class=\"heateorSssSharingRound\"><i style=\"width:35px;height:35px;border-radius:999px;\" alt=\"Facebook\" Title=\"Facebook\" class=\"heateorSssSharing heateorSssFacebookBackground\" onclick='heateorSssPopup(\"https:\/\/www.facebook.com\/sharer\/sharer.php?u=https%3A%2F%2Foscarhumbertogomez.com%2Findex.php%3Frest_route%3D%252Fwp%252Fv2%252Fposts%252F54376\")'><ss style=\"display:block;border-radius:999px;\" class=\"heateorSssSharingSvg heateorSssFacebookSvg\"><\/ss><\/i><\/li><li class=\"heateorSssSharingRound\"><i style=\"width:35px;height:35px;border-radius:999px;\" alt=\"Twitter\" Title=\"Twitter\" class=\"heateorSssSharing heateorSssTwitterBackground\" onclick='heateorSssPopup(\"http:\/\/twitter.com\/intent\/tweet?text=Sentado%20frente%20al%20tel%C3%B3n.%20ACERCA%20DE%20LA%20EXCELENTE%20PEL%C3%8DCULA%20COLOMBIANA%20%E2%80%9CUN%20POETA%E2%80%9D.%20%28II%29%20Por%20%C3%93scar%20Humberto%20G%C3%B3mez%20G%C3%B3mez&url=https%3A%2F%2Foscarhumbertogomez.com%2Findex.php%3Frest_route%3D%252Fwp%252Fv2%252Fposts%252F54376\")'><ss style=\"display:block;border-radius:999px;\" class=\"heateorSssSharingSvg heateorSssTwitterSvg\"><\/ss><\/i><\/li><li class=\"heateorSssSharingRound\"><i style=\"width:35px;height:35px;border-radius:999px;\" alt=\"Whatsapp\" Title=\"Whatsapp\" class=\"heateorSssSharing heateorSssWhatsappBackground\" onclick='heateorSssPopup(\"https:\/\/web.whatsapp.com\/send?text=Sentado%20frente%20al%20tel%C3%B3n.%20ACERCA%20DE%20LA%20EXCELENTE%20PEL%C3%8DCULA%20COLOMBIANA%20%E2%80%9CUN%20POETA%E2%80%9D.%20%28II%29%20Por%20%C3%93scar%20Humberto%20G%C3%B3mez%20G%C3%B3mez https%3A%2F%2Foscarhumbertogomez.com%2Findex.php%3Frest_route%3D%252Fwp%252Fv2%252Fposts%252F54376\")'><ss style=\"display:block\" class=\"heateorSssSharingSvg heateorSssWhatsappSvg\"><\/ss><\/i><\/li><li class=\"heateorSssSharingRound\"><i style=\"width:35px;height:35px;border-radius:999px;\" alt=\"Pinterest\" Title=\"Pinterest\" class=\"heateorSssSharing heateorSssPinterestBackground\" onclick=\"javascript:void( (function() {var e=document.createElement('script' );e.setAttribute('type','text\/javascript' );e.setAttribute('charset','UTF-8' );e.setAttribute('src','\/\/assets.pinterest.com\/js\/pinmarklet.js?r='+Math.random()*99999999);document.body.appendChild(e)})());\"><ss style=\"display:block;border-radius:999px;\" class=\"heateorSssSharingSvg heateorSssPinterestSvg\"><\/ss><\/i><\/li><li class=\"heateorSssSharingRound\"><i style=\"width:35px;height:35px;border-radius:999px;\" alt=\"Google Gmail\" Title=\"Google Gmail\" class=\"heateorSssSharing heateorSssGoogleGmailBackground\" onclick='heateorSssPopup(\"https:\/\/mail.google.com\/mail\/?ui=2&view=cm&fs=1&tf=1&su=Sentado%20frente%20al%20tel%C3%B3n.%20ACERCA%20DE%20LA%20EXCELENTE%20PEL%C3%8DCULA%20COLOMBIANA%20%E2%80%9CUN%20POETA%E2%80%9D.%20%28II%29%20Por%20%C3%93scar%20Humberto%20G%C3%B3mez%20G%C3%B3mez&body=Link:https%3A%2F%2Foscarhumbertogomez.com%2Findex.php%3Frest_route%3D%252Fwp%252Fv2%252Fposts%252F54376\")'><ss style=\"display:block;border-radius:999px;\" class=\"heateorSssSharingSvg heateorSssGoogleGmailSvg\"><\/ss><\/i><\/li><li class=\"heateorSssSharingRound\"><i style=\"width:35px;height:35px;border-radius:999px;\" title=\"More\" alt=\"More\" class=\"heateorSssSharing heateorSssMoreBackground\" onclick=\"heateorSssMoreSharingPopup(this, 'https:\/\/oscarhumbertogomez.com\/index.php?rest_route=%2Fwp%2Fv2%2Fposts%2F54376', 'Sentado%20frente%20al%20tel%C3%B3n.%20ACERCA%20DE%20LA%20EXCELENTE%20PEL%C3%8DCULA%20COLOMBIANA%20%E2%80%9CUN%20POETA%E2%80%9D.%20%28II%29%20Por%20%C3%93scar%20Humberto%20G%C3%B3mez%20G%C3%B3mez', '' )\" ><ss style=\"display:block\" class=\"heateorSssSharingSvg heateorSssMoreSvg\"><\/ss><\/i><\/li><\/ul><div class=\"heateorSssClear\"><\/div><\/div><div class='heateorSssClear'><\/div>","protected":false},"author":2,"featured_media":0,"comment_status":"closed","ping_status":"closed","sticky":false,"template":"","format":"standard","meta":{"spay_email":"","footnotes":""},"categories":[55],"tags":[],"class_list":["post-54376","post","type-post","status-publish","format-standard","hentry","category-cine-y-television"],"jetpack_featured_media_url":"","jetpack_shortlink":"https:\/\/wp.me\/p1FYrr-e92","_links":{"self":[{"href":"https:\/\/oscarhumbertogomez.com\/index.php?rest_route=\/wp\/v2\/posts\/54376","targetHints":{"allow":["GET"]}}],"collection":[{"href":"https:\/\/oscarhumbertogomez.com\/index.php?rest_route=\/wp\/v2\/posts"}],"about":[{"href":"https:\/\/oscarhumbertogomez.com\/index.php?rest_route=\/wp\/v2\/types\/post"}],"author":[{"embeddable":true,"href":"https:\/\/oscarhumbertogomez.com\/index.php?rest_route=\/wp\/v2\/users\/2"}],"replies":[{"embeddable":true,"href":"https:\/\/oscarhumbertogomez.com\/index.php?rest_route=%2Fwp%2Fv2%2Fcomments&post=54376"}],"version-history":[{"count":5,"href":"https:\/\/oscarhumbertogomez.com\/index.php?rest_route=\/wp\/v2\/posts\/54376\/revisions"}],"predecessor-version":[{"id":54392,"href":"https:\/\/oscarhumbertogomez.com\/index.php?rest_route=\/wp\/v2\/posts\/54376\/revisions\/54392"}],"wp:attachment":[{"href":"https:\/\/oscarhumbertogomez.com\/index.php?rest_route=%2Fwp%2Fv2%2Fmedia&parent=54376"}],"wp:term":[{"taxonomy":"category","embeddable":true,"href":"https:\/\/oscarhumbertogomez.com\/index.php?rest_route=%2Fwp%2Fv2%2Fcategories&post=54376"},{"taxonomy":"post_tag","embeddable":true,"href":"https:\/\/oscarhumbertogomez.com\/index.php?rest_route=%2Fwp%2Fv2%2Ftags&post=54376"}],"curies":[{"name":"wp","href":"https:\/\/api.w.org\/{rel}","templated":true}]}}