{"id":54400,"date":"2025-11-29T19:58:53","date_gmt":"2025-11-30T00:58:53","guid":{"rendered":"https:\/\/oscarhumbertogomez.com\/?p=54400"},"modified":"2025-11-30T07:12:28","modified_gmt":"2025-11-30T12:12:28","slug":"la-universidad-pontificia-bolivariana-confirio-a-manuel-fernando-martinez-bautista-el-titulo-de-psicologo-clinico-por-oscar-humberto-gomez-gomez","status":"publish","type":"post","link":"https:\/\/oscarhumbertogomez.com\/?p=54400","title":{"rendered":"La Universidad Pontificia Bolivariana confiri\u00f3 a Manuel Fernando Mart\u00ednez Bautista el t\u00edtulo de psic\u00f3logo cl\u00ednico. Por \u00d3scar Humberto G\u00f3mez G\u00f3mez"},"content":{"rendered":"<p><img loading=\"lazy\" decoding=\"async\" class=\"aligncenter size-large wp-image-54405\" src=\"https:\/\/oscarhumbertogomez.com\/wp-content\/uploads\/2025\/11\/WhatsApp-Image-2025-11-29-at-14.18.47-767x1024.jpeg\" alt=\"\" width=\"640\" height=\"854\" srcset=\"https:\/\/oscarhumbertogomez.com\/wp-content\/uploads\/2025\/11\/WhatsApp-Image-2025-11-29-at-14.18.47-767x1024.jpeg 767w, https:\/\/oscarhumbertogomez.com\/wp-content\/uploads\/2025\/11\/WhatsApp-Image-2025-11-29-at-14.18.47-225x300.jpeg 225w, https:\/\/oscarhumbertogomez.com\/wp-content\/uploads\/2025\/11\/WhatsApp-Image-2025-11-29-at-14.18.47-768x1025.jpeg 768w, https:\/\/oscarhumbertogomez.com\/wp-content\/uploads\/2025\/11\/WhatsApp-Image-2025-11-29-at-14.18.47.jpeg 959w\" sizes=\"auto, (max-width: 640px) 100vw, 640px\" \/><\/p>\n<p>&nbsp;<\/p>\n<p>En ceremonia llevada a cabo hoy s\u00e1bado 29 de noviembre de 2025 a partir de las 11 de la ma\u00f1ana en el auditorio Juan Pablo Segundo de la ilustre Universidad Pontificia Bolivariana, esta prestigiosa alma mater le confiri\u00f3 el t\u00edtulo de psic\u00f3logo cl\u00ednico a nuestro yerno, el joven profesional de la psicolog\u00eda MANUEL FERNANDO MART\u00cdNEZ BAUTISTA, quien de esa manera culmin\u00f3 en forma exitosa sus estudios de posgrado.<\/p>\n<p>&nbsp;<\/p>\n<p><img loading=\"lazy\" decoding=\"async\" class=\"aligncenter size-large wp-image-54422\" src=\"https:\/\/oscarhumbertogomez.com\/wp-content\/uploads\/2025\/11\/WhatsApp-Image-2025-11-29-at-20.31.17-768x1024.jpeg\" alt=\"\" width=\"640\" height=\"853\" srcset=\"https:\/\/oscarhumbertogomez.com\/wp-content\/uploads\/2025\/11\/WhatsApp-Image-2025-11-29-at-20.31.17-768x1024.jpeg 768w, https:\/\/oscarhumbertogomez.com\/wp-content\/uploads\/2025\/11\/WhatsApp-Image-2025-11-29-at-20.31.17-225x300.jpeg 225w, https:\/\/oscarhumbertogomez.com\/wp-content\/uploads\/2025\/11\/WhatsApp-Image-2025-11-29-at-20.31.17-1152x1536.jpeg 1152w, https:\/\/oscarhumbertogomez.com\/wp-content\/uploads\/2025\/11\/WhatsApp-Image-2025-11-29-at-20.31.17.jpeg 1200w\" sizes=\"auto, (max-width: 640px) 100vw, 640px\" \/><\/p>\n<p>&nbsp;<\/p>\n<p>El nuevo psic\u00f3logo cl\u00ednico santandereano es egresado del Instituto Nacional de Educaci\u00f3n Media INEM Custodio Garc\u00eda Rovira, de Bucaramanga.<\/p>\n<p>&nbsp;<\/p>\n<p><img loading=\"lazy\" decoding=\"async\" class=\"aligncenter size-large wp-image-54423\" src=\"https:\/\/oscarhumbertogomez.com\/wp-content\/uploads\/2025\/11\/WhatsApp-Image-2025-11-29-at-20.31.18-copia-768x1024.jpeg\" alt=\"\" width=\"640\" height=\"853\" srcset=\"https:\/\/oscarhumbertogomez.com\/wp-content\/uploads\/2025\/11\/WhatsApp-Image-2025-11-29-at-20.31.18-copia-768x1024.jpeg 768w, https:\/\/oscarhumbertogomez.com\/wp-content\/uploads\/2025\/11\/WhatsApp-Image-2025-11-29-at-20.31.18-copia-225x300.jpeg 225w, https:\/\/oscarhumbertogomez.com\/wp-content\/uploads\/2025\/11\/WhatsApp-Image-2025-11-29-at-20.31.18-copia-1152x1536.jpeg 1152w, https:\/\/oscarhumbertogomez.com\/wp-content\/uploads\/2025\/11\/WhatsApp-Image-2025-11-29-at-20.31.18-copia.jpeg 1200w\" sizes=\"auto, (max-width: 640px) 100vw, 640px\" \/><\/p>\n<p>&nbsp;<\/p>\n<p>Consecuente con su alto sentido de la solidaridad humana y social, Manuel se vincul\u00f3, con vocaci\u00f3n y entusiasmo, a la Cruz Roja Colombiana, donde fue distinguido con el honroso t\u00edtulo de socorrista, habiendo tomado parte activa en dif\u00edciles tareas humanitarias a ra\u00edz de inundaciones y otros fen\u00f3menos sociales que han acaecido en diversos lugares de la geograf\u00eda santandereana y colombiana en general y que han hecho necesaria la importante presencia de la entidad en auxilio de las v\u00edctimas.<\/p>\n<p>&nbsp;<\/p>\n<p><img loading=\"lazy\" decoding=\"async\" class=\"aligncenter size-large wp-image-54404\" src=\"https:\/\/oscarhumbertogomez.com\/wp-content\/uploads\/2025\/11\/WhatsApp-Image-2025-11-29-at-14.19.11-768x1024.jpeg\" alt=\"\" width=\"640\" height=\"853\" srcset=\"https:\/\/oscarhumbertogomez.com\/wp-content\/uploads\/2025\/11\/WhatsApp-Image-2025-11-29-at-14.19.11-768x1024.jpeg 768w, https:\/\/oscarhumbertogomez.com\/wp-content\/uploads\/2025\/11\/WhatsApp-Image-2025-11-29-at-14.19.11-225x300.jpeg 225w, https:\/\/oscarhumbertogomez.com\/wp-content\/uploads\/2025\/11\/WhatsApp-Image-2025-11-29-at-14.19.11-1152x1536.jpeg 1152w, https:\/\/oscarhumbertogomez.com\/wp-content\/uploads\/2025\/11\/WhatsApp-Image-2025-11-29-at-14.19.11.jpeg 1200w\" sizes=\"auto, (max-width: 640px) 100vw, 640px\" \/><\/p>\n<p>&nbsp;<\/p>\n<p>Ha estado vinculado a diversas entidades, por dem\u00e1s con altos est\u00e1ndares de eficiencia, dadas las excelsas calidades humanas que lo distinguen. No obstante, su sentido cr\u00edtico de las situaciones que observa ha hecho que, definitivamente, tenga en el ejercicio independiente de su profesi\u00f3n su verdadera meta.<\/p>\n<p>&nbsp;<\/p>\n<p><img loading=\"lazy\" decoding=\"async\" class=\"aligncenter size-large wp-image-54421\" src=\"https:\/\/oscarhumbertogomez.com\/wp-content\/uploads\/2025\/11\/WhatsApp-Image-2025-11-29-at-20.31.18-768x1024.jpeg\" alt=\"\" width=\"640\" height=\"853\" srcset=\"https:\/\/oscarhumbertogomez.com\/wp-content\/uploads\/2025\/11\/WhatsApp-Image-2025-11-29-at-20.31.18-768x1024.jpeg 768w, https:\/\/oscarhumbertogomez.com\/wp-content\/uploads\/2025\/11\/WhatsApp-Image-2025-11-29-at-20.31.18-225x300.jpeg 225w, https:\/\/oscarhumbertogomez.com\/wp-content\/uploads\/2025\/11\/WhatsApp-Image-2025-11-29-at-20.31.18-1152x1536.jpeg 1152w, https:\/\/oscarhumbertogomez.com\/wp-content\/uploads\/2025\/11\/WhatsApp-Image-2025-11-29-at-20.31.18.jpeg 1200w\" sizes=\"auto, (max-width: 640px) 100vw, 640px\" \/><\/p>\n<p>&nbsp;<\/p>\n<p>Adem\u00e1s, por supuesto, del de sus padres, don Manuel Mart\u00ednez y do\u00f1a Rosalba Bautista de Mart\u00ednez, para el logro de sus objetivos acad\u00e9micos Manuel, novio de nuestra hija Alejandra Estefan\u00eda, tambi\u00e9n psic\u00f3loga cl\u00ednica, ha recibido el decidido apoyo de su hermana, Paola, persona por quien sabemos que profesa un especial cari\u00f1o y una particular admiraci\u00f3n. Paola Mart\u00ednez Bautista fue hasta hace poco una muy apreciada servidora del prestigioso Hospital Internacional de Colombia (HIC), donde se gan\u00f3 la estimaci\u00f3n de sus compa\u00f1eros de trabajo por la total entrega al cumplimiento de sus responsabilidades y la sencillez de su trato.<\/p>\n<p>&nbsp;<\/p>\n<p><img loading=\"lazy\" decoding=\"async\" class=\"aligncenter size-large wp-image-54436\" src=\"https:\/\/oscarhumbertogomez.com\/wp-content\/uploads\/2025\/11\/WhatsApp-Image-2025-11-29-at-21.30.59-768x1024.jpeg\" alt=\"\" width=\"640\" height=\"853\" srcset=\"https:\/\/oscarhumbertogomez.com\/wp-content\/uploads\/2025\/11\/WhatsApp-Image-2025-11-29-at-21.30.59-768x1024.jpeg 768w, https:\/\/oscarhumbertogomez.com\/wp-content\/uploads\/2025\/11\/WhatsApp-Image-2025-11-29-at-21.30.59-225x300.jpeg 225w, https:\/\/oscarhumbertogomez.com\/wp-content\/uploads\/2025\/11\/WhatsApp-Image-2025-11-29-at-21.30.59.jpeg 960w\" sizes=\"auto, (max-width: 640px) 100vw, 640px\" \/><\/p>\n<p>&nbsp;<\/p>\n<p>Van para Manuel Fernando nuestras m\u00e1s efusivas felicitaciones y nuestros deseos por que este nuevo \u00e9xito acad\u00e9mico vaticine el advenimiento de gratificantes satisfacciones tanto en lo personal como en lo profesional. Que nuestro Hacedor Supremo, en toda la magnificencia de su bondad infinita, misma en la que \u00e9l siempre ha confiado, pues es un hombre de profunda fe cristiana, contin\u00fae alumbrando con su luz sus caminos y que con su ayuda invaluable logre la conquista de sus sue\u00f1os y la materializaci\u00f3n de sus esperanzas.<\/p>\n<p>&nbsp;<\/p>\n<p><img loading=\"lazy\" decoding=\"async\" class=\"aligncenter size-large wp-image-54417\" src=\"https:\/\/oscarhumbertogomez.com\/wp-content\/uploads\/2025\/11\/WhatsApp-Image-2025-11-29-at-14.18.41-copia-1024x1020.jpeg\" alt=\"\" width=\"640\" height=\"638\" srcset=\"https:\/\/oscarhumbertogomez.com\/wp-content\/uploads\/2025\/11\/WhatsApp-Image-2025-11-29-at-14.18.41-copia-1024x1020.jpeg 1024w, https:\/\/oscarhumbertogomez.com\/wp-content\/uploads\/2025\/11\/WhatsApp-Image-2025-11-29-at-14.18.41-copia-300x300.jpeg 300w, https:\/\/oscarhumbertogomez.com\/wp-content\/uploads\/2025\/11\/WhatsApp-Image-2025-11-29-at-14.18.41-copia-150x150.jpeg 150w, https:\/\/oscarhumbertogomez.com\/wp-content\/uploads\/2025\/11\/WhatsApp-Image-2025-11-29-at-14.18.41-copia-768x765.jpeg 768w, https:\/\/oscarhumbertogomez.com\/wp-content\/uploads\/2025\/11\/WhatsApp-Image-2025-11-29-at-14.18.41-copia.jpeg 1217w\" sizes=\"auto, (max-width: 640px) 100vw, 640px\" \/><\/p>\n<p>&nbsp;<\/p>\n<p>Un abrazo grande para ti, Manuel, para tus padres, para tu hermana y, en general, para todos los tuyos, que sabemos cu\u00e1nto te quieren, te respetan y te admiran.<\/p>\n<p>&nbsp;<\/p>\n<p><strong>\u00d3SCAR HUMBERTO G\u00d3MEZ G\u00d3MEZ<\/strong>: Miembro de N\u00famero de la Academia de Historia de Santander. Miembro del Colegio Nacional de Periodistas. Miembro de la Sociedad de Autores y Compositores de Colombia (SAYCO). Miembro del Colegio Nacional de Abogados. Miembro del ilustre y desaparecido Colegio de Abogados de Santander.<\/p>\n<p>&nbsp;<\/p>\n","protected":false},"excerpt":{"rendered":"<p>&nbsp; En ceremonia llevada a cabo hoy s\u00e1bado 29 de noviembre de 2025 a partir de las 11 de la ma\u00f1ana en el auditorio Juan Pablo Segundo de la ilustre Universidad Pontificia Bolivariana, esta prestigiosa alma mater le confiri\u00f3 el &hellip; <a href=\"https:\/\/oscarhumbertogomez.com\/?p=54400\">Sigue leyendo <span class=\"meta-nav\">&rarr;<\/span><\/a><\/p>\n<div class='heateorSssClear'><\/div><div  class='heateor_sss_sharing_container heateor_sss_horizontal_sharing' heateor-sss-data-href='https:\/\/oscarhumbertogomez.com\/?p=54400'><div class='heateor_sss_sharing_title' style=\"font-weight:bold\" >\u00a1Gracias por compartirla!<\/div><ul class=\"heateor_sss_sharing_ul\"><li class=\"heateorSssSharingRound\"><i style=\"width:35px;height:35px;border-radius:999px;\" alt=\"Facebook\" Title=\"Facebook\" class=\"heateorSssSharing heateorSssFacebookBackground\" onclick='heateorSssPopup(\"https:\/\/www.facebook.com\/sharer\/sharer.php?u=https%3A%2F%2Foscarhumbertogomez.com%2Findex.php%3Frest_route%3D%252Fwp%252Fv2%252Fposts%252F54400\")'><ss style=\"display:block;border-radius:999px;\" class=\"heateorSssSharingSvg heateorSssFacebookSvg\"><\/ss><\/i><\/li><li class=\"heateorSssSharingRound\"><i style=\"width:35px;height:35px;border-radius:999px;\" alt=\"Twitter\" Title=\"Twitter\" class=\"heateorSssSharing heateorSssTwitterBackground\" onclick='heateorSssPopup(\"http:\/\/twitter.com\/intent\/tweet?text=La%20Universidad%20Pontificia%20Bolivariana%20confiri%C3%B3%20a%20Manuel%20Fernando%20Mart%C3%ADnez%20Bautista%20el%20t%C3%ADtulo%20de%20psic%C3%B3logo%20cl%C3%ADnico.%20Por%20%C3%93scar%20Humberto%20G%C3%B3mez%20G%C3%B3mez&url=https%3A%2F%2Foscarhumbertogomez.com%2Findex.php%3Frest_route%3D%252Fwp%252Fv2%252Fposts%252F54400\")'><ss style=\"display:block;border-radius:999px;\" class=\"heateorSssSharingSvg heateorSssTwitterSvg\"><\/ss><\/i><\/li><li class=\"heateorSssSharingRound\"><i style=\"width:35px;height:35px;border-radius:999px;\" alt=\"Whatsapp\" Title=\"Whatsapp\" class=\"heateorSssSharing heateorSssWhatsappBackground\" onclick='heateorSssPopup(\"https:\/\/web.whatsapp.com\/send?text=La%20Universidad%20Pontificia%20Bolivariana%20confiri%C3%B3%20a%20Manuel%20Fernando%20Mart%C3%ADnez%20Bautista%20el%20t%C3%ADtulo%20de%20psic%C3%B3logo%20cl%C3%ADnico.%20Por%20%C3%93scar%20Humberto%20G%C3%B3mez%20G%C3%B3mez https%3A%2F%2Foscarhumbertogomez.com%2Findex.php%3Frest_route%3D%252Fwp%252Fv2%252Fposts%252F54400\")'><ss style=\"display:block\" class=\"heateorSssSharingSvg heateorSssWhatsappSvg\"><\/ss><\/i><\/li><li class=\"heateorSssSharingRound\"><i style=\"width:35px;height:35px;border-radius:999px;\" alt=\"Pinterest\" Title=\"Pinterest\" class=\"heateorSssSharing heateorSssPinterestBackground\" onclick=\"javascript:void( (function() {var e=document.createElement('script' );e.setAttribute('type','text\/javascript' );e.setAttribute('charset','UTF-8' );e.setAttribute('src','\/\/assets.pinterest.com\/js\/pinmarklet.js?r='+Math.random()*99999999);document.body.appendChild(e)})());\"><ss style=\"display:block;border-radius:999px;\" class=\"heateorSssSharingSvg heateorSssPinterestSvg\"><\/ss><\/i><\/li><li class=\"heateorSssSharingRound\"><i style=\"width:35px;height:35px;border-radius:999px;\" alt=\"Google Gmail\" Title=\"Google Gmail\" class=\"heateorSssSharing heateorSssGoogleGmailBackground\" onclick='heateorSssPopup(\"https:\/\/mail.google.com\/mail\/?ui=2&view=cm&fs=1&tf=1&su=La%20Universidad%20Pontificia%20Bolivariana%20confiri%C3%B3%20a%20Manuel%20Fernando%20Mart%C3%ADnez%20Bautista%20el%20t%C3%ADtulo%20de%20psic%C3%B3logo%20cl%C3%ADnico.%20Por%20%C3%93scar%20Humberto%20G%C3%B3mez%20G%C3%B3mez&body=Link:https%3A%2F%2Foscarhumbertogomez.com%2Findex.php%3Frest_route%3D%252Fwp%252Fv2%252Fposts%252F54400\")'><ss style=\"display:block;border-radius:999px;\" class=\"heateorSssSharingSvg heateorSssGoogleGmailSvg\"><\/ss><\/i><\/li><li class=\"heateorSssSharingRound\"><i style=\"width:35px;height:35px;border-radius:999px;\" title=\"More\" alt=\"More\" class=\"heateorSssSharing heateorSssMoreBackground\" onclick=\"heateorSssMoreSharingPopup(this, 'https:\/\/oscarhumbertogomez.com\/index.php?rest_route=%2Fwp%2Fv2%2Fposts%2F54400', 'La%20Universidad%20Pontificia%20Bolivariana%20confiri%C3%B3%20a%20Manuel%20Fernando%20Mart%C3%ADnez%20Bautista%20el%20t%C3%ADtulo%20de%20psic%C3%B3logo%20cl%C3%ADnico.%20Por%20%C3%93scar%20Humberto%20G%C3%B3mez%20G%C3%B3mez', '' )\" ><ss style=\"display:block\" class=\"heateorSssSharingSvg heateorSssMoreSvg\"><\/ss><\/i><\/li><\/ul><div class=\"heateorSssClear\"><\/div><\/div><div class='heateorSssClear'><\/div>","protected":false},"author":2,"featured_media":0,"comment_status":"closed","ping_status":"closed","sticky":false,"template":"","format":"standard","meta":{"spay_email":"","footnotes":""},"categories":[63],"tags":[],"class_list":["post-54400","post","type-post","status-publish","format-standard","hentry","category-psicologia"],"jetpack_featured_media_url":"","jetpack_shortlink":"https:\/\/wp.me\/p1FYrr-e9q","_links":{"self":[{"href":"https:\/\/oscarhumbertogomez.com\/index.php?rest_route=\/wp\/v2\/posts\/54400","targetHints":{"allow":["GET"]}}],"collection":[{"href":"https:\/\/oscarhumbertogomez.com\/index.php?rest_route=\/wp\/v2\/posts"}],"about":[{"href":"https:\/\/oscarhumbertogomez.com\/index.php?rest_route=\/wp\/v2\/types\/post"}],"author":[{"embeddable":true,"href":"https:\/\/oscarhumbertogomez.com\/index.php?rest_route=\/wp\/v2\/users\/2"}],"replies":[{"embeddable":true,"href":"https:\/\/oscarhumbertogomez.com\/index.php?rest_route=%2Fwp%2Fv2%2Fcomments&post=54400"}],"version-history":[{"count":5,"href":"https:\/\/oscarhumbertogomez.com\/index.php?rest_route=\/wp\/v2\/posts\/54400\/revisions"}],"predecessor-version":[{"id":54440,"href":"https:\/\/oscarhumbertogomez.com\/index.php?rest_route=\/wp\/v2\/posts\/54400\/revisions\/54440"}],"wp:attachment":[{"href":"https:\/\/oscarhumbertogomez.com\/index.php?rest_route=%2Fwp%2Fv2%2Fmedia&parent=54400"}],"wp:term":[{"taxonomy":"category","embeddable":true,"href":"https:\/\/oscarhumbertogomez.com\/index.php?rest_route=%2Fwp%2Fv2%2Fcategories&post=54400"},{"taxonomy":"post_tag","embeddable":true,"href":"https:\/\/oscarhumbertogomez.com\/index.php?rest_route=%2Fwp%2Fv2%2Ftags&post=54400"}],"curies":[{"name":"wp","href":"https:\/\/api.w.org\/{rel}","templated":true}]}}