{"id":55884,"date":"2026-05-01T13:42:02","date_gmt":"2026-05-01T18:42:02","guid":{"rendered":"https:\/\/oscarhumbertogomez.com\/?p=55884"},"modified":"2026-05-01T14:54:56","modified_gmt":"2026-05-01T19:54:56","slug":"prosigue-la-venta-de-la-2a-edicion-del-libro-historia-de-bucaramanga-por-oscar-humberto-gomez-gomez","status":"publish","type":"post","link":"https:\/\/oscarhumbertogomez.com\/?p=55884","title":{"rendered":"Contin\u00faa a la venta la 2a. edici\u00f3n del libro &#8220;HISTORIA DE BUCARAMANGA&#8221;. \u00bfUsted ya adquiri\u00f3 el suyo? Por \u00d3scar Humberto  G\u00f3mez G\u00f3mez"},"content":{"rendered":"<p><img loading=\"lazy\" decoding=\"async\" class=\"aligncenter size-large wp-image-55823\" src=\"https:\/\/oscarhumbertogomez.com\/wp-content\/uploads\/2026\/04\/WhatsApp-Image-2026-04-24-at-2.13.57-PM-1024x1024.jpeg\" alt=\"\" width=\"640\" height=\"640\" srcset=\"https:\/\/oscarhumbertogomez.com\/wp-content\/uploads\/2026\/04\/WhatsApp-Image-2026-04-24-at-2.13.57-PM-1024x1024.jpeg 1024w, https:\/\/oscarhumbertogomez.com\/wp-content\/uploads\/2026\/04\/WhatsApp-Image-2026-04-24-at-2.13.57-PM-300x300.jpeg 300w, https:\/\/oscarhumbertogomez.com\/wp-content\/uploads\/2026\/04\/WhatsApp-Image-2026-04-24-at-2.13.57-PM-150x150.jpeg 150w, https:\/\/oscarhumbertogomez.com\/wp-content\/uploads\/2026\/04\/WhatsApp-Image-2026-04-24-at-2.13.57-PM-768x768.jpeg 768w, https:\/\/oscarhumbertogomez.com\/wp-content\/uploads\/2026\/04\/WhatsApp-Image-2026-04-24-at-2.13.57-PM-1536x1536.jpeg 1536w, https:\/\/oscarhumbertogomez.com\/wp-content\/uploads\/2026\/04\/WhatsApp-Image-2026-04-24-at-2.13.57-PM.jpeg 1600w\" sizes=\"auto, (max-width: 640px) 100vw, 640px\" \/><\/p>\n<p>&nbsp;<\/p>\n<p>\u2026 Llega a Bucaramanga el daguerrotipo y con \u00e9l la magia de la fotograf\u00eda \u2026; nacen las pastas La Italiana, antecesoras de las pastas Gavassa\u2026; el mercado semanal se traslada de la plaza Garc\u00eda Rovira a la plaza de San Mateo\u2026; a lomo de mula se transportan hasta el r\u00edo Magdalena los productos de la industria cigarrera bumanguesa\u2026; &#8220;El Turco&#8221; Fayad Gandur con su carruaje de caballos se convierte en el primer taxista de Bucaramanga\u2026; con los nombres de las nacientes empresas sus fundadores exaltan las virtudes y los valores del gran pueblo bumangu\u00e9s: f\u00e1brica de caf\u00e9 \u201cla Constancia\u201d, f\u00e1brica de cigarrillos \u201cLa Honradez \u201c, cervecer\u00eda \u201cLa Esperanza\u201d, diario \u201cEl Deber\u201d&#8230;<\/p>\n<p>&nbsp;<\/p>\n<p><img loading=\"lazy\" decoding=\"async\" class=\"aligncenter size-large wp-image-55823\" src=\"https:\/\/oscarhumbertogomez.com\/wp-content\/uploads\/2026\/04\/WhatsApp-Image-2026-04-24-at-2.13.57-PM-1024x1024.jpeg\" alt=\"\" width=\"640\" height=\"640\" srcset=\"https:\/\/oscarhumbertogomez.com\/wp-content\/uploads\/2026\/04\/WhatsApp-Image-2026-04-24-at-2.13.57-PM-1024x1024.jpeg 1024w, https:\/\/oscarhumbertogomez.com\/wp-content\/uploads\/2026\/04\/WhatsApp-Image-2026-04-24-at-2.13.57-PM-300x300.jpeg 300w, https:\/\/oscarhumbertogomez.com\/wp-content\/uploads\/2026\/04\/WhatsApp-Image-2026-04-24-at-2.13.57-PM-150x150.jpeg 150w, https:\/\/oscarhumbertogomez.com\/wp-content\/uploads\/2026\/04\/WhatsApp-Image-2026-04-24-at-2.13.57-PM-768x768.jpeg 768w, https:\/\/oscarhumbertogomez.com\/wp-content\/uploads\/2026\/04\/WhatsApp-Image-2026-04-24-at-2.13.57-PM-1536x1536.jpeg 1536w, https:\/\/oscarhumbertogomez.com\/wp-content\/uploads\/2026\/04\/WhatsApp-Image-2026-04-24-at-2.13.57-PM.jpeg 1600w\" sizes=\"auto, (max-width: 640px) 100vw, 640px\" \/><\/p>\n<p>&nbsp;<\/p>\n<p>\u2026 llegan a Bucaramanga los primeros sombrereros, los primeros herreros, los primeros hojalateros, los primeros zapateros, los primeros sastres, los primeros carpinteros y el primer sangrador, antecesor de los m\u00e9dicos cirujanos\u2026; llega la primera compa\u00f1\u00eda de arte dram\u00e1tico, el primer fabricante de globos, la primera compa\u00f1\u00eda de acr\u00f3batas y el primer m\u00e9dico titulado abre tambi\u00e9n la primera botica\u2026; se fundan los dos primeros colegios&#8230;, aparece la nomenclatura de los barrios y las calles&#8230;; y con un paseo campestre a sus alrededores se celebra la liberaci\u00f3n de los 50 esclavos que a\u00fan exist\u00edan en Bucaramanga&#8230;; <\/p>\n<p>&nbsp;<\/p>\n<p><img loading=\"lazy\" decoding=\"async\" class=\"aligncenter size-large wp-image-55823\" src=\"https:\/\/oscarhumbertogomez.com\/wp-content\/uploads\/2026\/04\/WhatsApp-Image-2026-04-24-at-2.13.57-PM-1024x1024.jpeg\" alt=\"\" width=\"640\" height=\"640\" srcset=\"https:\/\/oscarhumbertogomez.com\/wp-content\/uploads\/2026\/04\/WhatsApp-Image-2026-04-24-at-2.13.57-PM-1024x1024.jpeg 1024w, https:\/\/oscarhumbertogomez.com\/wp-content\/uploads\/2026\/04\/WhatsApp-Image-2026-04-24-at-2.13.57-PM-300x300.jpeg 300w, https:\/\/oscarhumbertogomez.com\/wp-content\/uploads\/2026\/04\/WhatsApp-Image-2026-04-24-at-2.13.57-PM-150x150.jpeg 150w, https:\/\/oscarhumbertogomez.com\/wp-content\/uploads\/2026\/04\/WhatsApp-Image-2026-04-24-at-2.13.57-PM-768x768.jpeg 768w, https:\/\/oscarhumbertogomez.com\/wp-content\/uploads\/2026\/04\/WhatsApp-Image-2026-04-24-at-2.13.57-PM-1536x1536.jpeg 1536w, https:\/\/oscarhumbertogomez.com\/wp-content\/uploads\/2026\/04\/WhatsApp-Image-2026-04-24-at-2.13.57-PM.jpeg 1600w\" sizes=\"auto, (max-width: 640px) 100vw, 640px\" \/><\/p>\n<p>&nbsp;<\/p>\n<p>&#8230; comienza en Bucaramanga la importaci\u00f3n de mercanc\u00edas extranjeras&#8230;; es tra\u00eddo a Bucaramanga a lomo de mula el primer piano\u2026; Bucaramanga en los tiempos del c\u00f3lera\u2026; llega a radicarse en Bucaramanga el alem\u00e1n Geo von Lengerke\u2026; como programa vespertino los bumangueses acuden a presenciar el nuevo papel de colgadura que ahora adorna las paredes de las principales casas\u2026; arriba a Bucaramanga procedente de los Estados Unidos el primer dentista\u2026; se inauguran en Bucaramanga los primeros ba\u00f1os p\u00fablicos\u2026; se funda en Bucaramanga la primera imprenta\u2026; llega a Bucaramanga el primer oculista y practica varias cirug\u00edas exitosas, entre ellas la de uno de sus curas p\u00e1rrocos, quien ya estaba casi ciego\u2026; llega a Bucaramanga el invento del tel\u00e9grafo\u2026; arriba a Bucaramanga el primer peluquero\u2026; se produce la primera llamada telef\u00f3nica\u2026; y entran en la escena estudiantil local el Instituto T\u00e9cnico Superior D\u00e1maso Zapata y el Colegio de Santander, que habr\u00e1 de ser llamado \u201cel Glorioso\u201d\u2026 <\/p>\n<p>&nbsp;<\/p>\n<p><img loading=\"lazy\" decoding=\"async\" class=\"aligncenter size-large wp-image-55823\" src=\"https:\/\/oscarhumbertogomez.com\/wp-content\/uploads\/2026\/04\/WhatsApp-Image-2026-04-24-at-2.13.57-PM-1024x1024.jpeg\" alt=\"\" width=\"640\" height=\"640\" srcset=\"https:\/\/oscarhumbertogomez.com\/wp-content\/uploads\/2026\/04\/WhatsApp-Image-2026-04-24-at-2.13.57-PM-1024x1024.jpeg 1024w, https:\/\/oscarhumbertogomez.com\/wp-content\/uploads\/2026\/04\/WhatsApp-Image-2026-04-24-at-2.13.57-PM-300x300.jpeg 300w, https:\/\/oscarhumbertogomez.com\/wp-content\/uploads\/2026\/04\/WhatsApp-Image-2026-04-24-at-2.13.57-PM-150x150.jpeg 150w, https:\/\/oscarhumbertogomez.com\/wp-content\/uploads\/2026\/04\/WhatsApp-Image-2026-04-24-at-2.13.57-PM-768x768.jpeg 768w, https:\/\/oscarhumbertogomez.com\/wp-content\/uploads\/2026\/04\/WhatsApp-Image-2026-04-24-at-2.13.57-PM-1536x1536.jpeg 1536w, https:\/\/oscarhumbertogomez.com\/wp-content\/uploads\/2026\/04\/WhatsApp-Image-2026-04-24-at-2.13.57-PM.jpeg 1600w\" sizes=\"auto, (max-width: 640px) 100vw, 640px\" \/><\/p>\n<p>&nbsp;<\/p>\n<p>&#8230; llega a Bucaramanga la invenci\u00f3n maravillosa del fon\u00f3grafo\u2026; se funda la primera jaboner\u00eda y ya los bumangueses tienen otra opci\u00f3n distinta a la de ba\u00f1arse con jab\u00f3n de la tierra\u2026; se funda la primera f\u00e1brica de chocolate\u2026; en la plaza principal de Bucaramanga se llevan a cabo las notificaciones por bando, con un pregonero y un tambor\u2026; se conoce en Bucaramanga la asombrosa magia del agua s\u00f3lida y la gente empieza a exigir que su vaso de agua se lo sirvan con hielo\u2026; nace el poeta Aurelio Mart\u00ednez Mutis\u2026; se inaugura el paradis\u00edaco parque Luna Park\u2026; y fracasa en Bucaramanga la primera feria del libro\u2026<\/p>\n<p>&nbsp;<\/p>\n<p><img loading=\"lazy\" decoding=\"async\" class=\"aligncenter size-large wp-image-55823\" src=\"https:\/\/oscarhumbertogomez.com\/wp-content\/uploads\/2026\/04\/WhatsApp-Image-2026-04-24-at-2.13.57-PM-1024x1024.jpeg\" alt=\"\" width=\"640\" height=\"640\" srcset=\"https:\/\/oscarhumbertogomez.com\/wp-content\/uploads\/2026\/04\/WhatsApp-Image-2026-04-24-at-2.13.57-PM-1024x1024.jpeg 1024w, https:\/\/oscarhumbertogomez.com\/wp-content\/uploads\/2026\/04\/WhatsApp-Image-2026-04-24-at-2.13.57-PM-300x300.jpeg 300w, https:\/\/oscarhumbertogomez.com\/wp-content\/uploads\/2026\/04\/WhatsApp-Image-2026-04-24-at-2.13.57-PM-150x150.jpeg 150w, https:\/\/oscarhumbertogomez.com\/wp-content\/uploads\/2026\/04\/WhatsApp-Image-2026-04-24-at-2.13.57-PM-768x768.jpeg 768w, https:\/\/oscarhumbertogomez.com\/wp-content\/uploads\/2026\/04\/WhatsApp-Image-2026-04-24-at-2.13.57-PM-1536x1536.jpeg 1536w, https:\/\/oscarhumbertogomez.com\/wp-content\/uploads\/2026\/04\/WhatsApp-Image-2026-04-24-at-2.13.57-PM.jpeg 1600w\" sizes=\"auto, (max-width: 640px) 100vw, 640px\" \/><\/p>\n<p>&nbsp;<\/p>\n<p>Los anteriores hechos el lector de \u201cHistoria de Bucaramanga\u201d los encontrar\u00e1 en riguroso orden cronol\u00f3gico&#8230;; de esa manera podr\u00e1 aproximarse a c\u00f3mo fue la lenta e imperceptible formaci\u00f3n que a lo largo de los d\u00edas, los a\u00f1os, los lustros, las d\u00e9cadas y las centurias tuvo la ciudad a la que un gran cantor llamara &#8220;Se\u00f1ora Bucaramanga&#8221;. <\/p>\n<p>&nbsp;<\/p>\n<p><img loading=\"lazy\" decoding=\"async\" class=\"aligncenter size-large wp-image-55823\" src=\"https:\/\/oscarhumbertogomez.com\/wp-content\/uploads\/2026\/04\/WhatsApp-Image-2026-04-24-at-2.13.57-PM-1024x1024.jpeg\" alt=\"\" width=\"640\" height=\"640\" srcset=\"https:\/\/oscarhumbertogomez.com\/wp-content\/uploads\/2026\/04\/WhatsApp-Image-2026-04-24-at-2.13.57-PM-1024x1024.jpeg 1024w, https:\/\/oscarhumbertogomez.com\/wp-content\/uploads\/2026\/04\/WhatsApp-Image-2026-04-24-at-2.13.57-PM-300x300.jpeg 300w, https:\/\/oscarhumbertogomez.com\/wp-content\/uploads\/2026\/04\/WhatsApp-Image-2026-04-24-at-2.13.57-PM-150x150.jpeg 150w, https:\/\/oscarhumbertogomez.com\/wp-content\/uploads\/2026\/04\/WhatsApp-Image-2026-04-24-at-2.13.57-PM-768x768.jpeg 768w, https:\/\/oscarhumbertogomez.com\/wp-content\/uploads\/2026\/04\/WhatsApp-Image-2026-04-24-at-2.13.57-PM-1536x1536.jpeg 1536w, https:\/\/oscarhumbertogomez.com\/wp-content\/uploads\/2026\/04\/WhatsApp-Image-2026-04-24-at-2.13.57-PM.jpeg 1600w\" sizes=\"auto, (max-width: 640px) 100vw, 640px\" \/><\/p>\n<p>&nbsp;<\/p>\n<p>S\u00ed: el lector de &#8220;Historia de Bucaramanga&#8221; se aproximar\u00e1 al devenir hist\u00f3rico que ha trasegado Bucaramanga, nuestra Bucaramanga, nuestra entra\u00f1able Bucaramanga \u2014una de las ciudades m\u00e1s importantes de Colombia y para m\u00ed la m\u00e1s importante del mundo\u2014 desde el remoto a\u00f1o de 1532, cuando las fatigadas y hambrientas tropas a caballo del conquistador alem\u00e1n Ambrosio Alf\u00ednger arribaron a la que era una tierra solitaria y sumida en el silencio \u2014y se alimentaron de los numerosos caracoles que hab\u00eda alrededor de su laguna\u2014 hasta estos duros tiempos en los que la sufrida, pero siempre esperanzada capital del departamento de Santander prosigue su avance abri\u00e9ndose paso a codazo limpio por entre las turbulencias del siglo XXI&#8230;<\/p>\n<p>&nbsp;<\/p>\n<p><img loading=\"lazy\" decoding=\"async\" class=\"aligncenter size-large wp-image-55823\" src=\"https:\/\/oscarhumbertogomez.com\/wp-content\/uploads\/2026\/04\/WhatsApp-Image-2026-04-24-at-2.13.57-PM-1024x1024.jpeg\" alt=\"\" width=\"640\" height=\"640\" srcset=\"https:\/\/oscarhumbertogomez.com\/wp-content\/uploads\/2026\/04\/WhatsApp-Image-2026-04-24-at-2.13.57-PM-1024x1024.jpeg 1024w, https:\/\/oscarhumbertogomez.com\/wp-content\/uploads\/2026\/04\/WhatsApp-Image-2026-04-24-at-2.13.57-PM-300x300.jpeg 300w, https:\/\/oscarhumbertogomez.com\/wp-content\/uploads\/2026\/04\/WhatsApp-Image-2026-04-24-at-2.13.57-PM-150x150.jpeg 150w, https:\/\/oscarhumbertogomez.com\/wp-content\/uploads\/2026\/04\/WhatsApp-Image-2026-04-24-at-2.13.57-PM-768x768.jpeg 768w, https:\/\/oscarhumbertogomez.com\/wp-content\/uploads\/2026\/04\/WhatsApp-Image-2026-04-24-at-2.13.57-PM-1536x1536.jpeg 1536w, https:\/\/oscarhumbertogomez.com\/wp-content\/uploads\/2026\/04\/WhatsApp-Image-2026-04-24-at-2.13.57-PM.jpeg 1600w\" sizes=\"auto, (max-width: 640px) 100vw, 640px\" \/><\/p>\n<p>&nbsp;<\/p>\n<p><strong>DISE\u00d1O GR\u00c1FICO<\/strong>: Silvia Torres<\/p>\n<p>&nbsp;<\/p>\n<p><strong>\u00d3SCAR HUMBERTO G\u00d3MEZ G\u00d3MEZ<\/strong>. Miembro del Colegio Nacional de Periodistas (CNP). Miembro de N\u00famero de la Academia de Historia de Santander. Miembro de la Sociedad de Autores y Compositores de Colombia (SAYCO). Miembro del ilustre y desaparecido Colegio de Abogados de Santander.<\/p>\n<p>&nbsp;<\/p>\n","protected":false},"excerpt":{"rendered":"<p>&nbsp; \u2026 Llega a Bucaramanga el daguerrotipo y con \u00e9l la magia de la fotograf\u00eda \u2026; nacen las pastas La Italiana, antecesoras de las pastas Gavassa\u2026; el mercado semanal se traslada de la plaza Garc\u00eda Rovira a la plaza de &hellip; <a href=\"https:\/\/oscarhumbertogomez.com\/?p=55884\">Sigue leyendo <span class=\"meta-nav\">&rarr;<\/span><\/a><\/p>\n<div class='heateorSssClear'><\/div><div  class='heateor_sss_sharing_container heateor_sss_horizontal_sharing' heateor-sss-data-href='https:\/\/oscarhumbertogomez.com\/?p=55884'><div class='heateor_sss_sharing_title' style=\"font-weight:bold\" >\u00a1Gracias por compartirla!<\/div><ul class=\"heateor_sss_sharing_ul\"><li class=\"heateorSssSharingRound\"><i style=\"width:35px;height:35px;border-radius:999px;\" alt=\"Facebook\" Title=\"Facebook\" class=\"heateorSssSharing heateorSssFacebookBackground\" onclick='heateorSssPopup(\"https:\/\/www.facebook.com\/sharer\/sharer.php?u=https%3A%2F%2Foscarhumbertogomez.com%2Findex.php%3Frest_route%3D%252Fwp%252Fv2%252Fposts%252F55884\")'><ss style=\"display:block;border-radius:999px;\" class=\"heateorSssSharingSvg heateorSssFacebookSvg\"><\/ss><\/i><\/li><li class=\"heateorSssSharingRound\"><i style=\"width:35px;height:35px;border-radius:999px;\" alt=\"Twitter\" Title=\"Twitter\" class=\"heateorSssSharing heateorSssTwitterBackground\" onclick='heateorSssPopup(\"http:\/\/twitter.com\/intent\/tweet?text=Contin%C3%BAa%20a%20la%20venta%20la%202a.%20edici%C3%B3n%20del%20libro%20%22HISTORIA%20DE%20BUCARAMANGA%22.%20%C2%BFUsted%20ya%20adquiri%C3%B3%20el%20suyo%3F%20Por%20%C3%93scar%20Humberto%20%20G%C3%B3mez%20G%C3%B3mez&url=https%3A%2F%2Foscarhumbertogomez.com%2Findex.php%3Frest_route%3D%252Fwp%252Fv2%252Fposts%252F55884\")'><ss style=\"display:block;border-radius:999px;\" class=\"heateorSssSharingSvg heateorSssTwitterSvg\"><\/ss><\/i><\/li><li class=\"heateorSssSharingRound\"><i style=\"width:35px;height:35px;border-radius:999px;\" alt=\"Whatsapp\" Title=\"Whatsapp\" class=\"heateorSssSharing heateorSssWhatsappBackground\" onclick='heateorSssPopup(\"https:\/\/web.whatsapp.com\/send?text=Contin%C3%BAa%20a%20la%20venta%20la%202a.%20edici%C3%B3n%20del%20libro%20%22HISTORIA%20DE%20BUCARAMANGA%22.%20%C2%BFUsted%20ya%20adquiri%C3%B3%20el%20suyo%3F%20Por%20%C3%93scar%20Humberto%20%20G%C3%B3mez%20G%C3%B3mez https%3A%2F%2Foscarhumbertogomez.com%2Findex.php%3Frest_route%3D%252Fwp%252Fv2%252Fposts%252F55884\")'><ss style=\"display:block\" class=\"heateorSssSharingSvg heateorSssWhatsappSvg\"><\/ss><\/i><\/li><li class=\"heateorSssSharingRound\"><i style=\"width:35px;height:35px;border-radius:999px;\" alt=\"Pinterest\" Title=\"Pinterest\" class=\"heateorSssSharing heateorSssPinterestBackground\" onclick=\"javascript:void( (function() {var e=document.createElement('script' );e.setAttribute('type','text\/javascript' );e.setAttribute('charset','UTF-8' );e.setAttribute('src','\/\/assets.pinterest.com\/js\/pinmarklet.js?r='+Math.random()*99999999);document.body.appendChild(e)})());\"><ss style=\"display:block;border-radius:999px;\" class=\"heateorSssSharingSvg heateorSssPinterestSvg\"><\/ss><\/i><\/li><li class=\"heateorSssSharingRound\"><i style=\"width:35px;height:35px;border-radius:999px;\" alt=\"Google Gmail\" Title=\"Google Gmail\" class=\"heateorSssSharing heateorSssGoogleGmailBackground\" onclick='heateorSssPopup(\"https:\/\/mail.google.com\/mail\/?ui=2&view=cm&fs=1&tf=1&su=Contin%C3%BAa%20a%20la%20venta%20la%202a.%20edici%C3%B3n%20del%20libro%20%22HISTORIA%20DE%20BUCARAMANGA%22.%20%C2%BFUsted%20ya%20adquiri%C3%B3%20el%20suyo%3F%20Por%20%C3%93scar%20Humberto%20%20G%C3%B3mez%20G%C3%B3mez&body=Link:https%3A%2F%2Foscarhumbertogomez.com%2Findex.php%3Frest_route%3D%252Fwp%252Fv2%252Fposts%252F55884\")'><ss style=\"display:block;border-radius:999px;\" class=\"heateorSssSharingSvg heateorSssGoogleGmailSvg\"><\/ss><\/i><\/li><li class=\"heateorSssSharingRound\"><i style=\"width:35px;height:35px;border-radius:999px;\" title=\"More\" alt=\"More\" class=\"heateorSssSharing heateorSssMoreBackground\" onclick=\"heateorSssMoreSharingPopup(this, 'https:\/\/oscarhumbertogomez.com\/index.php?rest_route=%2Fwp%2Fv2%2Fposts%2F55884', 'Contin%C3%BAa%20a%20la%20venta%20la%202a.%20edici%C3%B3n%20del%20libro%20%22HISTORIA%20DE%20BUCARAMANGA%22.%20%C2%BFUsted%20ya%20adquiri%C3%B3%20el%20suyo%3F%20Por%20%C3%93scar%20Humberto%20%20G%C3%B3mez%20G%C3%B3mez', '' )\" ><ss style=\"display:block\" class=\"heateorSssSharingSvg heateorSssMoreSvg\"><\/ss><\/i><\/li><\/ul><div class=\"heateorSssClear\"><\/div><\/div><div class='heateorSssClear'><\/div>","protected":false},"author":2,"featured_media":0,"comment_status":"closed","ping_status":"closed","sticky":false,"template":"","format":"standard","meta":{"spay_email":"","footnotes":""},"categories":[1],"tags":[],"class_list":["post-55884","post","type-post","status-publish","format-standard","hentry","category-blog"],"jetpack_featured_media_url":"","jetpack_shortlink":"https:\/\/wp.me\/p1FYrr-exm","_links":{"self":[{"href":"https:\/\/oscarhumbertogomez.com\/index.php?rest_route=\/wp\/v2\/posts\/55884","targetHints":{"allow":["GET"]}}],"collection":[{"href":"https:\/\/oscarhumbertogomez.com\/index.php?rest_route=\/wp\/v2\/posts"}],"about":[{"href":"https:\/\/oscarhumbertogomez.com\/index.php?rest_route=\/wp\/v2\/types\/post"}],"author":[{"embeddable":true,"href":"https:\/\/oscarhumbertogomez.com\/index.php?rest_route=\/wp\/v2\/users\/2"}],"replies":[{"embeddable":true,"href":"https:\/\/oscarhumbertogomez.com\/index.php?rest_route=%2Fwp%2Fv2%2Fcomments&post=55884"}],"version-history":[{"count":16,"href":"https:\/\/oscarhumbertogomez.com\/index.php?rest_route=\/wp\/v2\/posts\/55884\/revisions"}],"predecessor-version":[{"id":55905,"href":"https:\/\/oscarhumbertogomez.com\/index.php?rest_route=\/wp\/v2\/posts\/55884\/revisions\/55905"}],"wp:attachment":[{"href":"https:\/\/oscarhumbertogomez.com\/index.php?rest_route=%2Fwp%2Fv2%2Fmedia&parent=55884"}],"wp:term":[{"taxonomy":"category","embeddable":true,"href":"https:\/\/oscarhumbertogomez.com\/index.php?rest_route=%2Fwp%2Fv2%2Fcategories&post=55884"},{"taxonomy":"post_tag","embeddable":true,"href":"https:\/\/oscarhumbertogomez.com\/index.php?rest_route=%2Fwp%2Fv2%2Ftags&post=55884"}],"curies":[{"name":"wp","href":"https:\/\/api.w.org\/{rel}","templated":true}]}}