{"id":562,"date":"2011-07-09T09:17:05","date_gmt":"2011-07-09T14:17:05","guid":{"rendered":"http:\/\/www.oscarhumbertogomez.com\/?p=562"},"modified":"2025-03-31T10:10:18","modified_gmt":"2025-03-31T15:10:18","slug":"el-asesinato-del-maestro-facundo-cabral","status":"publish","type":"post","link":"https:\/\/oscarhumbertogomez.com\/?p=562","title":{"rendered":"El asesinato del maestro Facundo Cabral. Por \u00d3scar Humberto G\u00f3mez G\u00f3mez"},"content":{"rendered":"<p><img decoding=\"async\" class=\"aligncenter size-full wp-image-563\" title=\"FACUNDO CABRAL\" src=\"https:\/\/lapiedrafilosofal.com\/wp-content\/uploads\/2011\/07\/Facundo-Cabral-1.jpg\" alt=\"FACUNDO CABRAL\" width=\"500\" height=\"\" srcset=\"https:\/\/oscarhumbertogomez.com\/wp-content\/uploads\/2011\/07\/Facundo-Cabral-1.jpg 320w, https:\/\/oscarhumbertogomez.com\/wp-content\/uploads\/2011\/07\/Facundo-Cabral-1-300x213.jpg 300w\" sizes=\"(max-width: 320px) 100vw, 320px\" \/><\/p>\n<p>&nbsp;<\/p>\n<p>Definitivamente, Am\u00e9rica Latina no sale de su at\u00e1vica violencia. Es ya casi imposible no relacionar a nuestro continente con el atentado canalla, con la matanza, con la violaci\u00f3n de los derechos ajenos y, por supuesto, con todas esas otras formas de violencia que significan la exclusi\u00f3n social de los m\u00e1s fr\u00e1giles, la corrupci\u00f3n que saquea las arcas p\u00fablicas como si fueran tierra de nadie y la agresividad verbal y f\u00edsica contra todo aquel que siquiera sugiere la posibilidad de un continente medianamente justo o que, simplemente, ejerce su derecho de pensar distinto.<\/p>\n<p>Facundo Cabral, cantautor argentino, cuya par\u00e1bola vital resulta de especial inter\u00e9s para los que admiran la superaci\u00f3n personal de aquellos que nacen en la pobreza y surgen en medio de las dificultades hasta colocarse en los sitiales del \u00e9xito, pero que lo hacen a punta de talento, de estudio y de trabajo honrado, acaba de ser asesinado de manera cobarde e infame en Guatemala, un sufrido pa\u00eds centroamericano donde se han cometido los m\u00e1s atroces y condenables cr\u00edmenes contra personas inermes, siempre dentro de ese contexto de impunidad que pareciera caracterizar lo que se hace en contra de las personas civiles en desarrollo de esos prolongados y ca\u00f3ticos des\u00f3rdenes sociales que se conocen con el nombre de &#8220;conflictos armados&#8221;. Conflictos que, despu\u00e9s de que te\u00f3ricamente cesan, como se dijo que hab\u00eda cesado el de Guatemala, degeneran en pandillas, narcotr\u00e1fico, podredumbre moral y, sobre todo, en un asombroso desprecio por el don m\u00e1gico y divino de la existencia.<\/p>\n<p>Ten\u00eda el maestro Cabral la edad de 74 a\u00f1os y acababa de terminar una serie de presentaciones art\u00edsticas en el territorio guatemalteco. En momentos en que se dirig\u00eda hacia el aeropuerto, se produjo el sorpresivo y artero ataque contra el veh\u00edculo a bordo del cual se desplazaba. El poeta y m\u00fasico argentino muri\u00f3 acribillado a balazos.<\/p>\n<p>Nos unimos, desde luego, a&nbsp;la indignaci\u00f3n y al dolor generados por esta nueva muestra de intolerancia que le cost\u00f3 la vida a uno de los m\u00e1s grandes cantautores que ha dado el continente y como peque\u00f1o homenaje a \u00e9l reproducimos las palabras suyas que, igualmente, incluimos en nuestro libro <em>La pr\u00e1ctica de los valores en la lucha contra el estr\u00e9s<\/em> en relaci\u00f3n con el valor del trabajo:<\/p>\n<p><em>&#8220;Ama siempre lo que haces, porque el que no ama lo que hace, aunque trabaje todo el d\u00eda, siempre ser\u00e1 un desocupado&#8221;.<\/em><\/p>\n<p>Circula el rumor de que el atentado no iba dirigido contra el cantor Facundo Cabral, sino contra su acompa\u00f1ante, un empresario guatemalteco que lo hab\u00eda contratado para la gira art\u00edstica y quien result\u00f3 gravemente herido. &nbsp;La investigaci\u00f3n -si es que hay una investigaci\u00f3n- determinar\u00e1 qu\u00e9 tan cre\u00edble es esta tesis teniendo en cuenta que el atentado se consum\u00f3 cuando el empresario supuestamente destinatario del mismo apenas iba hacia el aeropuerto, llevando a bordo de su camioneta a quien s\u00ed realmente abandonaba el pa\u00eds, esto es, el cantautor argentino. &nbsp;Cualquiera pensar\u00eda que si quien se iba de Guatemala era el maestro Facundo Cabral, no el empresario, la consumaci\u00f3n del atentado cuando el grupo apenas se desplazaba hacia el aeropuerto explicar\u00eda que el mismo iba dirigido contra el artista, no contra alguien que retornar\u00eda del aer\u00f3dromo, vale decir, que se quedaba en Guatemala. &nbsp;En todo caso, precisar esto o no precisarlo, a la postre resulta irrelevante.<\/p>\n<p>Ojal\u00e1 alg\u00fan d\u00eda cese, por fin, en la martirizada Am\u00e9rica Latina esta violencia irracional, irreflexiva y desafiante que ahora le cost\u00f3 la vida al maestro Facundo Cabral y que ha significado tanta viudez, orfandad y desolaci\u00f3n a lo largo y ancho de nuestro territorio, y se entienda, de una vez por todas, que, m\u00e1s all\u00e1 de nuestras coincidencias o diferencias, y por encima de nuestras ambiciones y de nuestros deseos de dominarlo todo, la vida humana debe seguir estando, de manera exclusiva, en las manos de Dios.<\/p>\n<p>Den, por favor, clic izquierdo sobre el enlace y escuchen a Facundo Cabral, con separaci\u00f3n de varias d\u00e9cadas, interpretando su famosa canci\u00f3n <em>No soy de aqu\u00ed, ni soy de all\u00e1<\/em>:<\/p>\n<p>&nbsp;<\/p>\n<p><a title=\"FACUNDO CABRAL, POETA Y CANTOR ARGENTINO \" href=\"http:\/\/www.youtube.com\/watch?v=xD3G6eM3tPI&amp;NR=1\">http:\/\/www.youtube.com\/watch?v=xD3G6eM3tPI&amp;NR=1<\/a><\/p>\n<p>&nbsp;<\/p>\n<p><a title=\"FACUNDO CABRAL\" href=\"http:\/\/www.youtube.com\/watch?v=5Hq7CkVL4jo&amp;feature=related\">http:\/\/www.youtube.com\/watch?v=5Hq7CkVL4jo&amp;feature=related<\/a><\/p>\n<p>&nbsp;<\/p>\n<p>Y ahora, Facundo Cabral interpretando la misma canci\u00f3n con Alberto Cortez:<\/p>\n<p>&nbsp;<\/p>\n<p><em><span style=\"font-style: normal;\"><a title=\"FACUNDO CABRAL Y ALBERTO CORTEZ\" href=\"http:\/\/www.youtube.com\/watch?v=8pPYKI8LPxE&amp;feature=related\">http:\/\/www.youtube.com\/watch?v=8pPYKI8LPxE&amp;feature=related<\/a><\/span><\/em><\/p>\n<p>&nbsp;<\/p>\n","protected":false},"excerpt":{"rendered":"<p>&nbsp; Definitivamente, Am\u00e9rica Latina no sale de su at\u00e1vica violencia. Es ya casi imposible no relacionar a nuestro continente con el atentado canalla, con la matanza, con la violaci\u00f3n de los derechos ajenos y, por supuesto, con todas esas otras &hellip; <a href=\"https:\/\/oscarhumbertogomez.com\/?p=562\">Sigue leyendo <span class=\"meta-nav\">&rarr;<\/span><\/a><\/p>\n<div class='heateorSssClear'><\/div><div  class='heateor_sss_sharing_container heateor_sss_horizontal_sharing' heateor-sss-data-href='https:\/\/oscarhumbertogomez.com\/?p=562'><div class='heateor_sss_sharing_title' style=\"font-weight:bold\" >\u00a1Gracias por compartirla!<\/div><ul class=\"heateor_sss_sharing_ul\"><li class=\"heateorSssSharingRound\"><i style=\"width:35px;height:35px;border-radius:999px;\" alt=\"Facebook\" Title=\"Facebook\" class=\"heateorSssSharing heateorSssFacebookBackground\" onclick='heateorSssPopup(\"https:\/\/www.facebook.com\/sharer\/sharer.php?u=https%3A%2F%2Foscarhumbertogomez.com%2Findex.php%3Frest_route%3D%252Fwp%252Fv2%252Fposts%252F562\")'><ss style=\"display:block;border-radius:999px;\" class=\"heateorSssSharingSvg heateorSssFacebookSvg\"><\/ss><\/i><\/li><li class=\"heateorSssSharingRound\"><i style=\"width:35px;height:35px;border-radius:999px;\" alt=\"Twitter\" Title=\"Twitter\" class=\"heateorSssSharing heateorSssTwitterBackground\" onclick='heateorSssPopup(\"http:\/\/twitter.com\/intent\/tweet?text=El%20asesinato%20del%20maestro%20Facundo%20Cabral.%20Por%20%C3%93scar%20Humberto%20G%C3%B3mez%20G%C3%B3mez&url=https%3A%2F%2Foscarhumbertogomez.com%2Findex.php%3Frest_route%3D%252Fwp%252Fv2%252Fposts%252F562\")'><ss style=\"display:block;border-radius:999px;\" class=\"heateorSssSharingSvg heateorSssTwitterSvg\"><\/ss><\/i><\/li><li class=\"heateorSssSharingRound\"><i style=\"width:35px;height:35px;border-radius:999px;\" alt=\"Whatsapp\" Title=\"Whatsapp\" class=\"heateorSssSharing heateorSssWhatsappBackground\" onclick='heateorSssPopup(\"https:\/\/web.whatsapp.com\/send?text=El%20asesinato%20del%20maestro%20Facundo%20Cabral.%20Por%20%C3%93scar%20Humberto%20G%C3%B3mez%20G%C3%B3mez https%3A%2F%2Foscarhumbertogomez.com%2Findex.php%3Frest_route%3D%252Fwp%252Fv2%252Fposts%252F562\")'><ss style=\"display:block\" class=\"heateorSssSharingSvg heateorSssWhatsappSvg\"><\/ss><\/i><\/li><li class=\"heateorSssSharingRound\"><i style=\"width:35px;height:35px;border-radius:999px;\" alt=\"Pinterest\" Title=\"Pinterest\" class=\"heateorSssSharing heateorSssPinterestBackground\" onclick=\"javascript:void( (function() {var e=document.createElement('script' );e.setAttribute('type','text\/javascript' );e.setAttribute('charset','UTF-8' );e.setAttribute('src','\/\/assets.pinterest.com\/js\/pinmarklet.js?r='+Math.random()*99999999);document.body.appendChild(e)})());\"><ss style=\"display:block;border-radius:999px;\" class=\"heateorSssSharingSvg heateorSssPinterestSvg\"><\/ss><\/i><\/li><li class=\"heateorSssSharingRound\"><i style=\"width:35px;height:35px;border-radius:999px;\" alt=\"Google Gmail\" Title=\"Google Gmail\" class=\"heateorSssSharing heateorSssGoogleGmailBackground\" onclick='heateorSssPopup(\"https:\/\/mail.google.com\/mail\/?ui=2&view=cm&fs=1&tf=1&su=El%20asesinato%20del%20maestro%20Facundo%20Cabral.%20Por%20%C3%93scar%20Humberto%20G%C3%B3mez%20G%C3%B3mez&body=Link:https%3A%2F%2Foscarhumbertogomez.com%2Findex.php%3Frest_route%3D%252Fwp%252Fv2%252Fposts%252F562\")'><ss style=\"display:block;border-radius:999px;\" class=\"heateorSssSharingSvg heateorSssGoogleGmailSvg\"><\/ss><\/i><\/li><li class=\"heateorSssSharingRound\"><i style=\"width:35px;height:35px;border-radius:999px;\" title=\"More\" alt=\"More\" class=\"heateorSssSharing heateorSssMoreBackground\" onclick=\"heateorSssMoreSharingPopup(this, 'https:\/\/oscarhumbertogomez.com\/index.php?rest_route=%2Fwp%2Fv2%2Fposts%2F562', 'El%20asesinato%20del%20maestro%20Facundo%20Cabral.%20Por%20%C3%93scar%20Humberto%20G%C3%B3mez%20G%C3%B3mez', '' )\" ><ss style=\"display:block\" class=\"heateorSssSharingSvg heateorSssMoreSvg\"><\/ss><\/i><\/li><\/ul><div class=\"heateorSssClear\"><\/div><\/div><div class='heateorSssClear'><\/div>","protected":false},"author":2,"featured_media":0,"comment_status":"open","ping_status":"open","sticky":false,"template":"","format":"standard","meta":{"spay_email":"","footnotes":""},"categories":[1],"tags":[],"class_list":["post-562","post","type-post","status-publish","format-standard","hentry","category-blog"],"jetpack_featured_media_url":"","jetpack_shortlink":"https:\/\/wp.me\/p1FYrr-94","_links":{"self":[{"href":"https:\/\/oscarhumbertogomez.com\/index.php?rest_route=\/wp\/v2\/posts\/562","targetHints":{"allow":["GET"]}}],"collection":[{"href":"https:\/\/oscarhumbertogomez.com\/index.php?rest_route=\/wp\/v2\/posts"}],"about":[{"href":"https:\/\/oscarhumbertogomez.com\/index.php?rest_route=\/wp\/v2\/types\/post"}],"author":[{"embeddable":true,"href":"https:\/\/oscarhumbertogomez.com\/index.php?rest_route=\/wp\/v2\/users\/2"}],"replies":[{"embeddable":true,"href":"https:\/\/oscarhumbertogomez.com\/index.php?rest_route=%2Fwp%2Fv2%2Fcomments&post=562"}],"version-history":[{"count":6,"href":"https:\/\/oscarhumbertogomez.com\/index.php?rest_route=\/wp\/v2\/posts\/562\/revisions"}],"predecessor-version":[{"id":53325,"href":"https:\/\/oscarhumbertogomez.com\/index.php?rest_route=\/wp\/v2\/posts\/562\/revisions\/53325"}],"wp:attachment":[{"href":"https:\/\/oscarhumbertogomez.com\/index.php?rest_route=%2Fwp%2Fv2%2Fmedia&parent=562"}],"wp:term":[{"taxonomy":"category","embeddable":true,"href":"https:\/\/oscarhumbertogomez.com\/index.php?rest_route=%2Fwp%2Fv2%2Fcategories&post=562"},{"taxonomy":"post_tag","embeddable":true,"href":"https:\/\/oscarhumbertogomez.com\/index.php?rest_route=%2Fwp%2Fv2%2Ftags&post=562"}],"curies":[{"name":"wp","href":"https:\/\/api.w.org\/{rel}","templated":true}]}}