{"id":56642,"date":"2026-09-03T20:56:31","date_gmt":"2026-09-04T01:56:31","guid":{"rendered":"https:\/\/oscarhumbertogomez.com\/?p=56642"},"modified":"2026-09-03T21:26:30","modified_gmt":"2026-09-04T02:26:30","slug":"islandia-la-tierra-de-hielo-que-fue-convertida-en-tierra-verde-por-oscar-humberto-gomez-gomez-capitulo-segundo","status":"publish","type":"post","link":"https:\/\/oscarhumbertogomez.com\/?p=56642","title":{"rendered":"ISLANDIA: LA TIERRA DE HIELO QUE FUE CONVERTIDA EN TIERRA VERDE. Por \u00d3scar Humberto G\u00f3mez  G\u00f3mez (CAP\u00cdTULO SEGUNDO)"},"content":{"rendered":"<p><img loading=\"lazy\" decoding=\"async\" class=\"aligncenter size-large wp-image-56663\" src=\"https:\/\/oscarhumbertogomez.com\/wp-content\/uploads\/2026\/09\/DSC_0114-1024x683.jpg\" alt=\"\" width=\"640\" height=\"427\" srcset=\"https:\/\/oscarhumbertogomez.com\/wp-content\/uploads\/2026\/09\/DSC_0114-1024x683.jpg 1024w, https:\/\/oscarhumbertogomez.com\/wp-content\/uploads\/2026\/09\/DSC_0114-300x200.jpg 300w, https:\/\/oscarhumbertogomez.com\/wp-content\/uploads\/2026\/09\/DSC_0114-768x512.jpg 768w, https:\/\/oscarhumbertogomez.com\/wp-content\/uploads\/2026\/09\/DSC_0114.jpg 1280w\" sizes=\"auto, (max-width: 640px) 100vw, 640px\" \/><\/p>\n<p>&nbsp;<\/p>\n<p>I<\/p>\n<p>&nbsp;<\/p>\n<p>Con todo y sus maravillosos paisajes, Islandia es un pa\u00eds que ha tenido y sigue teniendo serios problemas medioambientales derivados de la gran deforestaci\u00f3n a la que fue sometido su territorio por parte de los vikingos, quienes cortaron numeros\u00edsimos \u00e1rboles en sus bosques nativos para satisfacer sus necesidades b\u00e1sicas de construcci\u00f3n de viviendas, entre otras, y dejaron el suelo gravemente erosionado.<\/p>\n<p>A la deforestaci\u00f3n se uni\u00f3 el extendido pastoreo.<\/p>\n<p>&nbsp;<\/p>\n<p>II<\/p>\n<p>&nbsp;<\/p>\n<p><img loading=\"lazy\" decoding=\"async\" class=\"aligncenter size-large wp-image-56664\" src=\"https:\/\/oscarhumbertogomez.com\/wp-content\/uploads\/2026\/09\/DSC_0026-1024x683.jpg\" alt=\"\" width=\"640\" height=\"427\" srcset=\"https:\/\/oscarhumbertogomez.com\/wp-content\/uploads\/2026\/09\/DSC_0026-1024x683.jpg 1024w, https:\/\/oscarhumbertogomez.com\/wp-content\/uploads\/2026\/09\/DSC_0026-300x200.jpg 300w, https:\/\/oscarhumbertogomez.com\/wp-content\/uploads\/2026\/09\/DSC_0026-768x512.jpg 768w, https:\/\/oscarhumbertogomez.com\/wp-content\/uploads\/2026\/09\/DSC_0026.jpg 1280w\" sizes=\"auto, (max-width: 640px) 100vw, 640px\" \/><\/p>\n<p>&nbsp;<\/p>\n<p>En efecto, la tala masiva de los grandes bosques islandeses hizo que el suelo cultivado pasara de casi la mitad de Islandia a tan solo un 2% del territorio. El suelo island\u00e9s qued\u00f3 as\u00ed sometido a la acci\u00f3n de los vientos y de las lluvias, y a ello se ha unido el \u2014por algunos negado\u2014 cambio clim\u00e1tico, debido al cual los los glaciares est\u00e1n siendo sometidos al deshielo y ya ha comenzado su desaparici\u00f3n.<\/p>\n<p>&nbsp;<\/p>\n<p>III<\/p>\n<p>&nbsp;<\/p>\n<p><img loading=\"lazy\" decoding=\"async\" class=\"aligncenter size-large wp-image-56676\" src=\"https:\/\/oscarhumbertogomez.com\/wp-content\/uploads\/2026\/09\/DSC_0611-1024x683.jpg\" alt=\"\" width=\"640\" height=\"427\" srcset=\"https:\/\/oscarhumbertogomez.com\/wp-content\/uploads\/2026\/09\/DSC_0611-1024x683.jpg 1024w, https:\/\/oscarhumbertogomez.com\/wp-content\/uploads\/2026\/09\/DSC_0611-300x200.jpg 300w, https:\/\/oscarhumbertogomez.com\/wp-content\/uploads\/2026\/09\/DSC_0611-768x512.jpg 768w, https:\/\/oscarhumbertogomez.com\/wp-content\/uploads\/2026\/09\/DSC_0611.jpg 1280w\" sizes=\"auto, (max-width: 640px) 100vw, 640px\" \/><\/p>\n<p>&nbsp;<\/p>\n<p>A esto se une el creciente auge del turismo, que, dicho sea de paso, es un problema que est\u00e1n sufriendo todos los pa\u00edses que se han convertido en objetivo de las agencias de viajes y, por supuesto, de sus clientes, no siempre respetuosos de la madre naturaleza.<\/p>\n<p>&nbsp;<\/p>\n<p>IV<\/p>\n<p>&nbsp;<\/p>\n<p><img loading=\"lazy\" decoding=\"async\" class=\"aligncenter size-large wp-image-56675\" src=\"https:\/\/oscarhumbertogomez.com\/wp-content\/uploads\/2026\/09\/DSC_0601-1024x683.jpg\" alt=\"\" width=\"640\" height=\"427\" srcset=\"https:\/\/oscarhumbertogomez.com\/wp-content\/uploads\/2026\/09\/DSC_0601-1024x683.jpg 1024w, https:\/\/oscarhumbertogomez.com\/wp-content\/uploads\/2026\/09\/DSC_0601-300x200.jpg 300w, https:\/\/oscarhumbertogomez.com\/wp-content\/uploads\/2026\/09\/DSC_0601-768x512.jpg 768w, https:\/\/oscarhumbertogomez.com\/wp-content\/uploads\/2026\/09\/DSC_0601.jpg 1280w\" sizes=\"auto, (max-width: 640px) 100vw, 640px\" \/><\/p>\n<p>&nbsp;<\/p>\n<p>Este \u00faltimo fen\u00f3meno social ha desencadenado un serio problema para los islandeses: la elevaci\u00f3n del costo de vida, que es hoy por hoy uno de los m\u00e1s altos del mundo.<\/p>\n<p>&nbsp;<\/p>\n<p>V<\/p>\n<p>&nbsp;<\/p>\n<p><img loading=\"lazy\" decoding=\"async\" class=\"aligncenter size-large wp-image-56674\" src=\"https:\/\/oscarhumbertogomez.com\/wp-content\/uploads\/2026\/09\/DSC_0499-1024x683.jpg\" alt=\"\" width=\"640\" height=\"427\" srcset=\"https:\/\/oscarhumbertogomez.com\/wp-content\/uploads\/2026\/09\/DSC_0499-1024x683.jpg 1024w, https:\/\/oscarhumbertogomez.com\/wp-content\/uploads\/2026\/09\/DSC_0499-300x200.jpg 300w, https:\/\/oscarhumbertogomez.com\/wp-content\/uploads\/2026\/09\/DSC_0499-768x512.jpg 768w, https:\/\/oscarhumbertogomez.com\/wp-content\/uploads\/2026\/09\/DSC_0499.jpg 1280w\" sizes=\"auto, (max-width: 640px) 100vw, 640px\" \/><\/p>\n<p>&nbsp;<\/p>\n<p>S\u00ed: nada en Islandia es barato.<\/p>\n<p>Bueno, aunque hay que aclarar que, por ejemplo, el agua potable se puede beber gratis en las fuentes p\u00fablicas \u2014tal y como sucede en otras ciudades europeas como Par\u00eds\u2014 y es de excelente calidad. Aunque en ocasiones es inevitable percibirle un cierto sabor a azufre.<\/p>\n<p>&nbsp;<\/p>\n<p>VI<\/p>\n<p>&nbsp;<\/p>\n<p><img loading=\"lazy\" decoding=\"async\" class=\"aligncenter size-large wp-image-56678\" src=\"https:\/\/oscarhumbertogomez.com\/wp-content\/uploads\/2026\/09\/DSC_0619-1-1024x683.jpg\" alt=\"\" width=\"640\" height=\"427\" srcset=\"https:\/\/oscarhumbertogomez.com\/wp-content\/uploads\/2026\/09\/DSC_0619-1-1024x683.jpg 1024w, https:\/\/oscarhumbertogomez.com\/wp-content\/uploads\/2026\/09\/DSC_0619-1-300x200.jpg 300w, https:\/\/oscarhumbertogomez.com\/wp-content\/uploads\/2026\/09\/DSC_0619-1-768x512.jpg 768w, https:\/\/oscarhumbertogomez.com\/wp-content\/uploads\/2026\/09\/DSC_0619-1.jpg 1280w\" sizes=\"auto, (max-width: 640px) 100vw, 640px\" \/><\/p>\n<p>&nbsp;<\/p>\n<p>Recientemente ha surgido un inter\u00e9s especial en la reforestaci\u00f3n del suelo island\u00e9s, pero todav\u00eda falta much\u00edsimo camino por recorrer. Como dato curioso, a manera de una simb\u00f3lica reparaci\u00f3n por este desastre vegetal al que fue sometido su suelo por los vikingos, navegantes procedentes de Noruega, cuando se aproxima la Navidad se trae y se instala en el coraz\u00f3n de Reikiavik un inmenso \u00e1rbol navide\u00f1o proveniente de Oslo, la capital noruega. Como es natural \u2014dicho sea de paso\u2014, la Navidad no es celebrada en Islandia sino \u00fanicamente por los cat\u00f3licos y, en general, por los cristianos islandeses.<\/p>\n<p>&nbsp;<\/p>\n<p>VII<\/p>\n<p>&nbsp;<\/p>\n<p><img loading=\"lazy\" decoding=\"async\" class=\"aligncenter size-large wp-image-56665\" src=\"https:\/\/oscarhumbertogomez.com\/wp-content\/uploads\/2026\/09\/DSC_0040-1024x683.jpg\" alt=\"\" width=\"640\" height=\"427\" srcset=\"https:\/\/oscarhumbertogomez.com\/wp-content\/uploads\/2026\/09\/DSC_0040-1024x683.jpg 1024w, https:\/\/oscarhumbertogomez.com\/wp-content\/uploads\/2026\/09\/DSC_0040-300x200.jpg 300w, https:\/\/oscarhumbertogomez.com\/wp-content\/uploads\/2026\/09\/DSC_0040-768x512.jpg 768w, https:\/\/oscarhumbertogomez.com\/wp-content\/uploads\/2026\/09\/DSC_0040.jpg 1280w\" sizes=\"auto, (max-width: 640px) 100vw, 640px\" \/><\/p>\n<p>&nbsp;<\/p>\n<p>Existe una religi\u00f3n oficial en Islandia, y no es ni la cat\u00f3lica, ni la cristiana en general, sino espec\u00edficamente la luterana.<\/p>\n<p>De otro lado, en Islandia circulan muchas leyendas y mitos alrededor de personajes m\u00edticos y legendarios, y de un tiempo para ac\u00e1 se han venido reconstruyendo nuevamente buena parte de las creencias religiosas originales del pueblo island\u00e9s.<\/p>\n<p>&nbsp;<\/p>\n<p>VIII<\/p>\n<p>&nbsp;<\/p>\n<p><img loading=\"lazy\" decoding=\"async\" class=\"aligncenter size-large wp-image-56679\" src=\"https:\/\/oscarhumbertogomez.com\/wp-content\/uploads\/2026\/09\/DSC_0621-1024x683.jpg\" alt=\"\" width=\"640\" height=\"427\" srcset=\"https:\/\/oscarhumbertogomez.com\/wp-content\/uploads\/2026\/09\/DSC_0621-1024x683.jpg 1024w, https:\/\/oscarhumbertogomez.com\/wp-content\/uploads\/2026\/09\/DSC_0621-300x200.jpg 300w, https:\/\/oscarhumbertogomez.com\/wp-content\/uploads\/2026\/09\/DSC_0621-768x512.jpg 768w, https:\/\/oscarhumbertogomez.com\/wp-content\/uploads\/2026\/09\/DSC_0621.jpg 1280w\" sizes=\"auto, (max-width: 640px) 100vw, 640px\" \/><\/p>\n<p>&nbsp;<\/p>\n<p>Precisamente uno de los personajes legendarios islandeses \u2014Reynir, un legendario rey vikingo que lleg\u00f3 a Islandia procedente de Noruega y fue el primer colonizador de esa zona islandesa, ubicada al sur de la isla\u2014 le dio nombre a una de las playas m\u00e1s ex\u00f3ticas, pero tambi\u00e9n m\u00e1s peligrosas del mundo, como lo es &#8220;Playa Negra&#8221;, cuyo nombre real es &#8220;Reynisfjara&#8221;, que en island\u00e9s significa &#8220;Playa de Reynir&#8221;.<\/p>\n<p>&nbsp;<\/p>\n<p>IX<\/p>\n<p>&nbsp;<\/p>\n<p><img loading=\"lazy\" decoding=\"async\" class=\"aligncenter size-large wp-image-56701\" src=\"https:\/\/oscarhumbertogomez.com\/wp-content\/uploads\/2026\/09\/DSC_0947-1024x683.jpg\" alt=\"\" width=\"640\" height=\"427\" srcset=\"https:\/\/oscarhumbertogomez.com\/wp-content\/uploads\/2026\/09\/DSC_0947-1024x683.jpg 1024w, https:\/\/oscarhumbertogomez.com\/wp-content\/uploads\/2026\/09\/DSC_0947-300x200.jpg 300w, https:\/\/oscarhumbertogomez.com\/wp-content\/uploads\/2026\/09\/DSC_0947-768x512.jpg 768w, https:\/\/oscarhumbertogomez.com\/wp-content\/uploads\/2026\/09\/DSC_0947.jpg 1280w\" sizes=\"auto, (max-width: 640px) 100vw, 640px\" \/><\/p>\n<p>&nbsp;<\/p>\n<p>Uno de los espect\u00e1culos naturales m\u00e1s impresionantes de Islandia son sus g\u00e9iseres, cr\u00e1teres por donde se expelen a considerable altura aguas termales y vapores.<\/p>\n<p>&nbsp;<\/p>\n<p>X<\/p>\n<p>&nbsp;<\/p>\n<p><img loading=\"lazy\" decoding=\"async\" class=\"aligncenter size-large wp-image-56667\" src=\"https:\/\/oscarhumbertogomez.com\/wp-content\/uploads\/2026\/09\/DSC_0370-1024x683.jpg\" alt=\"\" width=\"640\" height=\"427\" srcset=\"https:\/\/oscarhumbertogomez.com\/wp-content\/uploads\/2026\/09\/DSC_0370-1024x683.jpg 1024w, https:\/\/oscarhumbertogomez.com\/wp-content\/uploads\/2026\/09\/DSC_0370-300x200.jpg 300w, https:\/\/oscarhumbertogomez.com\/wp-content\/uploads\/2026\/09\/DSC_0370-768x512.jpg 768w, https:\/\/oscarhumbertogomez.com\/wp-content\/uploads\/2026\/09\/DSC_0370.jpg 1280w\" sizes=\"auto, (max-width: 640px) 100vw, 640px\" \/><\/p>\n<p>&nbsp;<\/p>\n<p>El nivel econ\u00f3mico de la poblaci\u00f3n irlandesa es muy alto, pero tambi\u00e9n es muy alto el costo de vida. Tampoco es absolutamente cierto que aqu\u00ed no haya pobreza.<\/p>\n<p>&nbsp;<\/p>\n<p>XI<\/p>\n<p>&nbsp;<\/p>\n<p><img loading=\"lazy\" decoding=\"async\" class=\"aligncenter size-large wp-image-56680\" src=\"https:\/\/oscarhumbertogomez.com\/wp-content\/uploads\/2026\/09\/DSC_0639-1024x683.jpg\" alt=\"\" width=\"640\" height=\"427\" srcset=\"https:\/\/oscarhumbertogomez.com\/wp-content\/uploads\/2026\/09\/DSC_0639-1024x683.jpg 1024w, https:\/\/oscarhumbertogomez.com\/wp-content\/uploads\/2026\/09\/DSC_0639-300x200.jpg 300w, https:\/\/oscarhumbertogomez.com\/wp-content\/uploads\/2026\/09\/DSC_0639-768x512.jpg 768w, https:\/\/oscarhumbertogomez.com\/wp-content\/uploads\/2026\/09\/DSC_0639.jpg 1280w\" sizes=\"auto, (max-width: 640px) 100vw, 640px\" \/><\/p>\n<p>&nbsp;<\/p>\n<p>Son especialmente famosas en Reykjav\u00edk, y en general en Islandia, las piscinas y los ba\u00f1os de agua termales, de los cuales algunos son p\u00fablicos y otros son privados, es decir, que en algunos se puede disfrutar de las aguas termales en forma gratuita \u2014o casi gratuita, es decir, por un precio muy m\u00f3dico\u2014, pero en otros ese disfrute cuesta bastante, pues son lugares exclusivos. T\u00fa, incluso, puedes decidir si te quieres ba\u00f1ar todo el cuerpo, o solamente los pies, pues existe en Reykjav\u00edk uno de estos &#8220;ba\u00f1os de pies&#8221;, en el cual la gente se sienta a ba\u00f1arse solamente los pies con esas aguas. Este ba\u00f1o de los pies no tiene ning\u00fan costo y la ubicaci\u00f3n de esta fuente de aguas termales es en la playa de Reykjav\u00edk.<\/p>\n<p>&nbsp;<\/p>\n<p>XII<\/p>\n<p>&nbsp;<\/p>\n<p><img loading=\"lazy\" decoding=\"async\" class=\"aligncenter size-large wp-image-56668\" src=\"https:\/\/oscarhumbertogomez.com\/wp-content\/uploads\/2026\/09\/DSC_0395-1024x683.jpg\" alt=\"\" width=\"640\" height=\"427\" srcset=\"https:\/\/oscarhumbertogomez.com\/wp-content\/uploads\/2026\/09\/DSC_0395-1024x683.jpg 1024w, https:\/\/oscarhumbertogomez.com\/wp-content\/uploads\/2026\/09\/DSC_0395-300x200.jpg 300w, https:\/\/oscarhumbertogomez.com\/wp-content\/uploads\/2026\/09\/DSC_0395-768x512.jpg 768w, https:\/\/oscarhumbertogomez.com\/wp-content\/uploads\/2026\/09\/DSC_0395.jpg 1280w\" sizes=\"auto, (max-width: 640px) 100vw, 640px\" \/><\/p>\n<p>&nbsp;<\/p>\n<p>Hay ciertas costumbres que de unos a\u00f1os para ac\u00e1 se arraigaron en los restaurantes de Bucaramanga, y en general de Colombia, como es el caso de la propina, supuestamente &#8220;voluntaria&#8221;: te pasan la cuenta y anotan una suma adicional a t\u00edtulo de propina, bajo la advertencia, de que es \u201cvoluntaria\u201c y lo peor es que te preguntan, delante de tu novia \u2014o de la persona o de las personas con quienes quieres lucirte con la invitaci\u00f3n\u2014 que si incluyes la propina, y obviamente que t\u00fa no vas a cometer la descortes\u00eda de decir que no, que no te la incluyan, y entonces debes, con una sonrisa no precisamente alegre, aceptar que adem\u00e1s de la cuenta correspondiente al consumo (que, de por s\u00ed es bien alta) te cobren un 10%, o un 15%, o un 20%, del precio como cobro adicional, lo cual, si la cuenta es alta, obviamente te va a significar una erogaci\u00f3n tambi\u00e9n alta a t\u00edtulo de propina. Pues bien: esta situaci\u00f3n no se observa en Islandia; en sus restaurantes no se cobra propina. La explicaci\u00f3n que se da es que el nivel de los ingresos de quienes trabajan en los restaurantes no hace necesario que los empleados de los mismos se vean en la necesidad de ajustar sus ingresos con las tales propinas.<\/p>\n<p>Bueno, al menos \u2014dir\u00eda un incr\u00e9dulo\u2014 que la tal propina ya te la hayan camuflado dentro de la cuenta.   <\/p>\n<p>&nbsp;<\/p>\n<p>XIII<\/p>\n<p>&nbsp;<\/p>\n<p><img loading=\"lazy\" decoding=\"async\" class=\"aligncenter size-large wp-image-56670\" src=\"https:\/\/oscarhumbertogomez.com\/wp-content\/uploads\/2026\/09\/DSC_0462-1024x683.jpg\" alt=\"\" width=\"640\" height=\"427\" srcset=\"https:\/\/oscarhumbertogomez.com\/wp-content\/uploads\/2026\/09\/DSC_0462-1024x683.jpg 1024w, https:\/\/oscarhumbertogomez.com\/wp-content\/uploads\/2026\/09\/DSC_0462-300x200.jpg 300w, https:\/\/oscarhumbertogomez.com\/wp-content\/uploads\/2026\/09\/DSC_0462-768x512.jpg 768w, https:\/\/oscarhumbertogomez.com\/wp-content\/uploads\/2026\/09\/DSC_0462.jpg 1280w\" sizes=\"auto, (max-width: 640px) 100vw, 640px\" \/><\/p>\n<p>&nbsp;<\/p>\n<p>Islandia tiene un porcentaje de pobreza del 9%. Pero no existe la pobreza absoluta que se ve en Bucaramanga, en Colombia y en Am\u00e9rica Latina, con ni\u00f1os y adultos desnutridos y barrios o asentamientos sin agua potable, ni servicios b\u00e1sicos. Un island\u00e9s pobre cuenta con una vivienda, disfruta en ella de calefacci\u00f3n y tiene acceso gratuito a la educaci\u00f3n, a la salud y a los servicios b\u00e1sicos. Ese island\u00e9s pobre, obviamente, no cuenta con los ingresos que le permitan competir de t\u00fa a t\u00fa con quienes s\u00ed los tienen en el afrontamiento del costo de vida reinante en el pa\u00eds \u2014que es no alto, sino alt\u00edsimo, y se ve agravado por el creciente turismo en masa\u2014, pero con total seguridad tendr\u00e1 con que comer todos los d\u00edas, y no, como en la canci\u00f3n de Jos\u00e9 Tcherkaski cantada por Piero, &#8220;casi todos los d\u00edas&#8221;.<\/p>\n<p>&nbsp;<\/p>\n<p>XIV<\/p>\n<p>&nbsp;<\/p>\n<p><img loading=\"lazy\" decoding=\"async\" class=\"aligncenter size-large wp-image-56681\" src=\"https:\/\/oscarhumbertogomez.com\/wp-content\/uploads\/2026\/09\/DSC_0633-1024x683.jpg\" alt=\"\" width=\"640\" height=\"427\" srcset=\"https:\/\/oscarhumbertogomez.com\/wp-content\/uploads\/2026\/09\/DSC_0633-1024x683.jpg 1024w, https:\/\/oscarhumbertogomez.com\/wp-content\/uploads\/2026\/09\/DSC_0633-300x200.jpg 300w, https:\/\/oscarhumbertogomez.com\/wp-content\/uploads\/2026\/09\/DSC_0633-768x512.jpg 768w, https:\/\/oscarhumbertogomez.com\/wp-content\/uploads\/2026\/09\/DSC_0633.jpg 1280w\" sizes=\"auto, (max-width: 640px) 100vw, 640px\" \/><\/p>\n<p>&nbsp;<\/p>\n<p>Tampoco es que no exista en Islandia gente sin trabajo. La hay. Lo que pasa es que, a diferencia de Bucaramanga, y en general de Colombia y Latinoam\u00e9rica, el desempleo island\u00e9s no supera el 4%.<\/p>\n<p>Pero adem\u00e1s toda, absolutamente toda la poblaci\u00f3n islandesa cuenta con electricidad y agua potable, a diferencia de lo que acontece en Am\u00e9rica Latina, sobre todo en los sectores campesinos.<\/p>\n<p>&nbsp;<\/p>\n<p>XV<\/p>\n<p>&nbsp;<\/p>\n<p><img loading=\"lazy\" decoding=\"async\" class=\"aligncenter size-large wp-image-56704\" src=\"https:\/\/oscarhumbertogomez.com\/wp-content\/uploads\/2026\/09\/DSC_0665-1024x683.jpg\" alt=\"\" width=\"640\" height=\"427\" srcset=\"https:\/\/oscarhumbertogomez.com\/wp-content\/uploads\/2026\/09\/DSC_0665-1024x683.jpg 1024w, https:\/\/oscarhumbertogomez.com\/wp-content\/uploads\/2026\/09\/DSC_0665-300x200.jpg 300w, https:\/\/oscarhumbertogomez.com\/wp-content\/uploads\/2026\/09\/DSC_0665-768x512.jpg 768w, https:\/\/oscarhumbertogomez.com\/wp-content\/uploads\/2026\/09\/DSC_0665.jpg 1280w\" sizes=\"auto, (max-width: 640px) 100vw, 640px\" \/><\/p>\n<p>&nbsp;<\/p>\n<p>Es inevitable, cuando se habla de Islandia, de sus bellezas naturales, de las dificultades con que ha salido adelante a pesar de una naturaleza bastante hostil, a pesar de las invasiones de que fue objeto el suelo island\u00e9s por parte de otras naciones, es inevitable, digo, preguntarnos por qu\u00e9 Colombia no ha podido lograr esos grados de desarrollo econ\u00f3mico y social a pesar de contar con una geograf\u00eda mucho m\u00e1s ben\u00e9vola y con recursos naturales que Islandia no posee. Es bien dif\u00edcil de entender c\u00f3mo un pa\u00eds tan aislado del continente europeo, y del continente americano, una isla que hasta en los mapamundis y en los globos terr\u00e1queos de pl\u00e1stico pareciera despedir fr\u00edo por su lejan\u00eda evidente; c\u00f3mo a pesar de los hielos, de no contar con la posibilidad de siembras que tiene Colombia, es hoy por hoy uno de los pa\u00edses del primer mundo, mientras que el nuestro, con toda clase de suelos y de climas \u2014porque en Colombia se cuenta con monta\u00f1as, llanos, desiertos, nevados, valles, climas c\u00e1lidos, climas templados, climas fr\u00edos, y un largo etc\u00e9tera de ventajas geogr\u00e1ficas, sigue formando parte del tercer mundo y se mantiene sumido en el atraso.<\/p>\n<p>&nbsp;<\/p>\n<p>XVI<\/p>\n<p>&nbsp;<\/p>\n<p><img loading=\"lazy\" decoding=\"async\" class=\"aligncenter size-large wp-image-56671\" src=\"https:\/\/oscarhumbertogomez.com\/wp-content\/uploads\/2026\/09\/DSC_0471-1024x683.jpg\" alt=\"\" width=\"640\" height=\"427\" srcset=\"https:\/\/oscarhumbertogomez.com\/wp-content\/uploads\/2026\/09\/DSC_0471-1024x683.jpg 1024w, https:\/\/oscarhumbertogomez.com\/wp-content\/uploads\/2026\/09\/DSC_0471-300x200.jpg 300w, https:\/\/oscarhumbertogomez.com\/wp-content\/uploads\/2026\/09\/DSC_0471-768x512.jpg 768w, https:\/\/oscarhumbertogomez.com\/wp-content\/uploads\/2026\/09\/DSC_0471.jpg 1280w\" sizes=\"auto, (max-width: 640px) 100vw, 640px\" \/><\/p>\n<p>&nbsp;<\/p>\n<p>Obs\u00e9rvese c\u00f3mo Islandia posee uno de los est\u00e1ndares de vida m\u00e1s altos del mundo, una de las tasas de desempleo m\u00e1s bajas del planeta, a pesar de que t\u00fa observas sus suelos g\u00e9lidos, sus gigantescos t\u00e9mpanos de hielo, una naturaleza casi que inh\u00f3spita, y, sin embargo, Reikiavik y en general la ciudades islandesas han salido adelante, han prosperado, y es as\u00ed que el island\u00e9s pobre tiene su casa con calefacci\u00f3n, cuenta con los servicios p\u00fablicos b\u00e1sicos de agua potable y de electricidad, y ostenta un nivel de vida digno, mientras que en mi Bucaramanga natal, y en general en Colombia, donde no se tiene que sobrevivir en un entorno natural inh\u00f3spito, el pobre sobrevive en tugurios, en casas de lata y cart\u00f3n, no tiene agua ni luz y su nivel de vida conspira contra la dignidad humana.<\/p>\n<p>&nbsp;<\/p>\n<p>XVII<\/p>\n<p>&nbsp;<\/p>\n<p><img loading=\"lazy\" decoding=\"async\" class=\"aligncenter size-large wp-image-56672\" src=\"https:\/\/oscarhumbertogomez.com\/wp-content\/uploads\/2026\/09\/DSC_0482-1024x683.jpg\" alt=\"\" width=\"640\" height=\"427\" srcset=\"https:\/\/oscarhumbertogomez.com\/wp-content\/uploads\/2026\/09\/DSC_0482-1024x683.jpg 1024w, https:\/\/oscarhumbertogomez.com\/wp-content\/uploads\/2026\/09\/DSC_0482-300x200.jpg 300w, https:\/\/oscarhumbertogomez.com\/wp-content\/uploads\/2026\/09\/DSC_0482-768x512.jpg 768w, https:\/\/oscarhumbertogomez.com\/wp-content\/uploads\/2026\/09\/DSC_0482.jpg 1280w\" sizes=\"auto, (max-width: 640px) 100vw, 640px\" \/><\/p>\n<p>&nbsp;<\/p>\n<p>De cara a esta diferencia tan brutal, yo pienso que uno de los grandes problemas que tiene que superar Colombia es el de la corrupci\u00f3n administrativa, lograr que en realidad el presupuesto nacional se destine al progreso del pueblo colombiano y no vaya a las arcas, cuentas y bolsillos de quienes solamente persiguen llegar al poder cacareando soluciones que en realidad nunca les han interesado, solo para apoderarse del erario y por ese camino, y a trav\u00e9s de los contratos administrativos ama\u00f1ados y de la repartija burocr\u00e1tica entre ineptos y corruptos que no tienen el m\u00e1s m\u00ednimo inter\u00e9s en contribuir a hacer cosas grandes por su ciudad, su departamento y su pa\u00eds, beneficiarse en provecho propio de la democracia lucr\u00e1ndose a manos llenas del tesoro nacional.<\/p>\n<p>&nbsp;<\/p>\n<p>XVIII<\/p>\n<p>&nbsp;<\/p>\n<p><img loading=\"lazy\" decoding=\"async\" class=\"aligncenter size-large wp-image-56673\" src=\"https:\/\/oscarhumbertogomez.com\/wp-content\/uploads\/2026\/09\/DSC_0483-1024x683.jpg\" alt=\"\" width=\"640\" height=\"427\" srcset=\"https:\/\/oscarhumbertogomez.com\/wp-content\/uploads\/2026\/09\/DSC_0483-1024x683.jpg 1024w, https:\/\/oscarhumbertogomez.com\/wp-content\/uploads\/2026\/09\/DSC_0483-300x200.jpg 300w, https:\/\/oscarhumbertogomez.com\/wp-content\/uploads\/2026\/09\/DSC_0483-768x512.jpg 768w, https:\/\/oscarhumbertogomez.com\/wp-content\/uploads\/2026\/09\/DSC_0483.jpg 1280w\" sizes=\"auto, (max-width: 640px) 100vw, 640px\" \/><\/p>\n<p>&nbsp;<\/p>\n<p>\u00bfCu\u00e1nto tiempo m\u00e1s tiene que pasar para que Colombia se acerque siquiera a ser una segunda Islandia?<\/p>\n<p>&nbsp;<\/p>\n<p>XIX<\/p>\n<p>&nbsp;<\/p>\n<p><img loading=\"lazy\" decoding=\"async\" class=\"aligncenter size-large wp-image-56666\" src=\"https:\/\/oscarhumbertogomez.com\/wp-content\/uploads\/2026\/09\/DSC_0097-1024x683.jpg\" alt=\"\" width=\"640\" height=\"427\" srcset=\"https:\/\/oscarhumbertogomez.com\/wp-content\/uploads\/2026\/09\/DSC_0097-1024x683.jpg 1024w, https:\/\/oscarhumbertogomez.com\/wp-content\/uploads\/2026\/09\/DSC_0097-300x200.jpg 300w, https:\/\/oscarhumbertogomez.com\/wp-content\/uploads\/2026\/09\/DSC_0097-768x512.jpg 768w, https:\/\/oscarhumbertogomez.com\/wp-content\/uploads\/2026\/09\/DSC_0097.jpg 1280w\" sizes=\"auto, (max-width: 640px) 100vw, 640px\" \/><\/p>\n<p>&nbsp;<\/p>\n<p>En fin: a pesar de todas las adversidades por las que ha tenido que atravesar, este para\u00edso terrenal que es Islandia sigue a\u00fan resistiendo el poder destructivo de la mano del hombre, y sus encantos naturales siguen constituyendo una de las \u00faltimas reservas con que el planeta cuenta para mantener vivo el sue\u00f1o de preservar la magnificencia y hermosura de la gran obra de Dios.<\/p>\n<p>&nbsp;<\/p>\n<p><img loading=\"lazy\" decoding=\"async\" class=\"aligncenter size-large wp-image-56705\" src=\"https:\/\/oscarhumbertogomez.com\/wp-content\/uploads\/2026\/09\/DSC_0998-1024x683.jpg\" alt=\"\" width=\"640\" height=\"427\" srcset=\"https:\/\/oscarhumbertogomez.com\/wp-content\/uploads\/2026\/09\/DSC_0998-1024x683.jpg 1024w, https:\/\/oscarhumbertogomez.com\/wp-content\/uploads\/2026\/09\/DSC_0998-300x200.jpg 300w, https:\/\/oscarhumbertogomez.com\/wp-content\/uploads\/2026\/09\/DSC_0998-768x512.jpg 768w, https:\/\/oscarhumbertogomez.com\/wp-content\/uploads\/2026\/09\/DSC_0998.jpg 1280w\" sizes=\"auto, (max-width: 640px) 100vw, 640px\" \/><\/p>\n<p>&nbsp;<\/p>\n<p><img loading=\"lazy\" decoding=\"async\" class=\"aligncenter size-large wp-image-56706\" src=\"https:\/\/oscarhumbertogomez.com\/wp-content\/uploads\/2026\/09\/DSC_0646-1-1024x683.jpg\" alt=\"\" width=\"640\" height=\"427\" srcset=\"https:\/\/oscarhumbertogomez.com\/wp-content\/uploads\/2026\/09\/DSC_0646-1-1024x683.jpg 1024w, https:\/\/oscarhumbertogomez.com\/wp-content\/uploads\/2026\/09\/DSC_0646-1-300x200.jpg 300w, https:\/\/oscarhumbertogomez.com\/wp-content\/uploads\/2026\/09\/DSC_0646-1-768x512.jpg 768w, https:\/\/oscarhumbertogomez.com\/wp-content\/uploads\/2026\/09\/DSC_0646-1.jpg 1280w\" sizes=\"auto, (max-width: 640px) 100vw, 640px\" \/><\/p>\n<p>&nbsp;<\/p>\n<p><img loading=\"lazy\" decoding=\"async\" class=\"aligncenter size-large wp-image-56707\" src=\"https:\/\/oscarhumbertogomez.com\/wp-content\/uploads\/2026\/09\/DSC_0876-1024x683.jpg\" alt=\"\" width=\"640\" height=\"427\" srcset=\"https:\/\/oscarhumbertogomez.com\/wp-content\/uploads\/2026\/09\/DSC_0876-1024x683.jpg 1024w, https:\/\/oscarhumbertogomez.com\/wp-content\/uploads\/2026\/09\/DSC_0876-300x200.jpg 300w, https:\/\/oscarhumbertogomez.com\/wp-content\/uploads\/2026\/09\/DSC_0876-768x512.jpg 768w, https:\/\/oscarhumbertogomez.com\/wp-content\/uploads\/2026\/09\/DSC_0876.jpg 1280w\" sizes=\"auto, (max-width: 640px) 100vw, 640px\" \/><\/p>\n<p>&nbsp;<\/p>\n<p><img loading=\"lazy\" decoding=\"async\" class=\"aligncenter size-large wp-image-56708\" src=\"https:\/\/oscarhumbertogomez.com\/wp-content\/uploads\/2026\/09\/DSC_0955-1024x683.jpg\" alt=\"\" width=\"640\" height=\"427\" srcset=\"https:\/\/oscarhumbertogomez.com\/wp-content\/uploads\/2026\/09\/DSC_0955-1024x683.jpg 1024w, https:\/\/oscarhumbertogomez.com\/wp-content\/uploads\/2026\/09\/DSC_0955-300x200.jpg 300w, https:\/\/oscarhumbertogomez.com\/wp-content\/uploads\/2026\/09\/DSC_0955-768x512.jpg 768w, https:\/\/oscarhumbertogomez.com\/wp-content\/uploads\/2026\/09\/DSC_0955.jpg 1280w\" sizes=\"auto, (max-width: 640px) 100vw, 640px\" \/><\/p>\n<p>&nbsp;<\/p>\n<p><img loading=\"lazy\" decoding=\"async\" class=\"aligncenter size-large wp-image-56709\" src=\"https:\/\/oscarhumbertogomez.com\/wp-content\/uploads\/2026\/09\/DSC_0216-1024x683.jpg\" alt=\"\" width=\"640\" height=\"427\" srcset=\"https:\/\/oscarhumbertogomez.com\/wp-content\/uploads\/2026\/09\/DSC_0216-1024x683.jpg 1024w, https:\/\/oscarhumbertogomez.com\/wp-content\/uploads\/2026\/09\/DSC_0216-300x200.jpg 300w, https:\/\/oscarhumbertogomez.com\/wp-content\/uploads\/2026\/09\/DSC_0216-768x512.jpg 768w, https:\/\/oscarhumbertogomez.com\/wp-content\/uploads\/2026\/09\/DSC_0216.jpg 1280w\" sizes=\"auto, (max-width: 640px) 100vw, 640px\" \/><\/p>\n<p>&nbsp;<\/p>\n<p><img loading=\"lazy\" decoding=\"async\" class=\"aligncenter size-large wp-image-56669\" src=\"https:\/\/oscarhumbertogomez.com\/wp-content\/uploads\/2026\/09\/DSC_0448-1024x683.jpg\" alt=\"\" width=\"640\" height=\"427\" srcset=\"https:\/\/oscarhumbertogomez.com\/wp-content\/uploads\/2026\/09\/DSC_0448-1024x683.jpg 1024w, https:\/\/oscarhumbertogomez.com\/wp-content\/uploads\/2026\/09\/DSC_0448-300x200.jpg 300w, https:\/\/oscarhumbertogomez.com\/wp-content\/uploads\/2026\/09\/DSC_0448-768x512.jpg 768w, https:\/\/oscarhumbertogomez.com\/wp-content\/uploads\/2026\/09\/DSC_0448.jpg 1280w\" sizes=\"auto, (max-width: 640px) 100vw, 640px\" \/><\/p>\n<p>&nbsp;<\/p>\n<p><img loading=\"lazy\" decoding=\"async\" class=\"aligncenter size-large wp-image-56710\" src=\"https:\/\/oscarhumbertogomez.com\/wp-content\/uploads\/2026\/09\/DSC_0377-1024x683.jpg\" alt=\"\" width=\"640\" height=\"427\" srcset=\"https:\/\/oscarhumbertogomez.com\/wp-content\/uploads\/2026\/09\/DSC_0377-1024x683.jpg 1024w, https:\/\/oscarhumbertogomez.com\/wp-content\/uploads\/2026\/09\/DSC_0377-300x200.jpg 300w, https:\/\/oscarhumbertogomez.com\/wp-content\/uploads\/2026\/09\/DSC_0377-768x512.jpg 768w, https:\/\/oscarhumbertogomez.com\/wp-content\/uploads\/2026\/09\/DSC_0377.jpg 1280w\" sizes=\"auto, (max-width: 640px) 100vw, 640px\" \/><\/p>\n<p>&nbsp;<\/p>\n<p><strong>ILUSTRACIONES: <\/strong> Todas las fotograf\u00edas que ilustran la cr\u00f3nica fueron tomadas por mi hijo \u00d3scar Fernando y mi nuera Silvia Alejandra.<\/p>\n<p>&nbsp;<\/p>\n<p>* <a href=\"https:\/\/lapiedrafilosofal.com\/wp-content\/uploads\/2019\/03\/Copyright-\u00a9-Derechos-de-autor.jpg\"><img loading=\"lazy\" decoding=\"async\" class=\"alignnone size-thumbnail wp-image-28792\" src=\"https:\/\/lapiedrafilosofal.com\/wp-content\/uploads\/2019\/03\/Copyright-\u00a9-Derechos-de-autor-150x150.jpg\" alt=\"\" width=\"150\" height=\"150\" srcset=\"https:\/\/oscarhumbertogomez.com\/wp-content\/uploads\/2019\/03\/Copyright-\u00a9-Derechos-de-autor-150x150.jpg 150w, https:\/\/oscarhumbertogomez.com\/wp-content\/uploads\/2019\/03\/Copyright-\u00a9-Derechos-de-autor-300x300.jpg 300w, https:\/\/oscarhumbertogomez.com\/wp-content\/uploads\/2019\/03\/Copyright-\u00a9-Derechos-de-autor.jpg 730w\" sizes=\"auto, (max-width: 150px) 100vw, 150px\" \/><\/a> <strong>Derechos Reservados de Autor<\/strong>. 2026.<\/p>\n<p>&nbsp;<\/p>\n<p><strong>DERECHOS RESERVADOS.<\/strong> Prohibida la reproducci\u00f3n de los textos y de las fotograf\u00edas.<\/p>\n<p>&nbsp;<\/p>\n<p><strong>\u00d3SCAR HUMBERTO G\u00d3MEZ G\u00d3MEZ<\/strong>: Miembro del Colegio Nacional de Periodistas (CNP). Miembro de N\u00famero de la Academia de Historia de Santander. Miembro de la Sociedad de Autores y Compositores de Colombia (SAYCO). Miembro del ilustre y desaparecido Colegio de Abogados de Santander.<\/p>\n<p>&nbsp;<\/p>\n","protected":false},"excerpt":{"rendered":"<p>&nbsp; I &nbsp; Con todo y sus maravillosos paisajes, Islandia es un pa\u00eds que ha tenido y sigue teniendo serios problemas medioambientales derivados de la gran deforestaci\u00f3n a la que fue sometido su territorio por parte de los vikingos, quienes &hellip; <a href=\"https:\/\/oscarhumbertogomez.com\/?p=56642\">Sigue leyendo <span class=\"meta-nav\">&rarr;<\/span><\/a><\/p>\n<div class='heateorSssClear'><\/div><div  class='heateor_sss_sharing_container heateor_sss_horizontal_sharing' heateor-sss-data-href='https:\/\/oscarhumbertogomez.com\/?p=56642'><div class='heateor_sss_sharing_title' style=\"font-weight:bold\" >\u00a1Gracias por compartirla!<\/div><ul class=\"heateor_sss_sharing_ul\"><li class=\"heateorSssSharingRound\"><i style=\"width:35px;height:35px;border-radius:999px;\" alt=\"Facebook\" Title=\"Facebook\" class=\"heateorSssSharing heateorSssFacebookBackground\" onclick='heateorSssPopup(\"https:\/\/www.facebook.com\/sharer\/sharer.php?u=https%3A%2F%2Foscarhumbertogomez.com%2Findex.php%3Frest_route%3D%252Fwp%252Fv2%252Fposts%252F56642\")'><ss style=\"display:block;border-radius:999px;\" class=\"heateorSssSharingSvg heateorSssFacebookSvg\"><\/ss><\/i><\/li><li class=\"heateorSssSharingRound\"><i style=\"width:35px;height:35px;border-radius:999px;\" alt=\"Twitter\" Title=\"Twitter\" class=\"heateorSssSharing heateorSssTwitterBackground\" onclick='heateorSssPopup(\"http:\/\/twitter.com\/intent\/tweet?text=ISLANDIA%3A%20LA%20TIERRA%20DE%20HIELO%20QUE%20FUE%20CONVERTIDA%20EN%20TIERRA%20VERDE.%20Por%20%C3%93scar%20Humberto%20G%C3%B3mez%20%20G%C3%B3mez%20%28CAP%C3%8DTULO%20SEGUNDO%29&url=https%3A%2F%2Foscarhumbertogomez.com%2Findex.php%3Frest_route%3D%252Fwp%252Fv2%252Fposts%252F56642\")'><ss style=\"display:block;border-radius:999px;\" class=\"heateorSssSharingSvg heateorSssTwitterSvg\"><\/ss><\/i><\/li><li class=\"heateorSssSharingRound\"><i style=\"width:35px;height:35px;border-radius:999px;\" alt=\"Whatsapp\" Title=\"Whatsapp\" class=\"heateorSssSharing heateorSssWhatsappBackground\" onclick='heateorSssPopup(\"https:\/\/web.whatsapp.com\/send?text=ISLANDIA%3A%20LA%20TIERRA%20DE%20HIELO%20QUE%20FUE%20CONVERTIDA%20EN%20TIERRA%20VERDE.%20Por%20%C3%93scar%20Humberto%20G%C3%B3mez%20%20G%C3%B3mez%20%28CAP%C3%8DTULO%20SEGUNDO%29 https%3A%2F%2Foscarhumbertogomez.com%2Findex.php%3Frest_route%3D%252Fwp%252Fv2%252Fposts%252F56642\")'><ss style=\"display:block\" class=\"heateorSssSharingSvg heateorSssWhatsappSvg\"><\/ss><\/i><\/li><li class=\"heateorSssSharingRound\"><i style=\"width:35px;height:35px;border-radius:999px;\" alt=\"Pinterest\" Title=\"Pinterest\" class=\"heateorSssSharing heateorSssPinterestBackground\" onclick=\"javascript:void( (function() {var e=document.createElement('script' );e.setAttribute('type','text\/javascript' );e.setAttribute('charset','UTF-8' );e.setAttribute('src','\/\/assets.pinterest.com\/js\/pinmarklet.js?r='+Math.random()*99999999);document.body.appendChild(e)})());\"><ss style=\"display:block;border-radius:999px;\" class=\"heateorSssSharingSvg heateorSssPinterestSvg\"><\/ss><\/i><\/li><li class=\"heateorSssSharingRound\"><i style=\"width:35px;height:35px;border-radius:999px;\" alt=\"Google Gmail\" Title=\"Google Gmail\" class=\"heateorSssSharing heateorSssGoogleGmailBackground\" onclick='heateorSssPopup(\"https:\/\/mail.google.com\/mail\/?ui=2&view=cm&fs=1&tf=1&su=ISLANDIA%3A%20LA%20TIERRA%20DE%20HIELO%20QUE%20FUE%20CONVERTIDA%20EN%20TIERRA%20VERDE.%20Por%20%C3%93scar%20Humberto%20G%C3%B3mez%20%20G%C3%B3mez%20%28CAP%C3%8DTULO%20SEGUNDO%29&body=Link:https%3A%2F%2Foscarhumbertogomez.com%2Findex.php%3Frest_route%3D%252Fwp%252Fv2%252Fposts%252F56642\")'><ss style=\"display:block;border-radius:999px;\" class=\"heateorSssSharingSvg heateorSssGoogleGmailSvg\"><\/ss><\/i><\/li><li class=\"heateorSssSharingRound\"><i style=\"width:35px;height:35px;border-radius:999px;\" title=\"More\" alt=\"More\" class=\"heateorSssSharing heateorSssMoreBackground\" onclick=\"heateorSssMoreSharingPopup(this, 'https:\/\/oscarhumbertogomez.com\/index.php?rest_route=%2Fwp%2Fv2%2Fposts%2F56642', 'ISLANDIA%3A%20LA%20TIERRA%20DE%20HIELO%20QUE%20FUE%20CONVERTIDA%20EN%20TIERRA%20VERDE.%20Por%20%C3%93scar%20Humberto%20G%C3%B3mez%20%20G%C3%B3mez%20%28CAP%C3%8DTULO%20SEGUNDO%29', '' )\" ><ss style=\"display:block\" class=\"heateorSssSharingSvg heateorSssMoreSvg\"><\/ss><\/i><\/li><\/ul><div class=\"heateorSssClear\"><\/div><\/div><div class='heateorSssClear'><\/div>","protected":false},"author":2,"featured_media":0,"comment_status":"closed","ping_status":"closed","sticky":false,"template":"","format":"standard","meta":{"spay_email":"","footnotes":""},"categories":[1],"tags":[],"class_list":["post-56642","post","type-post","status-publish","format-standard","hentry","category-blog"],"jetpack_featured_media_url":"","jetpack_shortlink":"https:\/\/wp.me\/p1FYrr-eJA","_links":{"self":[{"href":"https:\/\/oscarhumbertogomez.com\/index.php?rest_route=\/wp\/v2\/posts\/56642","targetHints":{"allow":["GET"]}}],"collection":[{"href":"https:\/\/oscarhumbertogomez.com\/index.php?rest_route=\/wp\/v2\/posts"}],"about":[{"href":"https:\/\/oscarhumbertogomez.com\/index.php?rest_route=\/wp\/v2\/types\/post"}],"author":[{"embeddable":true,"href":"https:\/\/oscarhumbertogomez.com\/index.php?rest_route=\/wp\/v2\/users\/2"}],"replies":[{"embeddable":true,"href":"https:\/\/oscarhumbertogomez.com\/index.php?rest_route=%2Fwp%2Fv2%2Fcomments&post=56642"}],"version-history":[{"count":39,"href":"https:\/\/oscarhumbertogomez.com\/index.php?rest_route=\/wp\/v2\/posts\/56642\/revisions"}],"predecessor-version":[{"id":56743,"href":"https:\/\/oscarhumbertogomez.com\/index.php?rest_route=\/wp\/v2\/posts\/56642\/revisions\/56743"}],"wp:attachment":[{"href":"https:\/\/oscarhumbertogomez.com\/index.php?rest_route=%2Fwp%2Fv2%2Fmedia&parent=56642"}],"wp:term":[{"taxonomy":"category","embeddable":true,"href":"https:\/\/oscarhumbertogomez.com\/index.php?rest_route=%2Fwp%2Fv2%2Fcategories&post=56642"},{"taxonomy":"post_tag","embeddable":true,"href":"https:\/\/oscarhumbertogomez.com\/index.php?rest_route=%2Fwp%2Fv2%2Ftags&post=56642"}],"curies":[{"name":"wp","href":"https:\/\/api.w.org\/{rel}","templated":true}]}}