{"id":5695,"date":"2012-09-05T20:57:45","date_gmt":"2012-09-06T01:57:45","guid":{"rendered":"http:\/\/www.oscarhumbertogomez.com\/?p=5695"},"modified":"2025-02-17T17:38:00","modified_gmt":"2025-02-17T22:38:00","slug":"uso-y-abuso-de-las-fotocopias-en-la-actividad-judicial-contencioso-administrativa-por-oscar-humberto-gomez-gomez","status":"publish","type":"post","link":"https:\/\/oscarhumbertogomez.com\/?p=5695","title":{"rendered":"Uso y abuso de las fotocopias en la actividad judicial contencioso-administrativa.  Por \u00d3scar Humberto G\u00f3mez G\u00f3mez"},"content":{"rendered":"<div id=\"attachment_49906\" style=\"width: 650px\" class=\"wp-caption aligncenter\"><img loading=\"lazy\" decoding=\"async\" aria-describedby=\"caption-attachment-49906\" class=\"size-large wp-image-49906\" src=\"https:\/\/oscarhumbertogomez.com\/wp-content\/uploads\/2011\/06\/WhatsApp-Image-2025-01-19-at-16.33.19-1024x690.jpeg\" alt=\"\" width=\"640\" height=\"431\" srcset=\"https:\/\/oscarhumbertogomez.com\/wp-content\/uploads\/2011\/06\/WhatsApp-Image-2025-01-19-at-16.33.19-1024x690.jpeg 1024w, https:\/\/oscarhumbertogomez.com\/wp-content\/uploads\/2011\/06\/WhatsApp-Image-2025-01-19-at-16.33.19-300x202.jpeg 300w, https:\/\/oscarhumbertogomez.com\/wp-content\/uploads\/2011\/06\/WhatsApp-Image-2025-01-19-at-16.33.19-768x517.jpeg 768w, https:\/\/oscarhumbertogomez.com\/wp-content\/uploads\/2011\/06\/WhatsApp-Image-2025-01-19-at-16.33.19.jpeg 1280w\" sizes=\"auto, (max-width: 640px) 100vw, 640px\" \/><p id=\"caption-attachment-49906\" class=\"wp-caption-text\">\u00d3SCAR HUMBERTO G\u00d3MEZ G\u00d3MEZ. Fotograf\u00eda de Nylse Blackburn. 2009<\/p><\/div>\n<p>&nbsp;<\/p>\n<p>Fotocopias para todo. &nbsp;Definitivamente, la justicia contencioso-administrativa colombiana anda cada vez m\u00e1s <strong>inundada<\/strong> de fotocopias.<\/p>\n<p>Y lo est\u00e1, porque <strong>ella misma<\/strong> se ha encargado de arraigar un <strong>vicio<\/strong>: el de ordenar fotocopia para todo, incluso para cosas que bien podr\u00edan hacerse <strong>sin necesidad de ellas<\/strong>.<\/p>\n<p><strong>&nbsp;<\/strong><\/p>\n<p><span style=\"color: #ff0000;\"><strong>EJEMPLO No. 1. &nbsp;CASO JOS\u00c9 DOMINGO D\u00cdAZ DAZA vs LA NACI\u00d3N &#8211; RAMA JUDICIAL. &nbsp;TRIBUNAL ADMINISTRATIVO DE CUNDINAMARCA. &nbsp;<\/strong><\/span><\/p>\n<p><strong>&nbsp;<\/strong><\/p>\n<p>Hace poco, en este proceso, practicamos una inspecci\u00f3n judicial a los libros copiadores del Consejo de Estado. Sala de lo Contencioso-Administrativo. Secci\u00f3n Tercera con el fin de &#8220;<strong>tomar nota<\/strong>&#8221; (as\u00ed dec\u00eda la solicitud de la prueba) de las sentencias en las cuales se hubiese reconocido <strong>a los hijos<\/strong>&nbsp;mil gramos de oro por la muerte de su padre o madre, y de aquellas en las cuales se hubiese reconocido una cantidad menor. &nbsp;Se pretend\u00eda probar que <strong>siempre<\/strong>&nbsp;eran 1.000 gramos de oro lo que se les reconoc\u00eda y que, por ello, el Tribunal Administrativo de Santander, en la sentencia en la que conden\u00f3 a Ecopetrol por la muerte de do\u00f1a Albertina Enciso D\u00edaz, se hab\u00eda <strong>apartado<\/strong> abruptamente y sin fundamento alguno <strong>de esa pauta jurisprudencial<\/strong> pac\u00edfica y reiterada al otorgarles a los hijos de la extinta apenas 350 gramos.<\/p>\n<p>El magistrado a cargo del proceso, sin embargo, no fue eso lo que hizo, sino que orden\u00f3 <strong>fotocopiar&nbsp;<\/strong>un sinn\u00famero de sentencias que, para colmo de males, al revisarlas, ni siquiera corresponden al tema, al cual solamente terminaron refiri\u00e9ndose, y eso tangencialmente, tres. &nbsp;En otras palabras, se perdi\u00f3 todo el tiempo, el dinero y el papel que hubieron de invertirse en ese extenso, fatigoso y dispendioso trabajo de fotocopiado y de autenticaci\u00f3n.<\/p>\n<p><strong>&nbsp;<\/strong><\/p>\n<p><span style=\"color: #ff0000;\"><strong>EJEMPLO No. 2. CASO DEL AVI\u00d3N FOKKER 50 DE AVIANCA SECUESTRADO POR EL ELN ENTRE BUCARAMANGA Y BOGOT\u00c1. &nbsp;<\/strong><\/span><\/p>\n<p><strong>&nbsp;<\/strong><\/p>\n<p>En esta oportunidad, el Tribunal Administrativo de Santander, al proferir un auto de pruebas, deneg\u00f3 el testimonio de un sacerdote que viv\u00eda y laboraba en la Misi\u00f3n Apost\u00f3lica de Apartad\u00f3. El Tribunal argument\u00f3 que al solicitarse dicho testimonio no se hab\u00eda indicado la direcci\u00f3n del testigo y que la ley procesal ordena que se suministre ese dato.<\/p>\n<p>De lo que se trataba era, entonces, de verificar si, en efecto, se hab\u00eda dado o no esa direcci\u00f3n. &nbsp;En la petici\u00f3n del testimonio se hab\u00eda indicado como direcci\u00f3n la siguiente: &#8220;Misi\u00f3n Apost\u00f3lica de Apartad\u00f3. Apartad\u00f3 \/ Antioquia&#8221;. El punto era, pues, determinar si as\u00ed se hab\u00eda cumplido con la exigencia legal o no. &nbsp;Ello implicaba tan solo leer <strong>el rengl\u00f3n<\/strong> correspondiente.<\/p>\n<p>La negaci\u00f3n del testimonio del sacerdote fue apelada. &nbsp;La ley ordena que si se apela la decisi\u00f3n por medio de la cual se niegan pruebas, hay que remitir al superior fotocopia &#8220;de las piezas procesales conducentes&#8221;. &nbsp;L\u00f3gicamente, en este caso lo que hab\u00eda que fotocopiar era el folio (o p\u00e1gina) donde se encontraba <strong>el rengl\u00f3n<\/strong> referido al asunto.<\/p>\n<p>El Tribunal, sin embargo, orden\u00f3 que, en el plazo legal de cinco d\u00edas y so pena de que el recurso se declarara desierto, deb\u00eda fotocopiarse, a costa del apelante, <strong>la totalidad del expediente<\/strong>.<\/p>\n<p>Fotocopiar &#8220;la totalidad del expediente&#8221; implicaba, por supuesto, fotocopiar la demanda completa, fotocopiar todos los anexos de la demanda, fotocopiar las contestaciones que todas y cada una de las varias entidades oficiales demandadas hab\u00edan presentado, fotocopiar todos los anexos que todas y cada una de dichas entidades hab\u00edan aportado con sus contestaciones (entre ellos, para citar ejemplos, el poder otorgado por el representante legal de la entidad al abogado que contest\u00f3 la demanda, el acto de nombramiento de ese representante legal y su acta de posesi\u00f3n), fotocopiar todas y cada una de las diligencias de notificaci\u00f3n del auto admisorio de la demanda que hab\u00eda llevado a cabo la Oficina Judicial y, en fin, un largo etc\u00e9tera.<\/p>\n<p><strong>&nbsp;<\/strong><\/p>\n<p><span style=\"color: #ff0000;\"><strong>EJEMPLO No. 3. &nbsp;CASO DE MARTHA ISABEL DUR\u00c1N DE JAIMES. &nbsp;<\/strong><\/span><\/p>\n<p><strong>&nbsp;<\/strong><\/p>\n<p>Para poder presentar una demanda el \u00fanico requisito que hubo siempre fue, simplemente, el de presentarla. &nbsp;Ahora no. &nbsp;Los sabios que legislan en este pa\u00eds -en este caso dizque para &#8220;descongestionar&#8221; la justicia- &nbsp;impusieron como requisito obligatorio el de solicitar previamente una audiencia de conciliaci\u00f3n ante la Procuradur\u00eda General de la Naci\u00f3n. &nbsp;A esa solicitud hay que anexarle, en originales o copias aut\u00e9nticas, todas las pruebas documentales. &nbsp;Adem\u00e1s de ello, se debe previamente entregar<strong> a cada entidad oficial convocada<\/strong> a esa audiencia, es decir, a cada entidad que se pretenda demandar, <strong>copia de la solicitud y copia de todos los documentos anexos<\/strong>. &nbsp;Pero \u00faltimamente el Gobierno estableci\u00f3 un requisito adicional: como cre\u00f3 la <strong>Agencia Nacional para la Defensa Jur\u00eddica del Estado<\/strong>, impuso como <strong>obligatorio<\/strong> mediante decreto que tambi\u00e9n debe entreg\u00e1rsele a esta nueva agencia estatal <strong>copia de la solicitud y de todos los documentos anexos<\/strong>. &nbsp;Despu\u00e9s, cuando se presente la demanda -si no hay acuerdo, que es lo que ocurre pr\u00e1cticamente siempre- hay que <strong>volverles a entregar<\/strong> (a cada una de las entidades demandadas y a la Agencia Nacional para la Defensa Jur\u00eddica del Estado) <strong>copia de la demanda y de todos los documentos anexos<\/strong>, es decir, se les debe entregar <strong>todo por partida doble<\/strong>.<\/p>\n<p>Lo m\u00e1s grave, sin embargo, no es todo ese despilfarro. &nbsp;Lo m\u00e1s grave es que a esas audiencias de conciliaci\u00f3n las entidades oficiales convocadas <strong>no se hacen presentes<\/strong>, o si se hacen presentes es para decir que <strong>no les interesa conciliar<\/strong>, sin que tengan que decir al menos por qu\u00e9 no.<\/p>\n<p>Pues bien; como \u00edbamos a demandar a la Rama Judicial (por la manera como se hab\u00eda &#8220;indemnizado&#8221; a la se\u00f1ora Martha Isabel Dur\u00e1n de Jaimes y a sus hijos por los da\u00f1os y perjuicios que sufrieron con el secuestro de su esposo y padre en el departamento del Cesar y su asesinato en el departamento del Magdalena), tuvimos que convocar a audiencia de conciliaci\u00f3n a la Rama Judicial ante un procurador en Bogot\u00e1. &nbsp;Y como el error judicial que se alegaba hab\u00eda ocurrido <strong>dentro de un voluminoso proceso<\/strong> que se adelant\u00f3 en Santa Marta, tuvimos que fotocopiar <strong>todo&nbsp;<\/strong>ese expediente, para anexarlo a la solicitud. &nbsp;Pero, adem\u00e1s, tuvimos que <strong>volverlo a fotocopiar<\/strong> para agreg\u00e1rselo como anexo a la copia de la solicitud que deb\u00edamos entregarle a la entidad convocada, esto es, a la Rama Judicial. &nbsp;Pero, fuera de eso, tuvimos que <strong>fotocopiarlo otra vez<\/strong> para agreg\u00e1rselo como anexo a la copia de la solicitud que ten\u00edamos que entregarle a la Agencia Nacional para la Defensa Jur\u00eddica del Estado. &nbsp;L\u00f3gicamente, tambi\u00e9n tuvimos que fotocopiarlo para agreg\u00e1rselo a la copia que debemos conservar en nuestra oficina, m\u00e1xime hoy en d\u00eda cuando se est\u00e1 volviendo moda la desaparici\u00f3n de documentos.<\/p>\n<p>Sobra contarles que <strong>ni la Rama Judicial, ni la Agencia Nacional para la Defensor\u00eda Jur\u00eddica del Estado se hicieron presentes a la audiencia<\/strong>. &nbsp;Ni siquiera enviaron una excusa.<\/p>\n<p><strong>&nbsp;<\/strong><\/p>\n<p><strong><span style=\"color: #ff0000;\">EP\u00cdLOGO:<\/span><\/strong><\/p>\n<p><strong>&nbsp;<\/strong><\/p>\n<p>\u00bfSabe el Estado cu\u00e1ntos \u00e1rboles tienen que ser talados para fabricar las toneladas de papel que se gastan in\u00fatilmente en la actividad judicial?<\/p>\n<p>De otro lado: la Procuradur\u00eda General de la Naci\u00f3n tiene el deber de abrir proceso disciplinario cada vez que fracasen las audiencias de conciliaci\u00f3n porque los bur\u00f3cratas que deb\u00edan estudiar el caso, examinar posibles f\u00f3rmulas de arreglo y presentarse a la audiencia a proponerlas y debatirlas, y a quienes para que cumplieran su deber desde la comodidad de sus oficinas tuvimos que ir a llevarles une alud de fotocopias, no cumplieron con sus funciones.<\/p>\n<p>Por ahora, ello no est\u00e1 ocurriendo. &nbsp;Los miembros de los comit\u00e9s de conciliaci\u00f3n siguen ah\u00ed, &nbsp;muertos de la risa, seguramente hablando por celular y, claro est\u00e1, acerc\u00e1ndose poco a poco a la m\u00e1xima aspiraci\u00f3n del mal bur\u00f3crata: &nbsp;la de empezar a disfrutar de una jugosa jubilaci\u00f3n a costa del erario.<\/p>\n<p>Que es como decir: a costa de las colombianas y de los colombianos que pagamos impuestos.<\/p>\n<p><strong>&nbsp;<\/strong><\/p>\n","protected":false},"excerpt":{"rendered":"<p>&nbsp; Fotocopias para todo. &nbsp;Definitivamente, la justicia contencioso-administrativa colombiana anda cada vez m\u00e1s inundada de fotocopias. Y lo est\u00e1, porque ella misma se ha encargado de arraigar un vicio: el de ordenar fotocopia para todo, incluso para cosas que bien &hellip; <a href=\"https:\/\/oscarhumbertogomez.com\/?p=5695\">Sigue leyendo <span class=\"meta-nav\">&rarr;<\/span><\/a><\/p>\n<div class='heateorSssClear'><\/div><div  class='heateor_sss_sharing_container heateor_sss_horizontal_sharing' heateor-sss-data-href='https:\/\/oscarhumbertogomez.com\/?p=5695'><div class='heateor_sss_sharing_title' style=\"font-weight:bold\" >\u00a1Gracias por compartirla!<\/div><ul class=\"heateor_sss_sharing_ul\"><li class=\"heateorSssSharingRound\"><i style=\"width:35px;height:35px;border-radius:999px;\" alt=\"Facebook\" Title=\"Facebook\" class=\"heateorSssSharing heateorSssFacebookBackground\" onclick='heateorSssPopup(\"https:\/\/www.facebook.com\/sharer\/sharer.php?u=https%3A%2F%2Foscarhumbertogomez.com%2Findex.php%3Frest_route%3D%252Fwp%252Fv2%252Fposts%252F5695\")'><ss style=\"display:block;border-radius:999px;\" class=\"heateorSssSharingSvg heateorSssFacebookSvg\"><\/ss><\/i><\/li><li class=\"heateorSssSharingRound\"><i style=\"width:35px;height:35px;border-radius:999px;\" alt=\"Twitter\" Title=\"Twitter\" class=\"heateorSssSharing heateorSssTwitterBackground\" onclick='heateorSssPopup(\"http:\/\/twitter.com\/intent\/tweet?text=Uso%20y%20abuso%20de%20las%20fotocopias%20en%20la%20actividad%20judicial%20contencioso-administrativa.%20%20Por%20%C3%93scar%20Humberto%20G%C3%B3mez%20G%C3%B3mez&url=https%3A%2F%2Foscarhumbertogomez.com%2Findex.php%3Frest_route%3D%252Fwp%252Fv2%252Fposts%252F5695\")'><ss style=\"display:block;border-radius:999px;\" class=\"heateorSssSharingSvg heateorSssTwitterSvg\"><\/ss><\/i><\/li><li class=\"heateorSssSharingRound\"><i style=\"width:35px;height:35px;border-radius:999px;\" alt=\"Whatsapp\" Title=\"Whatsapp\" class=\"heateorSssSharing heateorSssWhatsappBackground\" onclick='heateorSssPopup(\"https:\/\/web.whatsapp.com\/send?text=Uso%20y%20abuso%20de%20las%20fotocopias%20en%20la%20actividad%20judicial%20contencioso-administrativa.%20%20Por%20%C3%93scar%20Humberto%20G%C3%B3mez%20G%C3%B3mez https%3A%2F%2Foscarhumbertogomez.com%2Findex.php%3Frest_route%3D%252Fwp%252Fv2%252Fposts%252F5695\")'><ss style=\"display:block\" class=\"heateorSssSharingSvg heateorSssWhatsappSvg\"><\/ss><\/i><\/li><li class=\"heateorSssSharingRound\"><i style=\"width:35px;height:35px;border-radius:999px;\" alt=\"Pinterest\" Title=\"Pinterest\" class=\"heateorSssSharing heateorSssPinterestBackground\" onclick=\"javascript:void( (function() {var e=document.createElement('script' );e.setAttribute('type','text\/javascript' );e.setAttribute('charset','UTF-8' );e.setAttribute('src','\/\/assets.pinterest.com\/js\/pinmarklet.js?r='+Math.random()*99999999);document.body.appendChild(e)})());\"><ss style=\"display:block;border-radius:999px;\" class=\"heateorSssSharingSvg heateorSssPinterestSvg\"><\/ss><\/i><\/li><li class=\"heateorSssSharingRound\"><i style=\"width:35px;height:35px;border-radius:999px;\" alt=\"Google Gmail\" Title=\"Google Gmail\" class=\"heateorSssSharing heateorSssGoogleGmailBackground\" onclick='heateorSssPopup(\"https:\/\/mail.google.com\/mail\/?ui=2&view=cm&fs=1&tf=1&su=Uso%20y%20abuso%20de%20las%20fotocopias%20en%20la%20actividad%20judicial%20contencioso-administrativa.%20%20Por%20%C3%93scar%20Humberto%20G%C3%B3mez%20G%C3%B3mez&body=Link:https%3A%2F%2Foscarhumbertogomez.com%2Findex.php%3Frest_route%3D%252Fwp%252Fv2%252Fposts%252F5695\")'><ss style=\"display:block;border-radius:999px;\" class=\"heateorSssSharingSvg heateorSssGoogleGmailSvg\"><\/ss><\/i><\/li><li class=\"heateorSssSharingRound\"><i style=\"width:35px;height:35px;border-radius:999px;\" title=\"More\" alt=\"More\" class=\"heateorSssSharing heateorSssMoreBackground\" onclick=\"heateorSssMoreSharingPopup(this, 'https:\/\/oscarhumbertogomez.com\/index.php?rest_route=%2Fwp%2Fv2%2Fposts%2F5695', 'Uso%20y%20abuso%20de%20las%20fotocopias%20en%20la%20actividad%20judicial%20contencioso-administrativa.%20%20Por%20%C3%93scar%20Humberto%20G%C3%B3mez%20G%C3%B3mez', '' )\" ><ss style=\"display:block\" class=\"heateorSssSharingSvg heateorSssMoreSvg\"><\/ss><\/i><\/li><\/ul><div class=\"heateorSssClear\"><\/div><\/div><div class='heateorSssClear'><\/div>","protected":false},"author":2,"featured_media":0,"comment_status":"closed","ping_status":"closed","sticky":false,"template":"","format":"standard","meta":{"spay_email":"","footnotes":""},"categories":[10,18],"tags":[],"class_list":["post-5695","post","type-post","status-publish","format-standard","hentry","category-derecho","category-ecologia"],"jetpack_featured_media_url":"","jetpack_shortlink":"https:\/\/wp.me\/p1FYrr-1tR","_links":{"self":[{"href":"https:\/\/oscarhumbertogomez.com\/index.php?rest_route=\/wp\/v2\/posts\/5695","targetHints":{"allow":["GET"]}}],"collection":[{"href":"https:\/\/oscarhumbertogomez.com\/index.php?rest_route=\/wp\/v2\/posts"}],"about":[{"href":"https:\/\/oscarhumbertogomez.com\/index.php?rest_route=\/wp\/v2\/types\/post"}],"author":[{"embeddable":true,"href":"https:\/\/oscarhumbertogomez.com\/index.php?rest_route=\/wp\/v2\/users\/2"}],"replies":[{"embeddable":true,"href":"https:\/\/oscarhumbertogomez.com\/index.php?rest_route=%2Fwp%2Fv2%2Fcomments&post=5695"}],"version-history":[{"count":6,"href":"https:\/\/oscarhumbertogomez.com\/index.php?rest_route=\/wp\/v2\/posts\/5695\/revisions"}],"predecessor-version":[{"id":50850,"href":"https:\/\/oscarhumbertogomez.com\/index.php?rest_route=\/wp\/v2\/posts\/5695\/revisions\/50850"}],"wp:attachment":[{"href":"https:\/\/oscarhumbertogomez.com\/index.php?rest_route=%2Fwp%2Fv2%2Fmedia&parent=5695"}],"wp:term":[{"taxonomy":"category","embeddable":true,"href":"https:\/\/oscarhumbertogomez.com\/index.php?rest_route=%2Fwp%2Fv2%2Fcategories&post=5695"},{"taxonomy":"post_tag","embeddable":true,"href":"https:\/\/oscarhumbertogomez.com\/index.php?rest_route=%2Fwp%2Fv2%2Ftags&post=5695"}],"curies":[{"name":"wp","href":"https:\/\/api.w.org\/{rel}","templated":true}]}}