{"id":5800,"date":"2012-09-16T17:34:58","date_gmt":"2012-09-16T22:34:58","guid":{"rendered":"http:\/\/www.oscarhumbertogomez.com\/?p=5800"},"modified":"2025-02-17T17:42:23","modified_gmt":"2025-02-17T22:42:23","slug":"hugo-chavez-otro-poderoso-mas-interesado-en-el-debilitamiento-del-derecho-internacional-publico","status":"publish","type":"post","link":"https:\/\/oscarhumbertogomez.com\/?p=5800","title":{"rendered":"Hugo Ch\u00e1vez: \u00bfOtro poderoso m\u00e1s, interesado en el debilitamiento del Derecho Internacional? Por \u00d3scar Humberto G\u00f3mez G\u00f3mez"},"content":{"rendered":"<div id=\"attachment_49906\" style=\"width: 650px\" class=\"wp-caption aligncenter\"><img loading=\"lazy\" decoding=\"async\" aria-describedby=\"caption-attachment-49906\" class=\"size-large wp-image-49906\" src=\"https:\/\/oscarhumbertogomez.com\/wp-content\/uploads\/2011\/06\/WhatsApp-Image-2025-01-19-at-16.33.19-1024x690.jpeg\" alt=\"\" width=\"640\" height=\"431\" srcset=\"https:\/\/oscarhumbertogomez.com\/wp-content\/uploads\/2011\/06\/WhatsApp-Image-2025-01-19-at-16.33.19-1024x690.jpeg 1024w, https:\/\/oscarhumbertogomez.com\/wp-content\/uploads\/2011\/06\/WhatsApp-Image-2025-01-19-at-16.33.19-300x202.jpeg 300w, https:\/\/oscarhumbertogomez.com\/wp-content\/uploads\/2011\/06\/WhatsApp-Image-2025-01-19-at-16.33.19-768x517.jpeg 768w, https:\/\/oscarhumbertogomez.com\/wp-content\/uploads\/2011\/06\/WhatsApp-Image-2025-01-19-at-16.33.19.jpeg 1280w\" sizes=\"auto, (max-width: 640px) 100vw, 640px\" \/><p id=\"caption-attachment-49906\" class=\"wp-caption-text\">\u00d3SCAR HUMBERTO G\u00d3MEZ G\u00d3MEZ. Fotograf\u00eda de Nylse Blackburn. 2009<\/p><\/div>\n<p>&nbsp;<\/p>\n<p>Que los extremos terminan pareci\u00e9ndose ya es cosa ampliamente sabida. Por eso, no es extra\u00f1o que a la Comisi\u00f3n Interamericana de Derechos Humanos y a la Corte Interamericana de Derechos Humanos pretendan desacreditarla y la ataquen, cada uno desde su punto de vista, tanto la extrema derecha como la extrema izquierda: la derecha, acus\u00e1ndola de estar al servicio de la izquierda; la izquierda, acus\u00e1ndola de estar al servicio de la derecha.<\/p>\n<p>&nbsp;<\/p>\n<div id=\"attachment_5802\" style=\"width: 310px\" class=\"wp-caption aligncenter\"><img loading=\"lazy\" decoding=\"async\" aria-describedby=\"caption-attachment-5802\" class=\"size-full wp-image-5802\" title=\"corte-sede-costa-rica-300x197\" src=\"https:\/\/lapiedrafilosofal.com\/wp-content\/uploads\/2012\/09\/corte-sede-costa-rica-300x197.jpg\" alt=\"\" width=\"300\" height=\"197\"><p id=\"caption-attachment-5802\" class=\"wp-caption-text\">SEDE DE LA CORTE INTERAMERICANA DE DERECHOS HUMANOS. SAN JOS\u00c9 \/ COSTA RICA.<\/p><\/div>\n<p>&nbsp;<\/p>\n<p>En efecto, estas dos instituciones, la CIDH y la CIDH (o mejor: ambas CIDH, la Comisi\u00f3n y la Corte) soportan sobre sus hombros en Am\u00e9rica y en materia de derechos humanos la vigencia, avance y respetabilidad del Derecho Internacional P\u00fablico, particularmente del Derecho Interamericano. &nbsp;Acabar con ellas resulta particularmente importante para aquellos que tienen a la ciencia jur\u00eddica, no como lo que es, vale decir, el instrumento moldeado por la civilizaci\u00f3n para ponerle talanqueras a la arbitrariedad de los poderosos en su pretensi\u00f3n de sacar adelante todos sus objetivos arrasando con los m\u00e1s fr\u00e1giles, sino como el fastidioso freno a su inmenso poder\u00edo, &nbsp;un freno que, por lo mismo, debe ser eliminado a toda costa para as\u00ed quedar en plena libertad de proseguir su marcha hacia el totalitarismo sin que nada ni nadie se lo impida.<\/p>\n<p>&nbsp;<\/p>\n<div id=\"attachment_5803\" style=\"width: 510px\" class=\"wp-caption aligncenter\"><img loading=\"lazy\" decoding=\"async\" aria-describedby=\"caption-attachment-5803\" class=\"size-full wp-image-5803\" title=\"CIDH\" src=\"https:\/\/lapiedrafilosofal.com\/wp-content\/uploads\/2012\/09\/CIDH.jpg\" alt=\"\" width=\"500\" height=\"300\" srcset=\"https:\/\/oscarhumbertogomez.com\/wp-content\/uploads\/2012\/09\/CIDH.jpg 500w, https:\/\/oscarhumbertogomez.com\/wp-content\/uploads\/2012\/09\/CIDH-300x180.jpg 300w\" sizes=\"auto, (max-width: 500px) 100vw, 500px\" \/><p id=\"caption-attachment-5803\" class=\"wp-caption-text\">CORTE INTERAMERICANA DE DERECHOS HUMANOS (CIDH). SAN JOS\u00c9 \/ COSTA RICA.<\/p><\/div>\n<p>&nbsp;<\/p>\n<p>El meollo del ataque contra el sistema interamericano de defensa de los derechos humanos, inequ\u00edvocamente orientado a debilitarlo y destruirlo por inc\u00f3modo, consiste en hacerle mella a su <strong>credibilidad<\/strong>. Y su credibilidad depende, claro est\u00e1, de su <strong>imparcialidad<\/strong>. Por consiguiente, de lo que se trata, entonces, es de hacerlo ver como un organismo <strong>parcializado<\/strong> y al servicio exclusivo de unos intereses espec\u00edficos: justamente los contrarios a los del Estado al que se investiga o condena.<\/p>\n<p>El Gobierno de Venezuela, encabezado por el coronel Hugo Ch\u00e1vez, &nbsp;ha sido investigado por la Comisi\u00f3n Interamericana de Derechos Humanos (CIDH), con sede en Washington (USA), y juzgado y condenado por la Corte Interamericana de Derechos Humanos (CIDH), con sede en San Jos\u00e9 (Costa Rica), por atropellos que, de acuerdo con tales decisiones, ha cometido contra los derechos humanos de personas que no est\u00e1n de acuerdo con su l\u00ednea ideol\u00f3gica de izquierda.<\/p>\n<p>Dice el coronel Ch\u00e1vez que las CIDH (ambas, la Comisi\u00f3n y la Corte) est\u00e1n al servicio de su enemiga, la extrema derecha.<\/p>\n<p>Curioso.<\/p>\n<p>Curioso, porque aqu\u00ed en Colombia, su enemiga, la extrema derecha, viene diciendo desde hace mucho exactamente lo contrario: que las CIDH (ambas, la Comisi\u00f3n y la Corte) est\u00e1n al servicio de la extrema izquierda.<\/p>\n<p>El panorama, pues, no puede ser m\u00e1s contradictorio: la extrema izquierda acusa a las CIDH de aliadas de la extrema derecha, y, a su vez, la extrema derecha las acusa de aliadas de la extrema izquierda.<br \/>\nDefinitivamente, en pol\u00edtica ya uno no sabe a qui\u00e9n creerle.<\/p>\n<p>&nbsp;<\/p>\n<div id=\"attachment_5804\" style=\"width: 560px\" class=\"wp-caption aligncenter\"><img loading=\"lazy\" decoding=\"async\" aria-describedby=\"caption-attachment-5804\" class=\"size-full wp-image-5804\" title=\"COMISI\u00d3N INTERAMERICANA DE DERECHOS HUMANOS EN M\u00c9XICO\" src=\"https:\/\/lapiedrafilosofal.com\/wp-content\/uploads\/2012\/09\/COMISI\u00d3N-INTERAMERICANA-DE-DERECHOS-HUMANOS-EN-M\u00c9XICO.jpg\" alt=\"\" width=\"550\" height=\"365\" srcset=\"https:\/\/oscarhumbertogomez.com\/wp-content\/uploads\/2012\/09\/COMISI\u00d3N-INTERAMERICANA-DE-DERECHOS-HUMANOS-EN-M\u00c9XICO.jpg 550w, https:\/\/oscarhumbertogomez.com\/wp-content\/uploads\/2012\/09\/COMISI\u00d3N-INTERAMERICANA-DE-DERECHOS-HUMANOS-EN-M\u00c9XICO-300x199.jpg 300w\" sizes=\"auto, (max-width: 550px) 100vw, 550px\" \/><p id=\"caption-attachment-5804\" class=\"wp-caption-text\">LA COMISI\u00d3N INTERAMERICANA DE DERECHOS HUMANOS SESIONANDO EN M\u00c9XICO.<\/p><\/div>\n<p>&nbsp;<\/p>\n<p>Ahora bien:<\/p>\n<p>En un pa\u00eds democr\u00e1tico, el Jefe de Estado es el representante de <strong>toda<\/strong> la naci\u00f3n. No s\u00f3lo es el representante de sus \u00e1ulicos, de sus lagartos, de sus electores y de sus aduladores. El Jefe de Estado tambi\u00e9n representa los intereses y clamores de quienes no lo eligieron, de quienes no viven del presupuesto nacional, de quienes no ocupan cargos p\u00fablicos, ni se la pasan bati\u00e9ndole incienso. &nbsp;La naci\u00f3n venezolana, en consecuencia, es <strong>todo<\/strong> el pueblo, en este caso <strong>todo<\/strong> el pueblo de Venezuela.<\/p>\n<p>Obviamente, el Presidente de la Rep\u00fablica es elegido por una mayor\u00eda y, en el juego democr\u00e1tico, se entiende que la minor\u00eda debe plegarse a lo que decida la mayor\u00eda o quien hable en nombre suyo. &nbsp;Empero, a veces ocurre que los m\u00e1rgenes de diferencia entre la mayor\u00eda y la minor\u00eda son muy precarios. &nbsp;En esos casos, y m\u00e1xime en temas que son del inter\u00e9s nacional, lo m\u00e1s sensato que hace un gobernante democr\u00e1tico es tomar en cuenta, con el debido respeto, el pensamiento de la minor\u00eda, por la importante porci\u00f3n poblacional que comprende.<\/p>\n<p>Sucede que los cert\u00e1menes electorales que \u00faltimamente se han celebrado en Venezuela han demostrado que el margen de mayor\u00eda del coronel Ch\u00e1vez sobre sus opositores porcentualmente es muy peque\u00f1o. &nbsp;La pregunta es, entonces, si est\u00e1 bien que la opini\u00f3n de tal masa de venezolanos, que discrepan radicalmente de la decisi\u00f3n gubernamental de que Venezuela se separe del sistema interamericano de derechos humanos, no sea tenida en cuenta.<\/p>\n<p>Ese sector poblacional que se opone es, precisamente, la gente -mejor dicho: el gent\u00edo, la multitud- que, ante la politizaci\u00f3n de la justicia venezolana, ve en el sistema interamericano el \u00fanico camino con que cuenta para obtener la justicia que no obtiene en su pa\u00eds.<\/p>\n<p>Entre otras cosas, es algo id\u00e9ntico a lo que nos ocurre en Colombia, cuyas instituciones judiciales no siempre deciden con sujeci\u00f3n al derecho y a la verdad, y en no pocas ocasiones nos han empujado a buscar en ese sistema nuestra \u00faltima tabla de salvaci\u00f3n. &nbsp;A ra\u00edz de algunas sentencias condenatorias contra Colombia, hemos le\u00eddo y escuchado pronunciamientos que descalifican los fallos como meramente pol\u00edticos y viciados de un marcado sello izquierdista. &nbsp; Esos pronunciamientos abogan, entonces, por una &#8220;revisi\u00f3n&#8221; de nuestra pertenencia al sistema, en otras palabras, porque Colombia se retire de las CIDH. &nbsp;En su momento, dichos sectores han sido descalificados aqu\u00ed como &#8220;la extrema derecha&#8221;. &nbsp;\u00bfQu\u00e9 se &nbsp;ir\u00e1 a decir ahora, cuando no es &#8220;la extrema derecha&#8221;, sino &#8220;la extrema izquierda&#8221;, representada por el gobierno venezolano, la que pretende debilitar a las CIDH?<\/p>\n<p>El retiro de Venezuela es, por dem\u00e1s, extremadamente grave e inconveniente, no s\u00f3lo por lo que encierra en s\u00ed mismo, sino porque ya se ha empezado a exteriorizar temor frente a la perspectiva de que sobrevenga &nbsp;un &#8220;efecto domin\u00f3&#8221;. &nbsp;Es decir, se ha empezado a temer que otros gobiernos, igualmente investigados por la Comisi\u00f3n, y juzgados y condenados por la Corte, tambi\u00e9n anuncien que se retiran.<\/p>\n<p>Hace alg\u00fan tiempo publicamos en este portal un art\u00edculo titulado &#8220;<em><strong>\u00bfA qui\u00e9nes les interesa el debilitamiento del Derecho Internacional?<\/strong><\/em>&#8220;. (VER: SECCI\u00d3N DERECHO. &nbsp;SEPTIEMBRE 17 DE 2011).<\/p>\n<p>Hoy los hechos son elocuentes por s\u00ed solos.<\/p>\n<p>Saquen ustedes mismos sus propias conclusiones.<\/p>\n<p>&nbsp;<\/p>\n","protected":false},"excerpt":{"rendered":"<p>&nbsp; Que los extremos terminan pareci\u00e9ndose ya es cosa ampliamente sabida. Por eso, no es extra\u00f1o que a la Comisi\u00f3n Interamericana de Derechos Humanos y a la Corte Interamericana de Derechos Humanos pretendan desacreditarla y la ataquen, cada uno desde &hellip; <a href=\"https:\/\/oscarhumbertogomez.com\/?p=5800\">Sigue leyendo <span class=\"meta-nav\">&rarr;<\/span><\/a><\/p>\n<div class='heateorSssClear'><\/div><div  class='heateor_sss_sharing_container heateor_sss_horizontal_sharing' heateor-sss-data-href='https:\/\/oscarhumbertogomez.com\/?p=5800'><div class='heateor_sss_sharing_title' style=\"font-weight:bold\" >\u00a1Gracias por compartirla!<\/div><ul class=\"heateor_sss_sharing_ul\"><li class=\"heateorSssSharingRound\"><i style=\"width:35px;height:35px;border-radius:999px;\" alt=\"Facebook\" Title=\"Facebook\" class=\"heateorSssSharing heateorSssFacebookBackground\" onclick='heateorSssPopup(\"https:\/\/www.facebook.com\/sharer\/sharer.php?u=https%3A%2F%2Foscarhumbertogomez.com%2Findex.php%3Frest_route%3D%252Fwp%252Fv2%252Fposts%252F5800\")'><ss style=\"display:block;border-radius:999px;\" class=\"heateorSssSharingSvg heateorSssFacebookSvg\"><\/ss><\/i><\/li><li class=\"heateorSssSharingRound\"><i style=\"width:35px;height:35px;border-radius:999px;\" alt=\"Twitter\" Title=\"Twitter\" class=\"heateorSssSharing heateorSssTwitterBackground\" onclick='heateorSssPopup(\"http:\/\/twitter.com\/intent\/tweet?text=Hugo%20Ch%C3%A1vez%3A%20%C2%BFOtro%20poderoso%20m%C3%A1s%2C%20interesado%20en%20el%20debilitamiento%20del%20Derecho%20Internacional%3F%20Por%20%C3%93scar%20Humberto%20G%C3%B3mez%20G%C3%B3mez&url=https%3A%2F%2Foscarhumbertogomez.com%2Findex.php%3Frest_route%3D%252Fwp%252Fv2%252Fposts%252F5800\")'><ss style=\"display:block;border-radius:999px;\" class=\"heateorSssSharingSvg heateorSssTwitterSvg\"><\/ss><\/i><\/li><li class=\"heateorSssSharingRound\"><i style=\"width:35px;height:35px;border-radius:999px;\" alt=\"Whatsapp\" Title=\"Whatsapp\" class=\"heateorSssSharing heateorSssWhatsappBackground\" onclick='heateorSssPopup(\"https:\/\/web.whatsapp.com\/send?text=Hugo%20Ch%C3%A1vez%3A%20%C2%BFOtro%20poderoso%20m%C3%A1s%2C%20interesado%20en%20el%20debilitamiento%20del%20Derecho%20Internacional%3F%20Por%20%C3%93scar%20Humberto%20G%C3%B3mez%20G%C3%B3mez https%3A%2F%2Foscarhumbertogomez.com%2Findex.php%3Frest_route%3D%252Fwp%252Fv2%252Fposts%252F5800\")'><ss style=\"display:block\" class=\"heateorSssSharingSvg heateorSssWhatsappSvg\"><\/ss><\/i><\/li><li class=\"heateorSssSharingRound\"><i style=\"width:35px;height:35px;border-radius:999px;\" alt=\"Pinterest\" Title=\"Pinterest\" class=\"heateorSssSharing heateorSssPinterestBackground\" onclick=\"javascript:void( (function() {var e=document.createElement('script' );e.setAttribute('type','text\/javascript' );e.setAttribute('charset','UTF-8' );e.setAttribute('src','\/\/assets.pinterest.com\/js\/pinmarklet.js?r='+Math.random()*99999999);document.body.appendChild(e)})());\"><ss style=\"display:block;border-radius:999px;\" class=\"heateorSssSharingSvg heateorSssPinterestSvg\"><\/ss><\/i><\/li><li class=\"heateorSssSharingRound\"><i style=\"width:35px;height:35px;border-radius:999px;\" alt=\"Google Gmail\" Title=\"Google Gmail\" class=\"heateorSssSharing heateorSssGoogleGmailBackground\" onclick='heateorSssPopup(\"https:\/\/mail.google.com\/mail\/?ui=2&view=cm&fs=1&tf=1&su=Hugo%20Ch%C3%A1vez%3A%20%C2%BFOtro%20poderoso%20m%C3%A1s%2C%20interesado%20en%20el%20debilitamiento%20del%20Derecho%20Internacional%3F%20Por%20%C3%93scar%20Humberto%20G%C3%B3mez%20G%C3%B3mez&body=Link:https%3A%2F%2Foscarhumbertogomez.com%2Findex.php%3Frest_route%3D%252Fwp%252Fv2%252Fposts%252F5800\")'><ss style=\"display:block;border-radius:999px;\" class=\"heateorSssSharingSvg heateorSssGoogleGmailSvg\"><\/ss><\/i><\/li><li class=\"heateorSssSharingRound\"><i style=\"width:35px;height:35px;border-radius:999px;\" title=\"More\" alt=\"More\" class=\"heateorSssSharing heateorSssMoreBackground\" onclick=\"heateorSssMoreSharingPopup(this, 'https:\/\/oscarhumbertogomez.com\/index.php?rest_route=%2Fwp%2Fv2%2Fposts%2F5800', 'Hugo%20Ch%C3%A1vez%3A%20%C2%BFOtro%20poderoso%20m%C3%A1s%2C%20interesado%20en%20el%20debilitamiento%20del%20Derecho%20Internacional%3F%20Por%20%C3%93scar%20Humberto%20G%C3%B3mez%20G%C3%B3mez', '' )\" ><ss style=\"display:block\" class=\"heateorSssSharingSvg heateorSssMoreSvg\"><\/ss><\/i><\/li><\/ul><div class=\"heateorSssClear\"><\/div><\/div><div class='heateorSssClear'><\/div>","protected":false},"author":2,"featured_media":0,"comment_status":"closed","ping_status":"closed","sticky":false,"template":"","format":"standard","meta":{"spay_email":"","footnotes":""},"categories":[10],"tags":[],"class_list":["post-5800","post","type-post","status-publish","format-standard","hentry","category-derecho"],"jetpack_featured_media_url":"","jetpack_shortlink":"https:\/\/wp.me\/p1FYrr-1vy","_links":{"self":[{"href":"https:\/\/oscarhumbertogomez.com\/index.php?rest_route=\/wp\/v2\/posts\/5800","targetHints":{"allow":["GET"]}}],"collection":[{"href":"https:\/\/oscarhumbertogomez.com\/index.php?rest_route=\/wp\/v2\/posts"}],"about":[{"href":"https:\/\/oscarhumbertogomez.com\/index.php?rest_route=\/wp\/v2\/types\/post"}],"author":[{"embeddable":true,"href":"https:\/\/oscarhumbertogomez.com\/index.php?rest_route=\/wp\/v2\/users\/2"}],"replies":[{"embeddable":true,"href":"https:\/\/oscarhumbertogomez.com\/index.php?rest_route=%2Fwp%2Fv2%2Fcomments&post=5800"}],"version-history":[{"count":6,"href":"https:\/\/oscarhumbertogomez.com\/index.php?rest_route=\/wp\/v2\/posts\/5800\/revisions"}],"predecessor-version":[{"id":50853,"href":"https:\/\/oscarhumbertogomez.com\/index.php?rest_route=\/wp\/v2\/posts\/5800\/revisions\/50853"}],"wp:attachment":[{"href":"https:\/\/oscarhumbertogomez.com\/index.php?rest_route=%2Fwp%2Fv2%2Fmedia&parent=5800"}],"wp:term":[{"taxonomy":"category","embeddable":true,"href":"https:\/\/oscarhumbertogomez.com\/index.php?rest_route=%2Fwp%2Fv2%2Fcategories&post=5800"},{"taxonomy":"post_tag","embeddable":true,"href":"https:\/\/oscarhumbertogomez.com\/index.php?rest_route=%2Fwp%2Fv2%2Ftags&post=5800"}],"curies":[{"name":"wp","href":"https:\/\/api.w.org\/{rel}","templated":true}]}}