{"id":589,"date":"2011-07-10T12:12:45","date_gmt":"2011-07-10T17:12:45","guid":{"rendered":"http:\/\/www.oscarhumbertogomez.com\/?p=589"},"modified":"2025-03-31T10:12:39","modified_gmt":"2025-03-31T15:12:39","slug":"la-agrupacion-musical-santandereana-sincopa-jazz-band-representara-a-colombia-en-polonia-y-suecia","status":"publish","type":"post","link":"https:\/\/oscarhumbertogomez.com\/?p=589","title":{"rendered":"La agrupaci\u00f3n musical santandereana S\u00edncopa Jazz Band representar\u00e1 a Colombia en Polonia y Suecia. Por \u00d3scar Humberto G\u00f3mez G\u00f3mez"},"content":{"rendered":"<p><img loading=\"lazy\" decoding=\"async\" class=\"aligncenter size-full wp-image-590\" title=\"S\u00cdNCOPA JAZZ BAND EN CONCIERTO. FOTOGRAF\u00cdA DE LAURA OLEJUA\" src=\"https:\/\/lapiedrafilosofal.com\/wp-content\/uploads\/2011\/07\/SJB.jpg\" alt=\"S\u00cdNCOPA JAZZ BAND EN CONCIERTO. FOTOGRAF\u00cdA DE LAURA OLEJUA\" width=\"1000\" height=\"664\" srcset=\"https:\/\/oscarhumbertogomez.com\/wp-content\/uploads\/2011\/07\/SJB.jpg 1000w, https:\/\/oscarhumbertogomez.com\/wp-content\/uploads\/2011\/07\/SJB-300x199.jpg 300w\" sizes=\"auto, (max-width: 1000px) 100vw, 1000px\" \/><\/p>\n<p>&nbsp;<\/p>\n<p>La reconocida banda santandereana de jazz <em>S\u00edncopa Jazz Band <\/em>que dirige el maestro Janusz Kopytko iniciar\u00e1 el pr\u00f3ximo&nbsp;28 de julio su tercera gira internacional por Europa, que esta vez llevar\u00e1 a la agrupaci\u00f3n musical hasta Polonia y Suecia.<\/p>\n<p><em>S\u00edncopa Jazz Band<\/em>, instituci\u00f3n musical vinculada a la Universidad Industrial de Santander (UIS), estuvo en territorio europeo durante los a\u00f1os 2009 y 2010, invitada para representar a Colombia en importantes festivales de jazz  en el Viejo Continente, donde ofreci\u00f3 treinta y cinco conciertos en m\u00e1s de veinte importantes ciudades de Europa, dejando con cada presentaci\u00f3n enaltecido el nombre de Santander y de Colombia.<\/p>\n<p>Esta vez la gira de <em>S\u00edncopa Jazz Band <\/em>durar\u00e1 treinta y cinco d\u00edas. El grupo realizar\u00e1 quince conciertos en desarrollo de los m\u00e1s importantes festivales internacionales de jazz que se celebran en  Polonia y Suecia.<\/p>\n<p>\u00a1Buen tiempo y buena mar para nuestros artistas en suelo europeo, lo mismo que para su distinguido director, y un feliz regreso a su tierra!<\/p>\n<p>&nbsp;<\/p>\n","protected":false},"excerpt":{"rendered":"<p>&nbsp; La reconocida banda santandereana de jazz S\u00edncopa Jazz Band que dirige el maestro Janusz Kopytko iniciar\u00e1 el pr\u00f3ximo&nbsp;28 de julio su tercera gira internacional por Europa, que esta vez llevar\u00e1 a la agrupaci\u00f3n musical hasta Polonia y Suecia. S\u00edncopa &hellip; <a href=\"https:\/\/oscarhumbertogomez.com\/?p=589\">Sigue leyendo <span class=\"meta-nav\">&rarr;<\/span><\/a><\/p>\n<div class='heateorSssClear'><\/div><div  class='heateor_sss_sharing_container heateor_sss_horizontal_sharing' heateor-sss-data-href='https:\/\/oscarhumbertogomez.com\/?p=589'><div class='heateor_sss_sharing_title' style=\"font-weight:bold\" >\u00a1Gracias por compartirla!<\/div><ul class=\"heateor_sss_sharing_ul\"><li class=\"heateorSssSharingRound\"><i style=\"width:35px;height:35px;border-radius:999px;\" alt=\"Facebook\" Title=\"Facebook\" class=\"heateorSssSharing heateorSssFacebookBackground\" onclick='heateorSssPopup(\"https:\/\/www.facebook.com\/sharer\/sharer.php?u=https%3A%2F%2Foscarhumbertogomez.com%2Findex.php%3Frest_route%3D%252Fwp%252Fv2%252Fposts%252F589\")'><ss style=\"display:block;border-radius:999px;\" class=\"heateorSssSharingSvg heateorSssFacebookSvg\"><\/ss><\/i><\/li><li class=\"heateorSssSharingRound\"><i style=\"width:35px;height:35px;border-radius:999px;\" alt=\"Twitter\" Title=\"Twitter\" class=\"heateorSssSharing heateorSssTwitterBackground\" onclick='heateorSssPopup(\"http:\/\/twitter.com\/intent\/tweet?text=La%20agrupaci%C3%B3n%20musical%20santandereana%20S%C3%ADncopa%20Jazz%20Band%20representar%C3%A1%20a%20Colombia%20en%20Polonia%20y%20Suecia.%20Por%20%C3%93scar%20Humberto%20G%C3%B3mez%20G%C3%B3mez&url=https%3A%2F%2Foscarhumbertogomez.com%2Findex.php%3Frest_route%3D%252Fwp%252Fv2%252Fposts%252F589\")'><ss style=\"display:block;border-radius:999px;\" class=\"heateorSssSharingSvg heateorSssTwitterSvg\"><\/ss><\/i><\/li><li class=\"heateorSssSharingRound\"><i style=\"width:35px;height:35px;border-radius:999px;\" alt=\"Whatsapp\" Title=\"Whatsapp\" class=\"heateorSssSharing heateorSssWhatsappBackground\" onclick='heateorSssPopup(\"https:\/\/web.whatsapp.com\/send?text=La%20agrupaci%C3%B3n%20musical%20santandereana%20S%C3%ADncopa%20Jazz%20Band%20representar%C3%A1%20a%20Colombia%20en%20Polonia%20y%20Suecia.%20Por%20%C3%93scar%20Humberto%20G%C3%B3mez%20G%C3%B3mez https%3A%2F%2Foscarhumbertogomez.com%2Findex.php%3Frest_route%3D%252Fwp%252Fv2%252Fposts%252F589\")'><ss style=\"display:block\" class=\"heateorSssSharingSvg heateorSssWhatsappSvg\"><\/ss><\/i><\/li><li class=\"heateorSssSharingRound\"><i style=\"width:35px;height:35px;border-radius:999px;\" alt=\"Pinterest\" Title=\"Pinterest\" class=\"heateorSssSharing heateorSssPinterestBackground\" onclick=\"javascript:void( (function() {var e=document.createElement('script' );e.setAttribute('type','text\/javascript' );e.setAttribute('charset','UTF-8' );e.setAttribute('src','\/\/assets.pinterest.com\/js\/pinmarklet.js?r='+Math.random()*99999999);document.body.appendChild(e)})());\"><ss style=\"display:block;border-radius:999px;\" class=\"heateorSssSharingSvg heateorSssPinterestSvg\"><\/ss><\/i><\/li><li class=\"heateorSssSharingRound\"><i style=\"width:35px;height:35px;border-radius:999px;\" alt=\"Google Gmail\" Title=\"Google Gmail\" class=\"heateorSssSharing heateorSssGoogleGmailBackground\" onclick='heateorSssPopup(\"https:\/\/mail.google.com\/mail\/?ui=2&view=cm&fs=1&tf=1&su=La%20agrupaci%C3%B3n%20musical%20santandereana%20S%C3%ADncopa%20Jazz%20Band%20representar%C3%A1%20a%20Colombia%20en%20Polonia%20y%20Suecia.%20Por%20%C3%93scar%20Humberto%20G%C3%B3mez%20G%C3%B3mez&body=Link:https%3A%2F%2Foscarhumbertogomez.com%2Findex.php%3Frest_route%3D%252Fwp%252Fv2%252Fposts%252F589\")'><ss style=\"display:block;border-radius:999px;\" class=\"heateorSssSharingSvg heateorSssGoogleGmailSvg\"><\/ss><\/i><\/li><li class=\"heateorSssSharingRound\"><i style=\"width:35px;height:35px;border-radius:999px;\" title=\"More\" alt=\"More\" class=\"heateorSssSharing heateorSssMoreBackground\" onclick=\"heateorSssMoreSharingPopup(this, 'https:\/\/oscarhumbertogomez.com\/index.php?rest_route=%2Fwp%2Fv2%2Fposts%2F589', 'La%20agrupaci%C3%B3n%20musical%20santandereana%20S%C3%ADncopa%20Jazz%20Band%20representar%C3%A1%20a%20Colombia%20en%20Polonia%20y%20Suecia.%20Por%20%C3%93scar%20Humberto%20G%C3%B3mez%20G%C3%B3mez', '' )\" ><ss style=\"display:block\" class=\"heateorSssSharingSvg heateorSssMoreSvg\"><\/ss><\/i><\/li><\/ul><div class=\"heateorSssClear\"><\/div><\/div><div class='heateorSssClear'><\/div>","protected":false},"author":2,"featured_media":0,"comment_status":"closed","ping_status":"closed","sticky":false,"template":"","format":"standard","meta":{"spay_email":"","footnotes":""},"categories":[1],"tags":[],"class_list":["post-589","post","type-post","status-publish","format-standard","hentry","category-blog"],"jetpack_featured_media_url":"","jetpack_shortlink":"https:\/\/wp.me\/p1FYrr-9v","_links":{"self":[{"href":"https:\/\/oscarhumbertogomez.com\/index.php?rest_route=\/wp\/v2\/posts\/589","targetHints":{"allow":["GET"]}}],"collection":[{"href":"https:\/\/oscarhumbertogomez.com\/index.php?rest_route=\/wp\/v2\/posts"}],"about":[{"href":"https:\/\/oscarhumbertogomez.com\/index.php?rest_route=\/wp\/v2\/types\/post"}],"author":[{"embeddable":true,"href":"https:\/\/oscarhumbertogomez.com\/index.php?rest_route=\/wp\/v2\/users\/2"}],"replies":[{"embeddable":true,"href":"https:\/\/oscarhumbertogomez.com\/index.php?rest_route=%2Fwp%2Fv2%2Fcomments&post=589"}],"version-history":[{"count":6,"href":"https:\/\/oscarhumbertogomez.com\/index.php?rest_route=\/wp\/v2\/posts\/589\/revisions"}],"predecessor-version":[{"id":53327,"href":"https:\/\/oscarhumbertogomez.com\/index.php?rest_route=\/wp\/v2\/posts\/589\/revisions\/53327"}],"wp:attachment":[{"href":"https:\/\/oscarhumbertogomez.com\/index.php?rest_route=%2Fwp%2Fv2%2Fmedia&parent=589"}],"wp:term":[{"taxonomy":"category","embeddable":true,"href":"https:\/\/oscarhumbertogomez.com\/index.php?rest_route=%2Fwp%2Fv2%2Fcategories&post=589"},{"taxonomy":"post_tag","embeddable":true,"href":"https:\/\/oscarhumbertogomez.com\/index.php?rest_route=%2Fwp%2Fv2%2Ftags&post=589"}],"curies":[{"name":"wp","href":"https:\/\/api.w.org\/{rel}","templated":true}]}}