{"id":59,"date":"2010-02-22T21:00:52","date_gmt":"2010-02-23T02:00:52","guid":{"rendered":"http:\/\/www.oscarhumbertogomez.com\/?p=59"},"modified":"2025-06-01T19:12:27","modified_gmt":"2025-06-02T00:12:27","slug":"alvaro-valencia-tovar-trayectoria-de-un-soldado","status":"publish","type":"post","link":"https:\/\/oscarhumbertogomez.com\/?p=59","title":{"rendered":"\u00c1lvaro Valencia Tovar: TRAYECTORIA DE UN SOLDADO. Por \u00d3scar Humberto G\u00f3mez G\u00f3mez, Miembro Correspondiente de la Academia de Historia de Santander"},"content":{"rendered":"<p style=\"text-align: center;\"><span style=\"color: #808000;\"><strong>CAP\u00cdTULO I<\/strong><\/span><\/p>\n<p>&nbsp;<br \/>\n<img loading=\"lazy\" decoding=\"async\" class=\"aligncenter size-full wp-image-12770\" title=\"ALVARO VALENCIA TOVAR\" src=\"https:\/\/lapiedrafilosofal.com\/wp-content\/uploads\/2010\/02\/ALVARO-VALENCIA-TOVAR1.jpg\" alt=\"\" width=\"600\" height=\"600\" srcset=\"https:\/\/oscarhumbertogomez.com\/wp-content\/uploads\/2010\/02\/ALVARO-VALENCIA-TOVAR1.jpg 600w, https:\/\/oscarhumbertogomez.com\/wp-content\/uploads\/2010\/02\/ALVARO-VALENCIA-TOVAR1-150x150.jpg 150w, https:\/\/oscarhumbertogomez.com\/wp-content\/uploads\/2010\/02\/ALVARO-VALENCIA-TOVAR1-300x300.jpg 300w\" sizes=\"auto, (max-width: 600px) 100vw, 600px\" \/><\/p>\n<p>&nbsp;<br \/>\nEn 1969 sucedieron varias cosas inolvidables en mi vida: fui monaguillo, perd\u00ed el a\u00f1o, cre\u00ed enamorarme por primera vez (con esa candidez pura y hermosa con que se &#8220;enamora&#8221; un chico de trece a\u00f1os), aprend\u00ed a montar en cicla (no sin antes caerme a bordo de una bicicleta ajena y para colmo de males justamente frente a la casa de la chica de la que cre\u00ed estar enamorado) y conoc\u00ed a \u00c1lvaro Valencia Tovar.<\/p>\n<p>El viernes 4 de abril, Viernes Santo de aquel 1969, en efecto, un joven ac\u00f3lito, flaco, p\u00e1lido, mechudo y so\u00f1ador fue encargado intempestivamente por el cura de la parroquia de la Sant\u00edsima Trinidad, en el oriente bumangu\u00e9s, para que durante la solemne celebraci\u00f3n religiosa tocara la matraca (Y es que el rito, seg\u00fan nos lo explic\u00f3 el sacerdote con premura, no permite tocar ese d\u00eda la campana). Ello me permiti\u00f3 estar muy cerca del orador que pronunciar\u00eda el Serm\u00f3n de las Siete Palabras. El p\u00e1rroco, sacerdote Pablo Arias Delgado, hab\u00eda decidido que de dicha pieza sagrada se encargara ese a\u00f1o el ya general \u00c1lvaro Valencia Tovar. Tuve, entonces, la oportunidad de escuchar una disertaci\u00f3n verdaderamente hermosa sobre un tema que, aunque esencialmente religioso, en el verbo de aquel culto oficial cobr\u00f3 una especial y atrayente dimensi\u00f3n sociol\u00f3gica y humana.<\/p>\n<p>Nunca m\u00e1s volv\u00ed a verlo. Pero no por ello dej\u00e9 de seguir, as\u00ed fuera de lejos, su trayectoria.<\/p>\n<p>&nbsp;<\/p>\n<p style=\"text-align: center;\"><span style=\"color: #808000;\"><strong>CAP\u00cdTULO II<\/strong><\/span><\/p>\n<p>&nbsp;<\/p>\n<p><img loading=\"lazy\" decoding=\"async\" class=\"aligncenter size-full wp-image-12770\" title=\"ALVARO VALENCIA TOVAR\" src=\"https:\/\/lapiedrafilosofal.com\/wp-content\/uploads\/2010\/02\/ALVARO-VALENCIA-TOVAR1.jpg\" alt=\"\" width=\"600\" height=\"600\" srcset=\"https:\/\/oscarhumbertogomez.com\/wp-content\/uploads\/2010\/02\/ALVARO-VALENCIA-TOVAR1.jpg 600w, https:\/\/oscarhumbertogomez.com\/wp-content\/uploads\/2010\/02\/ALVARO-VALENCIA-TOVAR1-150x150.jpg 150w, https:\/\/oscarhumbertogomez.com\/wp-content\/uploads\/2010\/02\/ALVARO-VALENCIA-TOVAR1-300x300.jpg 300w\" sizes=\"auto, (max-width: 600px) 100vw, 600px\" \/><\/p>\n<p>&nbsp;<\/p>\n<p>Tres a\u00f1os antes de mi abrupta incursi\u00f3n como int\u00e9rprete de la matraca, el martes 15 de febrero de 1966, en el sitio conocido como Patio Cemento, en el Ca\u00f1\u00f3n del Pinar (otros dijeron que del Pilar), comprensi\u00f3n municipal de San Vicente de Chucur\u00ed, provincia de Mares, departamento de Santander, al nororiente de Colombia, la guerrilla del Ej\u00e9rcito de Liberaci\u00f3n Nacional (ELN) prepar\u00f3 una emboscada contra una patrulla militar que avanzaba a pie por la selv\u00e1tica zona. La patrulla, en efecto, fue atacada sorpresivamente por los rebeldes, escondidos en la tupida mara\u00f1a. Uno de los emboscados era el sacerdote cat\u00f3lico Camilo Torres Restrepo. El padre Torres hab\u00eda sacudido al pa\u00eds con las noticias de su solicitud para ser reducido al estado laico, la fundaci\u00f3n de un movimiento pol\u00edtico llamado Frente Unido y, finalmente, su ingreso a la guerrilla. Era en esos momentos el guerrillero m\u00e1s nombrado de Colombia y uno de los m\u00e1s famosos en Am\u00e9rica Latina, precisamente por su condici\u00f3n sacerdotal. En aquella terrible emboscada, la tropa perdi\u00f3 a varios soldados y otro tanto sucedi\u00f3 con los autores de la misma. El comandante Valencia Tovar, entonces coronel, recibi\u00f3 el informe por radio y de inmediato supuso que aquel guerrillero del cual dec\u00edan que portaba una pipa era el presb\u00edtero convertido en revolucionario, lo cual result\u00f3 confirmado. La muerte del cura guerrillero caus\u00f3 una enorme sorpresa en el pa\u00eds. Pero tambi\u00e9n ir\u00eda a causarla el saberse despu\u00e9s que el coronel Valencia Tovar hab\u00eda sido su amigo y compa\u00f1ero de labores, y que ambos, el militar y el cl\u00e9rigo, hab\u00edan sostenido no pocos paliques acerca de la problem\u00e1tica social, econ\u00f3mica y pol\u00edtica de Colombia. Qued\u00f3 claro que Valencia Tovar de lo \u00fanico que hablaba no era de armas, combates y estrategias castrenses.<\/p>\n<p>&nbsp;<\/p>\n<p style=\"text-align: center;\"><span style=\"color: #808000;\"><strong>CAP\u00cdTULO III<\/strong><\/span><\/p>\n<p>&nbsp;<\/p>\n<p><img loading=\"lazy\" decoding=\"async\" class=\"aligncenter size-full wp-image-12770\" title=\"ALVARO VALENCIA TOVAR\" src=\"https:\/\/lapiedrafilosofal.com\/wp-content\/uploads\/2010\/02\/ALVARO-VALENCIA-TOVAR1.jpg\" alt=\"\" width=\"600\" height=\"600\" srcset=\"https:\/\/oscarhumbertogomez.com\/wp-content\/uploads\/2010\/02\/ALVARO-VALENCIA-TOVAR1.jpg 600w, https:\/\/oscarhumbertogomez.com\/wp-content\/uploads\/2010\/02\/ALVARO-VALENCIA-TOVAR1-150x150.jpg 150w, https:\/\/oscarhumbertogomez.com\/wp-content\/uploads\/2010\/02\/ALVARO-VALENCIA-TOVAR1-300x300.jpg 300w\" sizes=\"auto, (max-width: 600px) 100vw, 600px\" \/><\/p>\n<p>&nbsp;<\/p>\n<p>Un mes despu\u00e9s, el mi\u00e9rcoles 16 de marzo de 1966, el ELN prepar\u00f3 un atentado con explosivos contra el general Valencia Tovar. El lugar escogido fue el parque de los Ni\u00f1os. El oficial hablar\u00eda all\u00ed durante una congregaci\u00f3n p\u00fablica con motivo de cumplirse el aniversario 185 de la Insurrecci\u00f3n de los Comuneros. La tarima hab\u00eda sido instalada junto a la estatua de Jos\u00e9 Antonio Gal\u00e1n. La explosi\u00f3n de la bomba, sin embargo, ocurri\u00f3 antes de que empezara la celebraci\u00f3n del acto y cuando a\u00fan ni siquiera llegaba el primer asistente.<\/p>\n<p>&nbsp;<\/p>\n<p style=\"text-align: center;\"><span style=\"color: #808000;\"><strong>CAP\u00cdTULO IV<\/strong><\/span><\/p>\n<p>&nbsp;<br \/>\n<img loading=\"lazy\" decoding=\"async\" class=\"aligncenter size-full wp-image-12770\" title=\"ALVARO VALENCIA TOVAR\" src=\"https:\/\/lapiedrafilosofal.com\/wp-content\/uploads\/2010\/02\/ALVARO-VALENCIA-TOVAR1.jpg\" alt=\"\" width=\"600\" height=\"600\" srcset=\"https:\/\/oscarhumbertogomez.com\/wp-content\/uploads\/2010\/02\/ALVARO-VALENCIA-TOVAR1.jpg 600w, https:\/\/oscarhumbertogomez.com\/wp-content\/uploads\/2010\/02\/ALVARO-VALENCIA-TOVAR1-150x150.jpg 150w, https:\/\/oscarhumbertogomez.com\/wp-content\/uploads\/2010\/02\/ALVARO-VALENCIA-TOVAR1-300x300.jpg 300w\" sizes=\"auto, (max-width: 600px) 100vw, 600px\" \/><\/p>\n<p>&nbsp;<\/p>\n<p>El hoy escritor e historiador colombiano hab\u00eda asumido el mando de la Quinta Brigada el martes 31 de agosto de 1965. Ten\u00eda en esos momentos el rango de coronel. Apenas mes y medio despu\u00e9s, el domingo 17 de octubre de 1965, lo &#8220;bautiz\u00f3&#8221; como testigo de nuestra historia local la imborrable tragedia a\u00e9rea que sacudi\u00f3 a Bucaramanga cuando un avi\u00f3n de Avianca procedente de Bogot\u00e1 se estrell\u00f3, dentro de la ciudad, contra el cerro de Pan de Az\u00facar segundos despu\u00e9s de impactar, encima del barrio Las Terrazas, con una avioneta que inexplicablemente surcaba el cielo bumangu\u00e9s en momentos en que la aeronave ya se dispon\u00eda a aterrizar en el entonces aeropuerto G\u00f3mez Ni\u00f1o, hoy convertido en el extenso y poblado sector de conjuntos residenciales conocido como la Ciudadela Real de Minas. No creo que el general, cuya memoria es admirada por prodigiosa, haya olvidado ese mal momento del devenir hist\u00f3rico de mi ciudad nativa.<\/p>\n<p>&nbsp;<\/p>\n<p style=\"text-align: center;\"><span style=\"color: #808000;\"><strong>CAP\u00cdTULO V<\/strong><\/span><\/p>\n<p>&nbsp;<\/p>\n<p><img loading=\"lazy\" decoding=\"async\" class=\"aligncenter size-full wp-image-12770\" title=\"ALVARO VALENCIA TOVAR\" src=\"https:\/\/lapiedrafilosofal.com\/wp-content\/uploads\/2010\/02\/ALVARO-VALENCIA-TOVAR1.jpg\" alt=\"\" width=\"600\" height=\"600\" srcset=\"https:\/\/oscarhumbertogomez.com\/wp-content\/uploads\/2010\/02\/ALVARO-VALENCIA-TOVAR1.jpg 600w, https:\/\/oscarhumbertogomez.com\/wp-content\/uploads\/2010\/02\/ALVARO-VALENCIA-TOVAR1-150x150.jpg 150w, https:\/\/oscarhumbertogomez.com\/wp-content\/uploads\/2010\/02\/ALVARO-VALENCIA-TOVAR1-300x300.jpg 300w\" sizes=\"auto, (max-width: 600px) 100vw, 600px\" \/><\/p>\n<p>&nbsp;<\/p>\n<p>Para el viernes 15 de diciembre de 1967 se anunci\u00f3 que el coronel entregar\u00eda el mando de la Quinta Brigada a su sucesor. &#8220;Aqu\u00ed viv\u00ed los dos mejores a\u00f1os de mi vida&#8221;, dijo. Hab\u00eda sido llamado a Bogot\u00e1, para curso de ascenso a general, el viernes 24 de noviembre. Por aquellos d\u00edas, Bucaramanga se agitaba de alegr\u00eda porque el ciclista Severo Hern\u00e1ndez hab\u00eda ganado la \u00faltima etapa de la Vuelta a M\u00e9xico y se preparaba su multitudinario recibimiento, al cual, desde luego, yo asist\u00ed. No obstante, el viernes 19 de enero de 1968, en el Club Uni\u00f3n, unas mil personas, encabezadas por el director del diario <em>Vanguardia Liberal<\/em>, Dr. Alejandro Galvis Galvis, lo estaban homenajeando porque se quedaba.<\/p>\n<p>&nbsp;<\/p>\n<p style=\"text-align: center;\"><span style=\"color: #808000;\"><strong>CAP\u00cdTULO VI<\/strong><\/span><\/p>\n<p>&nbsp;<\/p>\n<p><img loading=\"lazy\" decoding=\"async\" class=\"aligncenter size-full wp-image-12770\" title=\"ALVARO VALENCIA TOVAR\" src=\"https:\/\/lapiedrafilosofal.com\/wp-content\/uploads\/2010\/02\/ALVARO-VALENCIA-TOVAR1.jpg\" alt=\"\" width=\"600\" height=\"600\" srcset=\"https:\/\/oscarhumbertogomez.com\/wp-content\/uploads\/2010\/02\/ALVARO-VALENCIA-TOVAR1.jpg 600w, https:\/\/oscarhumbertogomez.com\/wp-content\/uploads\/2010\/02\/ALVARO-VALENCIA-TOVAR1-150x150.jpg 150w, https:\/\/oscarhumbertogomez.com\/wp-content\/uploads\/2010\/02\/ALVARO-VALENCIA-TOVAR1-300x300.jpg 300w\" sizes=\"auto, (max-width: 600px) 100vw, 600px\" \/><\/p>\n<p>&nbsp;<\/p>\n<p>El coronel Valencia Tovar se destac\u00f3 como intelectual pr\u00e1cticamente desde que lleg\u00f3 a Bucaramanga y mantuvo esa imagen durante toda su permanencia en la ciudad, dando conferencias acerca de los asuntos m\u00e1s dis\u00edmiles. El mi\u00e9rcoles 8 de noviembre de 1967 a las 5:30 de la tarde, por ejemplo, dio inicio a una disertaci\u00f3n en el Sal\u00f3n Cultural del Banco de la Rep\u00fablica acerca del tema <em>&#8220;Trascendencia de las Relaciones P\u00fablicas en el desarrollo industrial y mercantil&#8221;<\/em>; el mi\u00e9rcoles 2 de agosto de 1967 hab\u00eda disertado en la C\u00e1mara de Comercio sobre el tema <em>El papel de la juventud en Colombia<\/em>; el jueves 16 de marzo de 1967 disert\u00f3 en la Casa de Bol\u00edvar, sede de la Academia de Historia de Santander, acerca de <em>La influencia de la tierra en el hombre. Una nueva forma de enfocar el esp\u00edritu de la Insurrecci\u00f3n de los Comuneros<\/em>; y el s\u00e1bado 11 de marzo de 1967 lo hab\u00eda hecho en la Universidad Industrial de Santander (UIS) sobre <em>Geopol\u00edtica, una conjunci\u00f3n din\u00e1mica del tiempo y el espacio<\/em>.<\/p>\n<p>&nbsp;<\/p>\n<p style=\"text-align: center;\"><span style=\"color: #808000;\"><strong>CAP\u00cdTULO VII<\/strong><\/span><\/p>\n<p>&nbsp;<\/p>\n<p><img loading=\"lazy\" decoding=\"async\" class=\"aligncenter size-full wp-image-12770\" title=\"ALVARO VALENCIA TOVAR\" src=\"https:\/\/lapiedrafilosofal.com\/wp-content\/uploads\/2010\/02\/ALVARO-VALENCIA-TOVAR1.jpg\" alt=\"\" width=\"600\" height=\"600\" srcset=\"https:\/\/oscarhumbertogomez.com\/wp-content\/uploads\/2010\/02\/ALVARO-VALENCIA-TOVAR1.jpg 600w, https:\/\/oscarhumbertogomez.com\/wp-content\/uploads\/2010\/02\/ALVARO-VALENCIA-TOVAR1-150x150.jpg 150w, https:\/\/oscarhumbertogomez.com\/wp-content\/uploads\/2010\/02\/ALVARO-VALENCIA-TOVAR1-300x300.jpg 300w\" sizes=\"auto, (max-width: 600px) 100vw, 600px\" \/><\/p>\n<p>&nbsp;<\/p>\n<p>Otra preocupaci\u00f3n del coronel Valencia Tovar en Bucaramanga fue la cultura. Fue as\u00ed como el oficial tom\u00f3 siempre parte activa en la programaci\u00f3n de cert\u00e1menes culturales a celebrarse en nuestra ciudad. Entre el 17 y el 24 de septiembre de 1967, por ejemplo, integr\u00f3 el comit\u00e9 organizador de las actividades culturales que deb\u00edan llevarse a cabo en la Feria de Bucaramanga, entre las cuales estaba el Festival de la Canci\u00f3n Santandereana, la Exposici\u00f3n de Pintura y la Muestra de Danzas Folcl\u00f3ricas. Eran, claro est\u00e1, los tiempos en que la Feria de Bucaramanga todav\u00eda era un pretexto anual para que a lo largo de sus engalanadas calles sonaran las guabinas y los bambucos, se rasgaran los tiples, se pulsaran las guitarras y se bailaran los aires aut\u00f3ctonos de nuestras monta\u00f1as con los coloridos trajes t\u00edpicos de la santandereanidad.<\/p>\n<p>&nbsp;<\/p>\n<p style=\"text-align: center;\"><span style=\"color: #808000;\"><strong>CAP\u00cdTULO VIII<\/strong><\/span><\/p>\n<p>&nbsp;<\/p>\n<p><img loading=\"lazy\" decoding=\"async\" class=\"aligncenter size-full wp-image-12770\" title=\"ALVARO VALENCIA TOVAR\" src=\"https:\/\/lapiedrafilosofal.com\/wp-content\/uploads\/2010\/02\/ALVARO-VALENCIA-TOVAR1.jpg\" alt=\"\" width=\"600\" height=\"600\" srcset=\"https:\/\/oscarhumbertogomez.com\/wp-content\/uploads\/2010\/02\/ALVARO-VALENCIA-TOVAR1.jpg 600w, https:\/\/oscarhumbertogomez.com\/wp-content\/uploads\/2010\/02\/ALVARO-VALENCIA-TOVAR1-150x150.jpg 150w, https:\/\/oscarhumbertogomez.com\/wp-content\/uploads\/2010\/02\/ALVARO-VALENCIA-TOVAR1-300x300.jpg 300w\" sizes=\"auto, (max-width: 600px) 100vw, 600px\" \/><\/p>\n<p>&nbsp;<\/p>\n<p>Inolvidable habr\u00eda de ser para m\u00ed la iluminada y colorida representaci\u00f3n teatral que organiz\u00f3 el general Valencia Tovar para recrear la gesta de nuestra Independencia. Con la participaci\u00f3n de soldados, suboficiales, oficiales y civiles, luciendo los trajes de la \u00e9poca, especialmente los que vest\u00edan nuestros patriotas, y con un verdadero derroche de esfuerzo esc\u00e9nico y talento, el oficial, metido ahora de libretista y director de teatro, logr\u00f3 aglutinar alrededor del sector de Morrorrico, del acueducto y de los terrenos de la Quinta Brigada, a cerca de cincuenta mil personas, entre las cuales estaba yo. Esta obra fue presentada en la noche del mi\u00e9rcoles 6 de agosto de 1969, se titul\u00f3 <em>\u201cTrayectoria de Libertad\u201d<\/em> y recre\u00f3 el Grito de Independencia del 20 de julio de 1810, la Batalla del Puente de Boyac\u00e1 del 7 de agosto de 1819 y otros episodios hist\u00f3ricos. El montaje y presentaci\u00f3n de la obra cont\u00f3 con el patrocinio de la Empresa Colombiana de Petr\u00f3leos (ECOPETROL). A\u00fan rememoro en las tertulias a un soldado \u201cactor\u201d que formaba parte del \u201cej\u00e9rcito patriota\u201d: aquel \u201cartista\u201d, talvez queriendo lucirse ante el numeroso p\u00fablico femenino, se sali\u00f3 por completo del libreto y se dedic\u00f3 a repartir \u201cpu\u00f1etazos\u201d a diestra y siniestra, pero, como si semejante desafuero histri\u00f3nico no le resultara suficiente, se neg\u00f3 a caerse al piso pese a los insistentes \u201cdisparos\u201d que fing\u00edan hacerle los \u201crealistas\u201d. Supuse que esa misma noche, por desobediente, lo hab\u00edan enviado al calabozo.<\/p>\n<p>&nbsp;<\/p>\n<p style=\"text-align: center;\"><span style=\"color: #808000;\"><strong>CAP\u00cdTULO IX<\/strong><\/span><\/p>\n<p>&nbsp;<\/p>\n<p><img loading=\"lazy\" decoding=\"async\" class=\"aligncenter size-full wp-image-12770\" title=\"ALVARO VALENCIA TOVAR\" src=\"https:\/\/lapiedrafilosofal.com\/wp-content\/uploads\/2010\/02\/ALVARO-VALENCIA-TOVAR1.jpg\" alt=\"\" width=\"600\" height=\"600\" srcset=\"https:\/\/oscarhumbertogomez.com\/wp-content\/uploads\/2010\/02\/ALVARO-VALENCIA-TOVAR1.jpg 600w, https:\/\/oscarhumbertogomez.com\/wp-content\/uploads\/2010\/02\/ALVARO-VALENCIA-TOVAR1-150x150.jpg 150w, https:\/\/oscarhumbertogomez.com\/wp-content\/uploads\/2010\/02\/ALVARO-VALENCIA-TOVAR1-300x300.jpg 300w\" sizes=\"auto, (max-width: 600px) 100vw, 600px\" \/><\/p>\n<p>&nbsp;<\/p>\n<p>Pero tambi\u00e9n sobresali\u00f3 el coronel Valencia Tovar por su car\u00e1cter de hombre recto, que lo llev\u00f3, por ejemplo, a protestar p\u00fablica y en\u00e9rgicamente contra la decisi\u00f3n del Juez Superior de Aduanas de Bucaramanga por medio de la cual decret\u00f3 la libertad del m\u00e1s reconocido traficante de caf\u00e9 en los a\u00f1os 60, &#8220;Don N\u00e9fer&#8221;.<\/p>\n<p>En efecto, el mi\u00e9rcoles 15 de junio de 1966 estall\u00f3 un grave esc\u00e1ndalo al saberse que desde Bucaramanga estaba saliendo un gigantesco contrabando continuado de caf\u00e9 hacia la Costa Atl\u00e1ntica y de ah\u00ed al exterior, cuyo cerebro visible era Ra\u00fal Ariza, conocido como &#8220;Don N\u00e9fer&#8221;, quien contaba con la complicidad de personal del DAS, del Ej\u00e9rcito Nacional y del Resguardo de Aduanas. Cuarenta personas fueron a parar a la c\u00e1rcel, n\u00famero que pronto se increment\u00f3 a cincuenta y dos. El coronel Valencia Tovar era el juez de primera instancia en su condici\u00f3n de comandante de la Quinta Brigada y dado que el juzgamiento de los implicados estaba a cargo de la justicia penal militar. El consejo de guerra comenz\u00f3, pero cuando la opini\u00f3n p\u00fablica estaba m\u00e1s pendiente de su resultado, el Juez Superior de Aduanas plante\u00f3 un conflicto de jurisdicci\u00f3n al solicitar que se le enviara a \u00e9l el expediente. La Corte Suprema de Justicia le dio la raz\u00f3n y el proceso fue a parar a sus manos. En una pol\u00e9mica decisi\u00f3n, el nuevo juez de la causa orden\u00f3 la libertad de &#8220;Don N\u00e9fer&#8221;. La reacci\u00f3n del coronel Valencia Tovar no se hizo esperar.<\/p>\n<p>&nbsp;<\/p>\n<p style=\"text-align: center;\"><strong><span style=\"color: #808000;\">CAP\u00cdTULO X<\/span><\/strong><\/p>\n<p>&nbsp;<\/p>\n<p><img loading=\"lazy\" decoding=\"async\" class=\"aligncenter size-full wp-image-12770\" title=\"ALVARO VALENCIA TOVAR\" src=\"https:\/\/lapiedrafilosofal.com\/wp-content\/uploads\/2010\/02\/ALVARO-VALENCIA-TOVAR1.jpg\" alt=\"\" width=\"600\" height=\"600\" srcset=\"https:\/\/oscarhumbertogomez.com\/wp-content\/uploads\/2010\/02\/ALVARO-VALENCIA-TOVAR1.jpg 600w, https:\/\/oscarhumbertogomez.com\/wp-content\/uploads\/2010\/02\/ALVARO-VALENCIA-TOVAR1-150x150.jpg 150w, https:\/\/oscarhumbertogomez.com\/wp-content\/uploads\/2010\/02\/ALVARO-VALENCIA-TOVAR1-300x300.jpg 300w\" sizes=\"auto, (max-width: 600px) 100vw, 600px\" \/><\/p>\n<p>&nbsp;<\/p>\n<p>Sus relaciones con los medios fueron cordiales. No obstante, el s\u00e1bado 8 de julio de 1967 en horas de la noche se desat\u00f3 un incendio dentro de las instalaciones de la Quinta Brigada. La conflagraci\u00f3n hizo necesaria la presencia de cuatro m\u00e1quinas de bomberos, pese a lo cual el fuego consumi\u00f3 el almac\u00e9n de provisiones y otras instalaciones castrenses. En aquella ocasi\u00f3n hubo gran molestia en la prensa local porque el coronel Valencia Tovar prohibi\u00f3 el acceso de periodistas y fot\u00f3grafos.<\/p>\n<p>&nbsp;<\/p>\n<p style=\"text-align: center;\"><span style=\"color: #808000;\"><strong>CAP\u00cdTULO XI<\/strong><\/span><\/p>\n<p>&nbsp;<\/p>\n<p><img loading=\"lazy\" decoding=\"async\" class=\"aligncenter size-full wp-image-12770\" title=\"ALVARO VALENCIA TOVAR\" src=\"https:\/\/lapiedrafilosofal.com\/wp-content\/uploads\/2010\/02\/ALVARO-VALENCIA-TOVAR1.jpg\" alt=\"\" width=\"600\" height=\"600\" srcset=\"https:\/\/oscarhumbertogomez.com\/wp-content\/uploads\/2010\/02\/ALVARO-VALENCIA-TOVAR1.jpg 600w, https:\/\/oscarhumbertogomez.com\/wp-content\/uploads\/2010\/02\/ALVARO-VALENCIA-TOVAR1-150x150.jpg 150w, https:\/\/oscarhumbertogomez.com\/wp-content\/uploads\/2010\/02\/ALVARO-VALENCIA-TOVAR1-300x300.jpg 300w\" sizes=\"auto, (max-width: 600px) 100vw, 600px\" \/><\/p>\n<p>&nbsp;<\/p>\n<p>El s\u00e1bado 11 de octubre de 1969 se informa a los bumangueses que el general ha sido designado director de la Escuela Militar en Bogot\u00e1. Y el viernes 9 de enero de 1970, en el campo de paradas de la Quinta Brigada, se realiza la ceremonia por medio de la cual, ahora s\u00ed, entrega el mando el brigadier general \u00c1lvaro Valencia Tovar.<\/p>\n<p>&nbsp;<\/p>\n<p style=\"text-align: center;\"><span style=\"color: #808000;\"><strong>CAP\u00cdTULO XII<\/strong><\/span><\/p>\n<p>&nbsp;<\/p>\n<p><img loading=\"lazy\" decoding=\"async\" class=\"aligncenter size-full wp-image-12770\" title=\"ALVARO VALENCIA TOVAR\" src=\"https:\/\/lapiedrafilosofal.com\/wp-content\/uploads\/2010\/02\/ALVARO-VALENCIA-TOVAR1.jpg\" alt=\"\" width=\"600\" height=\"600\" srcset=\"https:\/\/oscarhumbertogomez.com\/wp-content\/uploads\/2010\/02\/ALVARO-VALENCIA-TOVAR1.jpg 600w, https:\/\/oscarhumbertogomez.com\/wp-content\/uploads\/2010\/02\/ALVARO-VALENCIA-TOVAR1-150x150.jpg 150w, https:\/\/oscarhumbertogomez.com\/wp-content\/uploads\/2010\/02\/ALVARO-VALENCIA-TOVAR1-300x300.jpg 300w\" sizes=\"auto, (max-width: 600px) 100vw, 600px\" \/><\/p>\n<p>&nbsp;<\/p>\n<p>Apenas al a\u00f1o siguiente, el 7 de octubre de 1971, el general ser\u00e1 herido en un atentado. Los hechos ocurrir\u00e1n a las 7 de la ma\u00f1ana de ese jueves a la altura de la calle 100 con carrera 15 de Bogot\u00e1 cuando el oficial se dirija hacia la Escuela Militar de Cadetes, donde ocupa el cargo de director, a bordo de un autom\u00f3vil Mercedes Benz. Al general le disparar\u00e1n varias r\u00e1fagas desde un veh\u00edculo Zastava color azul. El militar, historiador, escritor y pol\u00edtico colombiano ser\u00e1 conducido al Hospital Militar Central. Los autores del ataque ser\u00e1n miembros del Ej\u00e9rcito de Liberaci\u00f3n Nacional (ELN).<\/p>\n<p>&nbsp;<\/p>\n<p style=\"text-align: center;\"><span style=\"color: #808000;\"><strong>CAP\u00cdTULO XIII<\/strong><\/span><\/p>\n<p>&nbsp;<\/p>\n<p><img loading=\"lazy\" decoding=\"async\" class=\"aligncenter size-full wp-image-12770\" title=\"ALVARO VALENCIA TOVAR\" src=\"https:\/\/lapiedrafilosofal.com\/wp-content\/uploads\/2010\/02\/ALVARO-VALENCIA-TOVAR1.jpg\" alt=\"\" width=\"600\" height=\"600\" srcset=\"https:\/\/oscarhumbertogomez.com\/wp-content\/uploads\/2010\/02\/ALVARO-VALENCIA-TOVAR1.jpg 600w, https:\/\/oscarhumbertogomez.com\/wp-content\/uploads\/2010\/02\/ALVARO-VALENCIA-TOVAR1-150x150.jpg 150w, https:\/\/oscarhumbertogomez.com\/wp-content\/uploads\/2010\/02\/ALVARO-VALENCIA-TOVAR1-300x300.jpg 300w\" sizes=\"auto, (max-width: 600px) 100vw, 600px\" \/><\/p>\n<p>&nbsp;<\/p>\n<p>Para el a\u00f1o 1978, el general \u00ae Valencia Tovar era candidato a la presidencia de la Rep\u00fablica. Su movimiento se llamaba Movimiento de Renovaci\u00f3n Nacional. Para que lo dejaran hablar por televisi\u00f3n, se requer\u00edan no recuerdo cu\u00e1ntas firmas. Una tarde cualquiera, un grupo de universitarios descend\u00edamos por la calle 36 entre las carreras 15 y 16 cuando observamos una peque\u00f1a mesa donde se estaban recogiendo las firmas con el fin de que le permitieran al oficial, ya en uso de buen retiro, hablarle al pa\u00eds ante las c\u00e1maras de televisi\u00f3n. La frase que yo pronunci\u00e9 era fiel reflejo de mi desinformaci\u00f3n sobre el tema pol\u00edtico. La reacci\u00f3n del grupo, fiel reflejo de que yo no era el \u00fanico desinformado. En todo caso, tuvo la virtualidad de sacudir nuestro esp\u00edritu de rebeld\u00eda en pro del candidato que percib\u00edamos como el m\u00e1s desfavorecido: \u201cVean: est\u00e1n recogiendo firmas porque no quieren dejar a Valencia Tovar hablar por televisi\u00f3n\u201d. \u201cNo, \u00a1c\u00f3mo as\u00ed!\u201d, se escuch\u00f3 en seguida. \u201cLa televisi\u00f3n es de todos\u201d, tambi\u00e9n se oy\u00f3. Y de inmediato nos acercamos a firmar.<\/p>\n<p>El general obtuvo un poco m\u00e1s de sesenta y cinco mil votos.<\/p>\n<p>&nbsp;<\/p>\n<p style=\"text-align: center;\"><span style=\"color: #808000;\"><strong>CAP\u00cdTULO XIV<\/strong><\/span><\/p>\n<p>&nbsp;<\/p>\n<p><img loading=\"lazy\" decoding=\"async\" class=\"aligncenter size-full wp-image-12770\" title=\"ALVARO VALENCIA TOVAR\" src=\"https:\/\/lapiedrafilosofal.com\/wp-content\/uploads\/2010\/02\/ALVARO-VALENCIA-TOVAR1.jpg\" alt=\"\" width=\"600\" height=\"600\" srcset=\"https:\/\/oscarhumbertogomez.com\/wp-content\/uploads\/2010\/02\/ALVARO-VALENCIA-TOVAR1.jpg 600w, https:\/\/oscarhumbertogomez.com\/wp-content\/uploads\/2010\/02\/ALVARO-VALENCIA-TOVAR1-150x150.jpg 150w, https:\/\/oscarhumbertogomez.com\/wp-content\/uploads\/2010\/02\/ALVARO-VALENCIA-TOVAR1-300x300.jpg 300w\" sizes=\"auto, (max-width: 600px) 100vw, 600px\" \/><\/p>\n<p>&nbsp;<\/p>\n<p>Despu\u00e9s supe que el general padec\u00eda de daltonismo y que, debido a ello, a lo largo de su vida militar hubo de afrontar la paradoja de no haber podido conocer jam\u00e1s los verdaderos colores de la bandera.<\/p>\n<p>&nbsp;<\/p>\n<p style=\"text-align: center;\"><span style=\"color: #808000;\"><strong>CAP\u00cdTULO XV<\/strong><\/span><\/p>\n<p>&nbsp;<br \/>\n<img loading=\"lazy\" decoding=\"async\" class=\"aligncenter size-full wp-image-12770\" title=\"ALVARO VALENCIA TOVAR\" src=\"https:\/\/lapiedrafilosofal.com\/wp-content\/uploads\/2010\/02\/ALVARO-VALENCIA-TOVAR1.jpg\" alt=\"\" width=\"600\" height=\"600\" srcset=\"https:\/\/oscarhumbertogomez.com\/wp-content\/uploads\/2010\/02\/ALVARO-VALENCIA-TOVAR1.jpg 600w, https:\/\/oscarhumbertogomez.com\/wp-content\/uploads\/2010\/02\/ALVARO-VALENCIA-TOVAR1-150x150.jpg 150w, https:\/\/oscarhumbertogomez.com\/wp-content\/uploads\/2010\/02\/ALVARO-VALENCIA-TOVAR1-300x300.jpg 300w\" sizes=\"auto, (max-width: 600px) 100vw, 600px\" \/><\/p>\n<p>&nbsp;<\/p>\n<p>A\u00f1os m\u00e1s tarde, termin\u00f3 de columnista de EL TIEMPO, escribiendo una columna que bautiz\u00f3 <em>&#8220;Clepsidra&#8221;<\/em>, nombre dado a un reloj de agua. No puedo decir que normalmente est\u00e9 de acuerdo con \u00e9l, pero admiro la lucidez y el valor civil con que expresa lo que piensa, aun en un pa\u00eds donde decir lo que se piensa pareciera estar prohibido.<\/p>\n<p>&nbsp;<\/p>\n<p style=\"text-align: center;\"><span style=\"color: #808000;\"><strong>CAP\u00cdTULO XVI<\/strong><\/span><\/p>\n<p>&nbsp;<\/p>\n<p><img loading=\"lazy\" decoding=\"async\" class=\"aligncenter size-full wp-image-12770\" title=\"ALVARO VALENCIA TOVAR\" src=\"https:\/\/lapiedrafilosofal.com\/wp-content\/uploads\/2010\/02\/ALVARO-VALENCIA-TOVAR1.jpg\" alt=\"\" width=\"600\" height=\"600\" srcset=\"https:\/\/oscarhumbertogomez.com\/wp-content\/uploads\/2010\/02\/ALVARO-VALENCIA-TOVAR1.jpg 600w, https:\/\/oscarhumbertogomez.com\/wp-content\/uploads\/2010\/02\/ALVARO-VALENCIA-TOVAR1-150x150.jpg 150w, https:\/\/oscarhumbertogomez.com\/wp-content\/uploads\/2010\/02\/ALVARO-VALENCIA-TOVAR1-300x300.jpg 300w\" sizes=\"auto, (max-width: 600px) 100vw, 600px\" \/><\/p>\n<p>&nbsp;<\/p>\n<p>Hace unos a\u00f1os el general se involucr\u00f3 en una disputa p\u00fablica con los constructores que pretend\u00edan edificar unas torres en un sector que el general consideraba estaba vedado para esa clase de obras civiles, y con el curador urbano que les dio la licencia. La pol\u00e9mica se extendi\u00f3 luego a la figura misma del curador urbano, que el general present\u00f3 como una rueda suelta que deb\u00eda ser puesta en cintura, luego de que Planeaci\u00f3n Distrital se negara a intervenir al declararse carente de competencia.<\/p>\n<p>El 15 de octubre de 2004, en efecto, el general \u00ae public\u00f3 en EL TIEMPO una columna contra el proyecto de construir seis torres de diecisiete pisos cada una sobre la calle 106 con carrera 9a, sector aleda\u00f1o al antiguo Colegio Caldas, en el norte de Bogot\u00e1, columna a partir de la cual se produjeron pliegos de cargos en la Procuradur\u00eda General de la Naci\u00f3n, apertura de investigaciones penales en la Fiscal\u00eda General de la Naci\u00f3n y hasta un auto en el Tribunal Administrativo de Cundinamarca en el que se decret\u00f3 la suspensi\u00f3n provisional de la licencia de urbanismo expedida para tal obra. La Curadur\u00eda 4\u00aa de Bogot\u00e1 fue la dependencia que result\u00f3 involucrada. El Curador 4\u00ba tild\u00f3 al general \u00ae de \u201cignorante en materia de urbanismo\u201d y se arm\u00f3 un debate p\u00fablico acerca del tema, debate en el cual sali\u00f3 a relucir, incluso, el tema de la seguridad nacional, pues el columnista sosten\u00eda que desde aquellas futuras torres podr\u00eda observarse hacia el interior del Cant\u00f3n Norte y que, adem\u00e1s, las mismas interferir\u00edan en las rutas de los helic\u00f3pteros militares.<\/p>\n<p>&nbsp;<\/p>\n<p style=\"text-align: center;\"><span style=\"color: #808000;\"><strong>CAP\u00cdTULO XVII<\/strong><\/span><\/p>\n<p>&nbsp;<\/p>\n<p><img loading=\"lazy\" decoding=\"async\" class=\"aligncenter size-full wp-image-12770\" title=\"ALVARO VALENCIA TOVAR\" src=\"https:\/\/lapiedrafilosofal.com\/wp-content\/uploads\/2010\/02\/ALVARO-VALENCIA-TOVAR1.jpg\" alt=\"\" width=\"600\" height=\"600\" srcset=\"https:\/\/oscarhumbertogomez.com\/wp-content\/uploads\/2010\/02\/ALVARO-VALENCIA-TOVAR1.jpg 600w, https:\/\/oscarhumbertogomez.com\/wp-content\/uploads\/2010\/02\/ALVARO-VALENCIA-TOVAR1-150x150.jpg 150w, https:\/\/oscarhumbertogomez.com\/wp-content\/uploads\/2010\/02\/ALVARO-VALENCIA-TOVAR1-300x300.jpg 300w\" sizes=\"auto, (max-width: 600px) 100vw, 600px\" \/><\/p>\n<p>&nbsp;<\/p>\n<p>Siempre ha sido muy alto el grado de confianza que inspira este oficial e intelectual colombiano como hombre recto. Cuando la reci\u00e9n creada Unidad Investigativa de EL TIEMPO, conformada por los periodistas Daniel Samper Pizano y Alberto Donad\u00edo Copello, desde su primer informe, aparecido el 30 de diciembre de 1977, empez\u00f3 a denunciar algunas conductas poco claras del ministro de Obras P\u00fablicas Humberto Salcedo Collante (a quien Lucas Caballero &#8220;Klim&#8221; llamaba &#8220;Icollantas&#8221;), el alto funcionario barranquillero, recogiendo una idea propuesta por el propio presidente de la Rep\u00fablica, Alfonso L\u00f3pez Michelsen, plante\u00f3 un ins\u00f3lito desaf\u00edo: que se conformara un Tribunal de Honor y que fuera \u00e9ste el que definiera qui\u00e9nes ten\u00edan que irse, si Samper y Donad\u00edo del periodismo o \u00e9l del ministerio. Cada uno de los bandos contendientes deb\u00eda designar a un miembro del tribunal, el otro designar\u00eda al siguiente y as\u00ed sucesivamente hasta que quedara conformado. \u201cKlim\u201d se opuso por considerar que la sanci\u00f3n no era proporcional: una cosa \u2013adujo- era irse de una carrera como el periodismo, de la que Samper era en ese momento el m\u00e1ximo exponente en Colombia, y otra irse de un cargo p\u00fablico, que en este pa\u00eds no pocas veces se obten\u00eda a punta de intrigas y, lo peor, sin que en este caso Salcedo \u201cIcollantas\u201d quedara inhabilitado para que lo nombraran en otro. Daniel Samper, en nombre propio y de su compa\u00f1ero, acept\u00f3 y de una vez propuso como miembro del Tribunal de Honor al general \u00c1lvaro Valencia Tovar.<br \/>\n&nbsp;<\/p>\n<p style=\"text-align: center;\"><span style=\"color: #808000;\"><strong>CAP\u00cdTULO XVIII<\/strong><\/span><\/p>\n<p>&nbsp;<\/p>\n<p><img loading=\"lazy\" decoding=\"async\" class=\"aligncenter size-full wp-image-12770\" title=\"ALVARO VALENCIA TOVAR\" src=\"https:\/\/lapiedrafilosofal.com\/wp-content\/uploads\/2010\/02\/ALVARO-VALENCIA-TOVAR1.jpg\" alt=\"\" width=\"600\" height=\"600\" srcset=\"https:\/\/oscarhumbertogomez.com\/wp-content\/uploads\/2010\/02\/ALVARO-VALENCIA-TOVAR1.jpg 600w, https:\/\/oscarhumbertogomez.com\/wp-content\/uploads\/2010\/02\/ALVARO-VALENCIA-TOVAR1-150x150.jpg 150w, https:\/\/oscarhumbertogomez.com\/wp-content\/uploads\/2010\/02\/ALVARO-VALENCIA-TOVAR1-300x300.jpg 300w\" sizes=\"auto, (max-width: 600px) 100vw, 600px\" \/><\/p>\n<p>&nbsp;<\/p>\n<p>La carrera militar del general termin\u00f3 en 1975, en circunstancias turbulentas que la revista de izquierda &#8220;Alternativa&#8221; denunci\u00f3 p\u00fablicamente. Seg\u00fan la revista, el presidente Alfonso L\u00f3pez Michelsen mantuvo en el cargo de ministro de Defensa Nacional al general Abraham Var\u00f3n Valencia, a pesar de haber llegado a la edad y al tiempo de servicio en que deb\u00eda pasar a reserva. El general Valencia Tovar era en ese momento el comandante general del Ej\u00e9rcito Nacional. Lo ocurrido molest\u00f3 de manera enorme a los sectores del pa\u00eds que propugnaban por un manejo \u00e9tico de esa cartera, empezando por sus nombramientos. Se divulg\u00f3, entonces, la especie de un supuesto golpe de Estado que se estar\u00eda fraguando, y se mencion\u00f3 al general Valencia Tovar como la cabeza visible del mismo. Nadie sostiene hoy en d\u00eda que eso fuera cierto. S\u00ed lo fue, en cambio, que el m\u00e1s prestigioso jefe militar de Colombia en aquel momento fue llamado a calificar servicios.<\/p>\n<p>&nbsp;<\/p>\n<p style=\"text-align: center;\"><span style=\"color: #808000;\"><strong>CAP\u00cdTULO XIX<\/strong><\/span><\/p>\n<p>&nbsp;<\/p>\n<p><img loading=\"lazy\" decoding=\"async\" class=\"aligncenter size-full wp-image-12770\" title=\"ALVARO VALENCIA TOVAR\" src=\"https:\/\/lapiedrafilosofal.com\/wp-content\/uploads\/2010\/02\/ALVARO-VALENCIA-TOVAR1.jpg\" alt=\"\" width=\"600\" height=\"600\" srcset=\"https:\/\/oscarhumbertogomez.com\/wp-content\/uploads\/2010\/02\/ALVARO-VALENCIA-TOVAR1.jpg 600w, https:\/\/oscarhumbertogomez.com\/wp-content\/uploads\/2010\/02\/ALVARO-VALENCIA-TOVAR1-150x150.jpg 150w, https:\/\/oscarhumbertogomez.com\/wp-content\/uploads\/2010\/02\/ALVARO-VALENCIA-TOVAR1-300x300.jpg 300w\" sizes=\"auto, (max-width: 600px) 100vw, 600px\" \/><\/p>\n<p>&nbsp;<\/p>\n<p>Como escritor, \u00c1lvaro Valencia Tovar ha publicado, adem\u00e1s de otros en coautor\u00eda, los siguientes libros: <em>General de Divisi\u00f3n Jos\u00e9 Mar\u00eda C\u00f3rdova<\/em> (Imprenta y Litograf\u00eda de las Fuerzas Militares, 1974), <em>El final de Camilo<\/em> (Ediciones Tercer Mundo, 1976), <em>El ser guerrero del Libertador<\/em> (Instituto Colombiano de Cultura. 1980), <em>Colombia en la guerra de Corea: La historia secreta<\/em> (Editorial Planeta), <em>Conflicto amaz\u00f3nico<\/em> (Villegas Editores), <em>Inseguridad y violencia en Colombia<\/em> (Universidad Sergio Arboleda), <em>Testimonio de una \u00e9poca<\/em> (Editorial Planeta), <em>Uisheda<\/em> (Editorial Planeta), <em>Historia de las fuerzas militares de Colombia<\/em> (Editorial Planeta) y <em>Mis adversarios guerrilleros<\/em> (Editorial Planeta). El \u00faltimo apareci\u00f3 el a\u00f1o pasado, 2009, y en \u00e9l no s\u00f3lo cuestiona el vocablo \u201cenemigos\u201d para referirse a los guerrilleros, sino que, adem\u00e1s, resalta que como militar siempre trat\u00f3 a sus adversarios con respeto.<\/p>\n<p>Acerca de esta \u00faltima obra escribi\u00f3 Enrique Santos Calder\u00f3n:<\/p>\n<blockquote><p>\u201cNo deja dudas sobre sus capacidades y logros (\u2026). Pero tampoco sobre las resistencias y resquemores que despertaba dentro de los altos mandos una l\u00ednea que consideraban demasiado dialoguista y humanista\u201d.<\/p><\/blockquote>\n<p>&nbsp;<\/p>\n<p style=\"text-align: center;\"><span style=\"color: #808000;\"><strong>CAP\u00cdTULO XX<\/strong><\/span><\/p>\n<p>&nbsp;<\/p>\n<p><img loading=\"lazy\" decoding=\"async\" class=\"aligncenter size-full wp-image-12770\" title=\"ALVARO VALENCIA TOVAR\" src=\"https:\/\/lapiedrafilosofal.com\/wp-content\/uploads\/2010\/02\/ALVARO-VALENCIA-TOVAR1.jpg\" alt=\"\" width=\"600\" height=\"600\" srcset=\"https:\/\/oscarhumbertogomez.com\/wp-content\/uploads\/2010\/02\/ALVARO-VALENCIA-TOVAR1.jpg 600w, https:\/\/oscarhumbertogomez.com\/wp-content\/uploads\/2010\/02\/ALVARO-VALENCIA-TOVAR1-150x150.jpg 150w, https:\/\/oscarhumbertogomez.com\/wp-content\/uploads\/2010\/02\/ALVARO-VALENCIA-TOVAR1-300x300.jpg 300w\" sizes=\"auto, (max-width: 600px) 100vw, 600px\" \/><\/p>\n<p>&nbsp;<\/p>\n<p>Acaba de decir el general que quiere dialogar con &#8220;Alfonso Cano&#8221;, el jefe de las FARC. Lo acaba de decir a sus casi ochenta y siete a\u00f1os de edad.<\/p>\n<p>Definitivamente, equivocado o no, \u00c1lvaro Valencia Tovar jam\u00e1s dej\u00f3 de creer en el poder de la palabra y, por ello, nunca desisti\u00f3 de su convicci\u00f3n personal de que la guerra siempre es posible terminarla con el di\u00e1logo entre los adversarios.<\/p>\n<p>&nbsp;<\/p>\n<p><img loading=\"lazy\" decoding=\"async\" class=\"aligncenter size-full wp-image-10851\" title=\"general-valencia\" src=\"https:\/\/lapiedrafilosofal.com\/wp-content\/uploads\/2010\/02\/general-valencia.jpg\" alt=\"\" width=\"560\" height=\"373\" srcset=\"https:\/\/oscarhumbertogomez.com\/wp-content\/uploads\/2010\/02\/general-valencia.jpg 560w, https:\/\/oscarhumbertogomez.com\/wp-content\/uploads\/2010\/02\/general-valencia-300x199.jpg 300w\" sizes=\"auto, (max-width: 560px) 100vw, 560px\" \/><\/p>\n<p>&nbsp;<\/p>\n","protected":false},"excerpt":{"rendered":"<p>CAP\u00cdTULO I &nbsp; &nbsp; En 1969 sucedieron varias cosas inolvidables en mi vida: fui monaguillo, perd\u00ed el a\u00f1o, cre\u00ed enamorarme por primera vez (con esa candidez pura y hermosa con que se &#8220;enamora&#8221; un chico de trece a\u00f1os), aprend\u00ed a &hellip; <a href=\"https:\/\/oscarhumbertogomez.com\/?p=59\">Sigue leyendo <span class=\"meta-nav\">&rarr;<\/span><\/a><\/p>\n<div class='heateorSssClear'><\/div><div  class='heateor_sss_sharing_container heateor_sss_horizontal_sharing' heateor-sss-data-href='https:\/\/oscarhumbertogomez.com\/?p=59'><div class='heateor_sss_sharing_title' style=\"font-weight:bold\" >\u00a1Gracias por compartirla!<\/div><ul class=\"heateor_sss_sharing_ul\"><li class=\"heateorSssSharingRound\"><i style=\"width:35px;height:35px;border-radius:999px;\" alt=\"Facebook\" Title=\"Facebook\" class=\"heateorSssSharing heateorSssFacebookBackground\" onclick='heateorSssPopup(\"https:\/\/www.facebook.com\/sharer\/sharer.php?u=https%3A%2F%2Foscarhumbertogomez.com%2Findex.php%3Frest_route%3D%252Fwp%252Fv2%252Fposts%252F59\")'><ss style=\"display:block;border-radius:999px;\" class=\"heateorSssSharingSvg heateorSssFacebookSvg\"><\/ss><\/i><\/li><li class=\"heateorSssSharingRound\"><i style=\"width:35px;height:35px;border-radius:999px;\" alt=\"Twitter\" Title=\"Twitter\" class=\"heateorSssSharing heateorSssTwitterBackground\" onclick='heateorSssPopup(\"http:\/\/twitter.com\/intent\/tweet?text=%C3%81lvaro%20Valencia%20Tovar%3A%20TRAYECTORIA%20DE%20UN%20SOLDADO.%20Por%20%C3%93scar%20Humberto%20G%C3%B3mez%20G%C3%B3mez%2C%20Miembro%20Correspondiente%20de%20la%20Academia%20de%20Historia%20de%20Santander&url=https%3A%2F%2Foscarhumbertogomez.com%2Findex.php%3Frest_route%3D%252Fwp%252Fv2%252Fposts%252F59\")'><ss style=\"display:block;border-radius:999px;\" class=\"heateorSssSharingSvg heateorSssTwitterSvg\"><\/ss><\/i><\/li><li class=\"heateorSssSharingRound\"><i style=\"width:35px;height:35px;border-radius:999px;\" alt=\"Whatsapp\" Title=\"Whatsapp\" class=\"heateorSssSharing heateorSssWhatsappBackground\" onclick='heateorSssPopup(\"https:\/\/web.whatsapp.com\/send?text=%C3%81lvaro%20Valencia%20Tovar%3A%20TRAYECTORIA%20DE%20UN%20SOLDADO.%20Por%20%C3%93scar%20Humberto%20G%C3%B3mez%20G%C3%B3mez%2C%20Miembro%20Correspondiente%20de%20la%20Academia%20de%20Historia%20de%20Santander https%3A%2F%2Foscarhumbertogomez.com%2Findex.php%3Frest_route%3D%252Fwp%252Fv2%252Fposts%252F59\")'><ss style=\"display:block\" class=\"heateorSssSharingSvg heateorSssWhatsappSvg\"><\/ss><\/i><\/li><li class=\"heateorSssSharingRound\"><i style=\"width:35px;height:35px;border-radius:999px;\" alt=\"Pinterest\" Title=\"Pinterest\" class=\"heateorSssSharing heateorSssPinterestBackground\" onclick=\"javascript:void( (function() {var e=document.createElement('script' );e.setAttribute('type','text\/javascript' );e.setAttribute('charset','UTF-8' );e.setAttribute('src','\/\/assets.pinterest.com\/js\/pinmarklet.js?r='+Math.random()*99999999);document.body.appendChild(e)})());\"><ss style=\"display:block;border-radius:999px;\" class=\"heateorSssSharingSvg heateorSssPinterestSvg\"><\/ss><\/i><\/li><li class=\"heateorSssSharingRound\"><i style=\"width:35px;height:35px;border-radius:999px;\" alt=\"Google Gmail\" Title=\"Google Gmail\" class=\"heateorSssSharing heateorSssGoogleGmailBackground\" onclick='heateorSssPopup(\"https:\/\/mail.google.com\/mail\/?ui=2&view=cm&fs=1&tf=1&su=%C3%81lvaro%20Valencia%20Tovar%3A%20TRAYECTORIA%20DE%20UN%20SOLDADO.%20Por%20%C3%93scar%20Humberto%20G%C3%B3mez%20G%C3%B3mez%2C%20Miembro%20Correspondiente%20de%20la%20Academia%20de%20Historia%20de%20Santander&body=Link:https%3A%2F%2Foscarhumbertogomez.com%2Findex.php%3Frest_route%3D%252Fwp%252Fv2%252Fposts%252F59\")'><ss style=\"display:block;border-radius:999px;\" class=\"heateorSssSharingSvg heateorSssGoogleGmailSvg\"><\/ss><\/i><\/li><li class=\"heateorSssSharingRound\"><i style=\"width:35px;height:35px;border-radius:999px;\" title=\"More\" alt=\"More\" class=\"heateorSssSharing heateorSssMoreBackground\" onclick=\"heateorSssMoreSharingPopup(this, 'https:\/\/oscarhumbertogomez.com\/index.php?rest_route=%2Fwp%2Fv2%2Fposts%2F59', '%C3%81lvaro%20Valencia%20Tovar%3A%20TRAYECTORIA%20DE%20UN%20SOLDADO.%20Por%20%C3%93scar%20Humberto%20G%C3%B3mez%20G%C3%B3mez%2C%20Miembro%20Correspondiente%20de%20la%20Academia%20de%20Historia%20de%20Santander', '' )\" ><ss style=\"display:block\" class=\"heateorSssSharingSvg heateorSssMoreSvg\"><\/ss><\/i><\/li><\/ul><div class=\"heateorSssClear\"><\/div><\/div><div class='heateorSssClear'><\/div>","protected":false},"author":2,"featured_media":0,"comment_status":"open","ping_status":"open","sticky":false,"template":"","format":"standard","meta":{"spay_email":"","footnotes":""},"categories":[1],"tags":[],"class_list":["post-59","post","type-post","status-publish","format-standard","hentry","category-blog"],"jetpack_featured_media_url":"","jetpack_shortlink":"https:\/\/wp.me\/p1FYrr-X","_links":{"self":[{"href":"https:\/\/oscarhumbertogomez.com\/index.php?rest_route=\/wp\/v2\/posts\/59","targetHints":{"allow":["GET"]}}],"collection":[{"href":"https:\/\/oscarhumbertogomez.com\/index.php?rest_route=\/wp\/v2\/posts"}],"about":[{"href":"https:\/\/oscarhumbertogomez.com\/index.php?rest_route=\/wp\/v2\/types\/post"}],"author":[{"embeddable":true,"href":"https:\/\/oscarhumbertogomez.com\/index.php?rest_route=\/wp\/v2\/users\/2"}],"replies":[{"embeddable":true,"href":"https:\/\/oscarhumbertogomez.com\/index.php?rest_route=%2Fwp%2Fv2%2Fcomments&post=59"}],"version-history":[{"count":4,"href":"https:\/\/oscarhumbertogomez.com\/index.php?rest_route=\/wp\/v2\/posts\/59\/revisions"}],"predecessor-version":[{"id":54102,"href":"https:\/\/oscarhumbertogomez.com\/index.php?rest_route=\/wp\/v2\/posts\/59\/revisions\/54102"}],"wp:attachment":[{"href":"https:\/\/oscarhumbertogomez.com\/index.php?rest_route=%2Fwp%2Fv2%2Fmedia&parent=59"}],"wp:term":[{"taxonomy":"category","embeddable":true,"href":"https:\/\/oscarhumbertogomez.com\/index.php?rest_route=%2Fwp%2Fv2%2Fcategories&post=59"},{"taxonomy":"post_tag","embeddable":true,"href":"https:\/\/oscarhumbertogomez.com\/index.php?rest_route=%2Fwp%2Fv2%2Ftags&post=59"}],"curies":[{"name":"wp","href":"https:\/\/api.w.org\/{rel}","templated":true}]}}