{"id":610,"date":"2011-07-12T19:35:46","date_gmt":"2011-07-13T00:35:46","guid":{"rendered":"http:\/\/www.oscarhumbertogomez.com\/?p=610"},"modified":"2025-03-31T10:14:18","modified_gmt":"2025-03-31T15:14:18","slug":"homenaje-postumo-al-heroe-anonimo-libardo-sogamoso","status":"publish","type":"post","link":"https:\/\/oscarhumbertogomez.com\/?p=610","title":{"rendered":"Homenaje p\u00f3stumo al h\u00e9roe an\u00f3nimo Libardo Sogamoso. Por \u00d3scar Humberto G\u00f3mez G\u00f3mez"},"content":{"rendered":"<p><img loading=\"lazy\" decoding=\"async\" class=\"aligncenter size-full wp-image-611\" title=\"AZUCENAS\" src=\"https:\/\/lapiedrafilosofal.com\/wp-content\/uploads\/2011\/07\/AZUCENAS.jpg\" alt=\"AZUCENAS\" width=\"900\" height=\"619\" srcset=\"https:\/\/oscarhumbertogomez.com\/wp-content\/uploads\/2011\/07\/AZUCENAS.jpg 900w, https:\/\/oscarhumbertogomez.com\/wp-content\/uploads\/2011\/07\/AZUCENAS-300x206.jpg 300w\" sizes=\"auto, (max-width: 900px) 100vw, 900px\" \/><\/p>\n<p>&nbsp;<\/p>\n<p>Copio textualmente la noticia tal y como la da EL TIEMPO:<\/p>\n<p>&#8220;A las 8:10 de la noche de este lunes el vigilante Libardo Sogamoso Beltr\u00e1n recibi\u00f3 un disparo en la frente despu\u00e9s de <strong>impedir el atraco de una joven que acababa de retirar dinero de un cajero autom\u00e1tico<\/strong>.<\/p>\n<p>Esta muerte encendi\u00f3 las alarmas en el barrio Pablo VI de Bogot\u00e1, donde se present\u00f3 el hecho.<\/p>\n<p>Al parecer, la v\u00edctima fue seguida por dos bandidos: un hombre y una mujer que se movilizaban en una moto de alto cilindraje.<\/p>\n<p>Sogamoso Beltr\u00e1n, por protegerla, cerr\u00f3 una reja que separa a la etapa nueva de la antigua del tradicional sector de Pablo VI, para evitar que los ladrones le arrebataran la cartera.<\/p>\n<p>Pero entonces, el <strong>conductor de la motocicleta sac\u00f3 un arma de fuego y dispar\u00f3 contra el hombre<\/strong>, de 56 a\u00f1os.<\/p>\n<p>El general Francisco Pati\u00f1o, comandante de la Polic\u00eda Metropolitana, nombr\u00f3 un grupo especial de investigaci\u00f3n para dar con los responsables de este delito y que no quede en la impunidad.<\/p>\n<p>Un vocero de la Polic\u00eda asegur\u00f3 que la comunidad ha colaborado de manera notable y que no habr\u00eda necesidad de recompensa&#8221;<\/p>\n<p>(&#8230;)<\/p>\n<p>Sogamoso Beltr\u00e1n, el celador asesinado, llevaba cuatro meses trabajando en ese sitio, aunque desde muy joven se dedic\u00f3 a ser vigilante.<\/p>\n<p>Durante gran parte de su vida trabaj\u00f3 desempe\u00f1ando ese oficio en conjuntos residenciales, bancos y centros comerciales.<\/p>\n<p>La v\u00edctima era nacido en Ortega, municipio del departamento de Tolima, y actualmente viv\u00eda en el barrio Pastranita, de la localidad de Kennedy.<\/p>\n<p>El hombre estaba casado con Nelsy Capera, y le sobreviven tres hijos (&#8230;).<\/p>\n<p>Mientras las autoridades hac\u00edan el levantamiento del cad\u00e1ver los vecinos del barrio exig\u00edan mayor seguridad&#8221;.<\/p>\n<p><em>Inseguridad en la capital<\/em><\/p>\n<p>Para explicar este tipo de cr\u00edmenes que se presentan en la capital Jairo Libreros, experto en seguridad, dice que <strong>el problema radica en que en los \u00faltimos cuatro a\u00f1os &#8220;no hubo voluntad pol\u00edtica por parte de las administraciones para luchar contra el crimen organizado<\/strong>. Eso llev\u00f3 a que peque\u00f1as bandas de secuestradores, de fleteros, de sicariato, oficinas como la de Envigado y otras oficinas tuvieran la oportunidad de mejorar el conocimiento que tienen de la ciudad&#8221;.<\/p>\n<p>El experto asegura que <strong>por esa situaci\u00f3n las bandas &#8220;aprendieron a conocer el entorno de Bogot\u00e1 y est\u00e1n en capacidad de hacer inteligencia. No son bandas de reci\u00e9n llegados al mundo del crimen, son bandas dedicadas a modalidades delictivas con la t\u00e9cnica de la inteligencia<\/strong>&#8220;.<\/p>\n<p>Libreros argumenta que en la medida en que la Polic\u00eda est\u00e9 dedicada \u00fanicamente a identificar cu\u00e1les son los establecimientos comerciales que no cierran a las once de la noche por vender trago y a hacer el control de convivencia se complica la labor fundamental de la Polic\u00eda.<\/p>\n<p>Seg\u00fan el analista, &#8220;<strong>se requiere un trabajo por parte de polic\u00eda judicial y de inteligencia para poder desarticular este tipo de bandas<\/strong>. Eso demanda voluntad pol\u00edtica para apoyar a la Polic\u00eda, recursos econ\u00f3micos para capacitar a los polic\u00edas de Bogot\u00e1 y una acci\u00f3n decidida de la Fiscal\u00eda&#8221;.<\/p>\n<p>Sobre el pie de fuerza Jairo Libreros argumenta que &#8220;<strong>no hacen falta m\u00e1s polic\u00edas<\/strong>. Aunque en cantidad no se suplen las necesidades m\u00ednimas, s\u00ed es un n\u00famero muy importante que puede garantizarnos el control de la ciudad en t\u00e9rminos de espacio p\u00fablico y el tema de investigaci\u00f3n criminal. Bogot\u00e1 necesita tener mayores unidades dedicadas a la investigaci\u00f3n criminal que al control del espacio p\u00fablico&#8221;, afirma.<\/p>\n<p>Por otra parte, el soci\u00f3logo Hugo Acero sostiene que una medida inmediata que podr\u00eda prevenir este tipo de hechos violentos ser\u00eda <strong>que los establecimientos bancarios y los cajeros tengan c\u00e1maras de video que funcionen tanto al interior como al exterior<\/strong>.<\/p>\n<p>Otra opci\u00f3n para Acero ser\u00eda &#8220;<strong>fortalecer el trabajo conjunto entre vigilancia privada y polic\u00eda<\/strong>&#8220;, y, por \u00faltimo, &#8220;pedirle a la vigilancia privada que no pierda la esperanza despu\u00e9s de estos hechos&#8221;.<\/p>\n<p>&nbsp;<\/p>\n<p>Hasta aqu\u00ed la noticia de EL TIEMPO. Aclaro que las negrillas son del peri\u00f3dico, no m\u00edas.<\/p>\n<p>Ahora bien:<\/p>\n<p>\u00bfQu\u00e9 est\u00e1 pasando en Bogot\u00e1? \u00bfNo es Bogot\u00e1 la capital de la rep\u00fablica? \u00bfNo es la sede de los comandos de las fuerzas que componen las Fuerzas Armadas de Colombia? \u00bfY no es, acaso, de p\u00fablico conocimiento, d\u00f3nde atracan a diario? \u00bfPor qu\u00e9 tantos atracos seguidos en los cajeros autom\u00e1ticos y a la gente que acaba de retirar dinero de un banco? \u00bfQu\u00e9 est\u00e1 fallando en el sistema bancario como para que sus clientes tengan que pagar con sus vidas la operaci\u00f3n, completamente normal, de retirar una porci\u00f3n del dinero que tienen depositado en \u00e9l? \u00bfPor qu\u00e9 act\u00faan los hampones con tanta tranquilidad y en lugares donde un ladr\u00f3n no actuar\u00eda por temor a ser aprehendido? \u00bfQu\u00e9 tan efectiva est\u00e1 siendo la pena como instrumento estatal y social de disuasi\u00f3n frente al potencial delincuente? \u00bfSer\u00e1 que el Estado ya no le inspira temor a nadie, excepto a la gente honesta? \u00bfPor qu\u00e9 en Colombia los malandrines cuentan con motocicletas de alta cilindrada y armas de grueso calibre y largo alcance, mientras la seguridad ciudadana queda en manos de humildes celadores cuyo \u00fanico apoyo log\u00edstico es un taburete viejo y un bolillo? \u00bfSer\u00e1 que los delincuentes salen libres con demasiada facilidad? \u00bfSer\u00e1 que la privaci\u00f3n de la libertad como pena est\u00e1 demostrando su fracaso y hay que repensar el derecho penal y el derecho penitenciario para que la c\u00e1rcel no sea, simplemente, el nuevo centro de operaciones del brib\u00f3n? \u00bfNo ser\u00e1 que el Estado est\u00e1 inconscientemente animando al delincuente y desestimulando a la persona de bien? \u00bfSer\u00e1 que las mismas autoridades est\u00e1n dando mal ejemplo y que, debido a ello, el delincuente reflexiona dici\u00e9ndose algo as\u00ed como: &#8220;<em>si roban los altos funcionarios, \u00bfpor qu\u00e9 no he de robar yo?<\/em> \u00bfSer\u00e1 que la colosal tarea que el Estado debe asumir, de manera inmediata, no es ni siquiera la lucha contra la delincuencia, sino la reorganizaci\u00f3n general de la sociedad y del Estado mismo, que ya hicieron crisis?<\/p>\n<p>Se\u00f1or presidente: La reforma de la justicia colombiana no es cuesti\u00f3n de o\u00edr a las &#8220;altas cortes&#8221; a ver qu\u00e9 cosa les sirve y qu\u00e9 cosa no les sirve, para acomodar la estructura y el funcionamiento de la Rama Judicial, as\u00ed como los procedimientos judiciales, a sus particulares y ego\u00edstas intereses. &nbsp;La reforma de la justicia, que la naci\u00f3n entera reclama a gritos, debe consultar, \u00fanica y exclusivamente, los intereses de la comunidad, los intereses de los ciudadanos, de la gente de bien, de la gente que trabaja y estudia, de la gente que paga impuestos, de la gente que enaltece con su vida la condici\u00f3n de ser colombianos.<\/p>\n<p>La problem\u00e1tica de la justicia colombiana, se\u00f1or presidente, comienza en las leyes, prosigue en el Poder Judicial, contin\u00faa en las entidades encargadas de cumplir las \u00f3rdenes de los jueces (para que se capture a alguien, para que se pague una indemnizaci\u00f3n judicialmente decretada, para que se retenga un veh\u00edculo cuyo embargo y secuestro han sido decretados, etc\u00e9tera), y culmina en la actitud ciudadana.<\/p>\n<p>Las leyes, se\u00f1or presidente, tienen que empezar a ser claras, lo m\u00e1s concretas y claras que sea posible. As\u00ed se evitar\u00e1n esas interpretaciones acomodadas o la pluralidad de interpretaciones, a cuyo amparo todo el mundo termina evadi\u00e9ndolas. Entre m\u00e1s extensas y engorrosas sean las leyes, m\u00e1s se prestan para la corrupci\u00f3n, el abuso, la impunidad o la injusticia. Si no, veamos nuestra ley de leyes: tenemos una de las constituciones m\u00e1s extensas y m\u00e1s violadas del mundo.<\/p>\n<p>Pero las leyes, adem\u00e1s, deben ser estables. Es absolutamente imposible continuar con unas leyes que rigen un d\u00eda y desaparecen al siguiente. No s\u00f3lo los sicarios, los ladrones y los asesinos est\u00e1n acabando con el pa\u00eds: tambi\u00e9n lo est\u00e1 haciendo la inseguridad jur\u00eddica en la que vivimos permanentemente.<\/p>\n<p>\u00a1La inseguridad jur\u00eddica est\u00e1 matando a Colombia, se\u00f1or presidente!<\/p>\n<p>Sin embargo, las solas leyes no producen efectos m\u00e1gicos. De nada sirven las leyes si no hay justicia o si hay una justicia carente de compromiso con la tarea de dar a cual lo suyo: con la tarea formidable de ser justos. El Poder Judicial no es el escampadero de los mediocres, de aquellos que llegan a fungir de jueces o magistrados, no porque tengan una vocaci\u00f3n de servicio a la comunidad y una elevada conciencia de ser justos, sino porque les dio miedo dedicarse a ejercer la profesi\u00f3n de la abogac\u00eda o intentaron hacerlo y fracasaron estruendosamente. La justicia no es para pagar favores, para armar roscas y trincas, para acercarse de manera lenta, segura y ladina a una jugosa pensi\u00f3n de jubilaci\u00f3n dejando que la tarea la hagan los subalternos ni, mucho menos, para emplearla como mazo a fin de golpear a aquel que no goza de nuestra simpat\u00eda. La justicia tiene que ser un COMPROMISO, un compromiso serio e irreductible con el ideal com\u00fan de construir una sociedad m\u00e1s libre y menos injusta.<\/p>\n<p>Sin embargo, nada sacamos, se\u00f1or presidente, si contamos con una buena administraci\u00f3n de justicia, pero las \u00f3rdenes de nuestros jueces y magistrados son desacatadas por quienes deben obedecerlas, y nada sucede. Hoy en d\u00eda un tribunal tiene que oficiarles a las entidades p\u00fablicas o privadas de las cuales requiere una respuesta, una vez, dos veces, tres veces, y en muchas ocasiones no hay, definitivamente, respuesta alguna. Hoy en d\u00eda un abogado tramita un pleito durante quince o diecis\u00e9is a\u00f1os y despu\u00e9s tiene que dar inicio a otro: al litigio con la entidad que debe cumplir lo ordenado por la Rama Judicial. Si un juez expide una orden de captura, pero quienes deben hacerla efectiva no lo hacen, \u00bfhacia d\u00f3nde ir\u00e1 ese caso? Hacia la impunidad, por supuesto. Ese panorama vergonzoso tiene que acabarse.<\/p>\n<p>Finalmente, de nada sirven las leyes, ni la justicia, ni el que las entidades administrativas que deben colaborar con \u00e9sta lo hagan, si la ciudadan\u00eda sigue siendo indiferente, si lo que sucede en el pa\u00eds a nadie le importa, si la muerte de alguien ni nos va ni nos viene porque, en \u00faltimas, no mataron a nadie de nuestra familia. Esa falta de COMPROMISO CIUDADANO tiene que llegar a su fin. Pero s\u00f3lo llegar\u00e1 a su fin si el Estado MOTIVA a la ciudadan\u00eda a colaborar. Y esa motivaci\u00f3n nace del TRATO que el Estado le d\u00e9 al ciudadano honesto. Necesitamos premios para el hombre honrado, se\u00f1or Presidente, y castigo para el p\u00edcaro. No m\u00e1s persecuci\u00f3n oficial, no m\u00e1s trabas innecesarias, no m\u00e1s trampas tributarias, no m\u00e1s acorralamiento legal contra el que trabaja, contra el que estudia, contra el que cumple sus deberes. No desanimemos al hombre trabajador y honesto. Al contrario: demostr\u00e9mosle que la autoridad est\u00e1 de su parte.<\/p>\n<p>Hacemos votos porque la muerte de este humilde defensor del m\u00e1s d\u00e9bil, que pag\u00f3 con su vida el interponerse entre el hamp\u00f3n armado y la v\u00edctima inerme, que dej\u00f3 viudez y orfandad, desolaci\u00f3n y l\u00e1grimas, pobreza e incertidumbre, \u00fanicamente por oponer su precaria autoridad de vigilante de barrio ante el desafiante poder\u00edo que en este pa\u00eds exhiben los delincuentes, no haya sido en vano. Lo exhorto, con todo comedimiento, se\u00f1or Presidente, a que el Estado del que Vd. es Jefe, seg\u00fan los dictados de nuestra Constituci\u00f3n, le brinde a esta desamparada familia el apoyo que su cabeza limpiamente se gan\u00f3 ofrendando su modesta existencia, y que en la reforma a la justicia se examine, pero no solamente con las &#8220;altas cortes&#8221;, sino con EL PUEBLO COLOMBIANO, cu\u00e1les son los vicios que presenta nuestra Justicia, desde la ley misma hasta el \u00faltimo eslab\u00f3n de la cadena que implica su aplicaci\u00f3n en el seno social, y de verdad tengamos una reforma a la justicia que extirpe tanto crimen cobarde y le devuelva a Colombia la sensaci\u00f3n de libertad por la que regaron su sangre nuestros pr\u00f3ceres.<\/p>\n<p>&nbsp;<\/p>\n","protected":false},"excerpt":{"rendered":"<p>&nbsp; Copio textualmente la noticia tal y como la da EL TIEMPO: &#8220;A las 8:10 de la noche de este lunes el vigilante Libardo Sogamoso Beltr\u00e1n recibi\u00f3 un disparo en la frente despu\u00e9s de impedir el atraco de una joven &hellip; <a href=\"https:\/\/oscarhumbertogomez.com\/?p=610\">Sigue leyendo <span class=\"meta-nav\">&rarr;<\/span><\/a><\/p>\n<div class='heateorSssClear'><\/div><div  class='heateor_sss_sharing_container heateor_sss_horizontal_sharing' heateor-sss-data-href='https:\/\/oscarhumbertogomez.com\/?p=610'><div class='heateor_sss_sharing_title' style=\"font-weight:bold\" >\u00a1Gracias por compartirla!<\/div><ul class=\"heateor_sss_sharing_ul\"><li class=\"heateorSssSharingRound\"><i style=\"width:35px;height:35px;border-radius:999px;\" alt=\"Facebook\" Title=\"Facebook\" class=\"heateorSssSharing heateorSssFacebookBackground\" onclick='heateorSssPopup(\"https:\/\/www.facebook.com\/sharer\/sharer.php?u=https%3A%2F%2Foscarhumbertogomez.com%2Findex.php%3Frest_route%3D%252Fwp%252Fv2%252Fposts%252F610\")'><ss style=\"display:block;border-radius:999px;\" class=\"heateorSssSharingSvg heateorSssFacebookSvg\"><\/ss><\/i><\/li><li class=\"heateorSssSharingRound\"><i style=\"width:35px;height:35px;border-radius:999px;\" alt=\"Twitter\" Title=\"Twitter\" class=\"heateorSssSharing heateorSssTwitterBackground\" onclick='heateorSssPopup(\"http:\/\/twitter.com\/intent\/tweet?text=Homenaje%20p%C3%B3stumo%20al%20h%C3%A9roe%20an%C3%B3nimo%20Libardo%20Sogamoso.%20Por%20%C3%93scar%20Humberto%20G%C3%B3mez%20G%C3%B3mez&url=https%3A%2F%2Foscarhumbertogomez.com%2Findex.php%3Frest_route%3D%252Fwp%252Fv2%252Fposts%252F610\")'><ss style=\"display:block;border-radius:999px;\" class=\"heateorSssSharingSvg heateorSssTwitterSvg\"><\/ss><\/i><\/li><li class=\"heateorSssSharingRound\"><i style=\"width:35px;height:35px;border-radius:999px;\" alt=\"Whatsapp\" Title=\"Whatsapp\" class=\"heateorSssSharing heateorSssWhatsappBackground\" onclick='heateorSssPopup(\"https:\/\/web.whatsapp.com\/send?text=Homenaje%20p%C3%B3stumo%20al%20h%C3%A9roe%20an%C3%B3nimo%20Libardo%20Sogamoso.%20Por%20%C3%93scar%20Humberto%20G%C3%B3mez%20G%C3%B3mez https%3A%2F%2Foscarhumbertogomez.com%2Findex.php%3Frest_route%3D%252Fwp%252Fv2%252Fposts%252F610\")'><ss style=\"display:block\" class=\"heateorSssSharingSvg heateorSssWhatsappSvg\"><\/ss><\/i><\/li><li class=\"heateorSssSharingRound\"><i style=\"width:35px;height:35px;border-radius:999px;\" alt=\"Pinterest\" Title=\"Pinterest\" class=\"heateorSssSharing heateorSssPinterestBackground\" onclick=\"javascript:void( (function() {var e=document.createElement('script' );e.setAttribute('type','text\/javascript' );e.setAttribute('charset','UTF-8' );e.setAttribute('src','\/\/assets.pinterest.com\/js\/pinmarklet.js?r='+Math.random()*99999999);document.body.appendChild(e)})());\"><ss style=\"display:block;border-radius:999px;\" class=\"heateorSssSharingSvg heateorSssPinterestSvg\"><\/ss><\/i><\/li><li class=\"heateorSssSharingRound\"><i style=\"width:35px;height:35px;border-radius:999px;\" alt=\"Google Gmail\" Title=\"Google Gmail\" class=\"heateorSssSharing heateorSssGoogleGmailBackground\" onclick='heateorSssPopup(\"https:\/\/mail.google.com\/mail\/?ui=2&view=cm&fs=1&tf=1&su=Homenaje%20p%C3%B3stumo%20al%20h%C3%A9roe%20an%C3%B3nimo%20Libardo%20Sogamoso.%20Por%20%C3%93scar%20Humberto%20G%C3%B3mez%20G%C3%B3mez&body=Link:https%3A%2F%2Foscarhumbertogomez.com%2Findex.php%3Frest_route%3D%252Fwp%252Fv2%252Fposts%252F610\")'><ss style=\"display:block;border-radius:999px;\" class=\"heateorSssSharingSvg heateorSssGoogleGmailSvg\"><\/ss><\/i><\/li><li class=\"heateorSssSharingRound\"><i style=\"width:35px;height:35px;border-radius:999px;\" title=\"More\" alt=\"More\" class=\"heateorSssSharing heateorSssMoreBackground\" onclick=\"heateorSssMoreSharingPopup(this, 'https:\/\/oscarhumbertogomez.com\/index.php?rest_route=%2Fwp%2Fv2%2Fposts%2F610', 'Homenaje%20p%C3%B3stumo%20al%20h%C3%A9roe%20an%C3%B3nimo%20Libardo%20Sogamoso.%20Por%20%C3%93scar%20Humberto%20G%C3%B3mez%20G%C3%B3mez', '' )\" ><ss style=\"display:block\" class=\"heateorSssSharingSvg heateorSssMoreSvg\"><\/ss><\/i><\/li><\/ul><div class=\"heateorSssClear\"><\/div><\/div><div class='heateorSssClear'><\/div>","protected":false},"author":2,"featured_media":0,"comment_status":"closed","ping_status":"closed","sticky":false,"template":"","format":"standard","meta":{"spay_email":"","footnotes":""},"categories":[1],"tags":[],"class_list":["post-610","post","type-post","status-publish","format-standard","hentry","category-blog"],"jetpack_featured_media_url":"","jetpack_shortlink":"https:\/\/wp.me\/p1FYrr-9Q","_links":{"self":[{"href":"https:\/\/oscarhumbertogomez.com\/index.php?rest_route=\/wp\/v2\/posts\/610","targetHints":{"allow":["GET"]}}],"collection":[{"href":"https:\/\/oscarhumbertogomez.com\/index.php?rest_route=\/wp\/v2\/posts"}],"about":[{"href":"https:\/\/oscarhumbertogomez.com\/index.php?rest_route=\/wp\/v2\/types\/post"}],"author":[{"embeddable":true,"href":"https:\/\/oscarhumbertogomez.com\/index.php?rest_route=\/wp\/v2\/users\/2"}],"replies":[{"embeddable":true,"href":"https:\/\/oscarhumbertogomez.com\/index.php?rest_route=%2Fwp%2Fv2%2Fcomments&post=610"}],"version-history":[{"count":5,"href":"https:\/\/oscarhumbertogomez.com\/index.php?rest_route=\/wp\/v2\/posts\/610\/revisions"}],"predecessor-version":[{"id":50056,"href":"https:\/\/oscarhumbertogomez.com\/index.php?rest_route=\/wp\/v2\/posts\/610\/revisions\/50056"}],"wp:attachment":[{"href":"https:\/\/oscarhumbertogomez.com\/index.php?rest_route=%2Fwp%2Fv2%2Fmedia&parent=610"}],"wp:term":[{"taxonomy":"category","embeddable":true,"href":"https:\/\/oscarhumbertogomez.com\/index.php?rest_route=%2Fwp%2Fv2%2Fcategories&post=610"},{"taxonomy":"post_tag","embeddable":true,"href":"https:\/\/oscarhumbertogomez.com\/index.php?rest_route=%2Fwp%2Fv2%2Ftags&post=610"}],"curies":[{"name":"wp","href":"https:\/\/api.w.org\/{rel}","templated":true}]}}