{"id":6859,"date":"2012-12-21T11:57:21","date_gmt":"2012-12-21T16:57:21","guid":{"rendered":"http:\/\/www.oscarhumbertogomez.com\/?p=6859"},"modified":"2025-03-26T09:56:14","modified_gmt":"2025-03-26T14:56:14","slug":"la-gran-profecia-por-manuel-enrique-rey","status":"publish","type":"post","link":"https:\/\/oscarhumbertogomez.com\/?p=6859","title":{"rendered":"La gran profec\u00eda. Por Manuel Enrique Rey Sanmiguel"},"content":{"rendered":"<p><img decoding=\"async\" class=\"aligncenter size-full wp-image-16785\" title=\"Manuel Enrique\" src=\"https:\/\/lapiedrafilosofal.com\/wp-content\/uploads\/2015\/05\/Manuel-Enrique.jpg\" alt=\"\" width=\"500\" srcset=\"https:\/\/oscarhumbertogomez.com\/wp-content\/uploads\/2015\/05\/Manuel-Enrique.jpg 224w, https:\/\/oscarhumbertogomez.com\/wp-content\/uploads\/2015\/05\/Manuel-Enrique-209x300.jpg 209w\" sizes=\"(max-width: 224px) 100vw, 224px\" \/> <strong><\/strong><\/p>\n<p>&nbsp;<\/p>\n<p>Tan poco evolucionados estuvieron los mayas, especialmente en aquello que tiene que ver con cuestiones de pronosticar y avanzados conocimientos del universo; que: o fallaron las predicciones catastr\u00f3ficas en relaci\u00f3n con el apocal\u00edptico fin del 13er Bakt\u00fan, o fueron mal interpretados los sucesos por sabiondos actuales que siempre se encuentran a la saga de vaticinar cat\u00e1strofes puntuales que podr\u00edan afectar nuestra temporalidad y nuestra preferencial ubicaci\u00f3n en el espacio terr\u00edcola.<\/p>\n<p>Los estudiosos de la gran falacia c\u00f3smica se encuentran convencidos que la fecha exacta maya nos llegar\u00eda \u00e9ste diciembre negro y, que pudiera marcar el fin del mundo. Tambi\u00e9n que quiz\u00e1s si falla nuestra nivelaci\u00f3n energ\u00e9tica o no llegare a realizarse, de todos modos ser\u00edamos advertidos que apenas empieza un tiempo de gran tribulaci\u00f3n para los humanos.<\/p>\n<p>Y no es para menos. Muchos colombianos entre los cuales me incluyo, pensamos que el susodicho acontecimiento siniestro ha empezado ya a resonar lentamente desde que en tierras de Santander, una serie de se\u00f1ales indican que a nuestros paisanos le suceder\u00eda desde que comenz\u00f3 el milenio sino antes, una serie de situaciones que sin que pudi\u00e9semos valorar nuestro futuro pr\u00f3ximo, podr\u00edamos tender todos hacia una muerte s\u00fabita s\u00ed seguimos comport\u00e1ndonos despreocupadamente.<\/p>\n<p>Todo por cuenta de unos despistados congresistas y dem\u00e1s funcionarios p\u00fablicos coterr\u00e1neos que en cada lapso sufragante nosotros mismos nos dignamos elegir; y de unos tradicionales pol\u00edticos mentirosos; am\u00e9n de toda una caterva de esquilmadores incrustados en las altas esferas del poder mal llamado republicano. Veamos.<br \/>\nPara m\u00ed, la profec\u00eda maya empez\u00f3 a observarse desde que a nuestros gobernantes y a un resto de directores de los institutos descentralizados les dio por ofertar las empresas que desde anta\u00f1o formaban parte integral de nuestro patrimonio. Desde que votamos por dirigentes que no conocen de planeaci\u00f3n, del detalle y hacer efectiva la cronolog\u00eda propuesta en cada antesala eleccionaria.<\/p>\n<p>La profec\u00eda maya y sin saberse el motivo hasta hace poco hizo met\u00e1stasis por tierras del gran Santander, desde el mismo momento en que hemos educado con nuestros bolsillos una importante pl\u00e9yade de universitarios que luego se ven obligados a emigrar a otros pa\u00edses o a otros centros de producci\u00f3n nacionales sin que para nada contribuyan al desarrollo sostenible de nuestra comarca por falta de una valiosa oportunidad laboral.<br \/>\nQue ayuden a resolver el dilema y a convencernos que no es construyendo atractivos supermercados que culturalmente impone la sociedad de consumo mundial si no a trav\u00e9s de transformar la materia prima, la prestaci\u00f3n de los servicios y de la elaboraci\u00f3n de productos de avanzada e innovada tecnolog\u00eda, es lo que hace grandiosos los pueblos, de suerte que no existan desgracias como las supuestamente acaecidas a los mayas que tuvieron que desaparecer de la civilizaci\u00f3n porque algunos malignos dioses civilizadores que vinieron desde otras latitudes, les usurparon las riquezas, trasculturizaron sus gentes.<\/p>\n<p>En fin, pasar\u00e1 diciembre y nada ocurrir\u00e1. Pero deber\u00edamos aprender a defendernos de las multinacionales que buscando oro y riqueza contaminan nuestros recursos h\u00eddricos. Evitar\u00edamos que la profec\u00eda maya se hiciera realidad.<\/p>\n<p>Feliz 2013.<\/p>\n<p>&nbsp;<\/p>\n","protected":false},"excerpt":{"rendered":"<p>&nbsp; Tan poco evolucionados estuvieron los mayas, especialmente en aquello que tiene que ver con cuestiones de pronosticar y avanzados conocimientos del universo; que: o fallaron las predicciones catastr\u00f3ficas en relaci\u00f3n con el apocal\u00edptico fin del 13er Bakt\u00fan, o fueron &hellip; <a href=\"https:\/\/oscarhumbertogomez.com\/?p=6859\">Sigue leyendo <span class=\"meta-nav\">&rarr;<\/span><\/a><\/p>\n<div class='heateorSssClear'><\/div><div  class='heateor_sss_sharing_container heateor_sss_horizontal_sharing' heateor-sss-data-href='https:\/\/oscarhumbertogomez.com\/?p=6859'><div class='heateor_sss_sharing_title' style=\"font-weight:bold\" >\u00a1Gracias por compartirla!<\/div><ul class=\"heateor_sss_sharing_ul\"><li class=\"heateorSssSharingRound\"><i style=\"width:35px;height:35px;border-radius:999px;\" alt=\"Facebook\" Title=\"Facebook\" class=\"heateorSssSharing heateorSssFacebookBackground\" onclick='heateorSssPopup(\"https:\/\/www.facebook.com\/sharer\/sharer.php?u=https%3A%2F%2Foscarhumbertogomez.com%2Findex.php%3Frest_route%3D%252Fwp%252Fv2%252Fposts%252F6859\")'><ss style=\"display:block;border-radius:999px;\" class=\"heateorSssSharingSvg heateorSssFacebookSvg\"><\/ss><\/i><\/li><li class=\"heateorSssSharingRound\"><i style=\"width:35px;height:35px;border-radius:999px;\" alt=\"Twitter\" Title=\"Twitter\" class=\"heateorSssSharing heateorSssTwitterBackground\" onclick='heateorSssPopup(\"http:\/\/twitter.com\/intent\/tweet?text=La%20gran%20profec%C3%ADa.%20Por%20Manuel%20Enrique%20Rey%20Sanmiguel&url=https%3A%2F%2Foscarhumbertogomez.com%2Findex.php%3Frest_route%3D%252Fwp%252Fv2%252Fposts%252F6859\")'><ss style=\"display:block;border-radius:999px;\" class=\"heateorSssSharingSvg heateorSssTwitterSvg\"><\/ss><\/i><\/li><li class=\"heateorSssSharingRound\"><i style=\"width:35px;height:35px;border-radius:999px;\" alt=\"Whatsapp\" Title=\"Whatsapp\" class=\"heateorSssSharing heateorSssWhatsappBackground\" onclick='heateorSssPopup(\"https:\/\/web.whatsapp.com\/send?text=La%20gran%20profec%C3%ADa.%20Por%20Manuel%20Enrique%20Rey%20Sanmiguel https%3A%2F%2Foscarhumbertogomez.com%2Findex.php%3Frest_route%3D%252Fwp%252Fv2%252Fposts%252F6859\")'><ss style=\"display:block\" class=\"heateorSssSharingSvg heateorSssWhatsappSvg\"><\/ss><\/i><\/li><li class=\"heateorSssSharingRound\"><i style=\"width:35px;height:35px;border-radius:999px;\" alt=\"Pinterest\" Title=\"Pinterest\" class=\"heateorSssSharing heateorSssPinterestBackground\" onclick=\"javascript:void( (function() {var e=document.createElement('script' );e.setAttribute('type','text\/javascript' );e.setAttribute('charset','UTF-8' );e.setAttribute('src','\/\/assets.pinterest.com\/js\/pinmarklet.js?r='+Math.random()*99999999);document.body.appendChild(e)})());\"><ss style=\"display:block;border-radius:999px;\" class=\"heateorSssSharingSvg heateorSssPinterestSvg\"><\/ss><\/i><\/li><li class=\"heateorSssSharingRound\"><i style=\"width:35px;height:35px;border-radius:999px;\" alt=\"Google Gmail\" Title=\"Google Gmail\" class=\"heateorSssSharing heateorSssGoogleGmailBackground\" onclick='heateorSssPopup(\"https:\/\/mail.google.com\/mail\/?ui=2&view=cm&fs=1&tf=1&su=La%20gran%20profec%C3%ADa.%20Por%20Manuel%20Enrique%20Rey%20Sanmiguel&body=Link:https%3A%2F%2Foscarhumbertogomez.com%2Findex.php%3Frest_route%3D%252Fwp%252Fv2%252Fposts%252F6859\")'><ss style=\"display:block;border-radius:999px;\" class=\"heateorSssSharingSvg heateorSssGoogleGmailSvg\"><\/ss><\/i><\/li><li class=\"heateorSssSharingRound\"><i style=\"width:35px;height:35px;border-radius:999px;\" title=\"More\" alt=\"More\" class=\"heateorSssSharing heateorSssMoreBackground\" onclick=\"heateorSssMoreSharingPopup(this, 'https:\/\/oscarhumbertogomez.com\/index.php?rest_route=%2Fwp%2Fv2%2Fposts%2F6859', 'La%20gran%20profec%C3%ADa.%20Por%20Manuel%20Enrique%20Rey%20Sanmiguel', '' )\" ><ss style=\"display:block\" class=\"heateorSssSharingSvg heateorSssMoreSvg\"><\/ss><\/i><\/li><\/ul><div class=\"heateorSssClear\"><\/div><\/div><div class='heateorSssClear'><\/div>","protected":false},"author":2,"featured_media":0,"comment_status":"closed","ping_status":"closed","sticky":false,"template":"","format":"standard","meta":{"spay_email":"","footnotes":""},"categories":[6],"tags":[],"class_list":["post-6859","post","type-post","status-publish","format-standard","hentry","category-la-pluma-ajena"],"jetpack_featured_media_url":"","jetpack_shortlink":"https:\/\/wp.me\/p1FYrr-1MD","_links":{"self":[{"href":"https:\/\/oscarhumbertogomez.com\/index.php?rest_route=\/wp\/v2\/posts\/6859","targetHints":{"allow":["GET"]}}],"collection":[{"href":"https:\/\/oscarhumbertogomez.com\/index.php?rest_route=\/wp\/v2\/posts"}],"about":[{"href":"https:\/\/oscarhumbertogomez.com\/index.php?rest_route=\/wp\/v2\/types\/post"}],"author":[{"embeddable":true,"href":"https:\/\/oscarhumbertogomez.com\/index.php?rest_route=\/wp\/v2\/users\/2"}],"replies":[{"embeddable":true,"href":"https:\/\/oscarhumbertogomez.com\/index.php?rest_route=%2Fwp%2Fv2%2Fcomments&post=6859"}],"version-history":[{"count":4,"href":"https:\/\/oscarhumbertogomez.com\/index.php?rest_route=\/wp\/v2\/posts\/6859\/revisions"}],"predecessor-version":[{"id":52974,"href":"https:\/\/oscarhumbertogomez.com\/index.php?rest_route=\/wp\/v2\/posts\/6859\/revisions\/52974"}],"wp:attachment":[{"href":"https:\/\/oscarhumbertogomez.com\/index.php?rest_route=%2Fwp%2Fv2%2Fmedia&parent=6859"}],"wp:term":[{"taxonomy":"category","embeddable":true,"href":"https:\/\/oscarhumbertogomez.com\/index.php?rest_route=%2Fwp%2Fv2%2Fcategories&post=6859"},{"taxonomy":"post_tag","embeddable":true,"href":"https:\/\/oscarhumbertogomez.com\/index.php?rest_route=%2Fwp%2Fv2%2Ftags&post=6859"}],"curies":[{"name":"wp","href":"https:\/\/api.w.org\/{rel}","templated":true}]}}