{"id":6912,"date":"2012-12-29T00:29:31","date_gmt":"2012-12-29T05:29:31","guid":{"rendered":"http:\/\/www.oscarhumbertogomez.com\/?p=6912"},"modified":"2025-03-09T22:51:45","modified_gmt":"2025-03-10T03:51:45","slug":"padre-adoptivo-o-padre-putativo-por-oscar-humberto-gomez-gomez","status":"publish","type":"post","link":"https:\/\/oscarhumbertogomez.com\/?p=6912","title":{"rendered":"Jos\u00e9: \u00bfpadre &#8220;adoptivo&#8221; o padre &#8220;putativo&#8221; de Jes\u00fas?  Por \u00d3scar Humberto G\u00f3mez G\u00f3mez"},"content":{"rendered":"<div id=\"attachment_49906\" style=\"width: 650px\" class=\"wp-caption aligncenter\"><img loading=\"lazy\" decoding=\"async\" aria-describedby=\"caption-attachment-49906\" class=\"size-large wp-image-49906\" src=\"https:\/\/oscarhumbertogomez.com\/wp-content\/uploads\/2011\/06\/WhatsApp-Image-2025-01-19-at-16.33.19-1024x690.jpeg\" alt=\"\" width=\"640\" height=\"431\" srcset=\"https:\/\/oscarhumbertogomez.com\/wp-content\/uploads\/2011\/06\/WhatsApp-Image-2025-01-19-at-16.33.19-1024x690.jpeg 1024w, https:\/\/oscarhumbertogomez.com\/wp-content\/uploads\/2011\/06\/WhatsApp-Image-2025-01-19-at-16.33.19-300x202.jpeg 300w, https:\/\/oscarhumbertogomez.com\/wp-content\/uploads\/2011\/06\/WhatsApp-Image-2025-01-19-at-16.33.19-768x517.jpeg 768w, https:\/\/oscarhumbertogomez.com\/wp-content\/uploads\/2011\/06\/WhatsApp-Image-2025-01-19-at-16.33.19.jpeg 1280w\" sizes=\"auto, (max-width: 640px) 100vw, 640px\" \/><p id=\"caption-attachment-49906\" class=\"wp-caption-text\">\u00d3SCAR HUMBERTO G\u00d3MEZ G\u00d3MEZ. Fotograf\u00eda de Nylse Blackburn. 2009<\/p><\/div>\n<p>&nbsp;<\/p>\n<p>Uno de los errores que se repiten a\u00f1o tras a\u00f1o en la lectura de la Novena de Aguinaldos es el de &#8220;corregir&#8221;, en las nuevas ediciones, la expresi\u00f3n &#8220;padre putativo&#8221; remplaz\u00e1ndola por la de &#8220;padre adoptivo&#8221;, en referencia a la relaci\u00f3n de san Jos\u00e9 respecto de Jes\u00fas.<\/p>\n<p>En su texto original, la Novena dice:<\/p>\n<p>\u201cORACI\u00d3N A SAN JOS\u00c9. Para todos los d\u00edas. \u00a1Oh, Sant\u00edsimo Jos\u00e9, esposo de Mar\u00eda y padre&nbsp;<strong>putativo<\/strong>&nbsp;de Jes\u00fas! Infinitas gracias doy a Dios porque os escogi\u00f3 para tan altos ministerios y os adorn\u00f3 con todos los dones proporcionados a tan excelente grandeza (\u2026)\u201d.<\/p>\n<p>En las recientes ediciones, e incluso por iniciativa propia de quien est\u00e1 leyendo, la palabra &#8220;putativo&#8221; viene siendo cambiada por el vocablo &#8220;adoptivo&#8221;.<\/p>\n<p>La oraci\u00f3n aparece o se lee, entonces, as\u00ed:<\/p>\n<p>\u201cORACI\u00d3N A SAN JOS\u00c9. Para todos los d\u00edas. \u00a1Oh, Sant\u00edsimo Jos\u00e9, esposo de Mar\u00eda y padre&nbsp;<strong>adoptivo<\/strong>&nbsp;de Jes\u00fas! Infinitas gracias doy a Dios porque os escogi\u00f3 para tan altos ministerios y os adorn\u00f3 con todos los dones proporcionados a tan excelente grandeza (\u2026)\u201d.<\/p>\n<p>Debemos, pues, preguntarnos si san Jos\u00e9 era padre &#8220;putativo&#8221; del Mes\u00edas o era su padre &#8220;adoptivo&#8221;, como se dice ahora.<\/p>\n<p>&nbsp;<\/p>\n<div id=\"attachment_41148\" style=\"width: 519px\" class=\"wp-caption aligncenter\"><img loading=\"lazy\" decoding=\"async\" aria-describedby=\"caption-attachment-41148\" class=\"size-full wp-image-41148\" src=\"https:\/\/lapiedrafilosofal.com\/wp-content\/uploads\/2012\/12\/San-Jose\u0301-carpintero-La-Tour.jpeg\" alt=\"\" width=\"509\" height=\"600\" srcset=\"https:\/\/oscarhumbertogomez.com\/wp-content\/uploads\/2012\/12\/San-Jose\u0301-carpintero-La-Tour.jpeg 509w, https:\/\/oscarhumbertogomez.com\/wp-content\/uploads\/2012\/12\/San-Jose\u0301-carpintero-La-Tour-255x300.jpeg 255w\" sizes=\"auto, (max-width: 509px) 100vw, 509px\" \/><p id=\"caption-attachment-41148\" class=\"wp-caption-text\">SAN JOS\u00c9, CARPINTERO. Georges de La Tour. \u00d3leo sobre lienzo. 1640 aprox. Museo del Louvre. Par\u00eds<\/p><\/div>\n<p>&nbsp;<\/p>\n<p>Previamente, tenemos que dejar en claro que, en todo caso, el yerro es inevitable desde el punto de vista gramatical, pues de haber Jos\u00e9 adoptado a Jes\u00fas \u00e9ste ser\u00eda su hijo adoptivo, pero Jos\u00e9 no ser\u00eda su padre &#8220;adoptivo&#8221;, sino su padre adoptante.<\/p>\n<p>La adopci\u00f3n, tanto bajo el derecho hebreo como bajo el derecho romano, implicaba un tr\u00e1mite jur\u00eddico solemne.<\/p>\n<p>Pues bien:<\/p>\n<p>No hay el m\u00e1s m\u00ednimo dato hist\u00f3rico al amparo del cual pueda afirmarse que san Jos\u00e9 adopt\u00f3 a Jes\u00fas. Sencillamente, para los no creyentes, san Jos\u00e9 fue el padre natural de Jes\u00fas pues fue el hombre que lo engendr\u00f3. En cambio, para los creyentes (y aqu\u00ed comienza la confusi\u00f3n), Jes\u00fas no es engendrado por san Jos\u00e9, sino que Mar\u00eda lo concibe &#8220;por obra y gracia del Esp\u00edritu Santo&#8221;. Esta concepci\u00f3n <em>sui generis,<\/em>&nbsp;especial\u00edsima, sin<em> la intervenci\u00f3n f\u00edsica del var\u00f3n, <\/em>es uno de los fundamentos de la Teolog\u00eda cristiana, pero fundamentalmente de la cat\u00f3lica<em>. <\/em><\/p>\n<p>La intervenci\u00f3n <strong>exclusiva<\/strong> del Esp\u00edritu Santo en la concepci\u00f3n de Jes\u00fas dentro del vientre materno es lo que da origen a la pregunta sobre cu\u00e1l es, entonces, el papel de san Jos\u00e9, &nbsp;siendo, como lo era, el esposo de Mar\u00eda.<\/p>\n<p>Y es ah\u00ed cuando cobra importancia la palabra &#8220;<strong>putativo<\/strong>&#8220;.<\/p>\n<p>\u00bfQu\u00e9 es eso de ser padre &#8220;<strong>putativo<\/strong>&#8220;?<\/p>\n<p>&nbsp;<\/p>\n<div id=\"attachment_41148\" style=\"width: 519px\" class=\"wp-caption aligncenter\"><img loading=\"lazy\" decoding=\"async\" aria-describedby=\"caption-attachment-41148\" class=\"size-full wp-image-41148\" src=\"https:\/\/lapiedrafilosofal.com\/wp-content\/uploads\/2012\/12\/San-Jose\u0301-carpintero-La-Tour.jpeg\" alt=\"\" width=\"509\" height=\"600\" srcset=\"https:\/\/oscarhumbertogomez.com\/wp-content\/uploads\/2012\/12\/San-Jose\u0301-carpintero-La-Tour.jpeg 509w, https:\/\/oscarhumbertogomez.com\/wp-content\/uploads\/2012\/12\/San-Jose\u0301-carpintero-La-Tour-255x300.jpeg 255w\" sizes=\"auto, (max-width: 509px) 100vw, 509px\" \/><p id=\"caption-attachment-41148\" class=\"wp-caption-text\">SAN JOS\u00c9, CARPINTERO. Georges de La Tour. \u00d3leo sobre lienzo. 1640 aprox. Museo del Louvre. Par\u00eds<\/p><\/div>\n<p>&nbsp;<\/p>\n<p>\u201cPutar\u201d vendr\u00eda del lat\u00edn (&#8220;putare&#8221;) y significa, en espa\u00f1ol, \u201ccreer que\u201d, \u201ctomar por\u201d, &#8220;tener por&#8221;.<\/p>\n<p>Como ya lo anotamos, en la Tradicional Novena de Aguinaldos, con la que el mundo cat\u00f3lico conmemora los hechos que rodearon el nacimiento de Jes\u00fas, se hace referencia a San Jos\u00e9 como el \u201cpadre <strong>putativo<\/strong> de Jes\u00fas\u201d. Y ello, por cuanto al vivir con \u00e9l, bajo el mismo techo, en el hogar que aquel carpintero formaba con Mar\u00eda, y siendo Jos\u00e9 quien lo hab\u00eda criado, nadie ten\u00eda por qu\u00e9 poner en duda que fuera el padre de ese ni\u00f1o.<\/p>\n<p>En su texto original, la Novena -repetimos- dice:<\/p>\n<p>\u201cORACI\u00d3N A SAN JOS\u00c9. Para todos los d\u00edas. \u00a1Oh, Sant\u00edsimo Jos\u00e9, esposo de Mar\u00eda y padre <strong>putativo<\/strong> de Jes\u00fas! Infinitas gracias doy a Dios porque os escogi\u00f3 para tan altos ministerios y os adorn\u00f3 con todos los dones proporcionados a tan excelente grandeza (\u2026)\u201d.<\/p>\n<p>Con el paso del tiempo, y sin que se entendiera qu\u00e9 significaba aquel vocablo, los editores de la novena decidieron eliminar la palabra &#8220;putativo&#8221; y acomodarle un vocablo que consideraban &#8220;sin\u00f3nimo&#8221; de aquella y, lo mejor de todo, m\u00e1s conocido por el pueblo.<\/p>\n<p>&nbsp;<\/p>\n<div id=\"attachment_41148\" style=\"width: 519px\" class=\"wp-caption aligncenter\"><img loading=\"lazy\" decoding=\"async\" aria-describedby=\"caption-attachment-41148\" class=\"size-full wp-image-41148\" src=\"https:\/\/lapiedrafilosofal.com\/wp-content\/uploads\/2012\/12\/San-Jose\u0301-carpintero-La-Tour.jpeg\" alt=\"\" width=\"509\" height=\"600\" srcset=\"https:\/\/oscarhumbertogomez.com\/wp-content\/uploads\/2012\/12\/San-Jose\u0301-carpintero-La-Tour.jpeg 509w, https:\/\/oscarhumbertogomez.com\/wp-content\/uploads\/2012\/12\/San-Jose\u0301-carpintero-La-Tour-255x300.jpeg 255w\" sizes=\"auto, (max-width: 509px) 100vw, 509px\" \/><p id=\"caption-attachment-41148\" class=\"wp-caption-text\">SAN JOS\u00c9, CARPINTERO. Georges de La Tour. \u00d3leo sobre lienzo. 1640 aprox. Museo del Louvre. Par\u00eds<\/p><\/div>\n<p>&nbsp;<\/p>\n<p>En el arbitrario cambio de la expresi\u00f3n &#8220;putativo&#8221; por &#8220;adoptivo&#8221; influy\u00f3 el hecho de que aquella otra palabra era inconscientemente asociada, por ignorancia claro est\u00e1, a esa otra expresi\u00f3n propia del l\u00e9xico prostibulario que ustedes ya se imaginan.<\/p>\n<p>O sea, se pens\u00f3 que decir &#8220;padre putativo&#8221; pod\u00eda ser, en cierta forma, insultante, ofensivo o irrespetuoso contra san Jos\u00e9.<\/p>\n<p>Pero no hay tal.<\/p>\n<p>En la paternidad putativa o en la maternidad putativa, o en la hermandad putativa, la persona, simplemente, en realidad, no es el verdadero padre, o la verdadera madre, o el verdadero hermano, pero, de todos modos, se le tiene por tal, se reputa por tal, se cree que es tal.<\/p>\n<p>As\u00ed lo define la gran ling\u00fcista espa\u00f1ola Do\u00f1a MAR\u00cdA MOLINER:<\/p>\n<p>\u201c<strong>putativo, -a <\/strong>(del lat. \u201cputativus\u201d) adj. Aplicado a un nombre de parentesco, como \u201cpadre\u201d, \u201cmadre\u201d o \u201chermano\u201d, considerado como lo que expresa el nombre a que se aplica, o que hace las veces de ello, pero sin serlo naturalmente: \u201cJos\u00e9, el padre putativo de Jes\u00fas\u201d. [MOLINER MAR\u00cdA. Diccionario de uso del espa\u00f1ol. 2\u00aa edici\u00f3n. Editorial Gredos. Madrid \/ Espa\u00f1a. 1998, p. 822].<\/p>\n<p>La Real Academia Espa\u00f1ola de la Lengua lo define as\u00ed:<\/p>\n<p>\u201c<strong>putativo, va<\/strong>. (Del lat. Putativus; de putare, pensar, reputar.) adj. Reputado o tenido por padre, hermano, etc., no si\u00e9ndolo\u201d. RAE. Diccionario de la Lengua Espa\u00f1ola. 20\u00aa edici\u00f3n. Madrid \/ Espa\u00f1a. 1984, p. 1126.<\/p>\n<p>Lo \u201cputativo\u201d, por lo dem\u00e1s, no es indiferente al mundo del derecho. En el derecho penal se dice que hay \u201cleg\u00edtima defensa putativa\u201d cuando quien cometi\u00f3 el hecho crey\u00f3 razonablemente que iba a ser agredido, sin que, en realidad, fuera a serlo. La leg\u00edtima defensa putativa trae unas consecuencias jur\u00eddicas favorables al autor del hecho en cuanto a la configuraci\u00f3n de la conducta t\u00edpica, antijur\u00eddica y culpable.<\/p>\n<p>Vale la pena rememorar a\u00f1eja jurisprudencia de la Corte Suprema de Justicia. Sala de Casaci\u00f3n Penal:<\/p>\n<p>\u201cLa leg\u00edtima defensa subjetiva o putativa no viene a ser otra cosa que el miedo o el temor producido por un peligro imaginario o aparente que el sujeto exagera por la exaltaci\u00f3n s\u00edquica que padece en el momento de obrar. Esa aparente proporcionalidad entre la agresi\u00f3n que se espera y la reacci\u00f3n con que se rechaza es lo que le otorga a la leg\u00edtima defensa putativa la subjetividad que coloca la acci\u00f3n dentro de los presupuestos necesarios para la irreprochabilidad penal de la conducta, con base en un error de hecho esencial, que por no provenir de negligencia, indica que el agente obra <em>non contra jus<\/em>, esto es, sin antijuridicidad, comoquiera que est\u00e1 comprendido dentro del marco legal que el C.P., establece en el ord. 2\u00ba del art. 23\u201d. [Cas., 20 de abril de 1961, Gaceta Judicial Tomo XCV, p\u00e1g. 609; Cas., 14 diciembre 1961, Gaceta Judicial Tomo XCVII, p\u00e1g. 545. En: ORTEGA TORRES, Jorge. C\u00f3digo Penal y C\u00f3digo de Procedimiento Penal. 14\u00aa edici\u00f3n. Editorial TEMIS. Bogot\u00e1. 1975. Cap\u00edtulo II: De la Responsabilidad, Art. 23, p.p. 43 y 44].<\/p>\n<p>&nbsp;<\/p>\n<div id=\"attachment_41148\" style=\"width: 519px\" class=\"wp-caption aligncenter\"><img loading=\"lazy\" decoding=\"async\" aria-describedby=\"caption-attachment-41148\" class=\"size-full wp-image-41148\" src=\"https:\/\/lapiedrafilosofal.com\/wp-content\/uploads\/2012\/12\/San-Jose\u0301-carpintero-La-Tour.jpeg\" alt=\"\" width=\"509\" height=\"600\" srcset=\"https:\/\/oscarhumbertogomez.com\/wp-content\/uploads\/2012\/12\/San-Jose\u0301-carpintero-La-Tour.jpeg 509w, https:\/\/oscarhumbertogomez.com\/wp-content\/uploads\/2012\/12\/San-Jose\u0301-carpintero-La-Tour-255x300.jpeg 255w\" sizes=\"auto, (max-width: 509px) 100vw, 509px\" \/><p id=\"caption-attachment-41148\" class=\"wp-caption-text\">SAN JOS\u00c9, CARPINTERO. Georges de La Tour. \u00d3leo sobre lienzo. 1640 aprox. Museo del Louvre. Par\u00eds<\/p><\/div>\n<p>&nbsp;<\/p>\n<p>El tratadista MATEO GOLSTEIN, en su libro &#8220;DERECHO HEBREO&#8221;, anota lo siguiente:<br \/>\n&nbsp;<\/p>\n<p>&#8220;3. \u2014 EL R\u00c9GIMEN DE ADOPCI\u00d3N HEBREA. \u2014 Como dijimos al comienzo, entre los hebreos la instituci\u00f3n difer\u00eda en forma absoluta.<br \/>\nDesde luego, pod\u00eda realizarla el padre o la madre, indistintamente.<br \/>\nLa adopci\u00f3n no se cumpl\u00eda con extra\u00f1os, sino con parientes; o esclavos que eran considerados como formando parte de la familia.<br \/>\nLa mujer est\u00e9ril adoptaba los hijos de la sierva que ella hab\u00eda conducido hasta el t\u00e1lamo de su marido. El jefe de la familia, con el deseo de favorecerlos, en la sucesi\u00f3n, adoptaba como hijos a los hijos de sus nietos. El acto de la adopci\u00f3n se cumpl\u00eda mediante una ceremonia en la que se tomaba al ni\u00f1o coloc\u00e1ndolo sobre las rodillas del adoptante. La mujer cumpl\u00eda la ceremonia apretando al ni\u00f1o contra su pecho. Tambi\u00e9n atestigua la Biblia que se formalizaba la adopci\u00f3n echando un manto sobre la persona adoptada.<\/p>\n<p>Como se advierte a trav\u00e9s de la versi\u00f3n b\u00edblica, la adopci\u00f3n entre los israelitas ten\u00eda m\u00e1s bien un car\u00e1cter civil y pol\u00edtico, con la mira de corregir las fallas de la naturaleza. La instituci\u00f3n estaba impregnada de un alto sentido humanitario desde que solamente comprend\u00eda a los parientes del adoptante, particularmente aquellos que carec\u00edan de padre y madre o se hallaban expuestos a las contingencias de la vida. Aun en los tiempos presentes y en aquellos Estados que admiten la adopci\u00f3n, las familias israelitas pudientes practican dicha instituci\u00f3n, fundada en altos sentimientos de confraternidad con los miembros de una misma grey&#8221;.<\/p>\n<p>V\u00e9anse:<\/p>\n<p>Libro de Esther, cap\u00edtulo II, vers\u00edculo 7.<br \/>\nLibro de Ruth, cap\u00edtulo IV, vers\u00edculo 16.<br \/>\nG\u00e9nesis, cap\u00edtulo XVI, vers\u00edculos 1 y 2; cap\u00edtulo XXX, vers\u00edculos 1 y 3.<br \/>\nG\u00e9nesis, cap\u00edtulo XXX, vers\u00edculo 3; cap\u00edtulo XLVIII, vers\u00edculo 12;<br \/>\ncap\u00edtulo L, vers\u00edculo 23.<br \/>\nLibro de Ruth, capitule IV, vers\u00edculos 16 y 17.<br \/>\n1 Reyes, cap\u00edtulo XIX, vers\u00edculos 19 a 21.<\/p>\n<p>&nbsp;<\/p>\n<div id=\"attachment_41148\" style=\"width: 519px\" class=\"wp-caption aligncenter\"><img loading=\"lazy\" decoding=\"async\" aria-describedby=\"caption-attachment-41148\" class=\"size-full wp-image-41148\" src=\"https:\/\/lapiedrafilosofal.com\/wp-content\/uploads\/2012\/12\/San-Jose\u0301-carpintero-La-Tour.jpeg\" alt=\"\" width=\"509\" height=\"600\" srcset=\"https:\/\/oscarhumbertogomez.com\/wp-content\/uploads\/2012\/12\/San-Jose\u0301-carpintero-La-Tour.jpeg 509w, https:\/\/oscarhumbertogomez.com\/wp-content\/uploads\/2012\/12\/San-Jose\u0301-carpintero-La-Tour-255x300.jpeg 255w\" sizes=\"auto, (max-width: 509px) 100vw, 509px\" \/><p id=\"caption-attachment-41148\" class=\"wp-caption-text\">SAN JOS\u00c9, CARPINTERO. Georges de La Tour. \u00d3leo sobre lienzo. 1640 aprox. Museo del Louvre. Par\u00eds<\/p><\/div>\n<p>&nbsp;<\/p>\n<p>Ahora bien; en cuanto a la adopci\u00f3n bajo el derecho romano y no olvidando que en tiempos de Jos\u00e9 y Jes\u00fas Judea se hallaba invadida y dominada pol\u00edtica y militarmente por el Imperio Romano &#8211; era una de sus provincias &#8211; y que incluso fue el edicto del emperador romano el que oblig\u00f3 a Jos\u00e9 y a Mar\u00eda a acudir a Bel\u00e9n para empadronarse, resulta conveniente esbozar las siguientes l\u00edneas:<\/p>\n<p>El origen de la adopci\u00f3n lo encontramos en la India. De este pa\u00eds la instituci\u00f3n jur\u00eddica es transmitida a otras naciones hasta llegar al pueblo hebreo. La figura de la adopci\u00f3n llega a Egipto en virtud del proceso de inmigraci\u00f3n. De Egipto pasa a Grecia. Y de Grecia pasa a Roma.<\/p>\n<p>En los inicios de la adopci\u00f3n lo que se buscaba con ella era que se perpetuara la estirpe, pero por una finalidad de orden estrictamente religioso: mantener la supervivencia del culto de los antepasados. La adopci\u00f3n era, entonces, una soluci\u00f3n religiosa y legal para aquellas personas que, por motivos biol\u00f3gicos, carec\u00edan de heredero y enfrentaban por ello la no continuaci\u00f3n de la estirpe.<\/p>\n<p>La formalidad griega de la intervenci\u00f3n del magistrado en la adopci\u00f3n pas\u00f3 a Roma. En el Derecho Romano alcanz\u00f3 un desarrollo considerable y tuvo una finalidad doble: perpetuar el culto familiar y evitar la desaparici\u00f3n de la familia.<\/p>\n<p>El Derecho Romano contemplaba dos modalidades de adopci\u00f3n: la <em>arrogatio<\/em> y la <em>adoptio<\/em>. La <em>arrogatio<\/em> era la modalidad m\u00e1s antigua y consist\u00eda en que una persona tomaba como hijo a otra persona libre, vale decir, que hasta ese momento no hab\u00eda estado sujeta a la patria potestad de nadie. El adoptado era, pues, un <em>sui juris<\/em>. <em>(<\/em>T\u00e9ngase en cuenta que quien estaba sujeto a la patria potestad de alguien se llamaba <em>alieni juris). <\/em><\/p>\n<p>Como la mujer y los interdictos no eran libres (no eran <em>sui juris<\/em>), no pod\u00edan ser adoptados. En otras palabras, solamente pod\u00edan serlo los hombres libres (<em>sui juris<\/em>). Esta modalidad de adopci\u00f3n s\u00f3lo se pod\u00eda llevar a cabo en la propia Roma; en las provincias del imperio la que exist\u00eda era la <em>arrogatio per rescriptum principis<\/em>.<\/p>\n<p>No sobra advertir que cuando aqu\u00ed se habla de personas que no eran libres no se est\u00e1 haciendo referencia a los esclavos, puesto que el esclavo no era considerado una persona, sino una cosa (<em>res<\/em>)<em>&nbsp;<\/em>de propiedad de su amo.<\/p>\n<p>&nbsp;<\/p>\n<div id=\"attachment_41148\" style=\"width: 519px\" class=\"wp-caption aligncenter\"><img loading=\"lazy\" decoding=\"async\" aria-describedby=\"caption-attachment-41148\" class=\"size-full wp-image-41148\" src=\"https:\/\/lapiedrafilosofal.com\/wp-content\/uploads\/2012\/12\/San-Jose\u0301-carpintero-La-Tour.jpeg\" alt=\"\" width=\"509\" height=\"600\" srcset=\"https:\/\/oscarhumbertogomez.com\/wp-content\/uploads\/2012\/12\/San-Jose\u0301-carpintero-La-Tour.jpeg 509w, https:\/\/oscarhumbertogomez.com\/wp-content\/uploads\/2012\/12\/San-Jose\u0301-carpintero-La-Tour-255x300.jpeg 255w\" sizes=\"auto, (max-width: 509px) 100vw, 509px\" \/><p id=\"caption-attachment-41148\" class=\"wp-caption-text\">SAN JOS\u00c9, CARPINTERO. Georges de La Tour. \u00d3leo sobre lienzo. 1640 aprox. Museo del Louvre. Par\u00eds<\/p><\/div>\n<p>&nbsp;<\/p>\n<p>La otra modalidad de adopci\u00f3n, la <em>adoptio<\/em> (que era la adopci\u00f3n en sentido estricto), se realizaba a trav\u00e9s de un complicado negocio integrado por dos momentos distintos: primeramente, el menor era desligado de la potestad actual a la cual estaba sometido, para cuyo efecto se le daba aplicaci\u00f3n a la Ley de las Doce Tablas: el hijo era liberado por tres mancipaciones: el padre vend\u00eda a su hijo por primera vez al adoptante o a un tercero y a continuaci\u00f3n el adquirente lo dejaba salir del <em>mancipium<\/em> con lo que volv\u00eda a la potestad paterna; nuevamente se repet\u00eda la emancipaci\u00f3n y la liberaci\u00f3n, hasta la tercera <em>mancipatio<\/em>, por la cual el padre perd\u00eda definitivamente su patria potestad sobre el hijo y \u00e9sta se transmit\u00eda al adoptante. Cuando se trataba de la adopci\u00f3n de una hija o un nieto, bastaba una sola emancipaci\u00f3n.<\/p>\n<p>La <em>adoptio<\/em> pod\u00eda celebrarse donde quiera que hubiera un magistrado romano con plena jurisdicci\u00f3n, incluidas las provincias. En esta modalidad de adopci\u00f3n se distingu\u00edan: la <em>adoptio<\/em> plena y la <em>minus plena<\/em>. En la <em>adoptio <\/em>plena (la cual se daba cuando el adoptante era ascendiente natural del hijo, o cuando el abuelo, en vida del padre, daba al nieto a un extra\u00f1o en adopci\u00f3n) se produc\u00eda siempre la cesi\u00f3n de la patria potestad. En cambio, en la <em>minus<\/em> plena, no se configuraba la patria potestad, sino que se creaba una relaci\u00f3n filial entre el adoptante y el adoptado e incluso un derecho sucesorio, aunque el adoptado no era legitimario forzoso, o sea, que no heredaba necesariamente.<\/p>\n<p>El Derecho Justiniano aboli\u00f3 todo este formalismo, limit\u00e1ndolo a una solicitud elevada por el padre natural ante el magistrado, para que \u00e9ste, con la presencia del adoptante y el consentimiento del adoptado, hiciera la correspondiente declaraci\u00f3n de adopci\u00f3n.<\/p>\n<p>&nbsp;<\/p>\n<div id=\"attachment_41148\" style=\"width: 519px\" class=\"wp-caption aligncenter\"><img loading=\"lazy\" decoding=\"async\" aria-describedby=\"caption-attachment-41148\" class=\"size-full wp-image-41148\" src=\"https:\/\/lapiedrafilosofal.com\/wp-content\/uploads\/2012\/12\/San-Jose\u0301-carpintero-La-Tour.jpeg\" alt=\"\" width=\"509\" height=\"600\" srcset=\"https:\/\/oscarhumbertogomez.com\/wp-content\/uploads\/2012\/12\/San-Jose\u0301-carpintero-La-Tour.jpeg 509w, https:\/\/oscarhumbertogomez.com\/wp-content\/uploads\/2012\/12\/San-Jose\u0301-carpintero-La-Tour-255x300.jpeg 255w\" sizes=\"auto, (max-width: 509px) 100vw, 509px\" \/><p id=\"caption-attachment-41148\" class=\"wp-caption-text\">SAN JOS\u00c9, CARPINTERO. Georges de La Tour. \u00d3leo sobre lienzo. 1640 aprox. Museo del Louvre. Par\u00eds<\/p><\/div>\n<p>&nbsp;<\/p>\n<p>Pues bien:<\/p>\n<p>Tampoco hay el m\u00e1s m\u00ednimo dato hist\u00f3rico al amparo del cual pueda afirmarse que san Jos\u00e9 adopt\u00f3 a Jes\u00fas a la luz del derecho romano, lo cual, por lo dem\u00e1s, es bien improbable, pues el derecho romano estaba destinado a sus ciudadanos y Roma en estas y otras materias reconoc\u00eda la autoridad jud\u00eda, tal y como se evidencia, por ejemplo, en el juzgamiento de Jes\u00fas en el sanedr\u00edn.<\/p>\n<p>&nbsp;<\/p>\n<p>As\u00ed que nada de que &#8220;Oh Sant\u00edsimo Jos\u00e9, esposo de Mar\u00eda y padre &#8220;adoptivo&#8221; de Jes\u00fas&#8230;&#8221;.<\/p>\n<p>Lo que debe decir el texto de la oraci\u00f3n, y lo que debe leer quien est\u00e9 al frente de su lectura, es lo siguiente:<\/p>\n<p>&#8220;Oh Sant\u00edsimo Jos\u00e9, esposo de Mar\u00eda y padre <strong>putativo<\/strong> de Jes\u00fas&#8230;&#8221;.<\/p>\n<p>&nbsp;<\/p>\n","protected":false},"excerpt":{"rendered":"<p>&nbsp; Uno de los errores que se repiten a\u00f1o tras a\u00f1o en la lectura de la Novena de Aguinaldos es el de &#8220;corregir&#8221;, en las nuevas ediciones, la expresi\u00f3n &#8220;padre putativo&#8221; remplaz\u00e1ndola por la de &#8220;padre adoptivo&#8221;, en referencia a &hellip; <a href=\"https:\/\/oscarhumbertogomez.com\/?p=6912\">Sigue leyendo <span class=\"meta-nav\">&rarr;<\/span><\/a><\/p>\n<div class='heateorSssClear'><\/div><div  class='heateor_sss_sharing_container heateor_sss_horizontal_sharing' heateor-sss-data-href='https:\/\/oscarhumbertogomez.com\/?p=6912'><div class='heateor_sss_sharing_title' style=\"font-weight:bold\" >\u00a1Gracias por compartirla!<\/div><ul class=\"heateor_sss_sharing_ul\"><li class=\"heateorSssSharingRound\"><i style=\"width:35px;height:35px;border-radius:999px;\" alt=\"Facebook\" Title=\"Facebook\" class=\"heateorSssSharing heateorSssFacebookBackground\" onclick='heateorSssPopup(\"https:\/\/www.facebook.com\/sharer\/sharer.php?u=https%3A%2F%2Foscarhumbertogomez.com%2Findex.php%3Frest_route%3D%252Fwp%252Fv2%252Fposts%252F6912\")'><ss style=\"display:block;border-radius:999px;\" class=\"heateorSssSharingSvg heateorSssFacebookSvg\"><\/ss><\/i><\/li><li class=\"heateorSssSharingRound\"><i style=\"width:35px;height:35px;border-radius:999px;\" alt=\"Twitter\" Title=\"Twitter\" class=\"heateorSssSharing heateorSssTwitterBackground\" onclick='heateorSssPopup(\"http:\/\/twitter.com\/intent\/tweet?text=Jos%C3%A9%3A%20%C2%BFpadre%20%22adoptivo%22%20o%20padre%20%22putativo%22%20de%20Jes%C3%BAs%3F%20%20Por%20%C3%93scar%20Humberto%20G%C3%B3mez%20G%C3%B3mez&url=https%3A%2F%2Foscarhumbertogomez.com%2Findex.php%3Frest_route%3D%252Fwp%252Fv2%252Fposts%252F6912\")'><ss style=\"display:block;border-radius:999px;\" class=\"heateorSssSharingSvg heateorSssTwitterSvg\"><\/ss><\/i><\/li><li class=\"heateorSssSharingRound\"><i style=\"width:35px;height:35px;border-radius:999px;\" alt=\"Whatsapp\" Title=\"Whatsapp\" class=\"heateorSssSharing heateorSssWhatsappBackground\" onclick='heateorSssPopup(\"https:\/\/web.whatsapp.com\/send?text=Jos%C3%A9%3A%20%C2%BFpadre%20%22adoptivo%22%20o%20padre%20%22putativo%22%20de%20Jes%C3%BAs%3F%20%20Por%20%C3%93scar%20Humberto%20G%C3%B3mez%20G%C3%B3mez https%3A%2F%2Foscarhumbertogomez.com%2Findex.php%3Frest_route%3D%252Fwp%252Fv2%252Fposts%252F6912\")'><ss style=\"display:block\" class=\"heateorSssSharingSvg heateorSssWhatsappSvg\"><\/ss><\/i><\/li><li class=\"heateorSssSharingRound\"><i style=\"width:35px;height:35px;border-radius:999px;\" alt=\"Pinterest\" Title=\"Pinterest\" class=\"heateorSssSharing heateorSssPinterestBackground\" onclick=\"javascript:void( (function() {var e=document.createElement('script' );e.setAttribute('type','text\/javascript' );e.setAttribute('charset','UTF-8' );e.setAttribute('src','\/\/assets.pinterest.com\/js\/pinmarklet.js?r='+Math.random()*99999999);document.body.appendChild(e)})());\"><ss style=\"display:block;border-radius:999px;\" class=\"heateorSssSharingSvg heateorSssPinterestSvg\"><\/ss><\/i><\/li><li class=\"heateorSssSharingRound\"><i style=\"width:35px;height:35px;border-radius:999px;\" alt=\"Google Gmail\" Title=\"Google Gmail\" class=\"heateorSssSharing heateorSssGoogleGmailBackground\" onclick='heateorSssPopup(\"https:\/\/mail.google.com\/mail\/?ui=2&view=cm&fs=1&tf=1&su=Jos%C3%A9%3A%20%C2%BFpadre%20%22adoptivo%22%20o%20padre%20%22putativo%22%20de%20Jes%C3%BAs%3F%20%20Por%20%C3%93scar%20Humberto%20G%C3%B3mez%20G%C3%B3mez&body=Link:https%3A%2F%2Foscarhumbertogomez.com%2Findex.php%3Frest_route%3D%252Fwp%252Fv2%252Fposts%252F6912\")'><ss style=\"display:block;border-radius:999px;\" class=\"heateorSssSharingSvg heateorSssGoogleGmailSvg\"><\/ss><\/i><\/li><li class=\"heateorSssSharingRound\"><i style=\"width:35px;height:35px;border-radius:999px;\" title=\"More\" alt=\"More\" class=\"heateorSssSharing heateorSssMoreBackground\" onclick=\"heateorSssMoreSharingPopup(this, 'https:\/\/oscarhumbertogomez.com\/index.php?rest_route=%2Fwp%2Fv2%2Fposts%2F6912', 'Jos%C3%A9%3A%20%C2%BFpadre%20%22adoptivo%22%20o%20padre%20%22putativo%22%20de%20Jes%C3%BAs%3F%20%20Por%20%C3%93scar%20Humberto%20G%C3%B3mez%20G%C3%B3mez', '' )\" ><ss style=\"display:block\" class=\"heateorSssSharingSvg heateorSssMoreSvg\"><\/ss><\/i><\/li><\/ul><div class=\"heateorSssClear\"><\/div><\/div><div class='heateorSssClear'><\/div>","protected":false},"author":2,"featured_media":0,"comment_status":"open","ping_status":"open","sticky":false,"template":"","format":"standard","meta":{"spay_email":"","footnotes":""},"categories":[12],"tags":[],"class_list":["post-6912","post","type-post","status-publish","format-standard","hentry","category-historia"],"jetpack_featured_media_url":"","jetpack_shortlink":"https:\/\/wp.me\/p1FYrr-1Nu","_links":{"self":[{"href":"https:\/\/oscarhumbertogomez.com\/index.php?rest_route=\/wp\/v2\/posts\/6912","targetHints":{"allow":["GET"]}}],"collection":[{"href":"https:\/\/oscarhumbertogomez.com\/index.php?rest_route=\/wp\/v2\/posts"}],"about":[{"href":"https:\/\/oscarhumbertogomez.com\/index.php?rest_route=\/wp\/v2\/types\/post"}],"author":[{"embeddable":true,"href":"https:\/\/oscarhumbertogomez.com\/index.php?rest_route=\/wp\/v2\/users\/2"}],"replies":[{"embeddable":true,"href":"https:\/\/oscarhumbertogomez.com\/index.php?rest_route=%2Fwp%2Fv2%2Fcomments&post=6912"}],"version-history":[{"count":5,"href":"https:\/\/oscarhumbertogomez.com\/index.php?rest_route=\/wp\/v2\/posts\/6912\/revisions"}],"predecessor-version":[{"id":52179,"href":"https:\/\/oscarhumbertogomez.com\/index.php?rest_route=\/wp\/v2\/posts\/6912\/revisions\/52179"}],"wp:attachment":[{"href":"https:\/\/oscarhumbertogomez.com\/index.php?rest_route=%2Fwp%2Fv2%2Fmedia&parent=6912"}],"wp:term":[{"taxonomy":"category","embeddable":true,"href":"https:\/\/oscarhumbertogomez.com\/index.php?rest_route=%2Fwp%2Fv2%2Fcategories&post=6912"},{"taxonomy":"post_tag","embeddable":true,"href":"https:\/\/oscarhumbertogomez.com\/index.php?rest_route=%2Fwp%2Fv2%2Ftags&post=6912"}],"curies":[{"name":"wp","href":"https:\/\/api.w.org\/{rel}","templated":true}]}}