{"id":7079,"date":"2013-01-24T10:36:40","date_gmt":"2013-01-24T15:36:40","guid":{"rendered":"http:\/\/www.oscarhumbertogomez.com\/?p=7079"},"modified":"2025-03-26T21:28:36","modified_gmt":"2025-03-27T02:28:36","slug":"creencias-fanatismo-y-violencia-por-gustavo-estrada","status":"publish","type":"post","link":"https:\/\/oscarhumbertogomez.com\/?p=7079","title":{"rendered":"Creencias, fanatismo y violencia. Por Gustavo Estrada"},"content":{"rendered":"<p><strong><span style=\"text-decoration: underline;\">NOTA DEL PORTAL<\/span>:&nbsp;Nuestro portal reproduce la columna escrita por el padre del ingeniero colombiano Carlos Estrada, v\u00edctima inocente del enfrentamiento entre un grupo terrorista y tropas del Ej\u00e9rcito de Argelia, en la que reflexiona sobre las circunstancias hist\u00f3ricas que han posibilitado el que esta clase de hechos sucedan. Aprovechamos la oportunidad para unirnos al dolor que embarga al columnista y a su distinguida y hoy atribulada familia.<\/strong><\/p>\n<p>&nbsp;<\/p>\n<div id=\"attachment_7080\" style=\"width: 576px\" class=\"wp-caption aligncenter\"><img loading=\"lazy\" decoding=\"async\" aria-describedby=\"caption-attachment-7080\" class=\"size-full wp-image-7080\" title=\"ING. CARLOS ESTRADA\" src=\"https:\/\/lapiedrafilosofal.com\/wp-content\/uploads\/2013\/01\/ING.-CARLOS-ESTRADA.jpg\" alt=\"\" width=\"566\" height=\"284\" srcset=\"https:\/\/oscarhumbertogomez.com\/wp-content\/uploads\/2013\/01\/ING.-CARLOS-ESTRADA.jpg 566w, https:\/\/oscarhumbertogomez.com\/wp-content\/uploads\/2013\/01\/ING.-CARLOS-ESTRADA-300x150.jpg 300w\" sizes=\"auto, (max-width: 566px) 100vw, 566px\" \/><p id=\"caption-attachment-7080\" class=\"wp-caption-text\">ING. CARLOS ESTRADA, PROFESIONAL COLOMBIANO ASESINADO EN ARGELIA<\/p><\/div>\n<p>&nbsp;<\/p>\n<p><strong>Creencias, fanatismo y violencia<\/strong><\/p>\n<p>Por <strong>Gustavo Estrada<\/strong><\/p>\n<p>Escribo esta nota con mi coraz\u00f3n destrozado. Mi hijo mayor muri\u00f3 en la reciente batalla entre unos terroristas que se tomaron un campo de gas en Argelia (\u00c1frica), y el ej\u00e9rcito de ese pa\u00eds que entr\u00f3 a destruirlos.<\/p>\n<p>El fanatismo islamista de esta ocasi\u00f3n fue el origen inmediato de la gran tragedia, pero las causas anteriores de su absurda conducta se pierden en la historia de las religiones y los dogmas. En toda creencia desprovista de respaldo racional se encuentran las semillas del fanatismo que, una vez germinan, engendran el conflicto y la violencia.<\/p>\n<p>El rasgo de nuestro comportamiento que no hemos logrado asimilar y, por lo tanto, no nos interesa cambiar, es la certeza que siempre tenemos acerca de nuestras propias &#8216;verdades&#8217;, las cuales en materias metaf\u00edsicas casi siempre son &#8216;reveladas&#8217;. Tal certeza, inflexible por definici\u00f3n, convierte de inmediato en herej\u00eda cualquier pensamiento que discrepe de ella y en pecado cualquier desviaci\u00f3n de sus reglas; su defensa y divulgaci\u00f3n, considerando su supuesta autenticidad y trascendencia, se vuelven obligaci\u00f3n.<\/p>\n<p>La diferencia entre el terrorismo islamista del momento y los cr\u00edmenes, recientes y remotos, de todas las fes son solo de forma e intensidad.<br \/>\nLa lista de pugnas sectarias a lo largo del tiempo es interminable.<br \/>\nAparecen all\u00ed, entre much\u00edsimas, las barbaridades de la inquisici\u00f3n cat\u00f3lica medieval, las guerras de religi\u00f3n que siguieron a la reforma protestante en Europa, los conflictos entre hinduistas y musulmanes en el norte de la India&#8230; A\u00fan las transparentes ense\u00f1anzas de Buda, una vez convertidas en dogma, han sido utilizadas para respaldar beligerancias diversas cuyo m\u00e1s reciente ejemplo es el enfrentamiento en Sri Lanka entre las mayor\u00edas budistas del Gobierno, por un lado, y las minor\u00edas hinduistas y musulmanas de la oposici\u00f3n, por el otro.<\/p>\n<p>Por supuesto que las religiones no son el \u00fanico territorio donde se trazan l\u00edneas lim\u00edtrofes y sobre el cual se aglutinan sectas aunque, eso s\u00ed, ellas conforman el dominio m\u00e1s et\u00e9reo. Pero los otros fanatismos -los nacionalistas, los raciales, los partidistas y hasta los deportivos- son tambi\u00e9n da\u00f1inos tanto para cada individuo como para toda la sociedad.<\/p>\n<p>Las atrocidades nazis, las purgas sovi\u00e9ticas y los genocidios chinos son todav\u00eda memorias recientes. Estos otros fanatismos se comportan como si fueran adhesiones religiosas, confirmadas por principios f\u00edsicos.<\/p>\n<p>Los amigos comunistas de mi ya lejana \u00e9poca universitaria sosten\u00edan que &#8220;la dial\u00e9ctica marxista es una ley natural como la gravedad&#8221;.<\/p>\n<p>En toda creencia sesgada y sectaria de cualquier \u00edndole est\u00e1 la simiente del fanatismo. La siembra de esta semilla en nuestro cerebro -sin darnos cuenta, como si fueran hierbas malas, por adhesi\u00f3n voluntaria, o por adiestramiento disciplinado- es el cultivo de la violencia que, una vez produce sus frutos tenebrosos, ser\u00e1 muy dif\u00edcil contener. El fanatismo y su consecuente odio asesinaron a mi hijo en Argelia y seguir\u00e1n segando vidas inocentes. Ning\u00fan fan\u00e1tico reconoce su irracionalidad; solo quienes carecen de creencias emotivas e infundadas son de verdad imparciales.<\/p>\n<p>El pensamiento de Krishnamurti es luz moderna de ecuanimidad. Escribe este fil\u00f3sofo hind\u00fa del siglo XX: Cuando muchas personas dicen que aman a Dios, est\u00e1n amando &#8220;a una proyecci\u00f3n de su propia imaginaci\u00f3n, una proyecci\u00f3n de s\u00ed mismos, revestida de ciertas formas de respetabilidad de acuerdo con lo que piensan que es noble y sagrado. Cuando adoran a Dios, se est\u00e1n adorando a s\u00ed mismos; esto no es amor&#8221;.<\/p>\n<p>&#8220;Se\u00f1or, hazme un instrumento de tu paz; que donde haya odio siembre yo amor&#8221;, reza una oraci\u00f3n atribuida a Francisco de As\u00eds, el santo italiano de hace casi ocho siglos. Aqu\u00ed &#8220;Se\u00f1or&#8221;, en mi admiraci\u00f3n por este poema, puede ser Dios o el Orden C\u00f3smico, Al\u00e1 o la Ley Natural, Vishn\u00fa o el subconsciente colectivo, Jehov\u00e1 o el Dhamma. Este es el mensaje de esperanza que ha brotado de mi infinita tristeza. Se puede insensatamente asesinar a nombre de un &#8216;todopoderoso&#8217; que toma partido por sus elegidos, pero no es posible matar, ni siquiera herir, cuando en nuestro coraz\u00f3n reina el amor.<\/p>\n<p>&nbsp;<\/p>\n","protected":false},"excerpt":{"rendered":"<p>NOTA DEL PORTAL:&nbsp;Nuestro portal reproduce la columna escrita por el padre del ingeniero colombiano Carlos Estrada, v\u00edctima inocente del enfrentamiento entre un grupo terrorista y tropas del Ej\u00e9rcito de Argelia, en la que reflexiona sobre las circunstancias hist\u00f3ricas que han &hellip; <a href=\"https:\/\/oscarhumbertogomez.com\/?p=7079\">Sigue leyendo <span class=\"meta-nav\">&rarr;<\/span><\/a><\/p>\n<div class='heateorSssClear'><\/div><div  class='heateor_sss_sharing_container heateor_sss_horizontal_sharing' heateor-sss-data-href='https:\/\/oscarhumbertogomez.com\/?p=7079'><div class='heateor_sss_sharing_title' style=\"font-weight:bold\" >\u00a1Gracias por compartirla!<\/div><ul class=\"heateor_sss_sharing_ul\"><li class=\"heateorSssSharingRound\"><i style=\"width:35px;height:35px;border-radius:999px;\" alt=\"Facebook\" Title=\"Facebook\" class=\"heateorSssSharing heateorSssFacebookBackground\" onclick='heateorSssPopup(\"https:\/\/www.facebook.com\/sharer\/sharer.php?u=https%3A%2F%2Foscarhumbertogomez.com%2Findex.php%3Frest_route%3D%252Fwp%252Fv2%252Fposts%252F7079\")'><ss style=\"display:block;border-radius:999px;\" class=\"heateorSssSharingSvg heateorSssFacebookSvg\"><\/ss><\/i><\/li><li class=\"heateorSssSharingRound\"><i style=\"width:35px;height:35px;border-radius:999px;\" alt=\"Twitter\" Title=\"Twitter\" class=\"heateorSssSharing heateorSssTwitterBackground\" onclick='heateorSssPopup(\"http:\/\/twitter.com\/intent\/tweet?text=Creencias%2C%20fanatismo%20y%20violencia.%20Por%20Gustavo%20Estrada&url=https%3A%2F%2Foscarhumbertogomez.com%2Findex.php%3Frest_route%3D%252Fwp%252Fv2%252Fposts%252F7079\")'><ss style=\"display:block;border-radius:999px;\" class=\"heateorSssSharingSvg heateorSssTwitterSvg\"><\/ss><\/i><\/li><li class=\"heateorSssSharingRound\"><i style=\"width:35px;height:35px;border-radius:999px;\" alt=\"Whatsapp\" Title=\"Whatsapp\" class=\"heateorSssSharing heateorSssWhatsappBackground\" onclick='heateorSssPopup(\"https:\/\/web.whatsapp.com\/send?text=Creencias%2C%20fanatismo%20y%20violencia.%20Por%20Gustavo%20Estrada https%3A%2F%2Foscarhumbertogomez.com%2Findex.php%3Frest_route%3D%252Fwp%252Fv2%252Fposts%252F7079\")'><ss style=\"display:block\" class=\"heateorSssSharingSvg heateorSssWhatsappSvg\"><\/ss><\/i><\/li><li class=\"heateorSssSharingRound\"><i style=\"width:35px;height:35px;border-radius:999px;\" alt=\"Pinterest\" Title=\"Pinterest\" class=\"heateorSssSharing heateorSssPinterestBackground\" onclick=\"javascript:void( (function() {var e=document.createElement('script' );e.setAttribute('type','text\/javascript' );e.setAttribute('charset','UTF-8' );e.setAttribute('src','\/\/assets.pinterest.com\/js\/pinmarklet.js?r='+Math.random()*99999999);document.body.appendChild(e)})());\"><ss style=\"display:block;border-radius:999px;\" class=\"heateorSssSharingSvg heateorSssPinterestSvg\"><\/ss><\/i><\/li><li class=\"heateorSssSharingRound\"><i style=\"width:35px;height:35px;border-radius:999px;\" alt=\"Google Gmail\" Title=\"Google Gmail\" class=\"heateorSssSharing heateorSssGoogleGmailBackground\" onclick='heateorSssPopup(\"https:\/\/mail.google.com\/mail\/?ui=2&view=cm&fs=1&tf=1&su=Creencias%2C%20fanatismo%20y%20violencia.%20Por%20Gustavo%20Estrada&body=Link:https%3A%2F%2Foscarhumbertogomez.com%2Findex.php%3Frest_route%3D%252Fwp%252Fv2%252Fposts%252F7079\")'><ss style=\"display:block;border-radius:999px;\" class=\"heateorSssSharingSvg heateorSssGoogleGmailSvg\"><\/ss><\/i><\/li><li class=\"heateorSssSharingRound\"><i style=\"width:35px;height:35px;border-radius:999px;\" title=\"More\" alt=\"More\" class=\"heateorSssSharing heateorSssMoreBackground\" onclick=\"heateorSssMoreSharingPopup(this, 'https:\/\/oscarhumbertogomez.com\/index.php?rest_route=%2Fwp%2Fv2%2Fposts%2F7079', 'Creencias%2C%20fanatismo%20y%20violencia.%20Por%20Gustavo%20Estrada', '' )\" ><ss style=\"display:block\" class=\"heateorSssSharingSvg heateorSssMoreSvg\"><\/ss><\/i><\/li><\/ul><div class=\"heateorSssClear\"><\/div><\/div><div class='heateorSssClear'><\/div>","protected":false},"author":2,"featured_media":0,"comment_status":"open","ping_status":"open","sticky":false,"template":"","format":"standard","meta":{"spay_email":"","footnotes":""},"categories":[6],"tags":[],"class_list":["post-7079","post","type-post","status-publish","format-standard","hentry","category-la-pluma-ajena"],"jetpack_featured_media_url":"","jetpack_shortlink":"https:\/\/wp.me\/p1FYrr-1Qb","_links":{"self":[{"href":"https:\/\/oscarhumbertogomez.com\/index.php?rest_route=\/wp\/v2\/posts\/7079","targetHints":{"allow":["GET"]}}],"collection":[{"href":"https:\/\/oscarhumbertogomez.com\/index.php?rest_route=\/wp\/v2\/posts"}],"about":[{"href":"https:\/\/oscarhumbertogomez.com\/index.php?rest_route=\/wp\/v2\/types\/post"}],"author":[{"embeddable":true,"href":"https:\/\/oscarhumbertogomez.com\/index.php?rest_route=\/wp\/v2\/users\/2"}],"replies":[{"embeddable":true,"href":"https:\/\/oscarhumbertogomez.com\/index.php?rest_route=%2Fwp%2Fv2%2Fcomments&post=7079"}],"version-history":[{"count":6,"href":"https:\/\/oscarhumbertogomez.com\/index.php?rest_route=\/wp\/v2\/posts\/7079\/revisions"}],"predecessor-version":[{"id":53047,"href":"https:\/\/oscarhumbertogomez.com\/index.php?rest_route=\/wp\/v2\/posts\/7079\/revisions\/53047"}],"wp:attachment":[{"href":"https:\/\/oscarhumbertogomez.com\/index.php?rest_route=%2Fwp%2Fv2%2Fmedia&parent=7079"}],"wp:term":[{"taxonomy":"category","embeddable":true,"href":"https:\/\/oscarhumbertogomez.com\/index.php?rest_route=%2Fwp%2Fv2%2Fcategories&post=7079"},{"taxonomy":"post_tag","embeddable":true,"href":"https:\/\/oscarhumbertogomez.com\/index.php?rest_route=%2Fwp%2Fv2%2Ftags&post=7079"}],"curies":[{"name":"wp","href":"https:\/\/api.w.org\/{rel}","templated":true}]}}