{"id":723,"date":"2011-08-03T21:38:37","date_gmt":"2011-08-04T02:38:37","guid":{"rendered":"http:\/\/www.oscarhumbertogomez.com\/?p=723"},"modified":"2025-03-31T10:15:24","modified_gmt":"2025-03-31T15:15:24","slug":"723","status":"publish","type":"post","link":"https:\/\/oscarhumbertogomez.com\/?p=723","title":{"rendered":"Colombia: entre lo fatuo y lo inmenso. Por \u00d3scar Humberto G\u00f3mez G\u00f3mez"},"content":{"rendered":"<p><img decoding=\"async\" class=\"aligncenter size-medium wp-image-731\" title=\"Doctor RODOLFO LLIN\u00c1S\" src=\"https:\/\/lapiedrafilosofal.com\/wp-content\/uploads\/2011\/08\/Doctor-RODOLFO-LLIN\u00c1S1-229x300.png\" alt=\"Doctor RODOLFO LLIN\u00c1S\" width=\"500\" height=\"\" srcset=\"https:\/\/oscarhumbertogomez.com\/wp-content\/uploads\/2011\/08\/Doctor-RODOLFO-LLIN\u00c1S1-229x300.png 229w, https:\/\/oscarhumbertogomez.com\/wp-content\/uploads\/2011\/08\/Doctor-RODOLFO-LLIN\u00c1S1-782x1024.png 782w, https:\/\/oscarhumbertogomez.com\/wp-content\/uploads\/2011\/08\/Doctor-RODOLFO-LLIN\u00c1S1.png 1000w\" sizes=\"(max-width: 229px) 100vw, 229px\" \/><\/p>\n<p>&nbsp;<\/p>\n<p>No pudo volverse m\u00e1s superficial este pa\u00eds. Ya no se habla sino de banalidades. En las escasas ocasiones en que se toca un tema serio, como el de la ciencia pol\u00edtica, que aqu\u00ed por cierto de ciencia no tiene nada, s\u00f3lo se da rienda suelta a los odios de siempre (que condujeron a este pa\u00eds a la nefasta \u00e9poca de La Violencia) o a la adulaci\u00f3n irreflexiva de siempre, de tal manera que uno ya adivina, con s\u00f3lo leer qui\u00e9n escribe y el t\u00edtulo de la columna, en qu\u00e9 sentido va la misma. Casi no encuentra uno, ni andando con <em>la linterna de Di\u00f3genes<\/em>, un periodista independiente, capaz -m\u00e1s all\u00e1 de simpat\u00edas o antipat\u00edas- de exaltar lo positivo y de cuestionar lo negativo, o de simplemente informar a la comunidad acerca de las cosas que est\u00e1n sucediendo, porque pr\u00e1cticamente todos optaron por matricularse en los &#8220;ismos&#8221; que inundaron el escenario nacional y con los cuales ahora, tambi\u00e9n con una asombrosa superficialidad, se designan pseudocorrientes del pensamiento pol\u00edtico apoyadas, no en las ideas, porque ya literalmente nadie expone ninguna, sino llana y escuetamente en la sola figura del respectivo jefe, dentro de eso que se conoce como caudillismo, vicio que tanto da\u00f1o ha causado en Colombia y en el resto del sufrido continente latinoamericano.<\/p>\n<p>As\u00ed vamos: sobrecargados de modelitos fungiendo de periodistas, mientras los verdaderos periodistas se debaten en el desempleo, o tienen que volverse productores de sus propios programas para poder sobrevivir. S\u00ed: as\u00ed vamos: d\u00e1ndole todo el eco posible a lo que nos empeque\u00f1ece como pa\u00eds y como g\u00e9nero humano, y cerr\u00e1ndole la puerta en las narices a aquello que podr\u00eda conducirnos a ser, por fin, una Naci\u00f3n decente: nuestra m\u00fasica aut\u00f3ctona, nuestra poes\u00eda, nuestra literatura, nuestras expresiones culturales, nuestra ciencia. S\u00ed, as\u00ed vamos: fomentando en la televisi\u00f3n la pasi\u00f3n malsana por todas las manifestaciones de la violencia, desde la del cobarde sicario que por una paga miserable es capaz de matar a alguien a quien ni siquiera conoce y que nada le ha hecho en la vida, hasta la del pol\u00edtico irreductible en sus odios que cada vez que abre la boca o digita en su computador vierte toda su carga de antipat\u00eda visceral contra los mismos de siempre; pasando por todas las dem\u00e1s fuentes de violencia, entre ellas esa fuente creciente de agresividad en que se convirti\u00f3 lo que ayer era el hermoso y sano deporte del f\u00fatbol. Ya no se habla sino de la \u00faltima &#8220;haza\u00f1a&#8221; de las pandillas en la que una ni\u00f1a inocente que tuvo la osad\u00eda de retozar en su casa fue  v\u00edctima de una de las tantas balas perdidas que surcan nuestros aires; de la \u00faltima arrogante exigencia de los hampones que desocuparon nuestro erario o enviaron a la tumba a nuestros paisanos -\u00fanicamente por atreverse a pensar distinto- para que se les descuente esto o aquello, o para anunciar con derroche de insolencia que ya no colaborar\u00e1n m\u00e1s con el remedo de justicia al que se han &#8220;sometido&#8221;; o de los \u00faltimos sondeos estad\u00edsticos seg\u00fan los cuales cambi\u00f3 la clasificaci\u00f3n general individual de los hombres m\u00e1s ricos del mundo, noticia imb\u00e9cil que se relata haciendo pasar ante nuestra gente desempleada y llena de hambre unos interminables fajos de billetes, fajos que frente a la inmemorial tragedia de nuestra situaci\u00f3n socioecon\u00f3mica constituyen una bofetada contra los humildes, los mismos que trabajan de sol a sol sin poder jam\u00e1s llegar a so\u00f1ar siquiera con uno de ellos.<\/p>\n<p>Por culpa de la voracidad y falta de desprendimiento de nuestros pol\u00edticos, Colombia se radicaliz\u00f3, a\u00fan m\u00e1s de lo que ya estaba. Hoy hay, incluso, programas de televisi\u00f3n, secciones de prensa o espacios de la radio dedicados, \u00fanica y exclusivamente, a difundir los odios, la maledicencia, la envidia, la acusaci\u00f3n temeraria que tantas vidas ha costado.  No acaba alguien de plantear la necesidad de un saneamiento de las costumbres pol\u00edticas o de retomar la lucha por un ma\u00f1ana m\u00e1s justo, cuando ya lo est\u00e1n sindicando irresponsablemente de terrorista. No termina alguien de hablar a favor del orden y de una mayor presencia del Estado en zonas olvidadas de la geograf\u00eda patria, cuando ya lo est\u00e1n acusando de cavernario, si no de paramilitar. O de &#8220;paraco&#8221;, que es la expresi\u00f3n de moda. Ingresen ustedes a cualquier foro de Internet: al de la revista Semana, al de El Tiempo, al que sea, y comprobar\u00e1n la veracidad de nuestro aserto.<\/p>\n<p>\u00bfUna visi\u00f3n apocal\u00edptica? De ninguna manera. Al contrario: una visi\u00f3n realista y un consecuente llamado a la reflexi\u00f3n, as\u00ed sea uno de esos llamados in\u00fatiles que hac\u00eda San Juan Bautista en los tiempos de Herodes.<\/p>\n<p>Si no, que lo diga, entonces, el Instituto Nacional de Medicina Legal y Ciencias Forenses, organismo que, seg\u00fan titular de EL TIEMPO (mi\u00e9rcoles 3 de agosto de 2011), &#8220;alerta sobre incremento de suicidio en j\u00f3venes&#8221;. O que lo diga la noticia seg\u00fan la cual &#8220;Rub\u00e9n Dar\u00edo Rodr\u00edguez, representante a la C\u00e1mara y presidente del Directorio Liberal de Ibagu\u00e9, sostuvo que &#8220;el desarrollo del Tolima le debe mucho a Santofimio&#8221;, en respuesta a la advertencia hecha por el director nacional de ese partido Rafael Pardo en el sentido de que &#8220;Es absolutamente inceptable para un candidato liberal que est\u00e9 en una reuni\u00f3n p\u00fablica y pol\u00edtica con el se\u00f1or Santofimio&#8221;, luego de recordarles que esta persona fue expulsada del Partido Liberal hace diez a\u00f1os. O que lo diga la manera desapacible como responde un expresidente de la Rep\u00fablica a los escandalosos descubrimientos de corrupci\u00f3n en el Ministerio de Agricultura, en la DIAN, en la Direcci\u00f3n Nacional de Estupefacientes, en el DAS, en el Congreso Nacional, en el Consejo Superior de la Judicatura, en fin, en todas partes, dentro de una espeluznante y vergonzosa explosi\u00f3n de podredumbre moral que c\u00ednicamente algunos pretenden minimizar con sofismas.<\/p>\n<p>Pero, a todas estas, la gran pregunta es: \u00bfHay esperanza?<\/p>\n<p>Y la respuesta es contundente: \u00a1Claro! Por supuesto que la hay: la esperanza de este pa\u00eds radica en su juventud.<\/p>\n<p>Aunque, la verdad sea dicha, no siempre la esperanza radica exclusivamente en la juventud. Tambi\u00e9n hay personas mayores que se convierten en s\u00edmbolo de esperanza: el m\u00e9dico neur\u00f3logo colombiano Rodolfo Llin\u00e1s, por ejemplo, quien este diciembre cumplir\u00e1 77 a\u00f1os de edad, est\u00e1 pr\u00f3ximo a sacudir el mundo cient\u00edfico con su descubrimiento acerca de la manera como se produce el Alzheimer y una revolucionaria terap\u00e9utica farmacol\u00f3gica que propondr\u00e1 para curar esa enfermedad, hasta hoy considerada incurable.<\/p>\n<p>Colombia podr\u00eda estarse aproximando, ahora s\u00ed de verdad, a las puertas de un segundo Premio Nobel.<\/p>\n<p>&nbsp;<\/p>\n","protected":false},"excerpt":{"rendered":"<p>&nbsp; No pudo volverse m\u00e1s superficial este pa\u00eds. Ya no se habla sino de banalidades. En las escasas ocasiones en que se toca un tema serio, como el de la ciencia pol\u00edtica, que aqu\u00ed por cierto de ciencia no tiene &hellip; <a href=\"https:\/\/oscarhumbertogomez.com\/?p=723\">Sigue leyendo <span class=\"meta-nav\">&rarr;<\/span><\/a><\/p>\n<div class='heateorSssClear'><\/div><div  class='heateor_sss_sharing_container heateor_sss_horizontal_sharing' heateor-sss-data-href='https:\/\/oscarhumbertogomez.com\/?p=723'><div class='heateor_sss_sharing_title' style=\"font-weight:bold\" >\u00a1Gracias por compartirla!<\/div><ul class=\"heateor_sss_sharing_ul\"><li class=\"heateorSssSharingRound\"><i style=\"width:35px;height:35px;border-radius:999px;\" alt=\"Facebook\" Title=\"Facebook\" class=\"heateorSssSharing heateorSssFacebookBackground\" onclick='heateorSssPopup(\"https:\/\/www.facebook.com\/sharer\/sharer.php?u=https%3A%2F%2Foscarhumbertogomez.com%2Findex.php%3Frest_route%3D%252Fwp%252Fv2%252Fposts%252F723\")'><ss style=\"display:block;border-radius:999px;\" class=\"heateorSssSharingSvg heateorSssFacebookSvg\"><\/ss><\/i><\/li><li class=\"heateorSssSharingRound\"><i style=\"width:35px;height:35px;border-radius:999px;\" alt=\"Twitter\" Title=\"Twitter\" class=\"heateorSssSharing heateorSssTwitterBackground\" onclick='heateorSssPopup(\"http:\/\/twitter.com\/intent\/tweet?text=Colombia%3A%20entre%20lo%20fatuo%20y%20lo%20inmenso.%20Por%20%C3%93scar%20Humberto%20G%C3%B3mez%20G%C3%B3mez&url=https%3A%2F%2Foscarhumbertogomez.com%2Findex.php%3Frest_route%3D%252Fwp%252Fv2%252Fposts%252F723\")'><ss style=\"display:block;border-radius:999px;\" class=\"heateorSssSharingSvg heateorSssTwitterSvg\"><\/ss><\/i><\/li><li class=\"heateorSssSharingRound\"><i style=\"width:35px;height:35px;border-radius:999px;\" alt=\"Whatsapp\" Title=\"Whatsapp\" class=\"heateorSssSharing heateorSssWhatsappBackground\" onclick='heateorSssPopup(\"https:\/\/web.whatsapp.com\/send?text=Colombia%3A%20entre%20lo%20fatuo%20y%20lo%20inmenso.%20Por%20%C3%93scar%20Humberto%20G%C3%B3mez%20G%C3%B3mez https%3A%2F%2Foscarhumbertogomez.com%2Findex.php%3Frest_route%3D%252Fwp%252Fv2%252Fposts%252F723\")'><ss style=\"display:block\" class=\"heateorSssSharingSvg heateorSssWhatsappSvg\"><\/ss><\/i><\/li><li class=\"heateorSssSharingRound\"><i style=\"width:35px;height:35px;border-radius:999px;\" alt=\"Pinterest\" Title=\"Pinterest\" class=\"heateorSssSharing heateorSssPinterestBackground\" onclick=\"javascript:void( (function() {var e=document.createElement('script' );e.setAttribute('type','text\/javascript' );e.setAttribute('charset','UTF-8' );e.setAttribute('src','\/\/assets.pinterest.com\/js\/pinmarklet.js?r='+Math.random()*99999999);document.body.appendChild(e)})());\"><ss style=\"display:block;border-radius:999px;\" class=\"heateorSssSharingSvg heateorSssPinterestSvg\"><\/ss><\/i><\/li><li class=\"heateorSssSharingRound\"><i style=\"width:35px;height:35px;border-radius:999px;\" alt=\"Google Gmail\" Title=\"Google Gmail\" class=\"heateorSssSharing heateorSssGoogleGmailBackground\" onclick='heateorSssPopup(\"https:\/\/mail.google.com\/mail\/?ui=2&view=cm&fs=1&tf=1&su=Colombia%3A%20entre%20lo%20fatuo%20y%20lo%20inmenso.%20Por%20%C3%93scar%20Humberto%20G%C3%B3mez%20G%C3%B3mez&body=Link:https%3A%2F%2Foscarhumbertogomez.com%2Findex.php%3Frest_route%3D%252Fwp%252Fv2%252Fposts%252F723\")'><ss style=\"display:block;border-radius:999px;\" class=\"heateorSssSharingSvg heateorSssGoogleGmailSvg\"><\/ss><\/i><\/li><li class=\"heateorSssSharingRound\"><i style=\"width:35px;height:35px;border-radius:999px;\" title=\"More\" alt=\"More\" class=\"heateorSssSharing heateorSssMoreBackground\" onclick=\"heateorSssMoreSharingPopup(this, 'https:\/\/oscarhumbertogomez.com\/index.php?rest_route=%2Fwp%2Fv2%2Fposts%2F723', 'Colombia%3A%20entre%20lo%20fatuo%20y%20lo%20inmenso.%20Por%20%C3%93scar%20Humberto%20G%C3%B3mez%20G%C3%B3mez', '' )\" ><ss style=\"display:block\" class=\"heateorSssSharingSvg heateorSssMoreSvg\"><\/ss><\/i><\/li><\/ul><div class=\"heateorSssClear\"><\/div><\/div><div class='heateorSssClear'><\/div>","protected":false},"author":2,"featured_media":0,"comment_status":"closed","ping_status":"closed","sticky":false,"template":"","format":"standard","meta":{"spay_email":"","footnotes":""},"categories":[1],"tags":[],"class_list":["post-723","post","type-post","status-publish","format-standard","hentry","category-blog"],"jetpack_featured_media_url":"","jetpack_shortlink":"https:\/\/wp.me\/s1FYrr-723","_links":{"self":[{"href":"https:\/\/oscarhumbertogomez.com\/index.php?rest_route=\/wp\/v2\/posts\/723","targetHints":{"allow":["GET"]}}],"collection":[{"href":"https:\/\/oscarhumbertogomez.com\/index.php?rest_route=\/wp\/v2\/posts"}],"about":[{"href":"https:\/\/oscarhumbertogomez.com\/index.php?rest_route=\/wp\/v2\/types\/post"}],"author":[{"embeddable":true,"href":"https:\/\/oscarhumbertogomez.com\/index.php?rest_route=\/wp\/v2\/users\/2"}],"replies":[{"embeddable":true,"href":"https:\/\/oscarhumbertogomez.com\/index.php?rest_route=%2Fwp%2Fv2%2Fcomments&post=723"}],"version-history":[{"count":5,"href":"https:\/\/oscarhumbertogomez.com\/index.php?rest_route=\/wp\/v2\/posts\/723\/revisions"}],"predecessor-version":[{"id":53328,"href":"https:\/\/oscarhumbertogomez.com\/index.php?rest_route=\/wp\/v2\/posts\/723\/revisions\/53328"}],"wp:attachment":[{"href":"https:\/\/oscarhumbertogomez.com\/index.php?rest_route=%2Fwp%2Fv2%2Fmedia&parent=723"}],"wp:term":[{"taxonomy":"category","embeddable":true,"href":"https:\/\/oscarhumbertogomez.com\/index.php?rest_route=%2Fwp%2Fv2%2Fcategories&post=723"},{"taxonomy":"post_tag","embeddable":true,"href":"https:\/\/oscarhumbertogomez.com\/index.php?rest_route=%2Fwp%2Fv2%2Ftags&post=723"}],"curies":[{"name":"wp","href":"https:\/\/api.w.org\/{rel}","templated":true}]}}