{"id":7259,"date":"2013-02-09T11:16:49","date_gmt":"2013-02-09T16:16:49","guid":{"rendered":"http:\/\/www.oscarhumbertogomez.com\/?p=7259"},"modified":"2024-10-20T08:54:46","modified_gmt":"2024-10-20T13:54:46","slug":"feliz-dia-nacional-del-periodista-por-oscar-humberto-gomez-gomez","status":"publish","type":"post","link":"https:\/\/oscarhumbertogomez.com\/?p=7259","title":{"rendered":"\u00a1FELIZ D\u00cdA NACIONAL DEL PERIODISTA! Por \u00d3scar Humberto G\u00f3mez G\u00f3mez"},"content":{"rendered":"<div id=\"attachment_25273\" style=\"width: 650px\" class=\"wp-caption alignnone\"><a href=\"https:\/\/lapiedrafilosofal.com\/wp-content\/uploads\/2011\/07\/NARINO-EN-LA-IMPRENTA-1920-Anonimo.jpg\"><img loading=\"lazy\" decoding=\"async\" aria-describedby=\"caption-attachment-25273\" class=\"size-large wp-image-25273\" src=\"https:\/\/lapiedrafilosofal.com\/wp-content\/uploads\/2011\/07\/NARINO-EN-LA-IMPRENTA-1920-Anonimo-1024x731.jpg\" alt=\"\" width=\"640\" height=\"457\" srcset=\"https:\/\/oscarhumbertogomez.com\/wp-content\/uploads\/2011\/07\/NARINO-EN-LA-IMPRENTA-1920-Anonimo-1024x731.jpg 1024w, https:\/\/oscarhumbertogomez.com\/wp-content\/uploads\/2011\/07\/NARINO-EN-LA-IMPRENTA-1920-Anonimo-300x214.jpg 300w, https:\/\/oscarhumbertogomez.com\/wp-content\/uploads\/2011\/07\/NARINO-EN-LA-IMPRENTA-1920-Anonimo-768x548.jpg 768w, https:\/\/oscarhumbertogomez.com\/wp-content\/uploads\/2011\/07\/NARINO-EN-LA-IMPRENTA-1920-Anonimo.jpg 1920w\" sizes=\"auto, (max-width: 640px) 100vw, 640px\" \/><\/a><p id=\"caption-attachment-25273\" class=\"wp-caption-text\">ANTONIO NARI\u00d1O EN LA IMPRENTA. (1920). An\u00f3nimo.<\/p><\/div>\n<p>&nbsp;<\/p>\n<p>\u00bfSe hubieran conocido los pormenores de la vida de Jesucristo, si los evangelistas no se hubieran puesto en la tarea de relatarlos?<\/p>\n<p>\u00bfSe hubiesen conocido los rasgos de la personalidad de Sim\u00f3n Bol\u00edvar y sus interioridades, si su edec\u00e1n Luis Per\u00fa Delacroix no los hubiera ido copiando en lo que despu\u00e9s vino a constituir el <em>Diario de Bucaramanga<\/em>?<\/p>\n<p>\u00bfSe hubiese sabido de la Insurrecci\u00f3n de los Comuneros, de la gran marcha a Santa Fe, de las capitulaciones de Zipaquir\u00e1 y del apresamiento y ejecuci\u00f3n de cuatro de sus l\u00edderes, si Manuel Anc\u00edzar no hubiera registrado esos acontecimientos en su&nbsp;<em>Peregrinaci\u00f3n de Alpha<\/em>?<\/p>\n<p>\u00bfHubi\u00e9ramos conocido lo mismo que conocemos del Imperio Romano y de sus costumbres decadentes, de las org\u00edas y de la sangre de los gladiadores en su circo, sin la pluma de Suetonio?<\/p>\n<p>El que haya habido, y haya hoy en d\u00eda, hombres y mujeres, a lo largo del mundo y de los tiempos, que han sentido como suyo el oficio de relatar lo que va sucediendo a su alrededor, es lo que ha permitido que el mundo haya podido reconstruir m\u00e1s tarde su devenir hist\u00f3rico.<\/p>\n<p>&nbsp;<\/p>\n<div id=\"attachment_25273\" style=\"width: 650px\" class=\"wp-caption alignnone\"><a href=\"https:\/\/lapiedrafilosofal.com\/wp-content\/uploads\/2011\/07\/NARINO-EN-LA-IMPRENTA-1920-Anonimo.jpg\"><img loading=\"lazy\" decoding=\"async\" aria-describedby=\"caption-attachment-25273\" class=\"size-large wp-image-25273\" src=\"https:\/\/lapiedrafilosofal.com\/wp-content\/uploads\/2011\/07\/NARINO-EN-LA-IMPRENTA-1920-Anonimo-1024x731.jpg\" alt=\"\" width=\"640\" height=\"457\" srcset=\"https:\/\/oscarhumbertogomez.com\/wp-content\/uploads\/2011\/07\/NARINO-EN-LA-IMPRENTA-1920-Anonimo-1024x731.jpg 1024w, https:\/\/oscarhumbertogomez.com\/wp-content\/uploads\/2011\/07\/NARINO-EN-LA-IMPRENTA-1920-Anonimo-300x214.jpg 300w, https:\/\/oscarhumbertogomez.com\/wp-content\/uploads\/2011\/07\/NARINO-EN-LA-IMPRENTA-1920-Anonimo-768x548.jpg 768w, https:\/\/oscarhumbertogomez.com\/wp-content\/uploads\/2011\/07\/NARINO-EN-LA-IMPRENTA-1920-Anonimo.jpg 1920w\" sizes=\"auto, (max-width: 640px) 100vw, 640px\" \/><\/a><p id=\"caption-attachment-25273\" class=\"wp-caption-text\">ANTONIO NARI\u00d1O EN LA IMPRENTA. (1920). An\u00f3nimo.<\/p><\/div>\n<p>&nbsp;<\/p>\n<p>El periodista es un valioso auxiliar del historiador. &nbsp;Es el historiador del d\u00eda a d\u00eda. Es el que narra hoy lo que ser\u00e1 memoria hist\u00f3rica ma\u00f1ana. El periodista escribe o relata oralmente la historia a medida que ella va sucediendo. El periodista tambi\u00e9n hace la historia.<\/p>\n<p>Hoy, s\u00e1bado 9 de febrero, es el D\u00eda Nacional del Periodista. &nbsp;Aunque hay otra fecha de conmemoraci\u00f3n oficial. Eso no es, en \u00faltimas, relevante.<\/p>\n<p>S\u00ed lo es, en cambio, el hecho de que el periodismo colombiano ha tenido que abrirse paso a codazo limpio entre una mara\u00f1a de obst\u00e1culos que pretenden impedir su libre ejercicio.<\/p>\n<p>&nbsp;<\/p>\n<div id=\"attachment_25273\" style=\"width: 650px\" class=\"wp-caption alignnone\"><a href=\"https:\/\/lapiedrafilosofal.com\/wp-content\/uploads\/2011\/07\/NARINO-EN-LA-IMPRENTA-1920-Anonimo.jpg\"><img loading=\"lazy\" decoding=\"async\" aria-describedby=\"caption-attachment-25273\" class=\"size-large wp-image-25273\" src=\"https:\/\/lapiedrafilosofal.com\/wp-content\/uploads\/2011\/07\/NARINO-EN-LA-IMPRENTA-1920-Anonimo-1024x731.jpg\" alt=\"\" width=\"640\" height=\"457\" srcset=\"https:\/\/oscarhumbertogomez.com\/wp-content\/uploads\/2011\/07\/NARINO-EN-LA-IMPRENTA-1920-Anonimo-1024x731.jpg 1024w, https:\/\/oscarhumbertogomez.com\/wp-content\/uploads\/2011\/07\/NARINO-EN-LA-IMPRENTA-1920-Anonimo-300x214.jpg 300w, https:\/\/oscarhumbertogomez.com\/wp-content\/uploads\/2011\/07\/NARINO-EN-LA-IMPRENTA-1920-Anonimo-768x548.jpg 768w, https:\/\/oscarhumbertogomez.com\/wp-content\/uploads\/2011\/07\/NARINO-EN-LA-IMPRENTA-1920-Anonimo.jpg 1920w\" sizes=\"auto, (max-width: 640px) 100vw, 640px\" \/><\/a><p id=\"caption-attachment-25273\" class=\"wp-caption-text\">ANTONIO NARI\u00d1O EN LA IMPRENTA. (1920). An\u00f3nimo.<\/p><\/div>\n<p>&nbsp;<\/p>\n<p>Las presiones no son s\u00f3lo econ\u00f3micas: &#8221; <em>Usted no se mete conmigo, o le quito la pauta<\/em>&#8220;. [S\u00ed, la pauta. La oficial, que no deber\u00eda estar al vaiv\u00e9n de los gustos o caprichos de los funcionarios p\u00fablicos, porque, en \u00faltimas, no es dinero de ellos, sino de todos nosotros. O la publicitaria privada, con que se ahog\u00f3, pongamos por caso, a El Espectador, hace algunos a\u00f1os]. Son tambi\u00e9n de otro orden: &#8220;<em>O le pongo una bomba en sus instalaciones<\/em>&#8220;, como les pas\u00f3 a El Colombiano, a El Espectador o a Vanguardia Liberal. &#8220;<em>O cancelo la suscripci\u00f3n<\/em>&#8220;, como hizo al final cierto director corrupto de una instituci\u00f3n estatal despu\u00e9s de haber anunciado inicialmente que denunciar\u00eda por calumnia al medio que lo hab\u00eda puesto en la picota p\u00fablica de la portada. &#8220;<em>O lo mato<\/em>&#8220;, como ha ocurrido tantas veces, en esta sociedad en la que el respeto por la vida no se ha podido todav\u00eda aquilatar como derecho a pesar de tantos enunciados constitucionales. &nbsp;Incluso: &#8220;<em>O la violo<\/em>&#8220;, como acaeci\u00f3 con una distinguida y valerosa periodista de El Tiempo, violaci\u00f3n que, por supuesto, no la hizo quedar mal a ella (porque la mujer violada jam\u00e1s queda mal), sino a sus violadores (que son los que siempre quedan mal, quedan retratados como lo que son). Por estas calendas ha comenzado a emerger otra forma de amedrentar al periodista: la denuncia penal. Que no es sino la amenaza de hacerlo ir a parar, con todo y su libreta de apuntes o su peque\u00f1a grabadora, a una mazmorra.<\/p>\n<p>&nbsp;<\/p>\n<div id=\"attachment_25273\" style=\"width: 650px\" class=\"wp-caption alignnone\"><a href=\"https:\/\/lapiedrafilosofal.com\/wp-content\/uploads\/2011\/07\/NARINO-EN-LA-IMPRENTA-1920-Anonimo.jpg\"><img loading=\"lazy\" decoding=\"async\" aria-describedby=\"caption-attachment-25273\" class=\"size-large wp-image-25273\" src=\"https:\/\/lapiedrafilosofal.com\/wp-content\/uploads\/2011\/07\/NARINO-EN-LA-IMPRENTA-1920-Anonimo-1024x731.jpg\" alt=\"\" width=\"640\" height=\"457\" srcset=\"https:\/\/oscarhumbertogomez.com\/wp-content\/uploads\/2011\/07\/NARINO-EN-LA-IMPRENTA-1920-Anonimo-1024x731.jpg 1024w, https:\/\/oscarhumbertogomez.com\/wp-content\/uploads\/2011\/07\/NARINO-EN-LA-IMPRENTA-1920-Anonimo-300x214.jpg 300w, https:\/\/oscarhumbertogomez.com\/wp-content\/uploads\/2011\/07\/NARINO-EN-LA-IMPRENTA-1920-Anonimo-768x548.jpg 768w, https:\/\/oscarhumbertogomez.com\/wp-content\/uploads\/2011\/07\/NARINO-EN-LA-IMPRENTA-1920-Anonimo.jpg 1920w\" sizes=\"auto, (max-width: 640px) 100vw, 640px\" \/><\/a><p id=\"caption-attachment-25273\" class=\"wp-caption-text\">ANTONIO NARI\u00d1O EN LA IMPRENTA. (1920). An\u00f3nimo.<\/p><\/div>\n<p>&nbsp;<\/p>\n<p>En la fragilidad de nuestra memoria permanecen los periodistas que hemos conocido, que han honrado ese noble oficio por estas tierras, que nos han ayudado en la divulgaci\u00f3n de nuestros sue\u00f1os y de nuestros logros, algunos de ellos ya en la presencia sempiterna, en la Gloria del Gran Arquitecto del Universo, otros a\u00fan aqu\u00ed en la Tierra, en su tierra, en la brega diaria.<\/p>\n<p>\u00a1Feliz D\u00eda Nacional del Periodista!<\/p>\n<p>&nbsp;<\/p>\n","protected":false},"excerpt":{"rendered":"<p>&nbsp; \u00bfSe hubieran conocido los pormenores de la vida de Jesucristo, si los evangelistas no se hubieran puesto en la tarea de relatarlos? \u00bfSe hubiesen conocido los rasgos de la personalidad de Sim\u00f3n Bol\u00edvar y sus interioridades, si su edec\u00e1n &hellip; <a href=\"https:\/\/oscarhumbertogomez.com\/?p=7259\">Sigue leyendo <span class=\"meta-nav\">&rarr;<\/span><\/a><\/p>\n<div class='heateorSssClear'><\/div><div  class='heateor_sss_sharing_container heateor_sss_horizontal_sharing' heateor-sss-data-href='https:\/\/oscarhumbertogomez.com\/?p=7259'><div class='heateor_sss_sharing_title' style=\"font-weight:bold\" >\u00a1Gracias por compartirla!<\/div><ul class=\"heateor_sss_sharing_ul\"><li class=\"heateorSssSharingRound\"><i style=\"width:35px;height:35px;border-radius:999px;\" alt=\"Facebook\" Title=\"Facebook\" class=\"heateorSssSharing heateorSssFacebookBackground\" onclick='heateorSssPopup(\"https:\/\/www.facebook.com\/sharer\/sharer.php?u=https%3A%2F%2Foscarhumbertogomez.com%2Findex.php%3Frest_route%3D%252Fwp%252Fv2%252Fposts%252F7259\")'><ss style=\"display:block;border-radius:999px;\" class=\"heateorSssSharingSvg heateorSssFacebookSvg\"><\/ss><\/i><\/li><li class=\"heateorSssSharingRound\"><i style=\"width:35px;height:35px;border-radius:999px;\" alt=\"Twitter\" Title=\"Twitter\" class=\"heateorSssSharing heateorSssTwitterBackground\" onclick='heateorSssPopup(\"http:\/\/twitter.com\/intent\/tweet?text=%C2%A1FELIZ%20D%C3%8DA%20NACIONAL%20DEL%20PERIODISTA%21%20Por%20%C3%93scar%20Humberto%20G%C3%B3mez%20G%C3%B3mez&url=https%3A%2F%2Foscarhumbertogomez.com%2Findex.php%3Frest_route%3D%252Fwp%252Fv2%252Fposts%252F7259\")'><ss style=\"display:block;border-radius:999px;\" class=\"heateorSssSharingSvg heateorSssTwitterSvg\"><\/ss><\/i><\/li><li class=\"heateorSssSharingRound\"><i style=\"width:35px;height:35px;border-radius:999px;\" alt=\"Whatsapp\" Title=\"Whatsapp\" class=\"heateorSssSharing heateorSssWhatsappBackground\" onclick='heateorSssPopup(\"https:\/\/web.whatsapp.com\/send?text=%C2%A1FELIZ%20D%C3%8DA%20NACIONAL%20DEL%20PERIODISTA%21%20Por%20%C3%93scar%20Humberto%20G%C3%B3mez%20G%C3%B3mez https%3A%2F%2Foscarhumbertogomez.com%2Findex.php%3Frest_route%3D%252Fwp%252Fv2%252Fposts%252F7259\")'><ss style=\"display:block\" class=\"heateorSssSharingSvg heateorSssWhatsappSvg\"><\/ss><\/i><\/li><li class=\"heateorSssSharingRound\"><i style=\"width:35px;height:35px;border-radius:999px;\" alt=\"Pinterest\" Title=\"Pinterest\" class=\"heateorSssSharing heateorSssPinterestBackground\" onclick=\"javascript:void( (function() {var e=document.createElement('script' );e.setAttribute('type','text\/javascript' );e.setAttribute('charset','UTF-8' );e.setAttribute('src','\/\/assets.pinterest.com\/js\/pinmarklet.js?r='+Math.random()*99999999);document.body.appendChild(e)})());\"><ss style=\"display:block;border-radius:999px;\" class=\"heateorSssSharingSvg heateorSssPinterestSvg\"><\/ss><\/i><\/li><li class=\"heateorSssSharingRound\"><i style=\"width:35px;height:35px;border-radius:999px;\" alt=\"Google Gmail\" Title=\"Google Gmail\" class=\"heateorSssSharing heateorSssGoogleGmailBackground\" onclick='heateorSssPopup(\"https:\/\/mail.google.com\/mail\/?ui=2&view=cm&fs=1&tf=1&su=%C2%A1FELIZ%20D%C3%8DA%20NACIONAL%20DEL%20PERIODISTA%21%20Por%20%C3%93scar%20Humberto%20G%C3%B3mez%20G%C3%B3mez&body=Link:https%3A%2F%2Foscarhumbertogomez.com%2Findex.php%3Frest_route%3D%252Fwp%252Fv2%252Fposts%252F7259\")'><ss style=\"display:block;border-radius:999px;\" class=\"heateorSssSharingSvg heateorSssGoogleGmailSvg\"><\/ss><\/i><\/li><li class=\"heateorSssSharingRound\"><i style=\"width:35px;height:35px;border-radius:999px;\" title=\"More\" alt=\"More\" class=\"heateorSssSharing heateorSssMoreBackground\" onclick=\"heateorSssMoreSharingPopup(this, 'https:\/\/oscarhumbertogomez.com\/index.php?rest_route=%2Fwp%2Fv2%2Fposts%2F7259', '%C2%A1FELIZ%20D%C3%8DA%20NACIONAL%20DEL%20PERIODISTA%21%20Por%20%C3%93scar%20Humberto%20G%C3%B3mez%20G%C3%B3mez', '' )\" ><ss style=\"display:block\" class=\"heateorSssSharingSvg heateorSssMoreSvg\"><\/ss><\/i><\/li><\/ul><div class=\"heateorSssClear\"><\/div><\/div><div class='heateorSssClear'><\/div>","protected":false},"author":2,"featured_media":0,"comment_status":"closed","ping_status":"closed","sticky":false,"template":"","format":"standard","meta":{"spay_email":"","footnotes":""},"categories":[11],"tags":[],"class_list":["post-7259","post","type-post","status-publish","format-standard","hentry","category-periodismo"],"jetpack_featured_media_url":"","jetpack_shortlink":"https:\/\/wp.me\/p1FYrr-1T5","_links":{"self":[{"href":"https:\/\/oscarhumbertogomez.com\/index.php?rest_route=\/wp\/v2\/posts\/7259","targetHints":{"allow":["GET"]}}],"collection":[{"href":"https:\/\/oscarhumbertogomez.com\/index.php?rest_route=\/wp\/v2\/posts"}],"about":[{"href":"https:\/\/oscarhumbertogomez.com\/index.php?rest_route=\/wp\/v2\/types\/post"}],"author":[{"embeddable":true,"href":"https:\/\/oscarhumbertogomez.com\/index.php?rest_route=\/wp\/v2\/users\/2"}],"replies":[{"embeddable":true,"href":"https:\/\/oscarhumbertogomez.com\/index.php?rest_route=%2Fwp%2Fv2%2Fcomments&post=7259"}],"version-history":[{"count":5,"href":"https:\/\/oscarhumbertogomez.com\/index.php?rest_route=\/wp\/v2\/posts\/7259\/revisions"}],"predecessor-version":[{"id":48767,"href":"https:\/\/oscarhumbertogomez.com\/index.php?rest_route=\/wp\/v2\/posts\/7259\/revisions\/48767"}],"wp:attachment":[{"href":"https:\/\/oscarhumbertogomez.com\/index.php?rest_route=%2Fwp%2Fv2%2Fmedia&parent=7259"}],"wp:term":[{"taxonomy":"category","embeddable":true,"href":"https:\/\/oscarhumbertogomez.com\/index.php?rest_route=%2Fwp%2Fv2%2Fcategories&post=7259"},{"taxonomy":"post_tag","embeddable":true,"href":"https:\/\/oscarhumbertogomez.com\/index.php?rest_route=%2Fwp%2Fv2%2Ftags&post=7259"}],"curies":[{"name":"wp","href":"https:\/\/api.w.org\/{rel}","templated":true}]}}