{"id":7344,"date":"2013-02-18T13:00:13","date_gmt":"2013-02-18T18:00:13","guid":{"rendered":"http:\/\/www.oscarhumbertogomez.com\/?p=7344"},"modified":"2025-04-02T10:56:32","modified_gmt":"2025-04-02T15:56:32","slug":"fallecio-el-senor-ex-alcalde-de-bucaramanga-ingeniero-eduardo-remolina-ordonez-por-oscar-humberto-gomez-gomez","status":"publish","type":"post","link":"https:\/\/oscarhumbertogomez.com\/?p=7344","title":{"rendered":"Falleci\u00f3 el se\u00f1or exalcalde de Bucaramanga ingeniero Eduardo Remolina Ord\u00f3\u00f1ez.  Por \u00d3scar Humberto G\u00f3mez G\u00f3mez"},"content":{"rendered":"<div id=\"attachment_7345\" style=\"width: 610px\" class=\"wp-caption aligncenter\"><img loading=\"lazy\" decoding=\"async\" aria-describedby=\"caption-attachment-7345\" class=\"size-full wp-image-7345\" title=\"EDUARDO REMOLINA\" src=\"https:\/\/lapiedrafilosofal.com\/wp-content\/uploads\/2013\/02\/EDUARDO-REMOLINA.jpg\" alt=\"\" width=\"600\" height=\"400\" srcset=\"https:\/\/oscarhumbertogomez.com\/wp-content\/uploads\/2013\/02\/EDUARDO-REMOLINA.jpg 600w, https:\/\/oscarhumbertogomez.com\/wp-content\/uploads\/2013\/02\/EDUARDO-REMOLINA-300x200.jpg 300w\" sizes=\"auto, (max-width: 600px) 100vw, 600px\" \/><p id=\"caption-attachment-7345\" class=\"wp-caption-text\">DR. EDUARDO REMOLINA ORD\u00d3\u00d1EZ, ALCALDE DE BUCARAMANGA DURANTE LA GOBERNACI\u00d3N DEL DR. LUIS ARDILA CASAMITJANA, M.D.<\/p><\/div>\n<p>&nbsp;<\/p>\n<p>En estos tiempos de desaz\u00f3n y turbulencia, en los que nadie respeta a nadie, el ingeniero Eduardo Remolina Ord\u00f3\u00f1ez tuvo que afrontar ese ir y venir de oficina en oficina, de ventanilla en ventanilla, de evasiva en evasiva, de indolencia en indolencia, de ineptitud en ineptitud, en fin, ese ir y venir de manoseo en manoseo, que tienen que afrontar quienes en este pa\u00eds se ven abocados a buscar justicia.<\/p>\n<p>Lo afectaba, cuando lleg\u00f3 una tarde cualquiera a mi oficina en busca de orientaci\u00f3n, un enrevesado problema suscitado con un predio que, sencilla y llanamente, era suyo.<\/p>\n<p>Que era suyo, para su desdicha, en un pa\u00eds en el que se permite que la ley, los procedimientos administrativos y judiciales, y las conquistas que el derecho significa para el avance de la civilizaci\u00f3n, los utilice cualquier r\u00e1bula para obstruirles a los dem\u00e1s el disfrute y el libre ejercicio de lo que han adquirido limpiamente.<\/p>\n<p>Luego de escucharle con atenci\u00f3n su calvario, no me pareci\u00f3 correcto que alguien que hab\u00eda sido el alcalde de Bucaramanga, mi ciudad natal, en los principios de la d\u00e9cada de los a\u00f1os 80, cuya presencia se sent\u00eda en obras que hoy constitu\u00edan parte integral de nuestro paisaje comarcano, y a quien se le recordaba como un funcionario honrado y decente, de esos que no salen de sus despachos oficiales con rumbo hacia la c\u00e1rcel, ni de quienes nadie -excepto un embustero atrevido- ser\u00eda capaz de decir que se enriqueci\u00f3 con los dineros p\u00fablicos, se encontrara sumido en la desesperanza, a pesar del voluminoso fajo de documentos que me exhib\u00eda como respaldo probatorio de que era \u00e9l quien ten\u00eda la raz\u00f3n, aunque nadie quer\u00eda d\u00e1rsela. Por eso, luego de precisarle que su asunto no encajaba dentro del \u00e1rea del derecho a la que le he dedicado casi toda mi vida profesional, le aconsej\u00e9 que no persistiera en manejar ese berenjenal \u00e9l solo (tozudez tan propia de todo ingeniero que se respete), porque \u00e9l no ten\u00eda por qu\u00e9 someterse a que lo manoseara cualquier empleada venida a m\u00e1s, de esas que, para nuestra desgracia, llegan a los cargos estatales solamente a vegetar y a irse aproximando, lenta e imperceptiblemente, a su inmerecida pensi\u00f3n de jubilaci\u00f3n.<\/p>\n<p>Este consejo emergi\u00f3, de manera muy especial, de la an\u00e9cdota que me cont\u00f3 acerca de la displicencia con que, durante su peregrinar, lo hab\u00eda tratado una empleada de la alcald\u00eda municipal de Bucaramanga, de esa misma alcald\u00eda de la cual hab\u00eda sido titular a\u00f1os antes.<\/p>\n<p>Tiempo despu\u00e9s, me reencontr\u00e9 con \u00e9l en la Casa de Bol\u00edvar, durante una sesi\u00f3n especial de la Academia de Historia de Santander, y me cont\u00f3 que hab\u00eda seguido mi consejo y que su reclamaci\u00f3n ya estaba en las manos del jurista cuyo nombre, igualmente, yo le hab\u00eda sugerido.<\/p>\n<p>Graduado de ingeniero en la Universidad Javeriana, Eduardo Remolina Ord\u00f3\u00f1ez curs\u00f3 sus estudios de postgrado en la Universidad de Iowa (Estados Unidos de Am\u00e9rica), donde obtuvo el t\u00edtulo de mag\u00edster en ingenier\u00eda.<\/p>\n<p>Hoy he sabido que acaba de morir.<\/p>\n<p>El ingeniero civil santandereano Eduardo Remolina Ord\u00f3\u00f1ez, quien, entre otras grandes obras de capital significaci\u00f3n que llevan la impronta de su dinamismo, en 1982 posibilit\u00f3 que finalmente fuera una realidad la actual sede de la Biblioteca P\u00fablica Municipal Gabriel Turbay, ha partido a sus 69 a\u00f1os de edad.<\/p>\n<p>En la que ser\u00eda una de sus \u00faltimas actuaciones p\u00fablicas, en el 2011 lo vi formando parte de un naciente movimiento c\u00edvico que propugnar\u00eda por el destierro del &#8220;todo vale&#8221; de nuestra pol\u00edtica regional y en el cual descollaban, entre otros, la Sociedad Santandereana de Ingenieros, la Sociedad de Mejoras P\u00fablicas, el arquitecto Carlos Virviescas Pinz\u00f3n, el abogado y columnista Eduardo Mu\u00f1oz Serpa, el m\u00e9dico y columnista Jaime Calder\u00f3n Herrera, el m\u00e9dico y columnista Donaldo Ortiz Latorre, el ecologista y columnista Jairo Puente Brug\u00e9s, el empresario y ecologista Orlando Beltr\u00e1n Quesada, el historiador y periodista Edmundo Gavassa Villamizar, el ingeniero e historiador Miguel Jos\u00e9 Pinilla Guti\u00e9rrez, el ingeniero, librero y gestor cultural Luis \u00c1lvaro Mej\u00eda Arg\u00fcello, el catedr\u00e1tico Gabriel Latorre, la columnista Christhianne Lelievre y el conferenciante Christian Arg\u00fcello.<\/p>\n<p>Egresado, como yo, del glorioso Colegio Santander, estaba casado con mi cercana compa\u00f1era de universidad Dra. Mar\u00eda Beatriz Adela Pulido Lamus, quien hasta hace poco se desempe\u00f1\u00f3, con lujo de competencia, como Asesora Jur\u00eddica de la Gobernaci\u00f3n de Santander, donde siempre me recibi\u00f3 y atendi\u00f3 con la simpat\u00eda, la calidez y el aprecio con que me honr\u00f3 durante nuestra vida estudiantil en la Universidad Aut\u00f3noma de Bucaramanga.<\/p>\n<p>A mi entra\u00f1able compa\u00f1era de estudios, a sus hijos Carlos Eduardo y Juan Pablo, y a todos los miembros de su distinguida familia y de la distinguida familia del ilustre profesional de la ingenier\u00eda que hoy nos deja, les hago llegar mi abrazo de condolencia en esta hora luctuosa, y, como siempre, apelo a la solidez de nuestras convicciones sobre aquellas cosas en las que siempre hemos cre\u00eddo, para que sea nuestro buen Hacedor quien les prodigue la fortaleza necesaria y los exhorte, con sus bendiciones, a seguir adelante por el camino de trabajo y honestidad que su esposo, padre y consangu\u00edneo les se\u00f1al\u00f3 con su ejemplo.<\/p>\n<p>Por aqu\u00ed se te quiere, Mar\u00eda Adela. Y se les quiere a los tuyos.<\/p>\n<p>&nbsp;<\/p>\n","protected":false},"excerpt":{"rendered":"<p>&nbsp; En estos tiempos de desaz\u00f3n y turbulencia, en los que nadie respeta a nadie, el ingeniero Eduardo Remolina Ord\u00f3\u00f1ez tuvo que afrontar ese ir y venir de oficina en oficina, de ventanilla en ventanilla, de evasiva en evasiva, de &hellip; <a href=\"https:\/\/oscarhumbertogomez.com\/?p=7344\">Sigue leyendo <span class=\"meta-nav\">&rarr;<\/span><\/a><\/p>\n<div class='heateorSssClear'><\/div><div  class='heateor_sss_sharing_container heateor_sss_horizontal_sharing' heateor-sss-data-href='https:\/\/oscarhumbertogomez.com\/?p=7344'><div class='heateor_sss_sharing_title' style=\"font-weight:bold\" >\u00a1Gracias por compartirla!<\/div><ul class=\"heateor_sss_sharing_ul\"><li class=\"heateorSssSharingRound\"><i style=\"width:35px;height:35px;border-radius:999px;\" alt=\"Facebook\" Title=\"Facebook\" class=\"heateorSssSharing heateorSssFacebookBackground\" onclick='heateorSssPopup(\"https:\/\/www.facebook.com\/sharer\/sharer.php?u=https%3A%2F%2Foscarhumbertogomez.com%2Findex.php%3Frest_route%3D%252Fwp%252Fv2%252Fposts%252F7344\")'><ss style=\"display:block;border-radius:999px;\" class=\"heateorSssSharingSvg heateorSssFacebookSvg\"><\/ss><\/i><\/li><li class=\"heateorSssSharingRound\"><i style=\"width:35px;height:35px;border-radius:999px;\" alt=\"Twitter\" Title=\"Twitter\" class=\"heateorSssSharing heateorSssTwitterBackground\" onclick='heateorSssPopup(\"http:\/\/twitter.com\/intent\/tweet?text=Falleci%C3%B3%20el%20se%C3%B1or%20exalcalde%20de%20Bucaramanga%20ingeniero%20Eduardo%20Remolina%20Ord%C3%B3%C3%B1ez.%20%20Por%20%C3%93scar%20Humberto%20G%C3%B3mez%20G%C3%B3mez&url=https%3A%2F%2Foscarhumbertogomez.com%2Findex.php%3Frest_route%3D%252Fwp%252Fv2%252Fposts%252F7344\")'><ss style=\"display:block;border-radius:999px;\" class=\"heateorSssSharingSvg heateorSssTwitterSvg\"><\/ss><\/i><\/li><li class=\"heateorSssSharingRound\"><i style=\"width:35px;height:35px;border-radius:999px;\" alt=\"Whatsapp\" Title=\"Whatsapp\" class=\"heateorSssSharing heateorSssWhatsappBackground\" onclick='heateorSssPopup(\"https:\/\/web.whatsapp.com\/send?text=Falleci%C3%B3%20el%20se%C3%B1or%20exalcalde%20de%20Bucaramanga%20ingeniero%20Eduardo%20Remolina%20Ord%C3%B3%C3%B1ez.%20%20Por%20%C3%93scar%20Humberto%20G%C3%B3mez%20G%C3%B3mez https%3A%2F%2Foscarhumbertogomez.com%2Findex.php%3Frest_route%3D%252Fwp%252Fv2%252Fposts%252F7344\")'><ss style=\"display:block\" class=\"heateorSssSharingSvg heateorSssWhatsappSvg\"><\/ss><\/i><\/li><li class=\"heateorSssSharingRound\"><i style=\"width:35px;height:35px;border-radius:999px;\" alt=\"Pinterest\" Title=\"Pinterest\" class=\"heateorSssSharing heateorSssPinterestBackground\" onclick=\"javascript:void( (function() {var e=document.createElement('script' );e.setAttribute('type','text\/javascript' );e.setAttribute('charset','UTF-8' );e.setAttribute('src','\/\/assets.pinterest.com\/js\/pinmarklet.js?r='+Math.random()*99999999);document.body.appendChild(e)})());\"><ss style=\"display:block;border-radius:999px;\" class=\"heateorSssSharingSvg heateorSssPinterestSvg\"><\/ss><\/i><\/li><li class=\"heateorSssSharingRound\"><i style=\"width:35px;height:35px;border-radius:999px;\" alt=\"Google Gmail\" Title=\"Google Gmail\" class=\"heateorSssSharing heateorSssGoogleGmailBackground\" onclick='heateorSssPopup(\"https:\/\/mail.google.com\/mail\/?ui=2&view=cm&fs=1&tf=1&su=Falleci%C3%B3%20el%20se%C3%B1or%20exalcalde%20de%20Bucaramanga%20ingeniero%20Eduardo%20Remolina%20Ord%C3%B3%C3%B1ez.%20%20Por%20%C3%93scar%20Humberto%20G%C3%B3mez%20G%C3%B3mez&body=Link:https%3A%2F%2Foscarhumbertogomez.com%2Findex.php%3Frest_route%3D%252Fwp%252Fv2%252Fposts%252F7344\")'><ss style=\"display:block;border-radius:999px;\" class=\"heateorSssSharingSvg heateorSssGoogleGmailSvg\"><\/ss><\/i><\/li><li class=\"heateorSssSharingRound\"><i style=\"width:35px;height:35px;border-radius:999px;\" title=\"More\" alt=\"More\" class=\"heateorSssSharing heateorSssMoreBackground\" onclick=\"heateorSssMoreSharingPopup(this, 'https:\/\/oscarhumbertogomez.com\/index.php?rest_route=%2Fwp%2Fv2%2Fposts%2F7344', 'Falleci%C3%B3%20el%20se%C3%B1or%20exalcalde%20de%20Bucaramanga%20ingeniero%20Eduardo%20Remolina%20Ord%C3%B3%C3%B1ez.%20%20Por%20%C3%93scar%20Humberto%20G%C3%B3mez%20G%C3%B3mez', '' )\" ><ss style=\"display:block\" class=\"heateorSssSharingSvg heateorSssMoreSvg\"><\/ss><\/i><\/li><\/ul><div class=\"heateorSssClear\"><\/div><\/div><div class='heateorSssClear'><\/div>","protected":false},"author":2,"featured_media":0,"comment_status":"open","ping_status":"open","sticky":false,"template":"","format":"standard","meta":{"spay_email":"","footnotes":""},"categories":[1],"tags":[],"class_list":["post-7344","post","type-post","status-publish","format-standard","hentry","category-blog"],"jetpack_featured_media_url":"","jetpack_shortlink":"https:\/\/wp.me\/p1FYrr-1Us","_links":{"self":[{"href":"https:\/\/oscarhumbertogomez.com\/index.php?rest_route=\/wp\/v2\/posts\/7344","targetHints":{"allow":["GET"]}}],"collection":[{"href":"https:\/\/oscarhumbertogomez.com\/index.php?rest_route=\/wp\/v2\/posts"}],"about":[{"href":"https:\/\/oscarhumbertogomez.com\/index.php?rest_route=\/wp\/v2\/types\/post"}],"author":[{"embeddable":true,"href":"https:\/\/oscarhumbertogomez.com\/index.php?rest_route=\/wp\/v2\/users\/2"}],"replies":[{"embeddable":true,"href":"https:\/\/oscarhumbertogomez.com\/index.php?rest_route=%2Fwp%2Fv2%2Fcomments&post=7344"}],"version-history":[{"count":5,"href":"https:\/\/oscarhumbertogomez.com\/index.php?rest_route=\/wp\/v2\/posts\/7344\/revisions"}],"predecessor-version":[{"id":53440,"href":"https:\/\/oscarhumbertogomez.com\/index.php?rest_route=\/wp\/v2\/posts\/7344\/revisions\/53440"}],"wp:attachment":[{"href":"https:\/\/oscarhumbertogomez.com\/index.php?rest_route=%2Fwp%2Fv2%2Fmedia&parent=7344"}],"wp:term":[{"taxonomy":"category","embeddable":true,"href":"https:\/\/oscarhumbertogomez.com\/index.php?rest_route=%2Fwp%2Fv2%2Fcategories&post=7344"},{"taxonomy":"post_tag","embeddable":true,"href":"https:\/\/oscarhumbertogomez.com\/index.php?rest_route=%2Fwp%2Fv2%2Ftags&post=7344"}],"curies":[{"name":"wp","href":"https:\/\/api.w.org\/{rel}","templated":true}]}}