{"id":7440,"date":"2013-03-02T14:43:06","date_gmt":"2013-03-02T19:43:06","guid":{"rendered":"http:\/\/www.oscarhumbertogomez.com\/?p=7440"},"modified":"2025-02-14T22:17:18","modified_gmt":"2025-02-15T03:17:18","slug":"poesia-santandereana","status":"publish","type":"post","link":"https:\/\/oscarhumbertogomez.com\/?p=7440","title":{"rendered":"POES\u00cdA SANTANDEREANA (II). Por \u00d3scar Humberto G\u00f3mez G\u00f3mez"},"content":{"rendered":"<p><em>\u00a1Hola, amigos!<\/em><\/p>\n<p><em>\u00a1Hola, amigas!<\/em><\/p>\n<p>&nbsp;<\/p>\n<p><em>Nuevamente, despu\u00e9s de nuestra primera entrega \u2014publicada bajo el t\u00edtulo &#8220;Tres poetas santandereanos&#8221;\u2014 hemos hecho una selecci\u00f3n de poemas de distinguidos rapsodas santandereanos con el fin de exaltar las letras y la sensibilidad po\u00e9tica de esta regi\u00f3n de Colombia donde algunos nos negamos a aceptar el imperio de la ordinariez y la vulgaridad que nos pretenden imponer quienes en mal momento se apoderaron del edificante rumbo que tra\u00edan nuestros medios de comunicaci\u00f3n. Poetas de las m\u00e1s diversas tendencias ideol\u00f3gicas y pol\u00edticas han enaltecido con su pluma y su talento esta hermosa expresi\u00f3n literaria en nuestro terru\u00f1o. De entre ellos hemos escogido a siete excelsos bardos oriundos de estas bre\u00f1as, cuya obra no deber\u00eda quedarse en el olvido. \u00a1Bienvenidos!<\/em><\/p>\n<p>&nbsp;<\/p>\n<p><img loading=\"lazy\" decoding=\"async\" class=\"aligncenter size-full wp-image-7472\" title=\"Rosa azul\" src=\"https:\/\/lapiedrafilosofal.com\/wp-content\/uploads\/2013\/03\/Rosa-azul.jpg\" alt=\"\" width=\"1024\" height=\"768\" srcset=\"https:\/\/oscarhumbertogomez.com\/wp-content\/uploads\/2013\/03\/Rosa-azul.jpg 1024w, https:\/\/oscarhumbertogomez.com\/wp-content\/uploads\/2013\/03\/Rosa-azul-300x225.jpg 300w\" sizes=\"auto, (max-width: 1024px) 100vw, 1024px\" \/> <span style=\"color: #ff0000;\"><strong><\/strong><\/span><\/p>\n<p><strong>&nbsp;<\/strong><\/p>\n<p><strong><br \/>\n<\/strong><strong><\/strong><strong>D\u00cdA EN EL CORAZ\u00d3N<\/strong><\/p>\n<p>&nbsp;<\/p>\n<p>No puede ser tan luminoso el d\u00eda<br \/>\nsi no nace en el alba de tu frente,<br \/>\nni pudo ser el verso tan doliente<br \/>\ncomo al decir tu clara lejan\u00eda.<\/p>\n<p>Y el pensamiento que te canta m\u00eda<br \/>\ncomo el cielo del agua es de la fuente,<br \/>\ns\u00f3lo al amarte, enamoradamente<br \/>\nes brisa de campanas de alegr\u00eda.<\/p>\n<p>Sin tiempo y sin distancia, azul y alada,<br \/>\ncomo vives en m\u00ed, de tu sonrisa<br \/>\nnace el d\u00eda ascendiendo a tu mirada.<\/p>\n<p>Y la tarde de amor se diviniza<br \/>\nporque te siento, amada enamorada,<br \/>\nvenir en este azul de tarde y brisa.<\/p>\n<p>PEDRO G\u00d3MEZ VALDERRAMA (1916- 1992).<\/p>\n<p>&nbsp;<\/p>\n<p>______<\/p>\n<p>&nbsp;<\/p>\n<p><img loading=\"lazy\" decoding=\"async\" class=\"aligncenter size-large wp-image-7448\" title=\"poesia II\" src=\"https:\/\/lapiedrafilosofal.com\/wp-content\/uploads\/2013\/03\/poesia-II-1024x683.jpg\" alt=\"\" width=\"640\" height=\"426\" srcset=\"https:\/\/oscarhumbertogomez.com\/wp-content\/uploads\/2013\/03\/poesia-II-1024x683.jpg 1024w, https:\/\/oscarhumbertogomez.com\/wp-content\/uploads\/2013\/03\/poesia-II-300x200.jpg 300w, https:\/\/oscarhumbertogomez.com\/wp-content\/uploads\/2013\/03\/poesia-II.jpg 1200w\" sizes=\"auto, (max-width: 640px) 100vw, 640px\" \/><br \/>\n<span style=\"color: #333399;\"><strong><\/strong><\/span><\/p>\n<p><strong>&nbsp;<\/strong><\/p>\n<p><strong><br \/>\n<\/strong><strong><\/strong><strong>SI FUE UN SUE\u00d1O<\/strong><\/p>\n<p>&nbsp;<\/p>\n<p>Si fue un sue\u00f1o no m\u00e1s lo no alcanzado<br \/>\nsue\u00f1o ser\u00e1 tambi\u00e9n lo pose\u00eddo,<br \/>\ny sue\u00f1o mi canci\u00f3n sobre el olvido,<br \/>\ny el amor, de pu\u00f1ales traspasado.<\/p>\n<p>Si fue un sue\u00f1o el candor imaginado,<br \/>\nsue\u00f1o ser\u00e1 el deleite sin sentido,<br \/>\ny su boca buscada en el latido<br \/>\nde un recuerdo, sepulto en el pasado.<\/p>\n<p>Sue\u00f1o la risa y sue\u00f1o el alarido,<br \/>\ny el dolor, y el placer alucinado,<br \/>\ny la campana del ayer florido.<\/p>\n<p>Y sue\u00f1o el coraz\u00f3n iluminado,<br \/>\nsangrante en el soneto estremecido<br \/>\ncomo un vaso de vino derramado.<\/p>\n<p>JAVIER CARRE\u00d1O HARKER (1925 &#8211; 1955).<\/p>\n<p>&nbsp;<\/p>\n<p>____<\/p>\n<p>&nbsp;<\/p>\n<p><img loading=\"lazy\" decoding=\"async\" class=\"aligncenter size-full wp-image-7449\" title=\"Poes\u00eda-Contempor\u00e1nea\" src=\"https:\/\/lapiedrafilosofal.com\/wp-content\/uploads\/2013\/03\/Poes\u00eda-Contempor\u00e1nea.jpg\" alt=\"\" width=\"364\" height=\"277\" srcset=\"https:\/\/oscarhumbertogomez.com\/wp-content\/uploads\/2013\/03\/Poes\u00eda-Contempor\u00e1nea.jpg 364w, https:\/\/oscarhumbertogomez.com\/wp-content\/uploads\/2013\/03\/Poes\u00eda-Contempor\u00e1nea-300x228.jpg 300w\" sizes=\"auto, (max-width: 364px) 100vw, 364px\" \/><br \/>\n<span style=\"color: #ff0000;\"><strong><\/strong><\/span><\/p>\n<p><strong>&nbsp;<\/strong><\/p>\n<p><strong><br \/>\n<\/strong><strong><\/strong><strong>A VALENTINA TERESHKOVA<\/strong><\/p>\n<p>&nbsp;<\/p>\n<p>Valentina, sembrando miel y sales,<br \/>\nValentina, so\u00f1ando mariposas,<br \/>\nValentina, de alas silenciosas<br \/>\nen su constelaci\u00f3n de madrigales.<\/p>\n<p>Valentina, en los mundos siderales<br \/>\nhaciendo al cosmos se\u00f1as luminosas<br \/>\ny diciendo a las v\u00edrgenes y esposas:<br \/>\n\u201cAmad los sue\u00f1os puros y triunfales\u201d.<\/p>\n<p>Valentina, de ojos de milagro,<br \/>\nde aurora y de esperanza, te consagro<br \/>\nmi ensue\u00f1o, que mil veces fue a la luna\u2026<\/p>\n<p>Valentina, del sol enamorada,<br \/>\nbogando en una barca no so\u00f1ada,<br \/>\nen pi\u00e9lagos de luz y en noche bruna.<\/p>\n<p>PABLO ZOGOIBI (1909 &#8211; 1995).<\/p>\n<p>&nbsp;<\/p>\n<p>_______<\/p>\n<p>&nbsp;<\/p>\n<p><img loading=\"lazy\" decoding=\"async\" class=\"aligncenter size-large wp-image-7450\" title=\"Flores-Rojas_Imagenes-de-Flores-en-HD\" src=\"https:\/\/lapiedrafilosofal.com\/wp-content\/uploads\/2013\/03\/Flores-Rojas_Imagenes-de-Flores-en-HD-1024x640.jpg\" alt=\"\" width=\"640\" height=\"400\" srcset=\"https:\/\/oscarhumbertogomez.com\/wp-content\/uploads\/2013\/03\/Flores-Rojas_Imagenes-de-Flores-en-HD-1024x640.jpg 1024w, https:\/\/oscarhumbertogomez.com\/wp-content\/uploads\/2013\/03\/Flores-Rojas_Imagenes-de-Flores-en-HD-300x187.jpg 300w, https:\/\/oscarhumbertogomez.com\/wp-content\/uploads\/2013\/03\/Flores-Rojas_Imagenes-de-Flores-en-HD.jpg 1600w\" sizes=\"auto, (max-width: 640px) 100vw, 640px\" \/><br \/>\n<span style=\"color: #008000;\"><strong><\/strong><\/span><\/p>\n<p><strong>&nbsp;<\/strong><\/p>\n<p><strong><br \/>\n<\/strong><strong><\/strong><strong>TESTAMENTO<\/strong><\/p>\n<p>&nbsp;<\/p>\n<p>Haz, Ciudad de los B\u00facaros, querida<br \/>\ncon amor santo de filial ternura,<br \/>\nque se abra un hoyo en tu heredad florida<br \/>\ncuando vayan a cavar mi sepultura.<\/p>\n<p>Que planten un rosal, cuya futura<br \/>\nfloraci\u00f3n perfumada y encendida<br \/>\nsea el s\u00edmbolo enorme de mi vida<br \/>\nque ardi\u00f3 por t\u00ed bajo la tierra oscura.<\/p>\n<p>Pese a \u00eddolos de barro, y vanidades<br \/>\nde mujeres, caminos y ciudades,<br \/>\nllen\u00f3 tu luz mi coraz\u00f3n entero:<\/p>\n<p>y as\u00ed, tras las jornadas fatigosas,<br \/>\nquiero rendirlo en holocausto, quiero<br \/>\nd\u00e1rtelo todo, convertido en rosas.<\/p>\n<p>AURELIO MART\u00cdNEZ MUTIS (1884 &#8211; 1954).<\/p>\n<p>&nbsp;<\/p>\n<p>______<\/p>\n<p>&nbsp;<\/p>\n<p><img loading=\"lazy\" decoding=\"async\" class=\"aligncenter size-large wp-image-7451\" title=\"flores-brillantes\" src=\"https:\/\/lapiedrafilosofal.com\/wp-content\/uploads\/2013\/03\/flores-brillantes-1024x640.jpg\" alt=\"\" width=\"640\" height=\"400\" srcset=\"https:\/\/oscarhumbertogomez.com\/wp-content\/uploads\/2013\/03\/flores-brillantes-1024x640.jpg 1024w, https:\/\/oscarhumbertogomez.com\/wp-content\/uploads\/2013\/03\/flores-brillantes-300x187.jpg 300w, https:\/\/oscarhumbertogomez.com\/wp-content\/uploads\/2013\/03\/flores-brillantes.jpg 1600w\" sizes=\"auto, (max-width: 640px) 100vw, 640px\" \/><br \/>\n<span style=\"color: #800000;\"><strong><\/strong><\/span><\/p>\n<p><strong>&nbsp;<\/strong><\/p>\n<p><strong><br \/>\n<\/strong><strong><\/strong><strong>SIN T\u00cdTULO<\/strong> (*)<\/p>\n<p>&nbsp;<\/p>\n<p>\u00bfQu\u00e9 es la vida, y la muerte, si la vida<br \/>\nSue\u00f1o es y la muerte es otro sue\u00f1o<br \/>\nY entre vida y entre muerte hay otro sue\u00f1o<br \/>\nQue el alma no ha entrevisto, ni dormida?<\/p>\n<p>Si el hombre es sue\u00f1o en esta vida ardida<br \/>\nY sue\u00f1a entre la noche como un le\u00f1o<br \/>\nY es un sue\u00f1o la muerte entenebrida<br \/>\nQue un puente en la mitad tambi\u00e9n es sue\u00f1o&#8230;<\/p>\n<p>Quiere esto decir que el alma herida<br \/>\nEternamente vivir\u00e1 dormida<br \/>\nEn tres sue\u00f1os, so\u00f1ando un solo ensue\u00f1o.<\/p>\n<p>Que es lo mismo la muerte que la vida<br \/>\nY que el hombre, el actor de esta partida<br \/>\nEs el sue\u00f1o de un sue\u00f1o en otro sue\u00f1o.<\/p>\n<p>RAFAEL ORTIZ GONZ\u00c1LEZ (1911 &#8211; 1990)<\/p>\n<p>&nbsp;<\/p>\n<p>* <strong>NOTA DEL PORTAL:<\/strong> Sin t\u00edtulo lo public\u00f3 Roberto Garc\u00eda-Pe\u00f1a (AYAX) en su columna de EL TIEMPO <em>Rastro de los hechos<\/em> del 21 de noviembre de 1982.<\/p>\n<p>&nbsp;<\/p>\n<p>_____<\/p>\n<p>&nbsp;<\/p>\n<p><img loading=\"lazy\" decoding=\"async\" class=\"aligncenter size-full wp-image-7452\" title=\"PAISAJE\" src=\"https:\/\/lapiedrafilosofal.com\/wp-content\/uploads\/2013\/03\/PAISAJE.jpg\" alt=\"\" width=\"664\" height=\"500\" srcset=\"https:\/\/oscarhumbertogomez.com\/wp-content\/uploads\/2013\/03\/PAISAJE.jpg 664w, https:\/\/oscarhumbertogomez.com\/wp-content\/uploads\/2013\/03\/PAISAJE-300x225.jpg 300w\" sizes=\"auto, (max-width: 664px) 100vw, 664px\" \/><br \/>\n<span style=\"color: #ff00ff;\"><strong><\/strong><\/span><\/p>\n<p><strong>&nbsp;<\/strong><\/p>\n<p><strong><br \/>\n<\/strong><strong><\/strong><strong>INGENUIDAD<\/strong><\/p>\n<p>&nbsp;<\/p>\n<p>Se va hundiendo la noche en la mara\u00f1a<br \/>\nsigilosa del bosque con la queja<br \/>\nde alg\u00fan p\u00e1jaro herido que se aleja<br \/>\nentre la lobreguez de la monta\u00f1a.<\/p>\n<p>Un silencio de paz los campos ba\u00f1a,<br \/>\ny se tiende lo mismo que una oveja<br \/>\na contemplar el r\u00edo que refleja<br \/>\nsu sombra campesina, la caba\u00f1a.<\/p>\n<p>Ya cuando todo en el sopor se esfuma,<br \/>\nlos \u00e1rboles inm\u00f3viles vigilan<br \/>\na guisa de espectrales zoroastros,<\/p>\n<p>y ven, sumidos en copiosa bruma,<br \/>\nque, a modo de luci\u00e9rnagas, titilan<br \/>\nen la floresta sideral los astros.<\/p>\n<p>ALFONSO ACEVEDO D\u00cdAZ (1902 &#8211; 1935).<\/p>\n<p>&nbsp;<\/p>\n<p>______<\/p>\n<p>&nbsp;<\/p>\n<p><img loading=\"lazy\" decoding=\"async\" class=\"aligncenter size-large wp-image-7459\" title=\"PAISAJE_MARINO\" src=\"https:\/\/lapiedrafilosofal.com\/wp-content\/uploads\/2013\/03\/PAISAJE_MARINO-1024x760.jpg\" alt=\"\" width=\"640\" height=\"475\" srcset=\"https:\/\/oscarhumbertogomez.com\/wp-content\/uploads\/2013\/03\/PAISAJE_MARINO-1024x760.jpg 1024w, https:\/\/oscarhumbertogomez.com\/wp-content\/uploads\/2013\/03\/PAISAJE_MARINO-300x222.jpg 300w, https:\/\/oscarhumbertogomez.com\/wp-content\/uploads\/2013\/03\/PAISAJE_MARINO.jpg 1600w\" sizes=\"auto, (max-width: 640px) 100vw, 640px\" \/><br \/>\n<span style=\"color: #ff0000;\"><strong><\/strong><\/span><\/p>\n<p><strong>&nbsp;<\/strong><\/p>\n<p><strong><br \/>\n<\/strong><strong><\/strong><strong>MI CORAZ\u00d3N<\/strong><\/p>\n<p>&nbsp;<\/p>\n<p>Mi coraz\u00f3n, mi coraz\u00f3n se urg\u00eda,<br \/>\ncorsario marinero navegando,<br \/>\nrumbo a su estrella &#8211; norte: la alegr\u00eda,<br \/>\ny en su puerto azul sobre el azul anclando.<\/p>\n<p>Cruz\u00f3 por el azar &#8211; viento sin gu\u00eda &#8211;<br \/>\nsu itinerario de emoci\u00f3n, alzando<br \/>\nbanderolas de j\u00fabilo ante el d\u00eda<br \/>\nrepetido en su af\u00e1n: &#8211; irse llegando -.<\/p>\n<p>Del amor y la angustia perseguido,<br \/>\norgulloso una vez y otra clamando,<br \/>\nprisionero en su mar: &#8211; canto y gemido -,<\/p>\n<p>Mi coraz\u00f3n, mi coraz\u00f3n, sangrando,<br \/>\nsobre el abismo de su af\u00e1n, erguido<br \/>\ncorsario marinero navegando!<\/p>\n<p>GUSTAVO COTE URIBE (1918 &#8211; 1994).<\/p>\n<p>&nbsp;<\/p>\n<p>______<\/p>\n<p>&nbsp;<\/p>\n","protected":false},"excerpt":{"rendered":"<p>\u00a1Hola, amigos! \u00a1Hola, amigas! &nbsp; Nuevamente, despu\u00e9s de nuestra primera entrega \u2014publicada bajo el t\u00edtulo &#8220;Tres poetas santandereanos&#8221;\u2014 hemos hecho una selecci\u00f3n de poemas de distinguidos rapsodas santandereanos con el fin de exaltar las letras y la sensibilidad po\u00e9tica de &hellip; <a href=\"https:\/\/oscarhumbertogomez.com\/?p=7440\">Sigue leyendo <span class=\"meta-nav\">&rarr;<\/span><\/a><\/p>\n<div class='heateorSssClear'><\/div><div  class='heateor_sss_sharing_container heateor_sss_horizontal_sharing' heateor-sss-data-href='https:\/\/oscarhumbertogomez.com\/?p=7440'><div class='heateor_sss_sharing_title' style=\"font-weight:bold\" >\u00a1Gracias por compartirla!<\/div><ul class=\"heateor_sss_sharing_ul\"><li class=\"heateorSssSharingRound\"><i style=\"width:35px;height:35px;border-radius:999px;\" alt=\"Facebook\" Title=\"Facebook\" class=\"heateorSssSharing heateorSssFacebookBackground\" onclick='heateorSssPopup(\"https:\/\/www.facebook.com\/sharer\/sharer.php?u=https%3A%2F%2Foscarhumbertogomez.com%2Findex.php%3Frest_route%3D%252Fwp%252Fv2%252Fposts%252F7440\")'><ss style=\"display:block;border-radius:999px;\" class=\"heateorSssSharingSvg heateorSssFacebookSvg\"><\/ss><\/i><\/li><li class=\"heateorSssSharingRound\"><i style=\"width:35px;height:35px;border-radius:999px;\" alt=\"Twitter\" Title=\"Twitter\" class=\"heateorSssSharing heateorSssTwitterBackground\" onclick='heateorSssPopup(\"http:\/\/twitter.com\/intent\/tweet?text=POES%C3%8DA%20SANTANDEREANA%20%28II%29.%20Por%20%C3%93scar%20Humberto%20G%C3%B3mez%20G%C3%B3mez&url=https%3A%2F%2Foscarhumbertogomez.com%2Findex.php%3Frest_route%3D%252Fwp%252Fv2%252Fposts%252F7440\")'><ss style=\"display:block;border-radius:999px;\" class=\"heateorSssSharingSvg heateorSssTwitterSvg\"><\/ss><\/i><\/li><li class=\"heateorSssSharingRound\"><i style=\"width:35px;height:35px;border-radius:999px;\" alt=\"Whatsapp\" Title=\"Whatsapp\" class=\"heateorSssSharing heateorSssWhatsappBackground\" onclick='heateorSssPopup(\"https:\/\/web.whatsapp.com\/send?text=POES%C3%8DA%20SANTANDEREANA%20%28II%29.%20Por%20%C3%93scar%20Humberto%20G%C3%B3mez%20G%C3%B3mez https%3A%2F%2Foscarhumbertogomez.com%2Findex.php%3Frest_route%3D%252Fwp%252Fv2%252Fposts%252F7440\")'><ss style=\"display:block\" class=\"heateorSssSharingSvg heateorSssWhatsappSvg\"><\/ss><\/i><\/li><li class=\"heateorSssSharingRound\"><i style=\"width:35px;height:35px;border-radius:999px;\" alt=\"Pinterest\" Title=\"Pinterest\" class=\"heateorSssSharing heateorSssPinterestBackground\" onclick=\"javascript:void( (function() {var e=document.createElement('script' );e.setAttribute('type','text\/javascript' );e.setAttribute('charset','UTF-8' );e.setAttribute('src','\/\/assets.pinterest.com\/js\/pinmarklet.js?r='+Math.random()*99999999);document.body.appendChild(e)})());\"><ss style=\"display:block;border-radius:999px;\" class=\"heateorSssSharingSvg heateorSssPinterestSvg\"><\/ss><\/i><\/li><li class=\"heateorSssSharingRound\"><i style=\"width:35px;height:35px;border-radius:999px;\" alt=\"Google Gmail\" Title=\"Google Gmail\" class=\"heateorSssSharing heateorSssGoogleGmailBackground\" onclick='heateorSssPopup(\"https:\/\/mail.google.com\/mail\/?ui=2&view=cm&fs=1&tf=1&su=POES%C3%8DA%20SANTANDEREANA%20%28II%29.%20Por%20%C3%93scar%20Humberto%20G%C3%B3mez%20G%C3%B3mez&body=Link:https%3A%2F%2Foscarhumbertogomez.com%2Findex.php%3Frest_route%3D%252Fwp%252Fv2%252Fposts%252F7440\")'><ss style=\"display:block;border-radius:999px;\" class=\"heateorSssSharingSvg heateorSssGoogleGmailSvg\"><\/ss><\/i><\/li><li class=\"heateorSssSharingRound\"><i style=\"width:35px;height:35px;border-radius:999px;\" title=\"More\" alt=\"More\" class=\"heateorSssSharing heateorSssMoreBackground\" onclick=\"heateorSssMoreSharingPopup(this, 'https:\/\/oscarhumbertogomez.com\/index.php?rest_route=%2Fwp%2Fv2%2Fposts%2F7440', 'POES%C3%8DA%20SANTANDEREANA%20%28II%29.%20Por%20%C3%93scar%20Humberto%20G%C3%B3mez%20G%C3%B3mez', '' )\" ><ss style=\"display:block\" class=\"heateorSssSharingSvg heateorSssMoreSvg\"><\/ss><\/i><\/li><\/ul><div class=\"heateorSssClear\"><\/div><\/div><div class='heateorSssClear'><\/div>","protected":false},"author":2,"featured_media":0,"comment_status":"open","ping_status":"open","sticky":false,"template":"","format":"standard","meta":{"spay_email":"","footnotes":""},"categories":[6,7],"tags":[],"class_list":["post-7440","post","type-post","status-publish","format-standard","hentry","category-la-pluma-ajena","category-poesia"],"jetpack_featured_media_url":"","jetpack_shortlink":"https:\/\/wp.me\/p1FYrr-1W0","_links":{"self":[{"href":"https:\/\/oscarhumbertogomez.com\/index.php?rest_route=\/wp\/v2\/posts\/7440","targetHints":{"allow":["GET"]}}],"collection":[{"href":"https:\/\/oscarhumbertogomez.com\/index.php?rest_route=\/wp\/v2\/posts"}],"about":[{"href":"https:\/\/oscarhumbertogomez.com\/index.php?rest_route=\/wp\/v2\/types\/post"}],"author":[{"embeddable":true,"href":"https:\/\/oscarhumbertogomez.com\/index.php?rest_route=\/wp\/v2\/users\/2"}],"replies":[{"embeddable":true,"href":"https:\/\/oscarhumbertogomez.com\/index.php?rest_route=%2Fwp%2Fv2%2Fcomments&post=7440"}],"version-history":[{"count":5,"href":"https:\/\/oscarhumbertogomez.com\/index.php?rest_route=\/wp\/v2\/posts\/7440\/revisions"}],"predecessor-version":[{"id":50680,"href":"https:\/\/oscarhumbertogomez.com\/index.php?rest_route=\/wp\/v2\/posts\/7440\/revisions\/50680"}],"wp:attachment":[{"href":"https:\/\/oscarhumbertogomez.com\/index.php?rest_route=%2Fwp%2Fv2%2Fmedia&parent=7440"}],"wp:term":[{"taxonomy":"category","embeddable":true,"href":"https:\/\/oscarhumbertogomez.com\/index.php?rest_route=%2Fwp%2Fv2%2Fcategories&post=7440"},{"taxonomy":"post_tag","embeddable":true,"href":"https:\/\/oscarhumbertogomez.com\/index.php?rest_route=%2Fwp%2Fv2%2Ftags&post=7440"}],"curies":[{"name":"wp","href":"https:\/\/api.w.org\/{rel}","templated":true}]}}