{"id":7608,"date":"2013-09-08T12:25:05","date_gmt":"2013-09-08T17:25:05","guid":{"rendered":"http:\/\/www.oscarhumbertogomez.com\/?p=7608"},"modified":"2025-04-02T21:50:21","modified_gmt":"2025-04-03T02:50:21","slug":"una-increible-y-triste-historia-y-no-precisamente-la-de-la-candida-erendida-y-su-abuelita-desalmada-por-oscar-humberto-gomez-gomez","status":"publish","type":"post","link":"https:\/\/oscarhumbertogomez.com\/?p=7608","title":{"rendered":"Acerca del mal vecino y de otras fuentes generadoras de violencia. Por \u00d3scar Humberto G\u00f3mez G\u00f3mez"},"content":{"rendered":"<p><img decoding=\"async\" class=\"aligncenter size-full wp-image-7611\" title=\"OSCAR-HBTO\" src=\"https:\/\/lapiedrafilosofal.com\/wp-content\/uploads\/2013\/03\/OSCAR-HBTO.jpg\" alt=\"\" width=\"500\" height=\"\" srcset=\"https:\/\/oscarhumbertogomez.com\/wp-content\/uploads\/2013\/03\/OSCAR-HBTO.jpg 299w, https:\/\/oscarhumbertogomez.com\/wp-content\/uploads\/2013\/03\/OSCAR-HBTO-200x300.jpg 200w\" sizes=\"(max-width: 299px) 100vw, 299px\" \/><\/p>\n<p>&nbsp;<\/p>\n<p>Definitivamente, en este pa\u00eds nunca habr\u00e1 paz mientras no se solucionen tres problemas cada vez m\u00e1s crecientes: primero, el fen\u00f3meno social del mal vecino; segundo, el abuso de la posici\u00f3n dominante; y tercero, la percepci\u00f3n social de falta de autoridad.<\/p>\n<p>Y es que basta observar los \u00faltimos hechos de sangre para concluir que detr\u00e1s de ellos lo que hay es una constante actitud hostil hacia <strong>el otro<\/strong> y una permanente b\u00fasqueda de la supremac\u00eda sobre los dem\u00e1s a trav\u00e9s de la agresividad, la amenaza y la violencia. Pero tambi\u00e9n, la asombrosa inercia del Estado.<\/p>\n<p><span style=\"color: #ff0000;\"><strong>EL MAL VECINO<\/strong><\/span><\/p>\n<p>No debe creerse que el problema del <strong>mal vecino<\/strong> es exclusivo de las comunas pobres, de los barrios marginados, de aquellos asentamientos subnormales donde los despose\u00eddos, en lugar de unirse con civismo y solidaridad para entre todos luchar por salir adelante, lo que hacen es matarse unos con otros por estupideces como la de que alguno se pas\u00f3 una cuadra de la zona hasta la cual pod\u00eda llegar. Porque ese es, en el fondo, dicho sea de paso, el problema actual en los sectores m\u00e1s empobrecidos: que en lugar de concebir el mundo como algo anchuroso, ilimitado y repleto de oportunidades para todos, se le percibe parcelado en zonas diminutas m\u00e1s all\u00e1 de las cuales lo \u00fanico que hay son las profundidades insondables del infierno.<\/p>\n<p>No. El fen\u00f3meno del <strong>mal vecino<\/strong> tambi\u00e9n se da silvestre en sectores urbanos aparentemente privilegiados, donde uno supondr\u00eda que viven o se desenvuelven laboralmente, con sus negocios, tiendas, almacenes u oficinas personas de alto o de mediano nivel cultural, econ\u00f3mico y social.<\/p>\n<p>As\u00f3mense ustedes, pongamos por caso, a una de esas llamadas &#8220;asambleas de copropietarios&#8221; en cualquier conjunto residencial o en cualquier condominio comercial y podr\u00e1 apreciar c\u00f3mo no han transcurrido dos minutos de iniciada la sesi\u00f3n cuando ya comienza a sentirse en el aire un perturbador olor a tormenta.<\/p>\n<p><span style=\"color: #ff0000;\"><strong>EL ABUSO DE LA POSICI\u00d3N DOMINANTE<\/strong><\/span><\/p>\n<p>Por todos los lados crecen los casos de abuso de la posici\u00f3n dominante: el que est\u00e1 en mejor posici\u00f3n abusa del que est\u00e1 en una posici\u00f3n de desventaja. Por ejemplo, el arrendador abusa de la posici\u00f3n desventajosa de sus inquilinos para hacer con ellos lo que le viene en gana. Por ejemplo, el que tiene un potente equipo de sonido abusa de sus vecinos aturdi\u00e9ndolos y oblig\u00e1ndolos a escuchar lo que a \u00e9l se le antoje escuchar.&nbsp;Por ejemplo, el conductor de veh\u00edculo automotor abusa de la posici\u00f3n desventajosa y fr\u00e1gil del peat\u00f3n para reventarle los t\u00edmpanos con la bocina y obligarlo a correr con prontitud de atleta si no quiere sufrir las consecuencias de que le eche el carro encima.<\/p>\n<p><span style=\"color: #ff0000;\"><strong>LA INERCIA DEL ESTADO<\/strong><\/span><\/p>\n<p>El Estado, llamado constitucionalmente a poner el orden, a desarmar los esp\u00edritus, a cortar de ra\u00edz todo conato de injusticia, de abuso o de violencia, a preservar la paz y, por ende, a precaver cualquier asomo de guerra, a apoyar a quien est\u00e1 gan\u00e1ndose el pan con honradez, a poner en cintura al agresivo, al desafiante, al pat\u00e1n, al abusador, lo que exhibe es un lamentable movimiento de paquidermo, incompatible con la agilidad y energ\u00eda con que debe actuar siempre la autoridad en pos de evitar la perturbaci\u00f3n del orden p\u00fablico o de restablecerlo donde aparezca turbado.<\/p>\n<p>Quiz\u00e1s las autoridades de polic\u00eda, que son a las que acude, obviamente, el ciudadano que ve agredidos sus derechos, pongamos por caso, un s\u00e1bado en la noche, sabedor, como es natural, de que ese d\u00eda y a esa hora ya est\u00e1n cerradas las dependencias de la Alcald\u00eda Municipal y los juzgados, no son debidamente preparadas por sus superiores acerca de cu\u00e1les son sus verdaderas facultades y cu\u00e1les son los l\u00edmites de su misi\u00f3n, y entonces uno observa a los agentes de la instituci\u00f3n dudar tanto y demorarse tanto en actuar, que ahora s\u00ed entiende por qu\u00e9 hizo carrera aquella vieja convicci\u00f3n de que la polic\u00eda solamente llega cuando ya se han ido los ladrones o cuando lo \u00fanico que puede hacerse ya es proceder a recoger los cad\u00e1veres.<\/p>\n<p>Claro que como hoy en d\u00eda, dicha tarea no es del resorte policial, la polic\u00eda llega cuando lo \u00fanico que puede hacer es llamar a la Fiscal\u00eda para que venga a hacer las diligencias con base en las cuales abrir\u00e1 una investigaci\u00f3n. Posiblemente, otro sumario m\u00e1s, de los millones y millones de sumarios in\u00fatiles que atestan las atiborradas dependencias de ese ente oficial y que casi siempre terminan en un mohoso archivo, al que conduce esa confusa y da\u00f1ina mezcla de la prescripci\u00f3n y la negligencia.<\/p>\n<p><span style=\"color: #ff0000;\"><strong>LA CRECIENTE PATANER\u00cdA COLECTIVA: \u00bfQUI\u00c9NES TIENEN LA CULPA?<\/strong><\/span><\/p>\n<p>Para comprender lo que est\u00e1 ocurriendo hoy, es decir, en pleno siglo XXI, cuando uno supone que ya hace mucho tiempo el ser humano dej\u00f3 la oscuridad de la caverna y la definici\u00f3n de sus diferencias a punta de mazazos y gru\u00f1idos, debe reflexionarse acerca del papel que vienen cumpliendo en este grave proceso de degradaci\u00f3n social quienes est\u00e1n llamados a servir como faros orientadores de la opini\u00f3n p\u00fablica y como instrumentos al servicio del proceso educativo que necesita toda sociedad.<\/p>\n<p>Reflexionarse acerca del papel, pongamos por caso, de los medios de comunicaci\u00f3n.<\/p>\n<p>No es sino escuchar el lenguaje que utilizan al aire los locutores de emisoras con profundo arraigo popular, esas que uno se ve sometido a escuchar cuando el infortunio lo obliga a subirse a un taxi al mando de alg\u00fan maleducado, de los muchos que se tomaron un gremio que otrora era decente y respetable. O no es sino sentarse unos minutos frente a esa escuela de violencia, delincuencia, ordinariez y pataner\u00eda en que se convirti\u00f3 nuestra televisi\u00f3n nacional, conducida ahora por enfermos morales que en seguida de un noticiero en el cual muestran las im\u00e1genes de colombianos asesinados y de familias sumidas en el llanto, dan inicio a la \u00faltima telenovela dedicada a exaltar lo peor de esta sociedad desbarajustada. O no es sino ojear la primera p\u00e1gina de esos diarios escabrosos que se venden y se compran como pan caliente y que nuestro pueblo consume con la misma avidez con que consume el aguardiente y el chisme.<\/p>\n<p>Empero, tampoco son solo los medios de comunicaci\u00f3n los culpables. La falta de urbanidad (una asignatura que a alg\u00fan cerebro fugado de la NASA y al servicio de nuestro Ministerio de Educaci\u00f3n se le ocurri\u00f3 suprimir) se pone en evidencia con los vallenatos o las rancheras a todo volumen en pleno Viernes Santo o a la hora en que el desgraciado vecino, acaso enfermo de migra\u00f1a, trata de conciliar el sue\u00f1o.<\/p>\n<p>Claro que cap\u00edtulo especial merecen otras muestras de la pataner\u00eda generalizada que se est\u00e1 apoderando de Colombia. Pataner\u00eda generalizada que es hoy en d\u00eda la principal fuente de violencia, pero de la que, infortunadamente, nunca se habla en los llamados procesos de paz. En efecto, fen\u00f3menos crecientes como el hecho de que los due\u00f1os de perros hayan cogido los parques, las zonas verdes y hasta los andenes para que sus mascotas defequen; o como el exceso de velocidad en las v\u00edas urbanas y aun dentro de los condominios por parte de automovilistas y motociclistas; o como la contaminaci\u00f3n por humo que, con el mayor desparpajo, generan conductores de automotores y motocicletas; o como la desafiante apropiaci\u00f3n de lo ajeno, son agresiones constantes a la paciencia de una ciudadan\u00eda que, debido a la indiferencia que percibe en el Estado ante sus clamores, cada vez se siente m\u00e1s esquilmada cuando tiene que pagarle impuestos.<\/p>\n<p>Por supuesto, todo no puede imput\u00e1rsele a la polic\u00eda. Ni siquiera al Estado. No, al menos en su integridad. Mucho menos en su g\u00e9nesis.<\/p>\n<p>Y es que hechos como los que vienen sacudiendo el alma atribulada de nuestra gente tienen su origen en la familia y en la escuela.<\/p>\n<p>Desde luego, tanto va al c\u00e1ntaro el agua, que al fin se rompe. Cuando despu\u00e9s de un abuso, y de otro, y de otro m\u00e1s, se desencadena, finalmente, la violencia, y con ella la sangre, la muerte, la viudez y la orfandad, ello no es sino el detonante final del calvario que han padecido quienes, por fin, reaccionan.<\/p>\n<p>Ojal\u00e1 el Estado colombiano y la sociedad colombiana entiendan alg\u00fan d\u00eda que la rama del derecho m\u00e1s importante de un pa\u00eds es, precisamente, la que aqu\u00ed es tenida como la menos importante: el Derecho de Polic\u00eda.<\/p>\n<p>&nbsp;<\/p>\n","protected":false},"excerpt":{"rendered":"<p>&nbsp; Definitivamente, en este pa\u00eds nunca habr\u00e1 paz mientras no se solucionen tres problemas cada vez m\u00e1s crecientes: primero, el fen\u00f3meno social del mal vecino; segundo, el abuso de la posici\u00f3n dominante; y tercero, la percepci\u00f3n social de falta de &hellip; <a href=\"https:\/\/oscarhumbertogomez.com\/?p=7608\">Sigue leyendo <span class=\"meta-nav\">&rarr;<\/span><\/a><\/p>\n<div class='heateorSssClear'><\/div><div  class='heateor_sss_sharing_container heateor_sss_horizontal_sharing' heateor-sss-data-href='https:\/\/oscarhumbertogomez.com\/?p=7608'><div class='heateor_sss_sharing_title' style=\"font-weight:bold\" >\u00a1Gracias por compartirla!<\/div><ul class=\"heateor_sss_sharing_ul\"><li class=\"heateorSssSharingRound\"><i style=\"width:35px;height:35px;border-radius:999px;\" alt=\"Facebook\" Title=\"Facebook\" class=\"heateorSssSharing heateorSssFacebookBackground\" onclick='heateorSssPopup(\"https:\/\/www.facebook.com\/sharer\/sharer.php?u=https%3A%2F%2Foscarhumbertogomez.com%2Findex.php%3Frest_route%3D%252Fwp%252Fv2%252Fposts%252F7608\")'><ss style=\"display:block;border-radius:999px;\" class=\"heateorSssSharingSvg heateorSssFacebookSvg\"><\/ss><\/i><\/li><li class=\"heateorSssSharingRound\"><i style=\"width:35px;height:35px;border-radius:999px;\" alt=\"Twitter\" Title=\"Twitter\" class=\"heateorSssSharing heateorSssTwitterBackground\" onclick='heateorSssPopup(\"http:\/\/twitter.com\/intent\/tweet?text=Acerca%20del%20mal%20vecino%20y%20de%20otras%20fuentes%20generadoras%20de%20violencia.%20Por%20%C3%93scar%20Humberto%20G%C3%B3mez%20G%C3%B3mez&url=https%3A%2F%2Foscarhumbertogomez.com%2Findex.php%3Frest_route%3D%252Fwp%252Fv2%252Fposts%252F7608\")'><ss style=\"display:block;border-radius:999px;\" class=\"heateorSssSharingSvg heateorSssTwitterSvg\"><\/ss><\/i><\/li><li class=\"heateorSssSharingRound\"><i style=\"width:35px;height:35px;border-radius:999px;\" alt=\"Whatsapp\" Title=\"Whatsapp\" class=\"heateorSssSharing heateorSssWhatsappBackground\" onclick='heateorSssPopup(\"https:\/\/web.whatsapp.com\/send?text=Acerca%20del%20mal%20vecino%20y%20de%20otras%20fuentes%20generadoras%20de%20violencia.%20Por%20%C3%93scar%20Humberto%20G%C3%B3mez%20G%C3%B3mez https%3A%2F%2Foscarhumbertogomez.com%2Findex.php%3Frest_route%3D%252Fwp%252Fv2%252Fposts%252F7608\")'><ss style=\"display:block\" class=\"heateorSssSharingSvg heateorSssWhatsappSvg\"><\/ss><\/i><\/li><li class=\"heateorSssSharingRound\"><i style=\"width:35px;height:35px;border-radius:999px;\" alt=\"Pinterest\" Title=\"Pinterest\" class=\"heateorSssSharing heateorSssPinterestBackground\" onclick=\"javascript:void( (function() {var e=document.createElement('script' );e.setAttribute('type','text\/javascript' );e.setAttribute('charset','UTF-8' );e.setAttribute('src','\/\/assets.pinterest.com\/js\/pinmarklet.js?r='+Math.random()*99999999);document.body.appendChild(e)})());\"><ss style=\"display:block;border-radius:999px;\" class=\"heateorSssSharingSvg heateorSssPinterestSvg\"><\/ss><\/i><\/li><li class=\"heateorSssSharingRound\"><i style=\"width:35px;height:35px;border-radius:999px;\" alt=\"Google Gmail\" Title=\"Google Gmail\" class=\"heateorSssSharing heateorSssGoogleGmailBackground\" onclick='heateorSssPopup(\"https:\/\/mail.google.com\/mail\/?ui=2&view=cm&fs=1&tf=1&su=Acerca%20del%20mal%20vecino%20y%20de%20otras%20fuentes%20generadoras%20de%20violencia.%20Por%20%C3%93scar%20Humberto%20G%C3%B3mez%20G%C3%B3mez&body=Link:https%3A%2F%2Foscarhumbertogomez.com%2Findex.php%3Frest_route%3D%252Fwp%252Fv2%252Fposts%252F7608\")'><ss style=\"display:block;border-radius:999px;\" class=\"heateorSssSharingSvg heateorSssGoogleGmailSvg\"><\/ss><\/i><\/li><li class=\"heateorSssSharingRound\"><i style=\"width:35px;height:35px;border-radius:999px;\" title=\"More\" alt=\"More\" class=\"heateorSssSharing heateorSssMoreBackground\" onclick=\"heateorSssMoreSharingPopup(this, 'https:\/\/oscarhumbertogomez.com\/index.php?rest_route=%2Fwp%2Fv2%2Fposts%2F7608', 'Acerca%20del%20mal%20vecino%20y%20de%20otras%20fuentes%20generadoras%20de%20violencia.%20Por%20%C3%93scar%20Humberto%20G%C3%B3mez%20G%C3%B3mez', '' )\" ><ss style=\"display:block\" class=\"heateorSssSharingSvg heateorSssMoreSvg\"><\/ss><\/i><\/li><\/ul><div class=\"heateorSssClear\"><\/div><\/div><div class='heateorSssClear'><\/div>","protected":false},"author":2,"featured_media":0,"comment_status":"closed","ping_status":"closed","sticky":false,"template":"","format":"standard","meta":{"spay_email":"","footnotes":""},"categories":[1],"tags":[],"class_list":["post-7608","post","type-post","status-publish","format-standard","hentry","category-blog"],"jetpack_featured_media_url":"","jetpack_shortlink":"https:\/\/wp.me\/p1FYrr-1YI","_links":{"self":[{"href":"https:\/\/oscarhumbertogomez.com\/index.php?rest_route=\/wp\/v2\/posts\/7608","targetHints":{"allow":["GET"]}}],"collection":[{"href":"https:\/\/oscarhumbertogomez.com\/index.php?rest_route=\/wp\/v2\/posts"}],"about":[{"href":"https:\/\/oscarhumbertogomez.com\/index.php?rest_route=\/wp\/v2\/types\/post"}],"author":[{"embeddable":true,"href":"https:\/\/oscarhumbertogomez.com\/index.php?rest_route=\/wp\/v2\/users\/2"}],"replies":[{"embeddable":true,"href":"https:\/\/oscarhumbertogomez.com\/index.php?rest_route=%2Fwp%2Fv2%2Fcomments&post=7608"}],"version-history":[{"count":5,"href":"https:\/\/oscarhumbertogomez.com\/index.php?rest_route=\/wp\/v2\/posts\/7608\/revisions"}],"predecessor-version":[{"id":53465,"href":"https:\/\/oscarhumbertogomez.com\/index.php?rest_route=\/wp\/v2\/posts\/7608\/revisions\/53465"}],"wp:attachment":[{"href":"https:\/\/oscarhumbertogomez.com\/index.php?rest_route=%2Fwp%2Fv2%2Fmedia&parent=7608"}],"wp:term":[{"taxonomy":"category","embeddable":true,"href":"https:\/\/oscarhumbertogomez.com\/index.php?rest_route=%2Fwp%2Fv2%2Fcategories&post=7608"},{"taxonomy":"post_tag","embeddable":true,"href":"https:\/\/oscarhumbertogomez.com\/index.php?rest_route=%2Fwp%2Fv2%2Ftags&post=7608"}],"curies":[{"name":"wp","href":"https:\/\/api.w.org\/{rel}","templated":true}]}}