{"id":7783,"date":"2013-04-01T11:40:03","date_gmt":"2013-04-01T16:40:03","guid":{"rendered":"http:\/\/www.oscarhumbertogomez.com\/?p=7783"},"modified":"2025-04-02T10:59:21","modified_gmt":"2025-04-02T15:59:21","slug":"mariela-hijuelos-por-oscar-humberto-gomez","status":"publish","type":"post","link":"https:\/\/oscarhumbertogomez.com\/?p=7783","title":{"rendered":"MARIELA HIJUELOS. Por \u00d3scar Humberto G\u00f3mez G\u00f3mez"},"content":{"rendered":"<div id=\"attachment_7789\" style=\"width: 381px\" class=\"wp-caption aligncenter\"><img loading=\"lazy\" decoding=\"async\" aria-describedby=\"caption-attachment-7789\" class=\"size-full wp-image-7789\" title=\"MARIELA HIJUELOS II\" src=\"https:\/\/lapiedrafilosofal.com\/wp-content\/uploads\/2013\/04\/MARIELA-HIJUELOS-II.jpg\" alt=\"\" width=\"371\" height=\"480\" srcset=\"https:\/\/oscarhumbertogomez.com\/wp-content\/uploads\/2013\/04\/MARIELA-HIJUELOS-II.jpg 371w, https:\/\/oscarhumbertogomez.com\/wp-content\/uploads\/2013\/04\/MARIELA-HIJUELOS-II-231x300.jpg 231w\" sizes=\"auto, (max-width: 371px) 100vw, 371px\" \/><p id=\"caption-attachment-7789\" class=\"wp-caption-text\">LA JOVEN ACTRIZ SANTANDEREANA MARIELA HIJUELOS JUNTO AL ACTOR Y DIRECTOR ARGENTINO JULIO C\u00c9SAR LUNA<\/p><\/div>\n<p>&nbsp;<\/p>\n<p>Hoy se est\u00e1 conmemorando el natalicio del escritor, militar, pol\u00edtico y antrop\u00f3logo colombiano Jorge Isaacs (Isaac<strong>S<\/strong>, con &#8220;<strong>S<\/strong>&#8221; al final, por favor), autor de la famosa novela &#8220;Mar\u00eda&#8221;, tambi\u00e9n conocida popularmente como &#8220;La Mar\u00eda&#8221;.<br \/>\nHasta <em>Google<\/em> se ha unido al merecido homenaje al estupendo literato vallecaucano.<\/p>\n<p>Empero, nuestro portal quiere recordar, indirectamente, a una joven figura de nuestro talento art\u00edstico nacional, prematuramente desaparecida, y vinculada -tambi\u00e9n de manera indirecta- a &#8220;La Mar\u00eda&#8221; de Isaacs. Hablamos de Mariela Hijuelos, quien represent\u00f3 el papel de Emma en la telenovela <em>Mar\u00eda<\/em>, dramatizado basado en la inmortal obra y que fue producido por la televisi\u00f3n nacional.<\/p>\n<p>&nbsp;<\/p>\n<p><img loading=\"lazy\" decoding=\"async\" class=\"aligncenter size-full wp-image-7790\" title=\"MARIELA HIJUELOS III\" src=\"https:\/\/lapiedrafilosofal.com\/wp-content\/uploads\/2013\/04\/MARIELA-HIJUELOS-III.jpg\" alt=\"\" width=\"273\" height=\"378\" srcset=\"https:\/\/oscarhumbertogomez.com\/wp-content\/uploads\/2013\/04\/MARIELA-HIJUELOS-III.jpg 273w, https:\/\/oscarhumbertogomez.com\/wp-content\/uploads\/2013\/04\/MARIELA-HIJUELOS-III-216x300.jpg 216w\" sizes=\"auto, (max-width: 273px) 100vw, 273px\" \/><\/p>\n<p>&nbsp;<\/p>\n<p>El viernes 16 de mayo de 1975, en efecto, a la edad de 25 a\u00f1os, muri\u00f3 en Bogot\u00e1 la actriz Mariela Hijuelos, cuyo segundo apellido era Aguilar.<\/p>\n<p>Hab\u00eda nacido en Bucaramanga en el hogar formado por Luis Hijuelos e Isabel Aguilar y comenz\u00f3 su carrera art\u00edstica a los 18 a\u00f1os como cantante y locutora.<\/p>\n<p>La recordamos por el rol que desempe\u00f1\u00f3 dentro de la locuci\u00f3n santandereana en la hoy desaparecida emisora Radio Bucaramanga.&nbsp;Pero, de modo muy especial, la rememoramos cuando su preciosa voz daba la hora (&#8220;<em>son las cinco y treinta<\/em>&#8220;), en medio de un &#8220;jingle&#8221; que finalizaba diciendo: &#8220;<em>Radio \/ Bucaramanga \/ pas\u00f3 la hora \/ su emisora<\/em>&#8220;.<\/p>\n<p>&nbsp;<\/p>\n<p><img loading=\"lazy\" decoding=\"async\" class=\"aligncenter size-large wp-image-7793\" title=\"Radio Bucaramanga - Colombia\" src=\"https:\/\/lapiedrafilosofal.com\/wp-content\/uploads\/2013\/04\/Radio-Bucaramanga-Colombia-1024x432.jpg\" alt=\"\" width=\"640\" height=\"270\" srcset=\"https:\/\/oscarhumbertogomez.com\/wp-content\/uploads\/2013\/04\/Radio-Bucaramanga-Colombia-1024x432.jpg 1024w, https:\/\/oscarhumbertogomez.com\/wp-content\/uploads\/2013\/04\/Radio-Bucaramanga-Colombia-300x126.jpg 300w, https:\/\/oscarhumbertogomez.com\/wp-content\/uploads\/2013\/04\/Radio-Bucaramanga-Colombia.jpg 1289w\" sizes=\"auto, (max-width: 640px) 100vw, 640px\" \/>&nbsp;<img loading=\"lazy\" decoding=\"async\" class=\"aligncenter size-full wp-image-7795\" title=\"RADIO_BUCARAMANGA\" src=\"https:\/\/lapiedrafilosofal.com\/wp-content\/uploads\/2013\/04\/RADIO_BUCARAMANGA.jpg\" alt=\"\" width=\"600\" height=\"443\" srcset=\"https:\/\/oscarhumbertogomez.com\/wp-content\/uploads\/2013\/04\/RADIO_BUCARAMANGA.jpg 600w, https:\/\/oscarhumbertogomez.com\/wp-content\/uploads\/2013\/04\/RADIO_BUCARAMANGA-300x221.jpg 300w\" sizes=\"auto, (max-width: 600px) 100vw, 600px\" \/><\/p>\n<p>&nbsp;<\/p>\n<p>Su primera actuaci\u00f3n en televisi\u00f3n la realiz\u00f3 en la telenovela <em>Una vida para amarte<\/em> en la cual actu\u00f3 junto a Aldemar Garc\u00eda y Alcira Rodr\u00edguez.<\/p>\n<p>En 1973 obtuvo el premio Ondra como <em>Mejor actriz no protagonista<\/em> por su papel de Emma en la telenovela <em>Mar\u00eda<\/em>.<\/p>\n<p>En 1974 protagoniz\u00f3, junto a Teresa Guti\u00e9rrez y Omar S\u00e1nchez, la obra de Tom\u00e1s Carrasquilla <em>Ligia Cruz<\/em>, adaptada y dirigida por Jaime Botero para el espacio Teatro Popular Caracol.<\/p>\n<p>Al momento de su temprana muerte, Mariela protagonizaba la telenovela <em>La vor\u00e1gine<\/em>, al lado de Julio C\u00e9sar Luna. (1)<\/p>\n<p>Su cuerpo fue tra\u00eddo a Bucaramanga. Sus ya numerosos admiradores se congregaron ante su casa, ubicada al frente del hoy desaparecido Teatro Analuc\u00eda, en la calle 34 entre carreras 26 y 27.<\/p>\n<p>Nos permitimos reproducir los siguientes apartes del libro <em>Historia de Bucaramanga<\/em>, escrito y publicado por el autor de esta cr\u00f3nica y que fue uno de los soportes tenidos en cuenta para que fuese invitado a ingresar a la Academia de Historia de Santander como Miembro Correspondiente por el entonces presidente de esa instituci\u00f3n y ex rector de la Universidad Industrial de Santander (UIS) Miguel Jos\u00e9 Pinilla Guti\u00e9rrez y el Comit\u00e9 de Admisiones de la Academia:<\/p>\n<p>&nbsp;<\/p>\n<p><img loading=\"lazy\" decoding=\"async\" class=\"aligncenter size-large wp-image-203\" title=\"Car\u00e1tula &quot;Historia de Bucaramanga&quot;\" src=\"https:\/\/lapiedrafilosofal.com\/wp-content\/uploads\/2011\/06\/Car\u00e1tula-844x1024.jpg\" alt=\"\" width=\"640\" height=\"776\" srcset=\"https:\/\/oscarhumbertogomez.com\/wp-content\/uploads\/2011\/06\/Car\u00e1tula-844x1024.jpg 844w, https:\/\/oscarhumbertogomez.com\/wp-content\/uploads\/2011\/06\/Car\u00e1tula-247x300.jpg 247w, https:\/\/oscarhumbertogomez.com\/wp-content\/uploads\/2011\/06\/Car\u00e1tula.jpg 1095w\" sizes=\"auto, (max-width: 640px) 100vw, 640px\" \/><\/p>\n<p>&nbsp;<\/p>\n<p>&#8220;Viernes 16 de mayo de 1975: Muere en Bogot\u00e1 la actriz bumanguesa Mariela Hijuelos Aguilar. Hija de Luis Hijuelos e Isabel Aguilar, deja al morir una peque\u00f1a ni\u00f1a y tres hermanos: Luis, Isabel y Fabio Hijuelos Aguilar. La actriz santandereana se hab\u00eda desempe\u00f1ado como voz femenina l\u00edder en la emisora Radio Bucaramanga, tom\u00f3 parte en el elenco de la telenovela Mar\u00eda, en el papel de Emma, y ven\u00eda trabajando al lado del actor argentino Julio C\u00e9sar Luna en el dramatizado La vor\u00e1gine, que llev\u00f3 a la televisi\u00f3n la famosa novela de Jos\u00e9 Eustasio Rivera&#8221;. (p\u00e1gs. 417 &#8211; 418).<\/p>\n<p>En pie de p\u00e1gina aparece la siguiente anotaci\u00f3n:<\/p>\n<p>&#8220;Frecuentemente, a lo largo del d\u00eda, Radio Bucaramanga anunciaba la hora exacta en la preciosa voz de este inolvidable personaje de nuestra far\u00e1ndula. Su casa, ubicada frente al Teatro Analuc\u00eda, se vio colmada de una multitud que quer\u00eda despedir a la promisoria estrella de la actuaci\u00f3n, que ya comenzaba a brillar con luz propia en el medio art\u00edstico nacional y cuya vida trunc\u00f3 una delicada y virulenta enfermedad&#8221;. (2) (3).<\/p>\n<p>&nbsp;<\/p>\n<p>______<\/p>\n<p>&nbsp;<\/p>\n<p>1: Mariela Hijuelos fue reemplazada por Mar\u00eda Cecilia Botero quien con este papel se dio a conocer nacionalmente.<br \/>\n2: G\u00d3MEZ G\u00d3MEZ, \u00d3scar Humberto. <em>Historia de Bucaramanga<\/em>. 1a. edici\u00f3n. [Sic] Editorial. Casa Editora Los Hermanos G\u00f3mez. Bucaramanga. 2009, p.p. 417 &#8211; 418. ISBN: 978-958-708-420-7. Biblioteca de la Academia de Historia de Santander.<br \/>\n3: Una fuente de Internet consultada con posterioridad a la primera edici\u00f3n del libro, afirma que la muerte de la actriz ocurri\u00f3 &#8220;como consecuencia de una intervenci\u00f3n quir\u00fargica en el Hospital de la Hort\u00faa&#8221;. Dado que ello toca directamente con su vida personal nos abstenemos de adentrarnos en el tema.<\/p>\n<p>&nbsp;<\/p>\n","protected":false},"excerpt":{"rendered":"<p>&nbsp; Hoy se est\u00e1 conmemorando el natalicio del escritor, militar, pol\u00edtico y antrop\u00f3logo colombiano Jorge Isaacs (IsaacS, con &#8220;S&#8221; al final, por favor), autor de la famosa novela &#8220;Mar\u00eda&#8221;, tambi\u00e9n conocida popularmente como &#8220;La Mar\u00eda&#8221;. Hasta Google se ha unido &hellip; <a href=\"https:\/\/oscarhumbertogomez.com\/?p=7783\">Sigue leyendo <span class=\"meta-nav\">&rarr;<\/span><\/a><\/p>\n<div class='heateorSssClear'><\/div><div  class='heateor_sss_sharing_container heateor_sss_horizontal_sharing' heateor-sss-data-href='https:\/\/oscarhumbertogomez.com\/?p=7783'><div class='heateor_sss_sharing_title' style=\"font-weight:bold\" >\u00a1Gracias por compartirla!<\/div><ul class=\"heateor_sss_sharing_ul\"><li class=\"heateorSssSharingRound\"><i style=\"width:35px;height:35px;border-radius:999px;\" alt=\"Facebook\" Title=\"Facebook\" class=\"heateorSssSharing heateorSssFacebookBackground\" onclick='heateorSssPopup(\"https:\/\/www.facebook.com\/sharer\/sharer.php?u=https%3A%2F%2Foscarhumbertogomez.com%2Findex.php%3Frest_route%3D%252Fwp%252Fv2%252Fposts%252F7783\")'><ss style=\"display:block;border-radius:999px;\" class=\"heateorSssSharingSvg heateorSssFacebookSvg\"><\/ss><\/i><\/li><li class=\"heateorSssSharingRound\"><i style=\"width:35px;height:35px;border-radius:999px;\" alt=\"Twitter\" Title=\"Twitter\" class=\"heateorSssSharing heateorSssTwitterBackground\" onclick='heateorSssPopup(\"http:\/\/twitter.com\/intent\/tweet?text=MARIELA%20HIJUELOS.%20Por%20%C3%93scar%20Humberto%20G%C3%B3mez%20G%C3%B3mez&url=https%3A%2F%2Foscarhumbertogomez.com%2Findex.php%3Frest_route%3D%252Fwp%252Fv2%252Fposts%252F7783\")'><ss style=\"display:block;border-radius:999px;\" class=\"heateorSssSharingSvg heateorSssTwitterSvg\"><\/ss><\/i><\/li><li class=\"heateorSssSharingRound\"><i style=\"width:35px;height:35px;border-radius:999px;\" alt=\"Whatsapp\" Title=\"Whatsapp\" class=\"heateorSssSharing heateorSssWhatsappBackground\" onclick='heateorSssPopup(\"https:\/\/web.whatsapp.com\/send?text=MARIELA%20HIJUELOS.%20Por%20%C3%93scar%20Humberto%20G%C3%B3mez%20G%C3%B3mez https%3A%2F%2Foscarhumbertogomez.com%2Findex.php%3Frest_route%3D%252Fwp%252Fv2%252Fposts%252F7783\")'><ss style=\"display:block\" class=\"heateorSssSharingSvg heateorSssWhatsappSvg\"><\/ss><\/i><\/li><li class=\"heateorSssSharingRound\"><i style=\"width:35px;height:35px;border-radius:999px;\" alt=\"Pinterest\" Title=\"Pinterest\" class=\"heateorSssSharing heateorSssPinterestBackground\" onclick=\"javascript:void( (function() {var e=document.createElement('script' );e.setAttribute('type','text\/javascript' );e.setAttribute('charset','UTF-8' );e.setAttribute('src','\/\/assets.pinterest.com\/js\/pinmarklet.js?r='+Math.random()*99999999);document.body.appendChild(e)})());\"><ss style=\"display:block;border-radius:999px;\" class=\"heateorSssSharingSvg heateorSssPinterestSvg\"><\/ss><\/i><\/li><li class=\"heateorSssSharingRound\"><i style=\"width:35px;height:35px;border-radius:999px;\" alt=\"Google Gmail\" Title=\"Google Gmail\" class=\"heateorSssSharing heateorSssGoogleGmailBackground\" onclick='heateorSssPopup(\"https:\/\/mail.google.com\/mail\/?ui=2&view=cm&fs=1&tf=1&su=MARIELA%20HIJUELOS.%20Por%20%C3%93scar%20Humberto%20G%C3%B3mez%20G%C3%B3mez&body=Link:https%3A%2F%2Foscarhumbertogomez.com%2Findex.php%3Frest_route%3D%252Fwp%252Fv2%252Fposts%252F7783\")'><ss style=\"display:block;border-radius:999px;\" class=\"heateorSssSharingSvg heateorSssGoogleGmailSvg\"><\/ss><\/i><\/li><li class=\"heateorSssSharingRound\"><i style=\"width:35px;height:35px;border-radius:999px;\" title=\"More\" alt=\"More\" class=\"heateorSssSharing heateorSssMoreBackground\" onclick=\"heateorSssMoreSharingPopup(this, 'https:\/\/oscarhumbertogomez.com\/index.php?rest_route=%2Fwp%2Fv2%2Fposts%2F7783', 'MARIELA%20HIJUELOS.%20Por%20%C3%93scar%20Humberto%20G%C3%B3mez%20G%C3%B3mez', '' )\" ><ss style=\"display:block\" class=\"heateorSssSharingSvg heateorSssMoreSvg\"><\/ss><\/i><\/li><\/ul><div class=\"heateorSssClear\"><\/div><\/div><div class='heateorSssClear'><\/div>","protected":false},"author":2,"featured_media":0,"comment_status":"open","ping_status":"open","sticky":false,"template":"","format":"standard","meta":{"spay_email":"","footnotes":""},"categories":[1,55],"tags":[],"class_list":["post-7783","post","type-post","status-publish","format-standard","hentry","category-blog","category-cine-y-television"],"jetpack_featured_media_url":"","jetpack_shortlink":"https:\/\/wp.me\/p1FYrr-21x","_links":{"self":[{"href":"https:\/\/oscarhumbertogomez.com\/index.php?rest_route=\/wp\/v2\/posts\/7783","targetHints":{"allow":["GET"]}}],"collection":[{"href":"https:\/\/oscarhumbertogomez.com\/index.php?rest_route=\/wp\/v2\/posts"}],"about":[{"href":"https:\/\/oscarhumbertogomez.com\/index.php?rest_route=\/wp\/v2\/types\/post"}],"author":[{"embeddable":true,"href":"https:\/\/oscarhumbertogomez.com\/index.php?rest_route=\/wp\/v2\/users\/2"}],"replies":[{"embeddable":true,"href":"https:\/\/oscarhumbertogomez.com\/index.php?rest_route=%2Fwp%2Fv2%2Fcomments&post=7783"}],"version-history":[{"count":5,"href":"https:\/\/oscarhumbertogomez.com\/index.php?rest_route=\/wp\/v2\/posts\/7783\/revisions"}],"predecessor-version":[{"id":53444,"href":"https:\/\/oscarhumbertogomez.com\/index.php?rest_route=\/wp\/v2\/posts\/7783\/revisions\/53444"}],"wp:attachment":[{"href":"https:\/\/oscarhumbertogomez.com\/index.php?rest_route=%2Fwp%2Fv2%2Fmedia&parent=7783"}],"wp:term":[{"taxonomy":"category","embeddable":true,"href":"https:\/\/oscarhumbertogomez.com\/index.php?rest_route=%2Fwp%2Fv2%2Fcategories&post=7783"},{"taxonomy":"post_tag","embeddable":true,"href":"https:\/\/oscarhumbertogomez.com\/index.php?rest_route=%2Fwp%2Fv2%2Ftags&post=7783"}],"curies":[{"name":"wp","href":"https:\/\/api.w.org\/{rel}","templated":true}]}}