{"id":8134,"date":"2013-05-04T11:51:15","date_gmt":"2013-05-04T16:51:15","guid":{"rendered":"http:\/\/www.oscarhumbertogomez.com\/?p=8134"},"modified":"2024-02-17T16:48:59","modified_gmt":"2024-02-17T21:48:59","slug":"ruido-e-indisciplina-social","status":"publish","type":"post","link":"https:\/\/oscarhumbertogomez.com\/?p=8134","title":{"rendered":"Ruido e indisciplina social. Por \u00d3scar Humberto G\u00f3mez G\u00f3mez"},"content":{"rendered":"<div id=\"attachment_8135\" style=\"width: 610px\" class=\"wp-caption aligncenter\"><img loading=\"lazy\" decoding=\"async\" aria-describedby=\"caption-attachment-8135\" class=\"size-full wp-image-8135\" title=\"KEKAR\" src=\"https:\/\/lapiedrafilosofal.com\/wp-content\/uploads\/2013\/05\/KEKAR.jpg\" alt=\"\" width=\"600\" height=\"400\" srcset=\"https:\/\/oscarhumbertogomez.com\/wp-content\/uploads\/2013\/05\/KEKAR.jpg 600w, https:\/\/oscarhumbertogomez.com\/wp-content\/uploads\/2013\/05\/KEKAR-300x200.jpg 300w\" sizes=\"auto, (max-width: 600px) 100vw, 600px\" \/><p id=\"caption-attachment-8135\" class=\"wp-caption-text\">CARICATURA DE C\u00c9SAR ALMEIDA (KEKAR) PUBLICADA HOY POR EL DIARIO VANGUARDIA LIBERAL DE BUCARAMANGA.<\/p><\/div>\n<p><strong>&nbsp;<\/strong><\/p>\n<p>Por tratarse de un tema que nos ata\u00f1e a todos, reproducimos a continuaci\u00f3n el informe que publica hoy el peri\u00f3dico bumangu\u00e9s <em>Vanguardia Liberal&nbsp;<\/em>acerca de uno de los m\u00e1s chocantes problemas que agobian a la sociedad moderna: el del ruido.<\/p>\n<p>Aunque el art\u00edculo de prensa, redactado por Euclides Ardila Rueda, se concreta al caso espec\u00edfico de Bucaramanga, lo cierto es que ya no hay pa\u00eds, departamento, estado, provincia, ciudad, pueblo, villorrio, corregimiento, vereda, caser\u00edo o condominio donde no se est\u00e9 dando esta situaci\u00f3n, al punto de que consideramos que la lucha contra el ruido (que envuelve temas de capital importancia como el derecho al silencio, el respeto al enfermo o a quien estudia, y la proscripci\u00f3n de todas las formas de eso que nosotros llamamos la pataner\u00eda social), debe ser abordada por el Estado en el seno de los organismos internacionales y convertirse internamente en cada pa\u00eds en una verdadera pol\u00edtica estatal.<\/p>\n<p>El informe no rememora las muertes violentas que, no m\u00e1s en Bucaramanga, este fen\u00f3meno ha desencadenado (en el sector de la Ciudadela Real de Minas, por ejemplo, un celador termin\u00f3 matando a tiros a un residente que se neg\u00f3 a bajarle el estridente volumen a los parlantes de su camioneta cuatro puertas), ni ahonda en las perturbaciones neuropsiqui\u00e1tricas que est\u00e1 causando en las personas a partir de la irritabilidad que desencadena el no poder conciliar el sue\u00f1o o concentrarse en el estudio o en el trabajo a consecuencia del ruido, pero principalmente la sensaci\u00f3n de impotencia y desamparo que produce el ver que la autoridad no acude de manera oportuna, en\u00e9rgica y eficaz a imponer el orden perturbado.<\/p>\n<p>Y es que, a prop\u00f3sito de &#8220;orden&#8221;, se olvida que ese concepto se refiere al &#8220;orden p\u00fablico&#8221; y que el &#8220;orden p\u00fablico&#8221; no se circunscribe a la seguridad -como suele creerse- sino que tambi\u00e9n se extiende a otras nociones como la tranquilidad p\u00fablica, la salud p\u00fablica y la moralidad p\u00fablica, tal y como lo explica el C\u00f3digo Nacional de Polic\u00eda.<\/p>\n<p><strong>&nbsp;<\/strong><\/p>\n<p><img loading=\"lazy\" decoding=\"async\" class=\"aligncenter size-full wp-image-8137\" title=\"RUIDO III\" src=\"https:\/\/lapiedrafilosofal.com\/wp-content\/uploads\/2013\/05\/RUIDO-III.jpg\" alt=\"\" width=\"400\" height=\"266\" srcset=\"https:\/\/oscarhumbertogomez.com\/wp-content\/uploads\/2013\/05\/RUIDO-III.jpg 400w, https:\/\/oscarhumbertogomez.com\/wp-content\/uploads\/2013\/05\/RUIDO-III-300x199.jpg 300w\" sizes=\"auto, (max-width: 400px) 100vw, 400px\" \/><\/p>\n<p><strong>&nbsp;<\/strong><\/p>\n<p>Los factores causantes de ruido y que est\u00e1n convirtiendo las aglomeraciones urbanas en un infierno tienen que ver, desgraciadamente, con la m\u00fasica. &nbsp;En nuestro medio, de un tiempo para ac\u00e1 se desencaden\u00f3 un irrefrenable auge de la m\u00fasica &#8220;vallenata&#8221; y &#8220;norte\u00f1a&#8221;. &nbsp;Y las ponemos entre comillas, pues no se trata, ni por asomo, de las manifestaciones folcl\u00f3ricas y, por ende, culturales de unos pueblos que nos merecen respeto, sino de la m\u00e1s grosera y altanera expresi\u00f3n de prepotencia, capacidad econ\u00f3mica (generalmente mal habida) y vulgaridad de la peor laya. &nbsp;Una canci\u00f3n &#8220;vallenata&#8221; reciente se refiere al reclamo continuo que un se\u00f1or debe hacer a su escandaloso vecino, quien se la pasa el d\u00eda entero, la noche y la madrugada, oyendo &#8220;vallenatos&#8221;. &nbsp;La &#8220;soluci\u00f3n&#8221; que le da la canci\u00f3n al desgraciado reclamante es que venda la casa y se largue del barrio, porque lo que es \u00e9l -su ruidoso vecino- no piensa dejar de escuchar la m\u00fasica que le gusta, a todo dar, solamente porque a su amargado opositor no le guste. &nbsp;Esa misma actitud -incivil, desafiante, desconsiderada y vulgar- &nbsp;se repite a diario, no s\u00f3lo en Bucaramanga, sino en todas partes, cuando la polic\u00eda acude y hace el correspondiente llamado de atenci\u00f3n, pero no acaba de dar la espalda y retirarse del lugar cuando el bochinchero sujeto que ha motivado su presencia vuelve a subirle el volumen a su equipo de sonido como diciendo: <em>&#8220;Al que no le gusta el caldo, se le dan dos tazas&#8221;<\/em>.<\/p>\n<p><strong>&nbsp;<\/strong><\/p>\n<p><img loading=\"lazy\" decoding=\"async\" class=\"aligncenter size-full wp-image-8138\" title=\"RUIDO II\" src=\"https:\/\/lapiedrafilosofal.com\/wp-content\/uploads\/2013\/05\/RUIDO-II.jpg\" alt=\"\" width=\"400\" height=\"358\" srcset=\"https:\/\/oscarhumbertogomez.com\/wp-content\/uploads\/2013\/05\/RUIDO-II.jpg 400w, https:\/\/oscarhumbertogomez.com\/wp-content\/uploads\/2013\/05\/RUIDO-II-300x268.jpg 300w\" sizes=\"auto, (max-width: 400px) 100vw, 400px\" \/><\/p>\n<p><strong>&nbsp;<\/strong><\/p>\n<p>La m\u00fasica, empero, no es el \u00fanico factor de ruido. Tambi\u00e9n aportan su grano de arena a esta locura colectiva muchas otras violaciones de las m\u00e1s elementales reglas de convivencia, como el auge de las motocicletas de alta cilindrada y sin silenciador, el abuso de la bocina y la instalaci\u00f3n de pitos cada vez m\u00e1s estridentes, los anuncios comerciales con altoparlante incluido y una que otra serenata a volumen m\u00e1s propio de un concierto a campo abierto.<\/p>\n<p><strong>&nbsp;<\/strong><\/p>\n<p>El siguiente es el informe de prensa publicado hoy:<\/p>\n<p><strong>&nbsp;<\/strong><\/p>\n<p>&#8220;<strong>\u00bfC\u00f3mo bajarles el volumen a los vecinos ruidosos?<\/strong><\/p>\n<p><strong>&nbsp;<\/strong><\/p>\n<p>En Bucaramanga son frecuentes las quejas de personas que denuncian a vecinos \u2018latosos\u2019 que rumbean hasta avanzadas horas de la madrugada en los apartamentos, que mantienen encendidos el equipo de sonido todo el d\u00eda y que, por ende, promueven esc\u00e1ndalos.<br \/>\nEn los reportes de denuncias, protocolizadas a las l\u00edneas de recepci\u00f3n de la Polic\u00eda y de la Oficina de Control Sonoro de la Secretar\u00eda de Salud y Medio Ambiente de la Alcald\u00eda, se contabiliza una cifra que oscila entre las 110 y las 130 quejas a la semana.<\/p>\n<p>La estad\u00edstica se queda peque\u00f1a si se tiene en cuenta que en los Centros de Conciliaci\u00f3n de la ciudad se atienden, a diario, cuatro casos de ruidosos. Estas situaciones acarrean, en m\u00e1s de una ocasi\u00f3n, duros enfrentamientos.<\/p>\n<p>Claro est\u00e1 que las quejas de ciudadanos que dan cuenta de la afectaci\u00f3n de la tranquilidad de la gente tambi\u00e9n est\u00e1n ligadas a las construcciones que no cesan sus obras durante horas de la noche o a los conductores que ostentan el \u2018poder del sonido\u2019 de sus automotores.<\/p>\n<p>Los excesos en los usos de los meg\u00e1fonos, por parte de vendedores informales e incluso de algunos establecimientos comerciales, tambi\u00e9n inciden en la generaci\u00f3n de ruido en los barrios y, de manera especial, en el centro de la capital santandereana.<\/p>\n<p>Seg\u00fan Luis Ni\u00f1o, coordinador del \u00c1rea de Control Sonoro de la Secretar\u00eda de Salud y Medio Ambiente, \u201chay muchas personas que olvidan que deben cumplir ciertas normas incluidas en el Manual de Convivencia Ciudadana o en el C\u00f3digo de Polic\u00eda\u201d.<\/p>\n<p>Agreg\u00f3 que, lo peor, es que \u201cquienes promueven la contaminaci\u00f3n auditiva ni siquiera tienen en cuenta los derechos de los enfermos, de las personas mayores y, en general, de quienes deben trabajar, dormir o descansar\u201d.<\/p>\n<p>El funcionario fue enf\u00e1tico al afirmar que, los ciudadanos que se consideren afectados por los llamados \u2018bulliciosos\u2019 no solo tienen leyes que los amparan sino que, adem\u00e1s, les ofrecen herramientas legales para que se puedan defender ante los abusos que cometen ciertos individuos.<\/p>\n<p>De entrada, la gente tiene l\u00edneas telef\u00f3nicas habilitadas en la Alcald\u00eda para reportar cualquier caso que afecte su tranquilidad sonora.<\/p>\n<p>Hablamos del 6337000, extensiones 241 y 242, en donde se recepcionan las quejas de la comunidad. Si lo prefiere puede llamar al siguiente celular: 315 6572682.<\/p>\n<p><strong>&nbsp;<\/strong><\/p>\n<p><img loading=\"lazy\" decoding=\"async\" class=\"aligncenter size-full wp-image-8141\" title=\"RUIDO\" src=\"https:\/\/lapiedrafilosofal.com\/wp-content\/uploads\/2013\/05\/RUIDO2.jpg\" alt=\"\" width=\"600\" height=\"417\" srcset=\"https:\/\/oscarhumbertogomez.com\/wp-content\/uploads\/2013\/05\/RUIDO2.jpg 600w, https:\/\/oscarhumbertogomez.com\/wp-content\/uploads\/2013\/05\/RUIDO2-300x208.jpg 300w\" sizes=\"auto, (max-width: 600px) 100vw, 600px\" \/><\/p>\n<p><strong>&nbsp;<\/strong><\/p>\n<p><strong>Las calles m\u00e1s ruidosas de Colombia<\/strong><\/p>\n<p>1 Bogot\u00e1: Calle 116 con Cra. 7\u00aa (118 decibeles)<br \/>\n2 Cali: Calle 50 con Cra. 80 (96 decibeles)<br \/>\n3 Medell\u00edn: Calle 33 con Cra. 57 (90 decibeles)<br \/>\n4 Pereira: Calle 24 con Av. 30 de agosto (82 decibeles)<br \/>\n5 Cartagena: Calle 32 con Cra. 65 (81 decibeles)<br \/>\n6 Barranquilla: Alrededores del Estadio (80,9 decibeles)<br \/>\n7 C\u00facuta: Calle del Comercio (80,7 decibeles)<br \/>\n8 Bucaramanga: Calle 56 con Cra. 33 (80,2 decibeles)<br \/>\n9 Armenia: Calle del Centro (75 decibeles)<br \/>\n10 Valledupar: Cra. 7\u00aa, V\u00eda del Cesar (74 decibeles)<\/p>\n<p><strong>Un caso particular: la calle 105 de Provenza es muy ruidosa<\/strong><\/p>\n<p><strong>&nbsp;<\/strong><\/p>\n<p><img loading=\"lazy\" decoding=\"async\" class=\"aligncenter size-full wp-image-8142\" title=\"MOTO RUIDOSA\" src=\"https:\/\/lapiedrafilosofal.com\/wp-content\/uploads\/2013\/05\/MOTO-RUIDOSA.jpg\" alt=\"\" width=\"700\" height=\"420\" srcset=\"https:\/\/oscarhumbertogomez.com\/wp-content\/uploads\/2013\/05\/MOTO-RUIDOSA.jpg 700w, https:\/\/oscarhumbertogomez.com\/wp-content\/uploads\/2013\/05\/MOTO-RUIDOSA-300x180.jpg 300w\" sizes=\"auto, (max-width: 700px) 100vw, 700px\" \/><\/p>\n<p><strong>&nbsp;<\/strong><\/p>\n<p>Los vecinos de Provenza, un barrio adscrito a la Comuna Sur, de manera espec\u00edfica los que viven a lo largo y ancho de la calle 105 con carrera 22, est\u00e1n desesperados con el excesivo ruido que se produce en ese sitio.<\/p>\n<p>\u00a1Y no es para menos!<\/p>\n<p>Sobre esa zona funcionan desde hace varios a\u00f1os negocios nocturnos, tales como: licoreras, tabernas, ventas de comidas r\u00e1pidas y hasta discotecas camufladas.<\/p>\n<p>El vecindario padece las secuelas que dejan estos lugares: excesivo ruido, invasi\u00f3n del espacio p\u00fablico, ri\u00f1as callejeras entre borrachos, en fin&#8230;<\/p>\n<p>Los esc\u00e1ndalos se tomaron al barrio y pr\u00e1cticamente acabaron con la tranquilidad de todo el vecindario.<\/p>\n<p><strong>&nbsp;<\/strong><\/p>\n<p><strong>\u00bfQu\u00e9 puede hacer esta comunidad ante semejante panorama?<\/strong><\/p>\n<p><strong>&nbsp;<\/strong><\/p>\n<p><img loading=\"lazy\" decoding=\"async\" class=\"aligncenter size-full wp-image-8144\" title=\"Polic\u00eda\" src=\"https:\/\/lapiedrafilosofal.com\/wp-content\/uploads\/2013\/05\/Polic\u00eda.jpg\" alt=\"\" width=\"700\" height=\"468\" srcset=\"https:\/\/oscarhumbertogomez.com\/wp-content\/uploads\/2013\/05\/Polic\u00eda.jpg 700w, https:\/\/oscarhumbertogomez.com\/wp-content\/uploads\/2013\/05\/Polic\u00eda-300x200.jpg 300w\" sizes=\"auto, (max-width: 700px) 100vw, 700px\" \/><\/p>\n<p><strong>&nbsp;<\/strong><\/p>\n<p>El abogado Luis Carlos Arciniegas sostiene que, esta poblaci\u00f3n tiene una herramienta legal valiosa para defender su causa.<\/p>\n<p>Todo aquel que est\u00e9 preocupado por la tortuosa situaci\u00f3n que vive, puede instaurar varias denuncias en dependencias como la Secretar\u00eda de Gobierno, las Inspecciones Primera y Segunda y la propia Estaci\u00f3n de Polic\u00eda.<\/p>\n<p>Esas peticiones, en el papel, deben tener el eco respectivo.<\/p>\n<p>Si llega a existir el silencio oficial, la comunidad puede entutelar su derecho a la tranquilidad y denunciar ante un Juzgado, no solo la zozobra que producen esos negocios, sino la falta de respuesta de las autoridades municipales referenciadas.<\/p>\n<p>Estudiadas las razones y los argumentos de los vecinos de Provenza, el Juez deber\u00e1 comprobar los hechos y ordenar a la Alcald\u00eda tomar cartas en el asunto.<\/p>\n<p>Adem\u00e1s, so pena de los cierres de esos negocios, deber\u00e1 obligar a todos y a cada uno de los propietarios de esos establecimientos a moderar el volumen de sus equipos de sonido y obviamente no promover la invasi\u00f3n del espacio p\u00fablico.<\/p>\n<p><strong>&nbsp;<\/strong><\/p>\n<p><strong>Pasos a seguir<\/strong><\/p>\n<p><strong>&nbsp;<\/strong><\/p>\n<p><img loading=\"lazy\" decoding=\"async\" class=\"aligncenter size-full wp-image-8145\" title=\"RUIDO III\" src=\"https:\/\/lapiedrafilosofal.com\/wp-content\/uploads\/2013\/05\/RUIDO-III1.jpg\" alt=\"\" width=\"222\" height=\"288\"><\/p>\n<p><strong>&nbsp;<\/strong><\/p>\n<p>Si en su cuadra o en su conjunto residencial hay uno que otro vecino ruidoso, debe seguir los siguientes procedimientos para denunciar:<\/p>\n<p>Si es un \u00e1rea cerrada, debe exigirle a la administradora aplicar el reglamento.<\/p>\n<p>Ley de la Propiedad Horizontal que dice: \u201cAl propietario y al ocupante del piso o local no les est\u00e1 permitido desarrollar en \u00e9l o en el resto del inmueble actividades prohibidas en los estatutos que resulten da\u00f1osas para la finca o que contravengan las disposiciones generales sobre actividades molestas, insalubres, nocivas, peligrosas o il\u00edcitas\u201d.<\/p>\n<p>Si es un barrio, se debe acudir al centro de atenci\u00f3n inmediata m\u00e1s cercano para que los agentes, previa comprobaci\u00f3n del hecho, \u2018les bajen el volumen\u2019 a los ruidosos.<\/p>\n<p>Proceden varios tipos de acciones policivas. Es aconsejable analizar la posibilidad de interponer una acci\u00f3n de tutela, si los organismos de administraci\u00f3n persisten en no adoptar medida alguna al respecto.<\/p>\n<p><strong>&nbsp;<\/strong><\/p>\n<p><strong>Pasados de decibeles<\/strong><\/p>\n<p><strong>&nbsp;<\/strong><\/p>\n<p>Un an\u00e1lisis del nivel de contaminaci\u00f3n sonora en la capital santandereana, en el horario comprendido entre las 7:00 a.m. y las 9:00 p.m., permiti\u00f3 establecer ciertas zonas en donde la ciudad es m\u00e1s bulliciosa.<\/p>\n<p>El an\u00e1lisis, elaborado por la Secretar\u00eda de Salud y Medio Ambiente, determin\u00f3 que zonas de Cabecera, como la de \u2018Cuadra Picha\u2019; la Calle 56 con Cra. 33; la Calle de los Estudiantes, en La Ciudadela; la calle 105, de Provenza; la Carrera 27 con Calle 30; la Calle 45 con Carrera 12; y la Carrera 33 con Calle 32, son las \u00e1reas en donde las mediciones de ruido sobrepasan los l\u00edmites permitidos.<\/p>\n<p>Los puntos de muestreo para el diagn\u00f3stico se determinaron teniendo en cuenta la presi\u00f3n sonora producida por las actividades comerciales y el flujo vehicular.<\/p>\n<p>Las mediciones se hicieron con base en la resoluci\u00f3n No. 0627 de 2006.<\/p>\n<p><strong>Afectan la tranquilidad y la salud<\/strong><\/p>\n<p>Adem\u00e1s de la p\u00e9rdida de audici\u00f3n, los elevados \u00edndices de ruido generan en las personas la alteraci\u00f3n en el estado de \u00e1nimo. Pueden incluso producir en las personas acciones agresivas, enfrentamientos verbales y f\u00edsicos.<\/p>\n<p>En este sentido lo que m\u00e1s preocupa a las autoridades, seg\u00fan el funcionario, es el grado de violencia al que se puede llegar al ser perturbados por el ruido.<\/p>\n<p>Llama la atenci\u00f3n el hecho de que zonas residenciales como La Ciudadela se registren decibeles por encima de la norma. Dos razones generan este problema: la gran cantidad de centros educativos que funcionan por all\u00ed y el \u2018cuello de botella\u2019 vehicular que se registra por los lados de la calle 56&#8243;.<\/p>\n<p>&nbsp;<\/p>\n","protected":false},"excerpt":{"rendered":"<p>&nbsp; Por tratarse de un tema que nos ata\u00f1e a todos, reproducimos a continuaci\u00f3n el informe que publica hoy el peri\u00f3dico bumangu\u00e9s Vanguardia Liberal&nbsp;acerca de uno de los m\u00e1s chocantes problemas que agobian a la sociedad moderna: el del ruido. &hellip; <a href=\"https:\/\/oscarhumbertogomez.com\/?p=8134\">Sigue leyendo <span class=\"meta-nav\">&rarr;<\/span><\/a><\/p>\n<div class='heateorSssClear'><\/div><div  class='heateor_sss_sharing_container heateor_sss_horizontal_sharing' heateor-sss-data-href='https:\/\/oscarhumbertogomez.com\/?p=8134'><div class='heateor_sss_sharing_title' style=\"font-weight:bold\" >\u00a1Gracias por compartirla!<\/div><ul class=\"heateor_sss_sharing_ul\"><li class=\"heateorSssSharingRound\"><i style=\"width:35px;height:35px;border-radius:999px;\" alt=\"Facebook\" Title=\"Facebook\" class=\"heateorSssSharing heateorSssFacebookBackground\" onclick='heateorSssPopup(\"https:\/\/www.facebook.com\/sharer\/sharer.php?u=https%3A%2F%2Foscarhumbertogomez.com%2Findex.php%3Frest_route%3D%252Fwp%252Fv2%252Fposts%252F8134\")'><ss style=\"display:block;border-radius:999px;\" class=\"heateorSssSharingSvg heateorSssFacebookSvg\"><\/ss><\/i><\/li><li class=\"heateorSssSharingRound\"><i style=\"width:35px;height:35px;border-radius:999px;\" alt=\"Twitter\" Title=\"Twitter\" class=\"heateorSssSharing heateorSssTwitterBackground\" onclick='heateorSssPopup(\"http:\/\/twitter.com\/intent\/tweet?text=Ruido%20e%20indisciplina%20social.%20Por%20%C3%93scar%20Humberto%20G%C3%B3mez%20G%C3%B3mez&url=https%3A%2F%2Foscarhumbertogomez.com%2Findex.php%3Frest_route%3D%252Fwp%252Fv2%252Fposts%252F8134\")'><ss style=\"display:block;border-radius:999px;\" class=\"heateorSssSharingSvg heateorSssTwitterSvg\"><\/ss><\/i><\/li><li class=\"heateorSssSharingRound\"><i style=\"width:35px;height:35px;border-radius:999px;\" alt=\"Whatsapp\" Title=\"Whatsapp\" class=\"heateorSssSharing heateorSssWhatsappBackground\" onclick='heateorSssPopup(\"https:\/\/web.whatsapp.com\/send?text=Ruido%20e%20indisciplina%20social.%20Por%20%C3%93scar%20Humberto%20G%C3%B3mez%20G%C3%B3mez https%3A%2F%2Foscarhumbertogomez.com%2Findex.php%3Frest_route%3D%252Fwp%252Fv2%252Fposts%252F8134\")'><ss style=\"display:block\" class=\"heateorSssSharingSvg heateorSssWhatsappSvg\"><\/ss><\/i><\/li><li class=\"heateorSssSharingRound\"><i style=\"width:35px;height:35px;border-radius:999px;\" alt=\"Pinterest\" Title=\"Pinterest\" class=\"heateorSssSharing heateorSssPinterestBackground\" onclick=\"javascript:void( (function() {var e=document.createElement('script' );e.setAttribute('type','text\/javascript' );e.setAttribute('charset','UTF-8' );e.setAttribute('src','\/\/assets.pinterest.com\/js\/pinmarklet.js?r='+Math.random()*99999999);document.body.appendChild(e)})());\"><ss style=\"display:block;border-radius:999px;\" class=\"heateorSssSharingSvg heateorSssPinterestSvg\"><\/ss><\/i><\/li><li class=\"heateorSssSharingRound\"><i style=\"width:35px;height:35px;border-radius:999px;\" alt=\"Google Gmail\" Title=\"Google Gmail\" class=\"heateorSssSharing heateorSssGoogleGmailBackground\" onclick='heateorSssPopup(\"https:\/\/mail.google.com\/mail\/?ui=2&view=cm&fs=1&tf=1&su=Ruido%20e%20indisciplina%20social.%20Por%20%C3%93scar%20Humberto%20G%C3%B3mez%20G%C3%B3mez&body=Link:https%3A%2F%2Foscarhumbertogomez.com%2Findex.php%3Frest_route%3D%252Fwp%252Fv2%252Fposts%252F8134\")'><ss style=\"display:block;border-radius:999px;\" class=\"heateorSssSharingSvg heateorSssGoogleGmailSvg\"><\/ss><\/i><\/li><li class=\"heateorSssSharingRound\"><i style=\"width:35px;height:35px;border-radius:999px;\" title=\"More\" alt=\"More\" class=\"heateorSssSharing heateorSssMoreBackground\" onclick=\"heateorSssMoreSharingPopup(this, 'https:\/\/oscarhumbertogomez.com\/index.php?rest_route=%2Fwp%2Fv2%2Fposts%2F8134', 'Ruido%20e%20indisciplina%20social.%20Por%20%C3%93scar%20Humberto%20G%C3%B3mez%20G%C3%B3mez', '' )\" ><ss style=\"display:block\" class=\"heateorSssSharingSvg heateorSssMoreSvg\"><\/ss><\/i><\/li><\/ul><div class=\"heateorSssClear\"><\/div><\/div><div class='heateorSssClear'><\/div>","protected":false},"author":2,"featured_media":0,"comment_status":"closed","ping_status":"closed","sticky":false,"template":"","format":"standard","meta":{"spay_email":"","footnotes":""},"categories":[18],"tags":[],"class_list":["post-8134","post","type-post","status-publish","format-standard","hentry","category-ecologia"],"jetpack_featured_media_url":"","jetpack_shortlink":"https:\/\/wp.me\/p1FYrr-27c","_links":{"self":[{"href":"https:\/\/oscarhumbertogomez.com\/index.php?rest_route=\/wp\/v2\/posts\/8134","targetHints":{"allow":["GET"]}}],"collection":[{"href":"https:\/\/oscarhumbertogomez.com\/index.php?rest_route=\/wp\/v2\/posts"}],"about":[{"href":"https:\/\/oscarhumbertogomez.com\/index.php?rest_route=\/wp\/v2\/types\/post"}],"author":[{"embeddable":true,"href":"https:\/\/oscarhumbertogomez.com\/index.php?rest_route=\/wp\/v2\/users\/2"}],"replies":[{"embeddable":true,"href":"https:\/\/oscarhumbertogomez.com\/index.php?rest_route=%2Fwp%2Fv2%2Fcomments&post=8134"}],"version-history":[{"count":5,"href":"https:\/\/oscarhumbertogomez.com\/index.php?rest_route=\/wp\/v2\/posts\/8134\/revisions"}],"predecessor-version":[{"id":46729,"href":"https:\/\/oscarhumbertogomez.com\/index.php?rest_route=\/wp\/v2\/posts\/8134\/revisions\/46729"}],"wp:attachment":[{"href":"https:\/\/oscarhumbertogomez.com\/index.php?rest_route=%2Fwp%2Fv2%2Fmedia&parent=8134"}],"wp:term":[{"taxonomy":"category","embeddable":true,"href":"https:\/\/oscarhumbertogomez.com\/index.php?rest_route=%2Fwp%2Fv2%2Fcategories&post=8134"},{"taxonomy":"post_tag","embeddable":true,"href":"https:\/\/oscarhumbertogomez.com\/index.php?rest_route=%2Fwp%2Fv2%2Ftags&post=8134"}],"curies":[{"name":"wp","href":"https:\/\/api.w.org\/{rel}","templated":true}]}}