{"id":8216,"date":"2013-05-11T17:03:28","date_gmt":"2013-05-11T22:03:28","guid":{"rendered":"http:\/\/www.oscarhumbertogomez.com\/?p=8216"},"modified":"2024-02-24T22:09:57","modified_gmt":"2024-02-25T03:09:57","slug":"alejandra-estefania-gomez-blackburn-nueva-profesional-de-la-psicologia-por-oscar-humberto-gomez-gomez","status":"publish","type":"post","link":"https:\/\/oscarhumbertogomez.com\/?p=8216","title":{"rendered":"LA UNIVERSIDAD PONTIFICIA BOLIVARIANA CONFIRI\u00d3 A ALEJANDRA ESTEFAN\u00cdA G\u00d3MEZ BLACKBURN EL T\u00cdTULO DE PSIC\u00d3LOGA. Por \u00d3scar Humberto G\u00f3mez G\u00f3mez"},"content":{"rendered":"<p><a href=\"https:\/\/lapiedrafilosofal.com\/wp-content\/uploads\/2013\/05\/ALEJANDRA-ESTEFANIA-.jpg\"><img loading=\"lazy\" decoding=\"async\" class=\"alignnone size-full wp-image-26174\" src=\"https:\/\/lapiedrafilosofal.com\/wp-content\/uploads\/2013\/05\/ALEJANDRA-ESTEFANIA-.jpg\" alt=\"\" width=\"620\" height=\"280\" srcset=\"https:\/\/oscarhumbertogomez.com\/wp-content\/uploads\/2013\/05\/ALEJANDRA-ESTEFANIA-.jpg 620w, https:\/\/oscarhumbertogomez.com\/wp-content\/uploads\/2013\/05\/ALEJANDRA-ESTEFANIA--300x135.jpg 300w\" sizes=\"auto, (max-width: 620px) 100vw, 620px\" \/><\/a><\/p>\n<p>En ceremonia llevada a cabo el d\u00eda de ayer en el Auditorio Juan Pablo II de esa <em>alma mater<\/em>, la Escuela de Psicolog\u00eda de la Facultad de Ciencias Sociales de la Universidad Pontificia Bolivariana (UPB) Seccional Bucaramanga le otorg\u00f3 el t\u00edtulo profesional de Psic\u00f3loga a la joven santandereana <strong>Alejandra Estefan\u00eda G\u00f3mez Blackburn<\/strong>.<\/p>\n<p>&nbsp;<\/p>\n<p><a href=\"https:\/\/lapiedrafilosofal.com\/wp-content\/uploads\/2017\/05\/psicologia.jpg\"><img loading=\"lazy\" decoding=\"async\" class=\"alignnone size-full wp-image-22104\" src=\"https:\/\/lapiedrafilosofal.com\/wp-content\/uploads\/2017\/05\/psicologia.jpg\" alt=\"\" width=\"960\" height=\"524\" srcset=\"https:\/\/oscarhumbertogomez.com\/wp-content\/uploads\/2017\/05\/psicologia.jpg 960w, https:\/\/oscarhumbertogomez.com\/wp-content\/uploads\/2017\/05\/psicologia-300x164.jpg 300w, https:\/\/oscarhumbertogomez.com\/wp-content\/uploads\/2017\/05\/psicologia-768x419.jpg 768w\" sizes=\"auto, (max-width: 960px) 100vw, 960px\" \/><\/a><\/p>\n<p>&nbsp;<\/p>\n<p>Alejandra abord\u00f3 su vida universitaria con aquella aplicaci\u00f3n que caracteriza a los alumnos que se toman en serio sus estudios porque saben que con ellos est\u00e1n construyendo nada menos que su futuro y, de paso, contribuyendo a construir el de la sociedad a la que pertenecen.<\/p>\n<p>&nbsp;<\/p>\n<p>&nbsp;<\/p>\n<p><img loading=\"lazy\" decoding=\"async\" class=\"aligncenter size-full wp-image-8262\" title=\"UPB\" src=\"https:\/\/lapiedrafilosofal.com\/wp-content\/uploads\/2013\/05\/UPB.jpg\" alt=\"\" width=\"800\" height=\"600\" srcset=\"https:\/\/oscarhumbertogomez.com\/wp-content\/uploads\/2013\/05\/UPB.jpg 800w, https:\/\/oscarhumbertogomez.com\/wp-content\/uploads\/2013\/05\/UPB-300x225.jpg 300w\" sizes=\"auto, (max-width: 800px) 100vw, 800px\" \/><\/p>\n<p>&nbsp;<\/p>\n<p>Alejandra Estefan\u00eda naci\u00f3 en Bucaramanga. Ello significa que, para su inmenso orgullo, es santandereana.<\/p>\n<p>El serlo, por supuesto, no es gratuito. Eso trae consigo una actitud frente a la vida. En su caso, una actitud frente a las adversidades que, inevitablemente, nos depara el existir. &nbsp;Eso que la Psicolog\u00eda llama <em>resiliencia<\/em>.<\/p>\n<p>Cuando nos hizo saber que hab\u00eda escogido hacer su pr\u00e1ctica en el Hospital Universitario de Santander en el \u00e1rea de los enfermos terminales, reaccionamos con la cl\u00e1sica respuesta de los padres, siempre procurando proteger a sus hijos del encuentro con las durezas de la vida, y tratamos de convencerla para que optara por otra alternativa menos dif\u00edcil y traum\u00e1tica. &nbsp;Pero ella persisti\u00f3 en su decisi\u00f3n y fue all\u00ed donde la hizo.<\/p>\n<p>&nbsp;<\/p>\n<p><a href=\"https:\/\/lapiedrafilosofal.com\/wp-content\/uploads\/2013\/05\/GOYA.-AUTORRETRATO-CON-EL-DOCTOR-ARRIETA.-1.jpg\"><img loading=\"lazy\" decoding=\"async\" class=\"alignnone size-full wp-image-26184\" src=\"https:\/\/lapiedrafilosofal.com\/wp-content\/uploads\/2013\/05\/GOYA.-AUTORRETRATO-CON-EL-DOCTOR-ARRIETA.-1.jpg\" alt=\"\" width=\"980\" height=\"826\" srcset=\"https:\/\/oscarhumbertogomez.com\/wp-content\/uploads\/2013\/05\/GOYA.-AUTORRETRATO-CON-EL-DOCTOR-ARRIETA.-1.jpg 980w, https:\/\/oscarhumbertogomez.com\/wp-content\/uploads\/2013\/05\/GOYA.-AUTORRETRATO-CON-EL-DOCTOR-ARRIETA.-1-300x253.jpg 300w, https:\/\/oscarhumbertogomez.com\/wp-content\/uploads\/2013\/05\/GOYA.-AUTORRETRATO-CON-EL-DOCTOR-ARRIETA.-1-768x647.jpg 768w\" sizes=\"auto, (max-width: 980px) 100vw, 980px\" \/><\/a><\/p>\n<p>&nbsp;<\/p>\n<p>Pr\u00e1cticamente todas las personas a quienes conoci\u00f3 como pacientes -incluidos varios ni\u00f1os- finalmente murieron. Ella estuvo presente en aquellos momentos de tribulaci\u00f3n y debi\u00f3 asumir su papel de soporte an\u00edmico cuando se desat\u00f3 aquel turbi\u00f3n de desesperanza.<\/p>\n<p>El drama m\u00e1s dif\u00edcil fue el de los ni\u00f1os con c\u00e1ncer. Ni\u00f1os que, sin embargo, dieron un ejemplo de entereza, como lo dio aquel que, en medio de su desoladora realidad, dibujaba preciosos paisajes con sus escasos elementos de pintura, dibujos que dej\u00f3 como su \u00fanico legado, como el \u00fanico recuerdo que pudo regalarle al mundo, este mundo incomprensible que por tan poco tiempo lo acogi\u00f3, hasta el d\u00eda cualquiera en el que abandon\u00f3 sus penalidades y miserias, y su esp\u00edritu -atrapado hasta ese momento en un cuerpo diezmado por la enfermedad incurable- parti\u00f3 hacia los entornos, seguramente m\u00e1s amables, de lo insondable y lo eterno.<\/p>\n<p>&nbsp;<\/p>\n<p><a href=\"https:\/\/lapiedrafilosofal.com\/wp-content\/uploads\/2013\/05\/EL-NINO-ENFERMO.-ARTURO-MICHELENA.-PARIS.-1886..jpg\"><img loading=\"lazy\" decoding=\"async\" class=\"alignnone size-full wp-image-26177\" src=\"https:\/\/lapiedrafilosofal.com\/wp-content\/uploads\/2013\/05\/EL-NINO-ENFERMO.-ARTURO-MICHELENA.-PARIS.-1886..jpg\" alt=\"\" width=\"643\" height=\"599\" srcset=\"https:\/\/oscarhumbertogomez.com\/wp-content\/uploads\/2013\/05\/EL-NINO-ENFERMO.-ARTURO-MICHELENA.-PARIS.-1886..jpg 643w, https:\/\/oscarhumbertogomez.com\/wp-content\/uploads\/2013\/05\/EL-NINO-ENFERMO.-ARTURO-MICHELENA.-PARIS.-1886.-300x279.jpg 300w\" sizes=\"auto, (max-width: 643px) 100vw, 643px\" \/><\/a><\/p>\n<p>&nbsp;<\/p>\n<p>Alejandra cuestion\u00f3 que para aquella gente, pobre, solitaria y sin porvenir, ya a las puertas de la muerte, no se ofreciera un ambiente m\u00e1s amable, m\u00e1s alegre, al menos la elemental comodidad de un televisor, o cuando menos unas revistas, o quiz\u00e1s un equipo de sonido para que la m\u00fasica de su predilecci\u00f3n, y no el silencio taciturno, les diera el \u00faltimo adi\u00f3s. Reproch\u00f3, en fin, que en pleno siglo XXI hubiera unos seres humanos condenados a permanecer los \u00faltimos d\u00edas de sus vidas acostados en una cama no m\u00e1s esperando el momento de su fallecimiento. Plante\u00f3 la urgente necesidad de reformar el hospital, de imprimirle humanidad y alegr\u00eda, de pintarlo de colores, de insuflarle la vitalidad de la m\u00fasica, de que hagan presencia all\u00ed artistas y personas que lleven esparcimiento y esperanza.<\/p>\n<p>Todo ese haz de experiencias dolorosas, de an\u00e9cdotas tristes y de vivencias dram\u00e1ticas la enriquecieron como Psic\u00f3loga.<\/p>\n<p>&nbsp;<\/p>\n<p><a href=\"https:\/\/lapiedrafilosofal.com\/wp-content\/uploads\/2013\/05\/Ferdinand-Hodler-The-student-Self-portrait-.jpg\"><img loading=\"lazy\" decoding=\"async\" class=\"alignnone size-full wp-image-26178\" src=\"https:\/\/lapiedrafilosofal.com\/wp-content\/uploads\/2013\/05\/Ferdinand-Hodler-The-student-Self-portrait-.jpg\" alt=\"\" width=\"452\" height=\"700\" srcset=\"https:\/\/oscarhumbertogomez.com\/wp-content\/uploads\/2013\/05\/Ferdinand-Hodler-The-student-Self-portrait-.jpg 452w, https:\/\/oscarhumbertogomez.com\/wp-content\/uploads\/2013\/05\/Ferdinand-Hodler-The-student-Self-portrait--194x300.jpg 194w\" sizes=\"auto, (max-width: 452px) 100vw, 452px\" \/><\/a><\/p>\n<p>&nbsp;<\/p>\n<p>Tambi\u00e9n adelant\u00f3 Alejandra Estefan\u00eda pr\u00e1cticas en dos importantes colegios de nuestra tierra donde conoci\u00f3 de cerca realidades humanas como la de que todav\u00eda, a estas alturas de la vida, hay ni\u00f1as que son golpeadas con fuete por perder una materia, estudiantes que deben caminar largos kil\u00f3metros desde su casa hasta el colegio, al que arriban empapados de sudor y diezmados por la fatiga, y muchachos que a las 10 u 11 de la ma\u00f1ana no han desayunado ni tienen con qu\u00e9 comprarse alguna merienda para comer durante el recreo. &nbsp;A pesar de ello, tambi\u00e9n observ\u00f3 c\u00f3mo j\u00f3venes inmersos en tanta adversidad exhiben una actitud positiva que ya se quisiera ver en muchos j\u00f3venes que todo lo tienen y aun as\u00ed no hacen lo posible siquiera por rendir acad\u00e9micamente o por adelantar, de manera responsable, las actividades propias de la vida estudiantil.<\/p>\n<p>&#8220;<strong>Relaci\u00f3n entre la Inteligencia Emocional y el rendimiento acad\u00e9mico<\/strong>&#8221; fue el t\u00edtulo de su trabajo de grado. Sorprendi\u00f3 gratamente la seguridad de sus planteamientos alrededor de ese tema, importante y actual, una nueva concepci\u00f3n de la inteligencia que se gest\u00f3 a partir de la evidencia manifiesta de que no siempre los alumnos m\u00e1s aventajados eran los m\u00e1s exitosos en la vida, porque para afrontar sus vicisitudes m\u00e1s que el alto coeficiente intelectual pareciera requerirse un alto coeficiente emocional, un haz de cualidades personales como, por ejemplo, la capacidad de ponerse en el lugar del otro, adivinar con facilidad cu\u00e1ndo el otro est\u00e1 triste, angustiado o sumido en las arideces del desencanto, levantarse despu\u00e9s de haber ca\u00eddo o controlar emociones primarias y probadamente inconvenientes como la ira.<\/p>\n<p>&nbsp;<\/p>\n<p><a href=\"https:\/\/lapiedrafilosofal.com\/wp-content\/uploads\/2013\/05\/PSIQUE-ABRE-LA-PUERTA-DEL-JARDIN-DE-CUPIDO.-john-william-waterhouse.-1903..jpg\"><img loading=\"lazy\" decoding=\"async\" class=\"alignnone size-full wp-image-26188\" src=\"https:\/\/lapiedrafilosofal.com\/wp-content\/uploads\/2013\/05\/PSIQUE-ABRE-LA-PUERTA-DEL-JARDIN-DE-CUPIDO.-john-william-waterhouse.-1903..jpg\" alt=\"\" width=\"328\" height=\"500\" srcset=\"https:\/\/oscarhumbertogomez.com\/wp-content\/uploads\/2013\/05\/PSIQUE-ABRE-LA-PUERTA-DEL-JARDIN-DE-CUPIDO.-john-william-waterhouse.-1903..jpg 328w, https:\/\/oscarhumbertogomez.com\/wp-content\/uploads\/2013\/05\/PSIQUE-ABRE-LA-PUERTA-DEL-JARDIN-DE-CUPIDO.-john-william-waterhouse.-1903.-197x300.jpg 197w\" sizes=\"auto, (max-width: 328px) 100vw, 328px\" \/><\/a><\/p>\n<p>&nbsp;<\/p>\n<p>Alejandra iniciar\u00e1 sus estudios de posgrado. Se especializar\u00e1 en Psicolog\u00eda Cl\u00ednica. Despu\u00e9s, iniciar\u00e1 su vida profesional. Tenemos la certeza de que la misma ser\u00e1 exitosa. Ella sabe que el \u00e9xito no se mide por la acumulaci\u00f3n de dinero, ni por vivir en determinado sitio, ni por tener una casa con determinadas caracter\u00edsticas, ni por pertenecer a un exclusivo club social, sino por la mayor o menor aproximaci\u00f3n que uno alcance en la vida a la condici\u00f3n, elemental y simple, de ser feliz.<\/p>\n<p>Por eso sabemos que ser\u00e1 una magn\u00edfica psic\u00f3loga cl\u00ednica. Porque, en \u00faltimas, Alejandra estudi\u00f3 Psicolog\u00eda con alegr\u00eda y con la \u00fanica motivaci\u00f3n de aprender para poner los conocimientos aprendidos al servicio de los dem\u00e1s, y todo lo que se hace con alegr\u00eda y con una finalidad tan noble termina, inexorablemente, d\u00e1ndonos el \u00e9xito.<\/p>\n<p>&nbsp;<\/p>\n<p><img loading=\"lazy\" decoding=\"async\" class=\"aligncenter size-large wp-image-8261\" title=\"LA PSICOLOCA Y SU PACIENTE\" src=\"https:\/\/lapiedrafilosofal.com\/wp-content\/uploads\/2013\/05\/LA-PSICOLOCA-Y-SU-PACIENTE-932x1024.jpg\" alt=\"\" width=\"640\" height=\"703\" srcset=\"https:\/\/oscarhumbertogomez.com\/wp-content\/uploads\/2013\/05\/LA-PSICOLOCA-Y-SU-PACIENTE-932x1024.jpg 932w, https:\/\/oscarhumbertogomez.com\/wp-content\/uploads\/2013\/05\/LA-PSICOLOCA-Y-SU-PACIENTE-273x300.jpg 273w, https:\/\/oscarhumbertogomez.com\/wp-content\/uploads\/2013\/05\/LA-PSICOLOCA-Y-SU-PACIENTE.jpg 2029w\" sizes=\"auto, (max-width: 640px) 100vw, 640px\" \/><\/p>\n<p>&nbsp;<\/p>\n<p>&nbsp;<\/p>\n<p>Nuestras mejores y m\u00e1s sinceras felicitaciones, Alejandra. Muchos \u00e9xitos acad\u00e9micos en la especializaci\u00f3n que vas a emprender.<\/p>\n<p>Y, desde luego, toda nuestra gratitud \u2014con la venia de Psique, diosa de la Psicolog\u00eda\u2014 a nuestro Supremo Hacedor, dador universal de la vida, por el inmenso honor que nos depar\u00f3 al darnos la irrepetible oportunidad de conocerte.<\/p>\n<p>&nbsp;<\/p>\n<p>______________<\/p>\n<p><span style=\"color: #003366;\"><strong>ILUSTRACIONES:<\/strong><\/span> <strong>(1)<\/strong> Alejandra Estefan\u00eda. Fotograf\u00eda en blanco y negro de Fernando Rueda Villamizar, su t\u00edo.<\/p>\n<p><strong>(2)<\/strong> Eros y Psique. Psi, letra griega, s\u00edmbolo de la Psicolog\u00eda.<\/p>\n<p><strong>(3)<\/strong> Universidad Pontificia Bolivariana, Seccional Bucaramanga. Fotograf\u00eda institucional.<\/p>\n<p><strong>(4)<\/strong> <em>Goya atendido por el doctor Arrieta<\/em>. 1820. Francisco de Goya (Fuendetodos, Zaragoza, 30 de marzo de 1746 &#8211; Burdeos, Francia, 16 de abril de 1828. Instituto de Arte de Mine\u00e1polis (USA). InfoGoya. Universidad de Zaragoza. Zaragoza (Espa\u00f1a).<\/p>\n<p><strong>(5)<\/strong> <em>El ni\u00f1o enfermo<\/em> (1886). Arturo Michelena (Valencia, Venezuela, 16 de junio de 1863 &#8211; Caracas, 29 de julio de 1898).<\/p>\n<p><strong>(6)<\/strong> <em>El estudiante. Autorretrato<\/em>. 1874. Ferdinand Hodler (Berna, Suiza, 14 de marzo de 1853 &#8211; Ginebra, Suiza, 19 de mayo de 1918).<\/p>\n<p><strong>(7)<\/strong> <em>Psique abre la puerta del jard\u00edn de Cupido<\/em>. 1903. John William Waterhouse (Roma, Italia, 6 de abril de 1849 &#8211; Londres, Reino Unido, 10 de febrero de 1917).<\/p>\n<p><strong>(8)<\/strong> <em>La psic\u00f3loga y su paciente<\/em>. 2013. Ilustraci\u00f3n de Pedro Jes\u00fas Vargas Cordero, caricaturista e ilustrador gr\u00e1fico santandereano y nuestro compa\u00f1ero en el proyecto de caricatura VAGO [Tarjeta de invitaci\u00f3n a la celebraci\u00f3n del grado de Alejandra. El le\u00f3n es su animal preferido].<\/p>\n<p>&nbsp;<\/p>\n","protected":false},"excerpt":{"rendered":"<p>En ceremonia llevada a cabo el d\u00eda de ayer en el Auditorio Juan Pablo II de esa alma mater, la Escuela de Psicolog\u00eda de la Facultad de Ciencias Sociales de la Universidad Pontificia Bolivariana (UPB) Seccional Bucaramanga le otorg\u00f3 el &hellip; <a href=\"https:\/\/oscarhumbertogomez.com\/?p=8216\">Sigue leyendo <span class=\"meta-nav\">&rarr;<\/span><\/a><\/p>\n<div class='heateorSssClear'><\/div><div  class='heateor_sss_sharing_container heateor_sss_horizontal_sharing' heateor-sss-data-href='https:\/\/oscarhumbertogomez.com\/?p=8216'><div class='heateor_sss_sharing_title' style=\"font-weight:bold\" >\u00a1Gracias por compartirla!<\/div><ul class=\"heateor_sss_sharing_ul\"><li class=\"heateorSssSharingRound\"><i style=\"width:35px;height:35px;border-radius:999px;\" alt=\"Facebook\" Title=\"Facebook\" class=\"heateorSssSharing heateorSssFacebookBackground\" onclick='heateorSssPopup(\"https:\/\/www.facebook.com\/sharer\/sharer.php?u=https%3A%2F%2Foscarhumbertogomez.com%2Findex.php%3Frest_route%3D%252Fwp%252Fv2%252Fposts%252F8216\")'><ss style=\"display:block;border-radius:999px;\" class=\"heateorSssSharingSvg heateorSssFacebookSvg\"><\/ss><\/i><\/li><li class=\"heateorSssSharingRound\"><i style=\"width:35px;height:35px;border-radius:999px;\" alt=\"Twitter\" Title=\"Twitter\" class=\"heateorSssSharing heateorSssTwitterBackground\" onclick='heateorSssPopup(\"http:\/\/twitter.com\/intent\/tweet?text=LA%20UNIVERSIDAD%20PONTIFICIA%20BOLIVARIANA%20CONFIRI%C3%93%20A%20ALEJANDRA%20ESTEFAN%C3%8DA%20G%C3%93MEZ%20BLACKBURN%20EL%20T%C3%8DTULO%20DE%20PSIC%C3%93LOGA.%20Por%20%C3%93scar%20Humberto%20G%C3%B3mez%20G%C3%B3mez&url=https%3A%2F%2Foscarhumbertogomez.com%2Findex.php%3Frest_route%3D%252Fwp%252Fv2%252Fposts%252F8216\")'><ss style=\"display:block;border-radius:999px;\" class=\"heateorSssSharingSvg heateorSssTwitterSvg\"><\/ss><\/i><\/li><li class=\"heateorSssSharingRound\"><i style=\"width:35px;height:35px;border-radius:999px;\" alt=\"Whatsapp\" Title=\"Whatsapp\" class=\"heateorSssSharing heateorSssWhatsappBackground\" onclick='heateorSssPopup(\"https:\/\/web.whatsapp.com\/send?text=LA%20UNIVERSIDAD%20PONTIFICIA%20BOLIVARIANA%20CONFIRI%C3%93%20A%20ALEJANDRA%20ESTEFAN%C3%8DA%20G%C3%93MEZ%20BLACKBURN%20EL%20T%C3%8DTULO%20DE%20PSIC%C3%93LOGA.%20Por%20%C3%93scar%20Humberto%20G%C3%B3mez%20G%C3%B3mez https%3A%2F%2Foscarhumbertogomez.com%2Findex.php%3Frest_route%3D%252Fwp%252Fv2%252Fposts%252F8216\")'><ss style=\"display:block\" class=\"heateorSssSharingSvg heateorSssWhatsappSvg\"><\/ss><\/i><\/li><li class=\"heateorSssSharingRound\"><i style=\"width:35px;height:35px;border-radius:999px;\" alt=\"Pinterest\" Title=\"Pinterest\" class=\"heateorSssSharing heateorSssPinterestBackground\" onclick=\"javascript:void( (function() {var e=document.createElement('script' );e.setAttribute('type','text\/javascript' );e.setAttribute('charset','UTF-8' );e.setAttribute('src','\/\/assets.pinterest.com\/js\/pinmarklet.js?r='+Math.random()*99999999);document.body.appendChild(e)})());\"><ss style=\"display:block;border-radius:999px;\" class=\"heateorSssSharingSvg heateorSssPinterestSvg\"><\/ss><\/i><\/li><li class=\"heateorSssSharingRound\"><i style=\"width:35px;height:35px;border-radius:999px;\" alt=\"Google Gmail\" Title=\"Google Gmail\" class=\"heateorSssSharing heateorSssGoogleGmailBackground\" onclick='heateorSssPopup(\"https:\/\/mail.google.com\/mail\/?ui=2&view=cm&fs=1&tf=1&su=LA%20UNIVERSIDAD%20PONTIFICIA%20BOLIVARIANA%20CONFIRI%C3%93%20A%20ALEJANDRA%20ESTEFAN%C3%8DA%20G%C3%93MEZ%20BLACKBURN%20EL%20T%C3%8DTULO%20DE%20PSIC%C3%93LOGA.%20Por%20%C3%93scar%20Humberto%20G%C3%B3mez%20G%C3%B3mez&body=Link:https%3A%2F%2Foscarhumbertogomez.com%2Findex.php%3Frest_route%3D%252Fwp%252Fv2%252Fposts%252F8216\")'><ss style=\"display:block;border-radius:999px;\" class=\"heateorSssSharingSvg heateorSssGoogleGmailSvg\"><\/ss><\/i><\/li><li class=\"heateorSssSharingRound\"><i style=\"width:35px;height:35px;border-radius:999px;\" title=\"More\" alt=\"More\" class=\"heateorSssSharing heateorSssMoreBackground\" onclick=\"heateorSssMoreSharingPopup(this, 'https:\/\/oscarhumbertogomez.com\/index.php?rest_route=%2Fwp%2Fv2%2Fposts%2F8216', 'LA%20UNIVERSIDAD%20PONTIFICIA%20BOLIVARIANA%20CONFIRI%C3%93%20A%20ALEJANDRA%20ESTEFAN%C3%8DA%20G%C3%93MEZ%20BLACKBURN%20EL%20T%C3%8DTULO%20DE%20PSIC%C3%93LOGA.%20Por%20%C3%93scar%20Humberto%20G%C3%B3mez%20G%C3%B3mez', '' )\" ><ss style=\"display:block\" class=\"heateorSssSharingSvg heateorSssMoreSvg\"><\/ss><\/i><\/li><\/ul><div class=\"heateorSssClear\"><\/div><\/div><div class='heateorSssClear'><\/div>","protected":false},"author":2,"featured_media":0,"comment_status":"closed","ping_status":"closed","sticky":false,"template":"","format":"standard","meta":{"spay_email":"","footnotes":""},"categories":[63],"tags":[],"class_list":["post-8216","post","type-post","status-publish","format-standard","hentry","category-psicologia"],"jetpack_featured_media_url":"","jetpack_shortlink":"https:\/\/wp.me\/p1FYrr-28w","_links":{"self":[{"href":"https:\/\/oscarhumbertogomez.com\/index.php?rest_route=\/wp\/v2\/posts\/8216","targetHints":{"allow":["GET"]}}],"collection":[{"href":"https:\/\/oscarhumbertogomez.com\/index.php?rest_route=\/wp\/v2\/posts"}],"about":[{"href":"https:\/\/oscarhumbertogomez.com\/index.php?rest_route=\/wp\/v2\/types\/post"}],"author":[{"embeddable":true,"href":"https:\/\/oscarhumbertogomez.com\/index.php?rest_route=\/wp\/v2\/users\/2"}],"replies":[{"embeddable":true,"href":"https:\/\/oscarhumbertogomez.com\/index.php?rest_route=%2Fwp%2Fv2%2Fcomments&post=8216"}],"version-history":[{"count":5,"href":"https:\/\/oscarhumbertogomez.com\/index.php?rest_route=\/wp\/v2\/posts\/8216\/revisions"}],"predecessor-version":[{"id":46912,"href":"https:\/\/oscarhumbertogomez.com\/index.php?rest_route=\/wp\/v2\/posts\/8216\/revisions\/46912"}],"wp:attachment":[{"href":"https:\/\/oscarhumbertogomez.com\/index.php?rest_route=%2Fwp%2Fv2%2Fmedia&parent=8216"}],"wp:term":[{"taxonomy":"category","embeddable":true,"href":"https:\/\/oscarhumbertogomez.com\/index.php?rest_route=%2Fwp%2Fv2%2Fcategories&post=8216"},{"taxonomy":"post_tag","embeddable":true,"href":"https:\/\/oscarhumbertogomez.com\/index.php?rest_route=%2Fwp%2Fv2%2Ftags&post=8216"}],"curies":[{"name":"wp","href":"https:\/\/api.w.org\/{rel}","templated":true}]}}