{"id":8777,"date":"2013-06-15T20:09:18","date_gmt":"2013-06-16T01:09:18","guid":{"rendered":"http:\/\/www.oscarhumbertogomez.com\/?p=8777"},"modified":"2025-02-14T21:56:29","modified_gmt":"2025-02-15T02:56:29","slug":"poesia-santandereana-por-oscar-humberto-gomez-gomez","status":"publish","type":"post","link":"https:\/\/oscarhumbertogomez.com\/?p=8777","title":{"rendered":"POES\u00cdA SANTANDEREANA (III). Por \u00d3scar Humberto G\u00f3mez G\u00f3mez"},"content":{"rendered":"<p><span style=\"color: #000080;\"><strong>NOTA DEL PORTAL<\/strong>:<\/span><\/p>\n<p><em>De nuevo, por tercera vez, queremos exaltar, y que viaje por Internet &#8211; ojal\u00e1 hasta los \u00faltimos confines del mundo &#8211; el hermoso legado po\u00e9tico que ha ido dejando la galana pluma de los rapsodas oriundos de estas bre\u00f1as.<\/em><\/p>\n<p>&nbsp;<\/p>\n<p><em> El paisaje nativo, el amor, la protesta, la alegr\u00eda, la tristeza, la amistad, el Hacedor y, en fin, el inmenso espectro multicolor de la vida, y por supuesto la incierta perspectiva de la muerte, han sido temas recurrentes en la poes\u00eda terr\u00edgena de nuestro departamento, como permite verificarlo cualquier repaso que se haga sobre la producci\u00f3n literaria de nuestros vates.<\/em><\/p>\n<p><em>&nbsp;<\/em><\/p>\n<p><em><br \/>\n<\/em><em><\/em><em>Aqu\u00ed est\u00e1n, pues, estos versos, correspondientes a diferentes momentos de nuestro devenir hist\u00f3rico, todos ellos emergidos de la sensibilidad del alma y la exquisitez en el manejo de la lengua castellana. Contribuir a la divulgaci\u00f3n de este valioso tesoro es otro de nuestros aportes a la lucha que nos hemos propuesto por lograr que Santander logre el rescate de la memoria cultural que fue perdiendo.<\/em><\/p>\n<p>&nbsp;<\/p>\n<p><span style=\"color: #000000;\"><strong>DESDE EL OLVIDO<\/strong><\/span><\/p>\n<p>&nbsp;<\/p>\n<p><img loading=\"lazy\" decoding=\"async\" class=\"aligncenter size-full wp-image-8783\" title=\"adios\" src=\"https:\/\/lapiedrafilosofal.com\/wp-content\/uploads\/2013\/06\/adios.jpg\" alt=\"\" width=\"656\" height=\"800\" srcset=\"https:\/\/oscarhumbertogomez.com\/wp-content\/uploads\/2013\/06\/adios.jpg 656w, https:\/\/oscarhumbertogomez.com\/wp-content\/uploads\/2013\/06\/adios-246x300.jpg 246w\" sizes=\"auto, (max-width: 656px) 100vw, 656px\" \/><\/p>\n<p>&nbsp;<\/p>\n<p>T\u00fa me dices: Adi\u00f3s&#8230;Yo, no respondo.<br \/>\nSabr\u00e1s que no dejo de quererte.<br \/>\nQue ni un instante dejar\u00e9 de verte<br \/>\nde mi pecho llev\u00e1ndote en el fondo.<\/p>\n<p>Fuiste sombra ligera&#8230;Mas muy hondo<br \/>\nquedaste en m\u00ed, que a\u00fan sin conocerte<br \/>\nya present\u00ed lo amargo de mi suerte<br \/>\ny vi llegar la pena que hoy escondo.<\/p>\n<p>Quisiera odiar tus ojos siempre esquivos,<br \/>\n\u00a1pero no puedo!, fueron compasivos<br \/>\nsin amarme sonriendo a mi quebranto&#8230;<\/p>\n<p>Y cuando a ti mi pensamiento vuela<br \/>\nla inmensidad de estrellas se constela<br \/>\ncomo una rubia floraci\u00f3n del llanto.<\/p>\n<p>PEDRO G\u00d3MEZ VALDERRAMA (1916 &#8211; 1992).<\/p>\n<p>&nbsp;<br \/>\n______<\/p>\n<p>&nbsp;<\/p>\n<p><span style=\"color: #ff0000;\"><strong>BRINDIS<\/strong><\/span><\/p>\n<p>&nbsp;<\/p>\n<p><img loading=\"lazy\" decoding=\"async\" class=\"aligncenter size-large wp-image-8784\" title=\"brindis-con-copas-de-vino-rojo\" src=\"https:\/\/lapiedrafilosofal.com\/wp-content\/uploads\/2013\/06\/brindis-con-copas-de-vino-rojo-1024x860.jpg\" alt=\"\" width=\"640\" height=\"537\" srcset=\"https:\/\/oscarhumbertogomez.com\/wp-content\/uploads\/2013\/06\/brindis-con-copas-de-vino-rojo-1024x860.jpg 1024w, https:\/\/oscarhumbertogomez.com\/wp-content\/uploads\/2013\/06\/brindis-con-copas-de-vino-rojo-300x252.jpg 300w, https:\/\/oscarhumbertogomez.com\/wp-content\/uploads\/2013\/06\/brindis-con-copas-de-vino-rojo.jpg 1200w\" sizes=\"auto, (max-width: 640px) 100vw, 640px\" \/><\/p>\n<p>&nbsp;<\/p>\n<p>Me gusta el champ\u00e1n<br \/>\ny el vino rojo y seco,<br \/>\nporque tiembla en mis labios,<br \/>\ny me incita la boca<br \/>\npara el beso.<\/p>\n<p>Siento que mi cuerpo,<br \/>\nest\u00e1 hecho de espumas,<br \/>\ncomo el de Afrodita,<br \/>\nen las noches de luna.<\/p>\n<p>Pero no est\u00e1s conmigo<br \/>\nen esta noche alegre<br \/>\nde bohemia y de risas.<\/p>\n<p>Solo me acompa\u00f1a<br \/>\nel vino rojo y seco,<br \/>\nempinando mis sue\u00f1os,<br \/>\nque se pierden,<br \/>\ncomo una voz,<br \/>\nuna brisa,<br \/>\nuna sonrisa,<br \/>\nun eco.<\/p>\n<p>MARY REY DE QUINTERO<\/p>\n<p>&nbsp;<\/p>\n<p>_________<\/p>\n<p>&nbsp;<\/p>\n<p><strong>ALGUIEN<\/strong><\/p>\n<p>&nbsp;<\/p>\n<p><img loading=\"lazy\" decoding=\"async\" class=\"aligncenter size-large wp-image-8785\" title=\"Sombra\" src=\"https:\/\/lapiedrafilosofal.com\/wp-content\/uploads\/2013\/06\/Sombra-1024x576.jpg\" alt=\"\" width=\"640\" height=\"360\" srcset=\"https:\/\/oscarhumbertogomez.com\/wp-content\/uploads\/2013\/06\/Sombra-1024x576.jpg 1024w, https:\/\/oscarhumbertogomez.com\/wp-content\/uploads\/2013\/06\/Sombra-300x168.jpg 300w, https:\/\/oscarhumbertogomez.com\/wp-content\/uploads\/2013\/06\/Sombra.jpg 1920w\" sizes=\"auto, (max-width: 640px) 100vw, 640px\" \/><\/p>\n<p>&nbsp;<\/p>\n<p>Alguien vino a tocar la puerta.<br \/>\nAlguien entr\u00f3 y tom\u00f3 agua de mi boca,<br \/>\nse pase\u00f3 por mi rostro y por mi asombro<br \/>\ny dej\u00f3 algo olvidado entre mi pelo.<br \/>\nAlguien se fue sin que yo lo notara<br \/>\ny necesito devolverle su olvido.<br \/>\nSi alguien lo ve, d\u00edgale que vuelva.<br \/>\nNo s\u00e9 en qu\u00e9 abismo<br \/>\npodr\u00e9 encontrarlo nuevamente.<\/p>\n<p>LUZ HELENA CORDERO VILLAMIZAR<\/p>\n<p>&nbsp;<\/p>\n<p>_______<\/p>\n<p>&nbsp;<\/p>\n<p><span style=\"color: #993300;\"><strong>DEFINICI\u00d3N<\/strong><\/span><\/p>\n<p>&nbsp;<\/p>\n<p><img loading=\"lazy\" decoding=\"async\" class=\"aligncenter size-full wp-image-8786\" title=\"L\u00c1GRIMA\" src=\"https:\/\/lapiedrafilosofal.com\/wp-content\/uploads\/2013\/06\/L\u00c1GRIMA.jpg\" alt=\"\" width=\"800\" height=\"628\" srcset=\"https:\/\/oscarhumbertogomez.com\/wp-content\/uploads\/2013\/06\/L\u00c1GRIMA.jpg 800w, https:\/\/oscarhumbertogomez.com\/wp-content\/uploads\/2013\/06\/L\u00c1GRIMA-300x235.jpg 300w\" sizes=\"auto, (max-width: 800px) 100vw, 800px\" \/><\/p>\n<p>&nbsp;<\/p>\n<p>Es la emoci\u00f3n la clave<br \/>\nque suelta en lo profundo<br \/>\nlos \u00edmpetus del vuelo;<br \/>\nbasta el temblor de un ritmo<br \/>\npara salvar un mundo<br \/>\ny cabe en una l\u00e1grima<br \/>\nla plenitud del cielo.<\/p>\n<p>AURELIO MART\u00cdNEZ MUTIS (1884 &#8211; 1954).<\/p>\n<p>&nbsp;<br \/>\n______<\/p>\n<p>&nbsp;<\/p>\n<p><span style=\"color: #000000;\"><strong>ROMANCE DEL RECUERDO<\/strong><\/span><\/p>\n<p>&nbsp;<\/p>\n<p><img loading=\"lazy\" decoding=\"async\" class=\"aligncenter size-full wp-image-8788\" title=\"LUNA IV\" src=\"https:\/\/lapiedrafilosofal.com\/wp-content\/uploads\/2013\/06\/LUNA-IV.jpg\" alt=\"\" width=\"545\" height=\"450\" srcset=\"https:\/\/oscarhumbertogomez.com\/wp-content\/uploads\/2013\/06\/LUNA-IV.jpg 545w, https:\/\/oscarhumbertogomez.com\/wp-content\/uploads\/2013\/06\/LUNA-IV-300x247.jpg 300w\" sizes=\"auto, (max-width: 545px) 100vw, 545px\" \/><\/p>\n<p>&nbsp;<\/p>\n<p>Qu\u00e9 har\u00e9 yo con este encaje<br \/>\nde pena blanca y cintillos,<br \/>\nque me enredaron al alma<br \/>\ncon alfileres de olvido.<br \/>\nSi el aire me est\u00e1 siguiendo<br \/>\ncomo un espejo en mil visos<br \/>\ny me copia, ay! el recuerdo<br \/>\ncon luz de pu\u00f1al en filo.<\/p>\n<p>La noche se est\u00e1 marchando<br \/>\nporque hay un lucero en brillo,<br \/>\nqui\u00e9n le apagara esa estrella<br \/>\npara alargarle el camino!<br \/>\nAy, que si viene la aurora<br \/>\ntraer\u00e1 una forma de ni\u00f1o<br \/>\ny har\u00e1 de mi pena un juego<br \/>\npara sus manos de hilo.<\/p>\n<p>Los horizontes me tienden<br \/>\nsus brazos de senda, amigos,<br \/>\nsobre esmalte de esmeralda<br \/>\ncomo cordones de lino.<\/p>\n<p>Si no fuera por mi sombra<br \/>\nqu\u00e9 no dar\u00eda por seguirlos!<br \/>\nAunque llevara en el aire<br \/>\nla luz de pu\u00f1al en filo.<\/p>\n<p>Luna: reg\u00e1lame el cuento<br \/>\nde tu cantar de oro fino,<br \/>\nyo lo mostrar\u00e9 a mi sombra<br \/>\npara que siga conmigo.<\/p>\n<p>Pr\u00e9stame ruta el desfile<br \/>\nsin fin que ha visto tu limo,<br \/>\nyo lo mostrar\u00e9 a mi sombra<br \/>\nque ya me sigue sin br\u00edos.<\/p>\n<p>Ay, qu\u00e9 har\u00e9 con este encaje<br \/>\nde pena blanca en cintillos,<br \/>\ndolor que duele sin llanto,<br \/>\nllanto sin cristales l\u00edquidos.<\/p>\n<p>Qui\u00e9n me cambiar\u00e1 esta espina<br \/>\npor un perfume de lirios?<\/p>\n<p>GUSTAVO COTE URIBE (1918 \u2013 1994)<\/p>\n<p>&nbsp;<\/p>\n<p>________<\/p>\n<p>&nbsp;<\/p>\n<p><span style=\"color: #003300;\"><strong>METAMORFOSIS<\/strong><\/span><\/p>\n<p>&nbsp;<\/p>\n<p><img loading=\"lazy\" decoding=\"async\" class=\"aligncenter size-full wp-image-8791\" title=\"rocio\" src=\"https:\/\/lapiedrafilosofal.com\/wp-content\/uploads\/2013\/06\/rocio.jpg\" alt=\"\" width=\"1024\" height=\"768\" srcset=\"https:\/\/oscarhumbertogomez.com\/wp-content\/uploads\/2013\/06\/rocio.jpg 1024w, https:\/\/oscarhumbertogomez.com\/wp-content\/uploads\/2013\/06\/rocio-300x225.jpg 300w\" sizes=\"auto, (max-width: 1024px) 100vw, 1024px\" \/><\/p>\n<p>&nbsp;<\/p>\n<p>Deseando tener cuanto no tuve<br \/>\npor fin terminar\u00e1 mi errar sombr\u00edo,<br \/>\ndesandando en la tierra cuanto anduve<br \/>\ny deseando ser mar sin ser a\u00fan r\u00edo.<\/p>\n<p>Creyendo m\u00edo cuanto aqu\u00ed retuve<br \/>\nsintiendo ajeno cuanto aqu\u00ed era m\u00edo,<br \/>\nde esta experiencia que en el mundo hube<br \/>\ns\u00f3lo me queda un h\u00f3rrido vac\u00edo.<\/p>\n<p>Con alas de demonio o de querube<br \/>\nbaja al infierno o hasta el cielo sube<br \/>\nla vida, que es humano desvar\u00edo.<\/p>\n<p>Y luego, tras un breve escalofr\u00edo,<br \/>\nme transformar\u00e9, como la nube,<br \/>\nen un tr\u00e9mulo espejo de roc\u00edo.<\/p>\n<p>RAFAEL ORTIZ GONZ\u00c1LEZ (1911 \u2013 1990)<\/p>\n<p>&nbsp;<\/p>\n<p>______<\/p>\n<p>&nbsp;<\/p>\n","protected":false},"excerpt":{"rendered":"<p>NOTA DEL PORTAL: De nuevo, por tercera vez, queremos exaltar, y que viaje por Internet &#8211; ojal\u00e1 hasta los \u00faltimos confines del mundo &#8211; el hermoso legado po\u00e9tico que ha ido dejando la galana pluma de los rapsodas oriundos de &hellip; <a href=\"https:\/\/oscarhumbertogomez.com\/?p=8777\">Sigue leyendo <span class=\"meta-nav\">&rarr;<\/span><\/a><\/p>\n<div class='heateorSssClear'><\/div><div  class='heateor_sss_sharing_container heateor_sss_horizontal_sharing' heateor-sss-data-href='https:\/\/oscarhumbertogomez.com\/?p=8777'><div class='heateor_sss_sharing_title' style=\"font-weight:bold\" >\u00a1Gracias por compartirla!<\/div><ul class=\"heateor_sss_sharing_ul\"><li class=\"heateorSssSharingRound\"><i style=\"width:35px;height:35px;border-radius:999px;\" alt=\"Facebook\" Title=\"Facebook\" class=\"heateorSssSharing heateorSssFacebookBackground\" onclick='heateorSssPopup(\"https:\/\/www.facebook.com\/sharer\/sharer.php?u=https%3A%2F%2Foscarhumbertogomez.com%2Findex.php%3Frest_route%3D%252Fwp%252Fv2%252Fposts%252F8777\")'><ss style=\"display:block;border-radius:999px;\" class=\"heateorSssSharingSvg heateorSssFacebookSvg\"><\/ss><\/i><\/li><li class=\"heateorSssSharingRound\"><i style=\"width:35px;height:35px;border-radius:999px;\" alt=\"Twitter\" Title=\"Twitter\" class=\"heateorSssSharing heateorSssTwitterBackground\" onclick='heateorSssPopup(\"http:\/\/twitter.com\/intent\/tweet?text=POES%C3%8DA%20SANTANDEREANA%20%28III%29.%20Por%20%C3%93scar%20Humberto%20G%C3%B3mez%20G%C3%B3mez&url=https%3A%2F%2Foscarhumbertogomez.com%2Findex.php%3Frest_route%3D%252Fwp%252Fv2%252Fposts%252F8777\")'><ss style=\"display:block;border-radius:999px;\" class=\"heateorSssSharingSvg heateorSssTwitterSvg\"><\/ss><\/i><\/li><li class=\"heateorSssSharingRound\"><i style=\"width:35px;height:35px;border-radius:999px;\" alt=\"Whatsapp\" Title=\"Whatsapp\" class=\"heateorSssSharing heateorSssWhatsappBackground\" onclick='heateorSssPopup(\"https:\/\/web.whatsapp.com\/send?text=POES%C3%8DA%20SANTANDEREANA%20%28III%29.%20Por%20%C3%93scar%20Humberto%20G%C3%B3mez%20G%C3%B3mez https%3A%2F%2Foscarhumbertogomez.com%2Findex.php%3Frest_route%3D%252Fwp%252Fv2%252Fposts%252F8777\")'><ss style=\"display:block\" class=\"heateorSssSharingSvg heateorSssWhatsappSvg\"><\/ss><\/i><\/li><li class=\"heateorSssSharingRound\"><i style=\"width:35px;height:35px;border-radius:999px;\" alt=\"Pinterest\" Title=\"Pinterest\" class=\"heateorSssSharing heateorSssPinterestBackground\" onclick=\"javascript:void( (function() {var e=document.createElement('script' );e.setAttribute('type','text\/javascript' );e.setAttribute('charset','UTF-8' );e.setAttribute('src','\/\/assets.pinterest.com\/js\/pinmarklet.js?r='+Math.random()*99999999);document.body.appendChild(e)})());\"><ss style=\"display:block;border-radius:999px;\" class=\"heateorSssSharingSvg heateorSssPinterestSvg\"><\/ss><\/i><\/li><li class=\"heateorSssSharingRound\"><i style=\"width:35px;height:35px;border-radius:999px;\" alt=\"Google Gmail\" Title=\"Google Gmail\" class=\"heateorSssSharing heateorSssGoogleGmailBackground\" onclick='heateorSssPopup(\"https:\/\/mail.google.com\/mail\/?ui=2&view=cm&fs=1&tf=1&su=POES%C3%8DA%20SANTANDEREANA%20%28III%29.%20Por%20%C3%93scar%20Humberto%20G%C3%B3mez%20G%C3%B3mez&body=Link:https%3A%2F%2Foscarhumbertogomez.com%2Findex.php%3Frest_route%3D%252Fwp%252Fv2%252Fposts%252F8777\")'><ss style=\"display:block;border-radius:999px;\" class=\"heateorSssSharingSvg heateorSssGoogleGmailSvg\"><\/ss><\/i><\/li><li class=\"heateorSssSharingRound\"><i style=\"width:35px;height:35px;border-radius:999px;\" title=\"More\" alt=\"More\" class=\"heateorSssSharing heateorSssMoreBackground\" onclick=\"heateorSssMoreSharingPopup(this, 'https:\/\/oscarhumbertogomez.com\/index.php?rest_route=%2Fwp%2Fv2%2Fposts%2F8777', 'POES%C3%8DA%20SANTANDEREANA%20%28III%29.%20Por%20%C3%93scar%20Humberto%20G%C3%B3mez%20G%C3%B3mez', '' )\" ><ss style=\"display:block\" class=\"heateorSssSharingSvg heateorSssMoreSvg\"><\/ss><\/i><\/li><\/ul><div class=\"heateorSssClear\"><\/div><\/div><div class='heateorSssClear'><\/div>","protected":false},"author":2,"featured_media":0,"comment_status":"closed","ping_status":"closed","sticky":false,"template":"","format":"standard","meta":{"spay_email":"","footnotes":""},"categories":[6,7],"tags":[],"class_list":["post-8777","post","type-post","status-publish","format-standard","hentry","category-la-pluma-ajena","category-poesia"],"jetpack_featured_media_url":"","jetpack_shortlink":"https:\/\/wp.me\/p1FYrr-2hz","_links":{"self":[{"href":"https:\/\/oscarhumbertogomez.com\/index.php?rest_route=\/wp\/v2\/posts\/8777","targetHints":{"allow":["GET"]}}],"collection":[{"href":"https:\/\/oscarhumbertogomez.com\/index.php?rest_route=\/wp\/v2\/posts"}],"about":[{"href":"https:\/\/oscarhumbertogomez.com\/index.php?rest_route=\/wp\/v2\/types\/post"}],"author":[{"embeddable":true,"href":"https:\/\/oscarhumbertogomez.com\/index.php?rest_route=\/wp\/v2\/users\/2"}],"replies":[{"embeddable":true,"href":"https:\/\/oscarhumbertogomez.com\/index.php?rest_route=%2Fwp%2Fv2%2Fcomments&post=8777"}],"version-history":[{"count":6,"href":"https:\/\/oscarhumbertogomez.com\/index.php?rest_route=\/wp\/v2\/posts\/8777\/revisions"}],"predecessor-version":[{"id":29824,"href":"https:\/\/oscarhumbertogomez.com\/index.php?rest_route=\/wp\/v2\/posts\/8777\/revisions\/29824"}],"wp:attachment":[{"href":"https:\/\/oscarhumbertogomez.com\/index.php?rest_route=%2Fwp%2Fv2%2Fmedia&parent=8777"}],"wp:term":[{"taxonomy":"category","embeddable":true,"href":"https:\/\/oscarhumbertogomez.com\/index.php?rest_route=%2Fwp%2Fv2%2Fcategories&post=8777"},{"taxonomy":"post_tag","embeddable":true,"href":"https:\/\/oscarhumbertogomez.com\/index.php?rest_route=%2Fwp%2Fv2%2Ftags&post=8777"}],"curies":[{"name":"wp","href":"https:\/\/api.w.org\/{rel}","templated":true}]}}