{"id":8821,"date":"2013-06-22T09:30:57","date_gmt":"2013-06-22T14:30:57","guid":{"rendered":"http:\/\/www.oscarhumbertogomez.com\/?p=8821"},"modified":"2025-02-20T17:04:22","modified_gmt":"2025-02-20T22:04:22","slug":"la-pata-pela-de-julio-erazo","status":"publish","type":"post","link":"https:\/\/oscarhumbertogomez.com\/?p=8821","title":{"rendered":"&#8220;LA PATA PEL\u00c1&#8221;, de Julio Erazo. Por \u00d3scar Humberto G\u00f3mez G\u00f3mez (*)"},"content":{"rendered":"<p>&nbsp;<\/p>\n<p>\u00a1Hola, amigas!<\/p>\n<p>\u00a1Hola, amigos!<\/p>\n<p>&nbsp;<\/p>\n<div id=\"attachment_8893\" style=\"width: 420px\" class=\"wp-caption aligncenter\"><img loading=\"lazy\" decoding=\"async\" aria-describedby=\"caption-attachment-8893\" class=\"size-full wp-image-8893\" title=\"Julio_Erazo\" src=\"https:\/\/lapiedrafilosofal.com\/wp-content\/uploads\/2013\/06\/Julio_Erazo.jpg\" alt=\"\" width=\"410\" height=\"550\" srcset=\"https:\/\/oscarhumbertogomez.com\/wp-content\/uploads\/2013\/06\/Julio_Erazo.jpg 410w, https:\/\/oscarhumbertogomez.com\/wp-content\/uploads\/2013\/06\/Julio_Erazo-223x300.jpg 223w\" sizes=\"auto, (max-width: 410px) 100vw, 410px\" \/><p id=\"caption-attachment-8893\" class=\"wp-caption-text\">MAESTRO JULIO ERAZO CUEVAS, COMPOSITOR COLOMBIANO, EN SUS J\u00d3VENES A\u00d1OS.<\/p><\/div>\n<p>&nbsp;<\/p>\n<p>Para ustedes, con afecto, esta canci\u00f3n de los a\u00f1os 60 (no 70, como dicen por ah\u00ed) &#8220;<strong>LA PATA PEL\u00c1<\/strong>&#8221; (no &#8220;<em>Con la pata pel\u00e1<\/em>&#8220;, como tambi\u00e9n dicen por ah\u00ed, mucho menos &#8220;<em>La pata pelada<\/em>&#8221; o &#8220;<em>Con la pata pelada<\/em>&#8220;, como igualmente dicen otros), composici\u00f3n del maestro <span style=\"text-decoration: underline;\">COLOMBIANO<\/span> <strong>Julio Erazo<\/strong> (porque no es una canci\u00f3n &#8220;mexicana&#8221;, como tambi\u00e9n se sugiere por ah\u00ed, sino <span style=\"text-decoration: underline;\">COLOMBIANA<\/span>).<\/p>\n<p>&nbsp;<\/p>\n<p>De &#8220;La pata pel\u00e1&#8221; hay diferentes versiones, entre ellas una, sencilla pero muy bonita, que hizo con su requinto el maestro Jorge Ariza, de Bol\u00edvar &#8211; Santander, aunque hay que aclarar que se trata de una grabaci\u00f3n casera que Discos Fuentes descubri\u00f3 y en la cual el maestro Ariza Lindo grab\u00f3 varios temas, con evidentes imperfecciones. Claramente se ve que no era sino un ensayo o, a lo sumo, un borrador con miras a grabarlos despu\u00e9s en el estudio. No sabemos c\u00f3mo lleg\u00f3 esa grabaci\u00f3n \u2014que seguramente se llev\u00f3 a cabo en un casete\u2014 a la casa disquera y esta procedi\u00f3 a prensar el disco compacto. Aun as\u00ed, a pesar de lo elemental y hasta defectuosa, esa versi\u00f3n es de nuestro agrado.<\/p>\n<p>&nbsp;<\/p>\n<div id=\"attachment_33531\" style=\"width: 729px\" class=\"wp-caption aligncenter\"><img loading=\"lazy\" decoding=\"async\" aria-describedby=\"caption-attachment-33531\" class=\"size-full wp-image-33531\" src=\"https:\/\/lapiedrafilosofal.com\/wp-content\/uploads\/2013\/06\/JORGE-ARIZA.jpg\" alt=\"\" width=\"719\" height=\"711\" srcset=\"https:\/\/oscarhumbertogomez.com\/wp-content\/uploads\/2013\/06\/JORGE-ARIZA.jpg 719w, https:\/\/oscarhumbertogomez.com\/wp-content\/uploads\/2013\/06\/JORGE-ARIZA-300x297.jpg 300w\" sizes=\"auto, (max-width: 719px) 100vw, 719px\" \/><p id=\"caption-attachment-33531\" class=\"wp-caption-text\">Maestro JORGE ARIZA, COMPOSITOR Y REQUINTISTA COLOMBIANO<\/p><\/div>\n<p>&nbsp;<\/p>\n<p>Otra versi\u00f3n es la que escuch\u00e1bamos en los a\u00f1os 60 y en la cual canta &#8220;Nono&#8221; Narv\u00e1ez (Jos\u00e9 Rafael Narv\u00e1ez), versi\u00f3n que algunos despistados le atribuyen err\u00f3neamente en Internet a &#8220;Bovea y sus vallenatos&#8221;, tal y como sucede con tantas otras canciones, sin que al parecer se pueda hacer nada porque ah\u00ed siguen campantes los errores, no solo respecto de qui\u00e9n es el int\u00e9rprete, sino tambi\u00e9n acerca de qui\u00e9n es el autor o compositor. Julio Bovea y sus acompa\u00f1antes tambi\u00e9n grabaron &#8220;La pata pel\u00e1&#8221;, pero, obviamente, su versi\u00f3n es otra. El maestro Nono Narv\u00e1ez es tambi\u00e9n compositor de diversas canciones coste\u00f1as. Lamentablemente, de \u00e9l solo pudimos subir una fotograf\u00eda muy peque\u00f1a, que no nos permiti\u00f3 escribir un pie de foto un poco m\u00e1s extenso. Tratamos de ampliarla, pero esta vez no nos result\u00f3 la operaci\u00f3n, misma que, en cambio, hemos llevado a cabo con \u00e9xito en otras ocasiones.<\/p>\n<p>&nbsp;<\/p>\n<div id=\"attachment_33534\" style=\"width: 213px\" class=\"wp-caption aligncenter\"><img loading=\"lazy\" decoding=\"async\" aria-describedby=\"caption-attachment-33534\" class=\"size-full wp-image-33534\" src=\"https:\/\/lapiedrafilosofal.com\/wp-content\/uploads\/2013\/06\/NONO-NARVAEZ-1.jpg\" alt=\"\" width=\"203\" height=\"300\"><p id=\"caption-attachment-33534\" class=\"wp-caption-text\">Maestro NONO NARVAEZ<\/p><\/div>\n<p>&nbsp;<\/p>\n<p>Tambi\u00e9n grabaron &#8220;La pata pel\u00e1&#8221; Los Teen Agers, en la voz de Vicente Villa. Esta excelente agrupaci\u00f3n colombiana de los a\u00f1os 60 se convirti\u00f3 despu\u00e9s en <em>Los Ocho de Colombia<\/em>.<\/p>\n<p>&nbsp;<\/p>\n<div id=\"attachment_33536\" style=\"width: 510px\" class=\"wp-caption aligncenter\"><img loading=\"lazy\" decoding=\"async\" aria-describedby=\"caption-attachment-33536\" class=\"size-full wp-image-33536\" src=\"https:\/\/lapiedrafilosofal.com\/wp-content\/uploads\/2013\/06\/LOS-TEEN-AGERS.jpg\" alt=\"\" width=\"500\" height=\"500\" srcset=\"https:\/\/oscarhumbertogomez.com\/wp-content\/uploads\/2013\/06\/LOS-TEEN-AGERS.jpg 500w, https:\/\/oscarhumbertogomez.com\/wp-content\/uploads\/2013\/06\/LOS-TEEN-AGERS-300x300.jpg 300w, https:\/\/oscarhumbertogomez.com\/wp-content\/uploads\/2013\/06\/LOS-TEEN-AGERS-150x150.jpg 150w\" sizes=\"auto, (max-width: 500px) 100vw, 500px\" \/><p id=\"caption-attachment-33536\" class=\"wp-caption-text\">LOS TEEN AGERS<\/p><\/div>\n<p>&nbsp;<\/p>\n<p>Y hay otra versi\u00f3n: la de la banda mexicana Grupo Leg\u00edtimo, de San Luis Potos\u00ed. Estos son los que \u2014involuntariamente, desde luego\u2014, crean la confusi\u00f3n al dar a entender que &#8220;La pata pel\u00e1&#8221; es mexicana, pues aparte de que las personas que han subido videos suyos a Youtube no han precisado el origen colombiano del tema, ni han dado tampoco el nombre del compositor, los cantantes le hacen a la letra unas modificaciones, como la de referirse a &#8220;<em>las muchachas de Laredo<\/em>&#8220;. Esos cambios, por lo dem\u00e1s, son inevitables en las canciones que se vuelven populares y m\u00e1xime cuando no se les est\u00e1 grabando en estudio, sino que se est\u00e1n interpretando ante un p\u00fablico en vivo. Incluso, suceden cuando se graba un tema en un pa\u00eds distinto de aquel del cual es originario.<\/p>\n<p>Del Grupo Leg\u00edtimo se han subido a Internet varios videos, en uno de los cuales no solo ven\u00eda la canci\u00f3n completa, sino que adem\u00e1s terminaba con un generoso y hasta simp\u00e1tico remate. Ese era el video que hab\u00edamos insertado en esta entrada reci\u00e9n la subimos, pero algo sucedi\u00f3 con ese canal y el video desapareci\u00f3. Varios de los que se encuentran ahora traen la canci\u00f3n abruptamente recortada al final. Uno de ellos corresponde a una filmaci\u00f3n, hecha de manera muy elemental \u2014probablemente con un celular\u2014, que recoge una de las presentaciones de la banda, en la cual interpretaron en vivo &#8220;La pata pel\u00e1&#8221;.<\/p>\n<p>&nbsp;<\/p>\n<div id=\"attachment_33537\" style=\"width: 490px\" class=\"wp-caption aligncenter\"><img loading=\"lazy\" decoding=\"async\" aria-describedby=\"caption-attachment-33537\" class=\"size-full wp-image-33537\" src=\"https:\/\/lapiedrafilosofal.com\/wp-content\/uploads\/2013\/06\/GRUPO-LEGITIMO.jpg\" alt=\"\" width=\"480\" height=\"360\" srcset=\"https:\/\/oscarhumbertogomez.com\/wp-content\/uploads\/2013\/06\/GRUPO-LEGITIMO.jpg 480w, https:\/\/oscarhumbertogomez.com\/wp-content\/uploads\/2013\/06\/GRUPO-LEGITIMO-300x225.jpg 300w\" sizes=\"auto, (max-width: 480px) 100vw, 480px\" \/><p id=\"caption-attachment-33537\" class=\"wp-caption-text\">GRUPO LEG\u00cdTIMO<\/p><\/div>\n<p>&nbsp;<\/p>\n<p>Hemos optado por subir, entonces, las cuatro versiones, por si desean escucharlas todas.<\/p>\n<p>&nbsp;<\/p>\n<p>Como ustedes recordar\u00e1n, el maestro Julio Erazo fue integrante de la orquesta &#8220;Los Corraleros de Majagual&#8221; y compuso canciones tan bonitas y populares como &#8220;Compae Chemo&#8221;, &#8220;Rosalbita&#8221;, &#8220;Qu\u00e9date tranquila&#8221;, &#8220;Yo conozco a Claudia&#8221;, &#8220;La puya guamalera&#8221;, &#8220;Hace un mes&#8221;, &#8220;El consuelo que me queda&#8221; y el famoso tango &#8220;Lejos de ti&#8221; (&#8220;<em>Hoy que la lluvia entristeciendo est\u00e1 la noche \/ y las nubes en derroche tristemente veo pasar<\/em>&#8220;), que fue compuesto en 1948 y grabado por el cantante argentino Ra\u00fal Garc\u00e9s y Los Caballeros del Tango a mediados de la d\u00e9cada siguiente.<\/p>\n<p>&nbsp;<\/p>\n<div id=\"attachment_8904\" style=\"width: 614px\" class=\"wp-caption aligncenter\"><img loading=\"lazy\" decoding=\"async\" aria-describedby=\"caption-attachment-8904\" class=\"size-full wp-image-8904\" title=\"Julio Erazo\" src=\"https:\/\/lapiedrafilosofal.com\/wp-content\/uploads\/2013\/06\/Julio-Erazo.jpg\" alt=\"\" width=\"604\" height=\"453\" srcset=\"https:\/\/oscarhumbertogomez.com\/wp-content\/uploads\/2013\/06\/Julio-Erazo.jpg 604w, https:\/\/oscarhumbertogomez.com\/wp-content\/uploads\/2013\/06\/Julio-Erazo-300x225.jpg 300w\" sizes=\"auto, (max-width: 604px) 100vw, 604px\" \/><p id=\"caption-attachment-8904\" class=\"wp-caption-text\">EL MAESTRO JULIO ERAZO FRENTE A SU CASA EN GUAMAL \/ MAGDALENA.<\/p><\/div>\n<p>&nbsp;<\/p>\n<p>Julio Erazo Cuevas naci\u00f3 en Barranquilla el 5 de marzo de 1929, pero s\u00f3lo porque sus padres se encontraban transitoriamente en la capital del Atl\u00e1ntico. Al a\u00f1o de nacido ya estaba viviendo en Guamal, departamento del Magdalena. Por eso, \u00e9l se considera -y se le considera- guamalero.<\/p>\n<p>Una faceta desconocida es la de su vinculaci\u00f3n a Bucaramanga como maquinista de cine, cuando a\u00fan no hab\u00eda descollado en la m\u00fasica.<\/p>\n<p>El maestro Julio Erazo pertenece a los Testigos de Jehov\u00e1.<\/p>\n<p>&nbsp;<\/p>\n<div id=\"attachment_8894\" style=\"width: 610px\" class=\"wp-caption aligncenter\"><img loading=\"lazy\" decoding=\"async\" aria-describedby=\"caption-attachment-8894\" class=\"size-full wp-image-8894\" title=\"julio Erazo y el Compae Chemo\" src=\"https:\/\/lapiedrafilosofal.com\/wp-content\/uploads\/2013\/06\/julio-Erazo-y-el-Compae-Chemo.jpg\" alt=\"\" width=\"600\" height=\"450\" srcset=\"https:\/\/oscarhumbertogomez.com\/wp-content\/uploads\/2013\/06\/julio-Erazo-y-el-Compae-Chemo.jpg 600w, https:\/\/oscarhumbertogomez.com\/wp-content\/uploads\/2013\/06\/julio-Erazo-y-el-Compae-Chemo-300x225.jpg 300w\" sizes=\"auto, (max-width: 600px) 100vw, 600px\" \/><p id=\"caption-attachment-8894\" class=\"wp-caption-text\">EL MAESTRO JULIO ERAZO Y SU COMPADRE ANSELMO &#8220;CHEMO&#8221; MONTES, A QUIEN INMORTALIZ\u00d3 EN UNA DE SUS CANCIONES, &#8220;COMPAE CHEMO&#8221;.<\/p><\/div>\n<p>&nbsp;<\/p>\n<p>Aqu\u00ed est\u00e1, ahora s\u00ed, y sin m\u00e1s pre\u00e1mbulos, &#8220;<span style=\"color: #ff0000;\"><strong>LA PATA PEL\u00c1<\/strong><\/span>&#8220;:<\/p>\n<p>&nbsp;<\/p>\n<p><iframe loading=\"lazy\" src=\"https:\/\/www.youtube-nocookie.com\/embed\/L4tyYbdJYcY?controls=0\" width=\"560\" height=\"315\" frameborder=\"0\" allowfullscreen=\"allowfullscreen\"><\/iframe><\/p>\n<p>&nbsp;<\/p>\n<p><iframe loading=\"lazy\" width=\"560\" height=\"315\" src=\"https:\/\/www.youtube-nocookie.com\/embed\/P8TSUIbwgzI?controls=0\" title=\"YouTube video player\" frameborder=\"0\" allow=\"accelerometer; autoplay; clipboard-write; encrypted-media; gyroscope; picture-in-picture\" allowfullscreen=\"\"><\/iframe><\/p>\n<p>&nbsp;<\/p>\n<p><iframe loading=\"lazy\" src=\"https:\/\/www.youtube-nocookie.com\/embed\/_aeEi-234AA?controls=0\" width=\"560\" height=\"315\" frameborder=\"0\" allowfullscreen=\"allowfullscreen\"><\/iframe><\/p>\n<p>&nbsp;<\/p>\n<p><iframe loading=\"lazy\" src=\"https:\/\/www.youtube-nocookie.com\/embed\/nuBI8gsu4MU?controls=0\" width=\"560\" height=\"315\" frameborder=\"0\" allowfullscreen=\"allowfullscreen\"><\/iframe><\/p>\n<p>&nbsp;<\/p>\n<p>Claro que no pod\u00eda faltar la versi\u00f3n del propio compositor. Aqu\u00ed est\u00e1, nada m\u00e1s ni nada menos, que el mism\u00edsimo maestro <strong>JULIO ERAZO<\/strong>, en la plenitud de sus a\u00fan j\u00f3venes a\u00f1os, interpretando, en solitario y acompa\u00f1\u00e1ndose con la guitarra, el instrumento que le sirvi\u00f3 siempre \u2014y suponemos que le sigue sirviendo\u2014 para componer sus canciones, &#8220;<strong>LA PATA PEL\u00c1<\/strong>&#8220;: \u00a1\u00a1\u00a1Un mill\u00f3n de gracias, maestro!!!<\/p>\n<p>&nbsp;<\/p>\n<p><iframe loading=\"lazy\" src=\"https:\/\/www.youtube-nocookie.com\/embed\/rf-DMiKRsNQ?controls=0\" width=\"560\" height=\"315\" frameborder=\"0\" allowfullscreen=\"allowfullscreen\"><\/iframe><\/p>\n<p>&nbsp;<br \/>\n________<\/p>\n<p>&nbsp;<\/p>\n<p>* Miembro de N\u00famero de la Academia de Historia de Santander. Miembro de la Sociedad de Autores y Compositores de Colombia. Miembro del Colegio Nacional de Periodistas. Miembro del ilustre y desaparecido Colegio de Abogados de Santander.<\/p>\n<p>&nbsp;<\/p>\n","protected":false},"excerpt":{"rendered":"<p>&nbsp; \u00a1Hola, amigas! \u00a1Hola, amigos! &nbsp; &nbsp; Para ustedes, con afecto, esta canci\u00f3n de los a\u00f1os 60 (no 70, como dicen por ah\u00ed) &#8220;LA PATA PEL\u00c1&#8221; (no &#8220;Con la pata pel\u00e1&#8220;, como tambi\u00e9n dicen por ah\u00ed, mucho menos &#8220;La pata &hellip; <a href=\"https:\/\/oscarhumbertogomez.com\/?p=8821\">Sigue leyendo <span class=\"meta-nav\">&rarr;<\/span><\/a><\/p>\n<div class='heateorSssClear'><\/div><div  class='heateor_sss_sharing_container heateor_sss_horizontal_sharing' heateor-sss-data-href='https:\/\/oscarhumbertogomez.com\/?p=8821'><div class='heateor_sss_sharing_title' style=\"font-weight:bold\" >\u00a1Gracias por compartirla!<\/div><ul class=\"heateor_sss_sharing_ul\"><li class=\"heateorSssSharingRound\"><i style=\"width:35px;height:35px;border-radius:999px;\" alt=\"Facebook\" Title=\"Facebook\" class=\"heateorSssSharing heateorSssFacebookBackground\" onclick='heateorSssPopup(\"https:\/\/www.facebook.com\/sharer\/sharer.php?u=https%3A%2F%2Foscarhumbertogomez.com%2Findex.php%3Frest_route%3D%252Fwp%252Fv2%252Fposts%252F8821\")'><ss style=\"display:block;border-radius:999px;\" class=\"heateorSssSharingSvg heateorSssFacebookSvg\"><\/ss><\/i><\/li><li class=\"heateorSssSharingRound\"><i style=\"width:35px;height:35px;border-radius:999px;\" alt=\"Twitter\" Title=\"Twitter\" class=\"heateorSssSharing heateorSssTwitterBackground\" onclick='heateorSssPopup(\"http:\/\/twitter.com\/intent\/tweet?text=%22LA%20PATA%20PEL%C3%81%22%2C%20de%20Julio%20Erazo.%20Por%20%C3%93scar%20Humberto%20G%C3%B3mez%20G%C3%B3mez%20%28%2A%29&url=https%3A%2F%2Foscarhumbertogomez.com%2Findex.php%3Frest_route%3D%252Fwp%252Fv2%252Fposts%252F8821\")'><ss style=\"display:block;border-radius:999px;\" class=\"heateorSssSharingSvg heateorSssTwitterSvg\"><\/ss><\/i><\/li><li class=\"heateorSssSharingRound\"><i style=\"width:35px;height:35px;border-radius:999px;\" alt=\"Whatsapp\" Title=\"Whatsapp\" class=\"heateorSssSharing heateorSssWhatsappBackground\" onclick='heateorSssPopup(\"https:\/\/web.whatsapp.com\/send?text=%22LA%20PATA%20PEL%C3%81%22%2C%20de%20Julio%20Erazo.%20Por%20%C3%93scar%20Humberto%20G%C3%B3mez%20G%C3%B3mez%20%28%2A%29 https%3A%2F%2Foscarhumbertogomez.com%2Findex.php%3Frest_route%3D%252Fwp%252Fv2%252Fposts%252F8821\")'><ss style=\"display:block\" class=\"heateorSssSharingSvg heateorSssWhatsappSvg\"><\/ss><\/i><\/li><li class=\"heateorSssSharingRound\"><i style=\"width:35px;height:35px;border-radius:999px;\" alt=\"Pinterest\" Title=\"Pinterest\" class=\"heateorSssSharing heateorSssPinterestBackground\" onclick=\"javascript:void( (function() {var e=document.createElement('script' );e.setAttribute('type','text\/javascript' );e.setAttribute('charset','UTF-8' );e.setAttribute('src','\/\/assets.pinterest.com\/js\/pinmarklet.js?r='+Math.random()*99999999);document.body.appendChild(e)})());\"><ss style=\"display:block;border-radius:999px;\" class=\"heateorSssSharingSvg heateorSssPinterestSvg\"><\/ss><\/i><\/li><li class=\"heateorSssSharingRound\"><i style=\"width:35px;height:35px;border-radius:999px;\" alt=\"Google Gmail\" Title=\"Google Gmail\" class=\"heateorSssSharing heateorSssGoogleGmailBackground\" onclick='heateorSssPopup(\"https:\/\/mail.google.com\/mail\/?ui=2&view=cm&fs=1&tf=1&su=%22LA%20PATA%20PEL%C3%81%22%2C%20de%20Julio%20Erazo.%20Por%20%C3%93scar%20Humberto%20G%C3%B3mez%20G%C3%B3mez%20%28%2A%29&body=Link:https%3A%2F%2Foscarhumbertogomez.com%2Findex.php%3Frest_route%3D%252Fwp%252Fv2%252Fposts%252F8821\")'><ss style=\"display:block;border-radius:999px;\" class=\"heateorSssSharingSvg heateorSssGoogleGmailSvg\"><\/ss><\/i><\/li><li class=\"heateorSssSharingRound\"><i style=\"width:35px;height:35px;border-radius:999px;\" title=\"More\" alt=\"More\" class=\"heateorSssSharing heateorSssMoreBackground\" onclick=\"heateorSssMoreSharingPopup(this, 'https:\/\/oscarhumbertogomez.com\/index.php?rest_route=%2Fwp%2Fv2%2Fposts%2F8821', '%22LA%20PATA%20PEL%C3%81%22%2C%20de%20Julio%20Erazo.%20Por%20%C3%93scar%20Humberto%20G%C3%B3mez%20G%C3%B3mez%20%28%2A%29', '' )\" ><ss style=\"display:block\" class=\"heateorSssSharingSvg heateorSssMoreSvg\"><\/ss><\/i><\/li><\/ul><div class=\"heateorSssClear\"><\/div><\/div><div class='heateorSssClear'><\/div>","protected":false},"author":2,"featured_media":0,"comment_status":"open","ping_status":"open","sticky":false,"template":"","format":"standard","meta":{"spay_email":"","footnotes":""},"categories":[8,11],"tags":[],"class_list":["post-8821","post","type-post","status-publish","format-standard","hentry","category-musica","category-periodismo"],"jetpack_featured_media_url":"","jetpack_shortlink":"https:\/\/wp.me\/p1FYrr-2ih","_links":{"self":[{"href":"https:\/\/oscarhumbertogomez.com\/index.php?rest_route=\/wp\/v2\/posts\/8821","targetHints":{"allow":["GET"]}}],"collection":[{"href":"https:\/\/oscarhumbertogomez.com\/index.php?rest_route=\/wp\/v2\/posts"}],"about":[{"href":"https:\/\/oscarhumbertogomez.com\/index.php?rest_route=\/wp\/v2\/types\/post"}],"author":[{"embeddable":true,"href":"https:\/\/oscarhumbertogomez.com\/index.php?rest_route=\/wp\/v2\/users\/2"}],"replies":[{"embeddable":true,"href":"https:\/\/oscarhumbertogomez.com\/index.php?rest_route=%2Fwp%2Fv2%2Fcomments&post=8821"}],"version-history":[{"count":5,"href":"https:\/\/oscarhumbertogomez.com\/index.php?rest_route=\/wp\/v2\/posts\/8821\/revisions"}],"predecessor-version":[{"id":51012,"href":"https:\/\/oscarhumbertogomez.com\/index.php?rest_route=\/wp\/v2\/posts\/8821\/revisions\/51012"}],"wp:attachment":[{"href":"https:\/\/oscarhumbertogomez.com\/index.php?rest_route=%2Fwp%2Fv2%2Fmedia&parent=8821"}],"wp:term":[{"taxonomy":"category","embeddable":true,"href":"https:\/\/oscarhumbertogomez.com\/index.php?rest_route=%2Fwp%2Fv2%2Fcategories&post=8821"},{"taxonomy":"post_tag","embeddable":true,"href":"https:\/\/oscarhumbertogomez.com\/index.php?rest_route=%2Fwp%2Fv2%2Ftags&post=8821"}],"curies":[{"name":"wp","href":"https:\/\/api.w.org\/{rel}","templated":true}]}}