{"id":8865,"date":"2013-06-20T13:47:36","date_gmt":"2013-06-20T18:47:36","guid":{"rendered":"http:\/\/www.oscarhumbertogomez.com\/?p=8865"},"modified":"2025-04-02T12:40:11","modified_gmt":"2025-04-02T17:40:11","slug":"por-que-se-suicidan-los-estudiantes","status":"publish","type":"post","link":"https:\/\/oscarhumbertogomez.com\/?p=8865","title":{"rendered":"\u00bfPor qu\u00e9 se suicidan los estudiantes? (I) Por \u00d3scar Humberto G\u00f3mez G\u00f3mez"},"content":{"rendered":"<div id=\"attachment_49906\" style=\"width: 650px\" class=\"wp-caption aligncenter\"><img loading=\"lazy\" decoding=\"async\" aria-describedby=\"caption-attachment-49906\" class=\"size-large wp-image-49906\" src=\"https:\/\/oscarhumbertogomez.com\/wp-content\/uploads\/2011\/06\/WhatsApp-Image-2025-01-19-at-16.33.19-1024x690.jpeg\" alt=\"\" width=\"640\" height=\"431\" srcset=\"https:\/\/oscarhumbertogomez.com\/wp-content\/uploads\/2011\/06\/WhatsApp-Image-2025-01-19-at-16.33.19-1024x690.jpeg 1024w, https:\/\/oscarhumbertogomez.com\/wp-content\/uploads\/2011\/06\/WhatsApp-Image-2025-01-19-at-16.33.19-300x202.jpeg 300w, https:\/\/oscarhumbertogomez.com\/wp-content\/uploads\/2011\/06\/WhatsApp-Image-2025-01-19-at-16.33.19-768x517.jpeg 768w, https:\/\/oscarhumbertogomez.com\/wp-content\/uploads\/2011\/06\/WhatsApp-Image-2025-01-19-at-16.33.19.jpeg 1280w\" sizes=\"auto, (max-width: 640px) 100vw, 640px\" \/><p id=\"caption-attachment-49906\" class=\"wp-caption-text\">\u00d3SCAR HUMBERTO G\u00d3MEZ G\u00d3MEZ. Fotograf\u00eda de Nylse Blackburn<\/p><\/div>\n<p>&nbsp;<\/p>\n<p>Reproducimos textualmente la siguiente noticia publicada por EL FRENTE el lunes 17 de junio de 2013, la cual, a su vez, fue tomada por el diario bumangu\u00e9s de LA F.M.:<\/p>\n<p>&#8220;<strong>Joven se suicid\u00f3 por presi\u00f3n de profesores.<\/strong><\/p>\n<p><em>La familia del menor de 16 a\u00f1os de edad asegur\u00f3 que la exigencia en la carga acad\u00e9mica, por pol\u00edtica de la instituci\u00f3n, deja de lado al ser humano.<\/em><\/p>\n<p>La historia de Miguel \u00c1ngel, un joven de d\u00e9cimo grado del Colegio Biling\u00fce Buckingham de Bogot\u00e1 tiene consternada a la comunidad, pues el menor de 16 a\u00f1os de edad se suicid\u00f3, al parecer por la presi\u00f3n acad\u00e9mica de los docentes.<br \/>\nEn una carta que el joven dej\u00f3 asegur\u00f3 &#8220;que aunque sab\u00eda que la medida era dr\u00e1stica, esto quedar\u00eda en la conciencia en cada uno de los profesores\u201d.<br \/>\nLa t\u00eda del menor, en di\u00e1logo con La F.M., se\u00f1al\u00f3 que la exigencia en la carga acad\u00e9mica, por una posici\u00f3n de la instituci\u00f3n, deja de lado al ser humano y llena de presiones a sus estudiantes a tal punto de mal juzgarlos.<br \/>\nEl pasado s\u00e1bado, el joven decidi\u00f3 quitarse la vida luego de recibir &#8220;la llamada de la muerte&#8221;, seg\u00fan la calific\u00f3 la familia. En esta comunicaci\u00f3n le indicaron que el estudiante, acostumbrado a buenas calificaciones, ten\u00eda el a\u00f1o perdido.<br \/>\nDe acuerdo con varios padres de familia, en los docentes falta tacto para identificar los problemas sicol\u00f3gicos que puede generar tal exigencia, generando, no s\u00f3lo la medida dr\u00e1stica que tom\u00f3 el menor, sino tambi\u00e9n un reproche hacia el estudio.<br \/>\nUno de los padres de familia, quien tambi\u00e9n es m\u00e9dico, manifest\u00f3 en LA F.M. que sacar\u00e1 del colegio a su hija menor, quien ha indicado que no quiere volver a estudiar all\u00ed. Sin embargo aclar\u00f3 que <span style=\"text-decoration: underline;\">su hija mayor pidi\u00f3 continuar en dicha instituci\u00f3n<\/span>. (Subraya el portal).<br \/>\nUna madre de dos exalumnas de la instituci\u00f3n se comunic\u00f3 con LA F.M. para informar que hace un tiempo retir\u00f3 a sus hijas del Colegio Biling\u00fce Buckingham debido a que la calidad humana que existe en la instituci\u00f3n es muy baja, pues priorizan el nombre de la unidad educativa en busca de resultados acad\u00e9micos, dejando de lado una educaci\u00f3n integral.<br \/>\nNo obstante, <span style=\"text-decoration: underline;\">algunos compa\u00f1eros del joven que decidi\u00f3 quitarse la vida por la supuesta carga aseguran que no se debe responsabilizar al colegio<\/span>, (subraya el portal) ya que de una u otra manera a este estudiante se le prest\u00f3 apoyo acad\u00e9mico.<br \/>\nSeg\u00fan indic\u00f3 Mar\u00eda Jos\u00e9, compa\u00f1era de Miguel \u00c1ngel, como es identificado el joven que decidi\u00f3 suicidarse, \u00e9l siempre hab\u00eda mostrado en sus obras de arte una alusi\u00f3n a la muerte y muy seguramente la presi\u00f3n a final del calendario acad\u00e9mico pudo generar un detonante en su estado an\u00edmico.<br \/>\nLa rectora de la instituci\u00f3n, Martha Rinc\u00f3n, en conversaci\u00f3n con LA F.M. aclar\u00f3 que los directivos, docentes y dem\u00e1s miembros del colegio siempre estuvieron apoyando el proceso acad\u00e9mico del menor.<br \/>\nRespecto a la parte humana que se vive y la cual ha sido queja de algunos padres de familia, Rinc\u00f3n asegur\u00f3 que se realizan actividades constantes de integraci\u00f3n y que son varios los puntos de vista de los participantes los que se tienen en cuenta.<br \/>\nPara la rectora del Colegio Buckingham, todas las personas en las diferentes etapas de la vida tienen presiones para alcanzar los logros y hay que saberlos afrontar. M\u00e1s, cuando se les brinda apoyo y acompa\u00f1amiento.<br \/>\nA pesar que una de las estudiantes asegur\u00f3 que con los dibujos y la manera de hablar del menor que se quit\u00f3 la vida evidenciaba cierta simpat\u00eda hacia la muerte, la rectora de la instituci\u00f3n asegur\u00f3 que nunca vio alguna falencia emocional en su estudiante.<br \/>\nRinc\u00f3n finaliz\u00f3 su intervenci\u00f3n asegurando que no existe ning\u00fan cargo de conciencia por la decisi\u00f3n que tom\u00f3 Miguel \u00c1ngel. Seg\u00fan dijo, acompa\u00f1a a sus familiares en este momento tan dif\u00edcil&#8221;.<\/p>\n<p>EL TIEMPO publica la siguiente nota en su edici\u00f3n del 8 de abril de 2013:<\/p>\n<p>&#8220;<strong>Estudiante que se suicid\u00f3 en U. de los Andes dej\u00f3 carta de despedida.<\/strong><\/p>\n<p>El joven se despidi\u00f3 diciendo que &#8220;estaba aburrido de la vida&#8221; y que quer\u00eda donar sus \u00f3rganos.<\/p>\n<p>Minutos despu\u00e9s de que el estudiante de ingenier\u00eda de sistemas Diego Andr\u00e9s Mancipe perdi\u00f3 la vida, el pasado mi\u00e9rcoles, tras lanzarse al vac\u00edo desde el d\u00e9cimo piso de un edificio de la Universidad de los Andes, la Polic\u00eda encontr\u00f3 una carta en la que, supuestamente, \u00e9l se desped\u00eda de sus seres queridos.<\/p>\n<p>Aunque Mancipe cursaba el cuarto semestre de pregrado en la Universidad Nacional, su excelente desempe\u00f1o acad\u00e9mico le hab\u00eda permitido acceder a unos cursos extensivos en los Andes.<\/p>\n<p>Justo en un armario de la alma m\u00e1ter apareci\u00f3 el escrito en el que, seg\u00fan el coronel Javier Estupi\u00f1\u00e1n, comandante operativo n\u00famero cuatro de la Polic\u00eda Metropolitana de Bogot\u00e1, el estudiante se despidi\u00f3 de su familia diciendo que &#8220;estaba aburrido de la vida&#8221; y que era su decisi\u00f3n donar sus \u00f3rganos para las personas que lo necesitaran.<\/p>\n<p>La muerte del muchacho caus\u00f3 conmoci\u00f3n entre sus compa\u00f1eros y profesores de la Universidad Nacional, <span style=\"text-decoration: underline;\">donde lleg\u00f3 a tener un promedio de 4,2<\/span>. &nbsp;(Subraya el portal).<\/p>\n<p>&#8220;Para poder acceder al convenio de cursos extensivos sobre Internet en la Universidad de los Andes los alumnos deben tener un promedio m\u00ednimo de 3,8, que es bastante alto, y Diego Andr\u00e9s lo superaba&#8221;, dijo una profesora que prefiri\u00f3 no revelar su identidad. Igualmente, sus compa\u00f1eros de clase lo recuerdan como un joven brillante, estudioso, l\u00edder y amante del teatro y el cine.<\/p>\n<p>Sin embargo, tambi\u00e9n indicaron que, al parecer, su estado de \u00e1nimo hab\u00eda deca\u00eddo tras la muerte de su padre y por la complicada situaci\u00f3n econ\u00f3mica en la que qued\u00f3 su hogar. De hecho, algunos compa\u00f1eros de universidad estaban recogiendo dinero para ayudar a cubrir los gastos del funeral&#8221;.<\/p>\n<p>M\u00e1s atr\u00e1s en el tiempo, EL HERALDO del 31 de julio de 2012 publica la siguiente noticia:<\/p>\n<p>&#8220;<strong>Investigan muerte de estudiante de la universidad de los Andes que cay\u00f3 de un s\u00e9ptimo piso<\/strong><\/p>\n<p>La Polic\u00eda Metropolitana de Bogot\u00e1 investiga las causas de la muerte de un joven de 23 a\u00f1os, identificado como Neftal\u00ed Adolfo Chamucero, que fue encontrado sin vida tras caer desde el s\u00e9ptimo piso de un edificio ubicado en la calle 146 con carrera Novena, en el norte de la Capital de la Rep\u00fablica.<br \/>\nNeftal\u00ed Adolfo Chamucero, natural de Villavicencio, era estudiante de ingenier\u00eda de Sistemas de la Universidad de los Andes.<\/p>\n<p>El coronel Reynaldo Rojas, comandante de la Polic\u00eda de Usaqu\u00e9n, indic\u00f3 a Caracol Radio que la principal hip\u00f3tesis es la de un accidente.<\/p>\n<p>\u201cEl joven, al parecer, tuvo una muerte accidental, se cay\u00f3 del s\u00e9ptimo piso donde estuvo departiendo con unos familiares, que tampoco se percataron del hecho, seg\u00fan lo que comentan ellos; pensaron que se hab\u00eda ido de la casa (?) , pero no constataron\u201d, dijo el oficial. (El interrogante es del portal).<\/p>\n<p>Se investiga si el estudiante estaba ebrio.<\/p>\n<p>En tanto, su mam\u00e1 Luz Nelly R\u00edos pidi\u00f3 en varios medios nacionales que las autoridades investiguen lo que realmente ocurri\u00f3 esa noche porque no cree que haya sido un suicidio&#8221;.<\/p>\n<p>M\u00e1s atr\u00e1s, el 21 de marzo de 2012 CARACOL RADIO da en Internet la siguiente noticia:<\/p>\n<p>&#8220;<strong>Universidad de Los Andes lamenta muerte de estudiante que cay\u00f3 de un edificio<\/strong>.<\/p>\n<p><em>Las autoridades adelantan las investigaciones sobre la muerte del joven Diego Andr\u00e9s Mancipe Colorado. No se descarta que se haya tratado de un suicidio.<\/em><\/p>\n<p>Por medio de un comunicado, la Universidad de Los Andes lament\u00f3 la muerte de un estudiante de la instituci\u00f3n.<\/p>\n<p>El hecho es materia de investigaci\u00f3n por parte de las autoridades y no descartan que se trate de un suicidio.<\/p>\n<p>Este es el texto del comunicado:<\/p>\n<p>&#8216;La Universidad de los Andes lamenta profundamente el fallecimiento de Diego Andr\u00e9s Mancipe Colorado, estudiante de la Universidad Nacional y quien tomaba por extensi\u00f3n una materia en la Universidad de los Andes. Su fallecimiento ocurri\u00f3 ayer mi\u00e9rcoles 21 de marzo, al caer desde el edificio Santodomingo.<\/p>\n<p>Ante este hecho, que nos conmueve, expresamos nuestras condolencias a sus familiares, allegados y a la comunidad universitaria. Compartimos su dolor por esta p\u00e9rdida y nos solidarizamos con ellos.<\/p>\n<p>Inmediatamente ocurrido este triste suceso, la Universidad procedi\u00f3 a contactar a las autoridades competentes, quienes se encargaron de los procedimientos de rigor.<\/p>\n<p>Pablo Navas Sanz de Santamar\u00eda<br \/>\nRector&#8217;.<\/p>\n<p>El sepelio del estudiante se realiz\u00f3 este martes, en la ma\u00f1ana, en la iglesia de la Porci\u00fancula de Bogot\u00e1.<\/p>\n<p>La Sij\u00edn qued\u00f3 a cargo de esclarecer el aparente suicidio del muchacho, al que le sobreviven su mam\u00e1 y una hermana. Este jueves, varias personas ubicaron flores y mensajes en el sitio en el que muri\u00f3 el estudiante&#8221;.<\/p>\n<p>ECOS DEL COMBEIMA del 26 de marzo de 2012 da la siguiente noticia:<\/p>\n<p>&#8220;<strong>Otro caso de suicidio durante el fin de semana en Ibagu\u00e9.<\/strong><\/p>\n<p><em>Esta vez fue una joven alumna del colegio Champagnat quien decidi\u00f3 acabar con su vida colg\u00e1ndose de una soga.<\/em><\/p>\n<p>Se trata de una joven identificada como Paula Juliane Holfeld Franco, de 17 a\u00f1os de edad y de nacionalidad alemana, quien en extra\u00f1as circunstancias fue encontrada suspendida de una cuerda en su cuello al interior de su residencia la noche del domingo.<br \/>\nTras ser encontrada colgando, la joven fue trasladada de inmediato a la Cl\u00ednica Saludcoop de la calle 60 de Ibagu\u00e9, en donde a pesar de los esfuerzos de los galenos por reanimarla, finalmente dej\u00f3 de existir.<br \/>\nSeg\u00fan se pudo establecer que la adolescente cursaba grado d\u00e9cimo en el Colegio Champagnat de Ibagu\u00e9 y que era hija de una mujer colombiana que labora en una perfumer\u00eda de Austria y de un alem\u00e1n ingeniero de la empresa Siemens.<br \/>\nTras el hecho, la comunidad de dicha instituci\u00f3n manifest\u00f3 su profundo lamento y extra\u00f1eza al no entender el porqu\u00e9 de la decisi\u00f3n de la joven, que aparentemente no ten\u00eda ninguna clase de problema&#8221;.<\/p>\n<p>LA F.M. del 3 de julio de 2012 informa:<\/p>\n<p>&#8220;<strong>Conmoci\u00f3n en la U. de Antioquia por suicidio de estudiante dentro del campus<\/strong><\/p>\n<p><em>El Cuerpo T\u00e9cnico de Investigaci\u00f3n de la Fiscal\u00eda realiz\u00f3 el levantamiento del cuerpo sin vida del estudiante de econom\u00eda.<\/em><\/p>\n<p>Integrantes del Cuerpo T\u00e9cnico de Investigaci\u00f3n de la Fiscal\u00eda realizaron el levantamiento del cad\u00e1ver de un joven de 23 a\u00f1os, quien se suicid\u00f3 dentro de las instalaciones de la Universidad.<\/p>\n<p>Testigos del hecho dijeron que el joven estudiante de econom\u00eda se colg\u00f3 de la baranda del segundo piso en el corredor entre los bloques 12 y 13 donde funciona esa facultad.<\/p>\n<p>El rector de la universidad Alberto Uribe Correa dijo que a\u00fan no se ha establecido la identidad del joven y que el personal de seguridad interna est\u00e1 custodiando el cad\u00e1ver, a la espera de la unidad de reacci\u00f3n inmediata de la fiscal\u00eda que adelantar\u00e1 la investigaci\u00f3n.<\/p>\n<p>Vale precisar que las labores acad\u00e9micas en la universidad de Antioquia est\u00e1n suspendidas por vacaciones, pero hay actividad administrativa e ingreso normal al centro de estudios&#8221;.<\/p>\n<p>El siguiente fue el comunicado expedido por la U. de Antioquia y colgado en su p\u00e1gina de Internet:<\/p>\n<p>&#8220;La Universidad de Antioquia lamenta el fallecimiento del estudiante de pregrado de la Facultad de Ciencias Econ\u00f3micas, cuya muerte se dio al medio d\u00eda de este martes 3 de julio en la Ciudad Universitaria.<\/p>\n<p>La Alma M\u00e1ter (sic) manifiesta sus condolencias y solidaridad con sus familiares y amigos. Debido al car\u00e1cter \u00edntimo del acontecimiento y en respeto al dolor de su familia, esta instituci\u00f3n prefiere no entrar en detalles. Sin embargo, ha dispuesto todo lo necesario para que las entidades competentes atiendan el hecho.<\/p>\n<p>La Universidad de Antioquia le recuerda a la comunidad universitaria que, a trav\u00e9s de la direcci\u00f3n de Bienestar Universitario, esta instituci\u00f3n cuenta con programas de apoyo psicosocial y acompa\u00f1amiento profesional permanente.<\/p>\n<p>Comit\u00e9 Rectoral<br \/>\nMedell\u00edn &#8211; 3 de julio del 2012&#8221;.<\/p>\n<p>En el portal TARINGA de Internet del 20 de septiembre de 2012 leemos:<\/p>\n<p>&#8220;<strong>Ni\u00f1a se suicid\u00f3 en el colegio al frente de sus compa\u00f1eritos<\/strong><\/p>\n<p>Brigit cursaba sexto grado, sali\u00f3 al patio y cometi\u00f3 un acto que dej\u00f3 en fr\u00edo a sus compa\u00f1eros pues en (sic) la cancha m\u00faltiple del centro educativo llegaron profesores, psic\u00f3logos y autoridades de polic\u00eda que trataron de convencerla para que soltara el arma, sin embargo la peque\u00f1a se dispar\u00f3.<\/p>\n<p>19 estudiantes que se encontraban en el lugar presenciaron dicha tragedia. \u201cLos ni\u00f1os llegaron con un cuadro de ansiedad, tres muy agitados e incluso a uno de ellos tuvimos que suministrarle medicamentos para tranquilizarlo, su estado emocional estaba muy comprometido\u201d, se\u00f1al\u00f3 Hernando El\u00edas Montoya, gerente del hospital de esta municipalidad en di\u00e1logo con el diario El Nuevo D\u00eda.<\/p>\n<p>En estos momentos las autoridades realizan la investigaci\u00f3n de los hechos y los motivos de la menor se suicid\u00f3 (sic).<\/p>\n<p>EL PAIS de Cali del 20 de septiembre de 2012 se refiere al mismo caso:<\/p>\n<p>&#8220;En un video qued\u00f3 registrado el suicidio de una menor de 14 a\u00f1os, que se dispar\u00f3 mientras sus compa\u00f1eros de clase y profesores observaban, en un colegio de Mariquita, Tolima, caso que conmocion\u00f3 al pa\u00eds.<\/p>\n<p>La joven Brigitte Lorena Gonz\u00e1lez lleg\u00f3 hasta el patio central de la Instituci\u00f3n Educativa T\u00e9cnica Francisco Nu\u00f1ez Pedroso, donde cursaba sexto grado, y se dispar\u00f3 en el abdomen con un rev\u00f3lver calibre 38, a pesar de que sus compa\u00f1eros y docentes intentaron disuadirla de su intenci\u00f3n de quitarse la vida.<\/p>\n<p>El hecho qued\u00f3 registrado en un video, grabado por uno de sus compa\u00f1eros, y el cual fue presentado en Noticias Caracol. Antes de suicidarse, la joven le apunta con el rev\u00f3lver a un compa\u00f1ero que intent\u00f3 acerc\u00e1rsele.<\/p>\n<p>Aunque a\u00fan no se conocen los motivos de la decisi\u00f3n de la menor, su madre revel\u00f3 que la peque\u00f1a dej\u00f3 una carta en la que lo explica. Sin embargo, el texto se encuentra en manos de la Fiscal\u00eda.<\/p>\n<p>La menor estaba bajo el cuidado de unas t\u00edas, pues su madre se encontraba en otra ciudad desde hac\u00eda siete a\u00f1os&#8221;.<\/p>\n<p>________<\/p>\n<p>\u00bfQu\u00e9 est\u00e1 sucediendo?<\/p>\n<p>\u00bfQu\u00e9 est\u00e1 perturbando la salud mental de los estudiantes, al punto de que se llega hasta quebrantar el mism\u00edsimo instinto de conservaci\u00f3n?<\/p>\n<p>\u00bfEst\u00e1n siendo tratados nuestros estudiantes como <strong>seres humanos<\/strong> que son matriculados en las instituciones educativas para ampliar los horizontes de sus conocimientos con el fin de enfrentar el futuro con optimismo y herramientas cognoscitivas, o m\u00e1s bien est\u00e1n siendo tratados como m\u00e1quinas a las que hay que embutirles conocimientos al precio que sea para que &#8220;pongan en alto&#8221; a su colegio o universidad, y de esa manera posibiliten que su universidad o su colegio tambi\u00e9n &#8220;pongan en alto&#8221;, cada vez m\u00e1s alto, el valor de las matr\u00edculas y de las pensiones?<\/p>\n<p>\u00bfSe convirti\u00f3 el sistema educativo colombiano -copiando modelos extranjeros- &nbsp;en una desaforada competencia por el primer puesto en el ICFES o en el ECAES, acaso para justificar sobre esa honrosa clasificaci\u00f3n -obtenida sobre los lomos de los estudiantes sobresalientes- un proporcional incremento en el costo de matr\u00edculas y pensiones?<\/p>\n<p>\u00bfEl llamado <em>p\u00e9nsum<\/em> acad\u00e9mico corresponde a lo que el estudiante esperaba de la carrera que escogi\u00f3? O, por el contrario, \u00bfal estudiante de -pongamos por caso- Odontolog\u00eda, se le est\u00e1 obligando a cursar materias como -tambi\u00e9n pongamos por caso- la <em>Cr\u00edtica de la Raz\u00f3n Pura<\/em> de Inmanuel Kant, cuya relaci\u00f3n con su carrera no se ve por ninguna parte, con el agravante de exig\u00edrsele en las mismas un alto rendimiento acad\u00e9mico, como si estuviese estudiando &#8211; en el ejemplo &#8211; la carrera de Filosof\u00eda?<\/p>\n<p>\u00bfSe est\u00e1n aplicando las modernas tendencias, planteadas en obras como <em>La inteligencia emocional<\/em> de Daniel Goleman, seg\u00fan las cuales se debe abandonar el error del tradicional sistema educativo de pretender exigir que el estudiante rinda en todo y sea bueno para todo, en lugar de potenciar sus habilidades e inclinaciones naturales? En otras palabras, \u00bfya se dio cuenta el sistema educativo colombiano de que Gabriel Garc\u00eda M\u00e1rquez no fue un fracasado en la vida solamente por no poseer la aptitud que para la F\u00edsica pose\u00eda Albert Einstein?<\/p>\n<p>\u00bfEs tan importante la universidad o el colegio donde se estudia que hasta la unidad de la familia y el amor fraternal pasan a un segundo plano? \u00bfEs normal que la hermana de un suicida decida continuar en el mismo colegio que con su rigor extremo condujo al suicidio a su propio hermano?<\/p>\n<p>\u00bfEst\u00e1n tan alienados los estudiantes de los colegios m\u00e1s aprestigiados que ya ni siquiera se solidarizan con un condisc\u00edpulo cuyo cad\u00e1ver todav\u00eda se encuentra en la sala de velaci\u00f3n?<\/p>\n<p>\u00bfHay presencia de la Psicolog\u00eda en los colegios y universidades, y obviamente en las escuelas?<\/p>\n<p>\u00bfLos psic\u00f3logos que ejercen tan importante disciplina en los centros educativos de primaria, secundaria y universidad son, en realidad, los profesionales competentes que un entorno tan complejo requiere?<\/p>\n<p>\u00bfTom\u00f3 en serio el Estado el suicidio del primer estudiante, o crey\u00f3 que era cuesti\u00f3n de poca monta, y con esa actitud posibilit\u00f3 el segundo?<\/p>\n<p>\u00bfC\u00f3mo alimentar en el seno social -y espec\u00edficamente en el estudiantil- el amor por la vida y una visi\u00f3n optimista del futuro?<\/p>\n<p>\u00bfCu\u00e1les son, <strong>en verdad<\/strong>, las <strong>prioridades<\/strong> en la Universidad colombiana y en los establecimientos educativos de secundaria?<\/p>\n<p>\u00bfNo se estar\u00e1n quedando los colegios y las universidades en mera &#8220;<strong>MISI\u00d3N<\/strong>&#8221; y en mera &#8220;<strong>VISI\u00d3N<\/strong>&#8220;, sin que en la pr\u00e1ctica hagan lo que predican?<\/p>\n<p>Incluso:<\/p>\n<p>\u00bfCu\u00e1les son, <strong>en verdad<\/strong>, las <strong>prioridades<\/strong>, en las escuelas y establecimientos de primaria? \u00bfCu\u00e1les lo son en el sector de Preescolar?<\/p>\n<p>\u00bfEst\u00e1 el Estado haciendo presencia, <strong>realmente<\/strong>, en la tarea de <strong>formaci\u00f3n<\/strong> de nuestra ni\u00f1ez y nuestra juventud?<\/p>\n<p><strong>Continuar\u00e1&#8230;<\/strong><\/p>\n<blockquote class=\"wp-embedded-content\" data-secret=\"lzTNCbBRd7\"><p><a href=\"https:\/\/oscarhumbertogomez.com\/?p=8882\">\u00bfPor qu\u00e9 se suicidan los estudiantes? (II) Por \u00d3scar Humberto G\u00f3mez G\u00f3mez<\/a><\/p><\/blockquote>\n<p><iframe loading=\"lazy\" class=\"wp-embedded-content\" sandbox=\"allow-scripts\" security=\"restricted\" style=\"position: absolute; visibility: hidden;\" title=\"\u00ab\u00bfPor qu\u00e9 se suicidan los estudiantes? (II) Por \u00d3scar Humberto G\u00f3mez G\u00f3mez\u00bb \u2014 \u00d3scar Humberto G\u00f3mez G\u00f3mez\" src=\"https:\/\/oscarhumbertogomez.com\/?p=8882&#038;embed=true#?secret=SIJmEdgcAh#?secret=lzTNCbBRd7\" data-secret=\"lzTNCbBRd7\" width=\"600\" height=\"338\" frameborder=\"0\" marginwidth=\"0\" marginheight=\"0\" scrolling=\"no\"><\/iframe><\/p>\n<p>&nbsp;<\/p>\n","protected":false},"excerpt":{"rendered":"<p>&nbsp; Reproducimos textualmente la siguiente noticia publicada por EL FRENTE el lunes 17 de junio de 2013, la cual, a su vez, fue tomada por el diario bumangu\u00e9s de LA F.M.: &#8220;Joven se suicid\u00f3 por presi\u00f3n de profesores. La familia &hellip; <a href=\"https:\/\/oscarhumbertogomez.com\/?p=8865\">Sigue leyendo <span class=\"meta-nav\">&rarr;<\/span><\/a><\/p>\n<div class='heateorSssClear'><\/div><div  class='heateor_sss_sharing_container heateor_sss_horizontal_sharing' heateor-sss-data-href='https:\/\/oscarhumbertogomez.com\/?p=8865'><div class='heateor_sss_sharing_title' style=\"font-weight:bold\" >\u00a1Gracias por compartirla!<\/div><ul class=\"heateor_sss_sharing_ul\"><li class=\"heateorSssSharingRound\"><i style=\"width:35px;height:35px;border-radius:999px;\" alt=\"Facebook\" Title=\"Facebook\" class=\"heateorSssSharing heateorSssFacebookBackground\" onclick='heateorSssPopup(\"https:\/\/www.facebook.com\/sharer\/sharer.php?u=https%3A%2F%2Foscarhumbertogomez.com%2Findex.php%3Frest_route%3D%252Fwp%252Fv2%252Fposts%252F8865\")'><ss style=\"display:block;border-radius:999px;\" class=\"heateorSssSharingSvg heateorSssFacebookSvg\"><\/ss><\/i><\/li><li class=\"heateorSssSharingRound\"><i style=\"width:35px;height:35px;border-radius:999px;\" alt=\"Twitter\" Title=\"Twitter\" class=\"heateorSssSharing heateorSssTwitterBackground\" onclick='heateorSssPopup(\"http:\/\/twitter.com\/intent\/tweet?text=%C2%BFPor%20qu%C3%A9%20se%20suicidan%20los%20estudiantes%3F%20%28I%29%20Por%20%C3%93scar%20Humberto%20G%C3%B3mez%20G%C3%B3mez&url=https%3A%2F%2Foscarhumbertogomez.com%2Findex.php%3Frest_route%3D%252Fwp%252Fv2%252Fposts%252F8865\")'><ss style=\"display:block;border-radius:999px;\" class=\"heateorSssSharingSvg heateorSssTwitterSvg\"><\/ss><\/i><\/li><li class=\"heateorSssSharingRound\"><i style=\"width:35px;height:35px;border-radius:999px;\" alt=\"Whatsapp\" Title=\"Whatsapp\" class=\"heateorSssSharing heateorSssWhatsappBackground\" onclick='heateorSssPopup(\"https:\/\/web.whatsapp.com\/send?text=%C2%BFPor%20qu%C3%A9%20se%20suicidan%20los%20estudiantes%3F%20%28I%29%20Por%20%C3%93scar%20Humberto%20G%C3%B3mez%20G%C3%B3mez https%3A%2F%2Foscarhumbertogomez.com%2Findex.php%3Frest_route%3D%252Fwp%252Fv2%252Fposts%252F8865\")'><ss style=\"display:block\" class=\"heateorSssSharingSvg heateorSssWhatsappSvg\"><\/ss><\/i><\/li><li class=\"heateorSssSharingRound\"><i style=\"width:35px;height:35px;border-radius:999px;\" alt=\"Pinterest\" Title=\"Pinterest\" class=\"heateorSssSharing heateorSssPinterestBackground\" onclick=\"javascript:void( (function() {var e=document.createElement('script' );e.setAttribute('type','text\/javascript' );e.setAttribute('charset','UTF-8' );e.setAttribute('src','\/\/assets.pinterest.com\/js\/pinmarklet.js?r='+Math.random()*99999999);document.body.appendChild(e)})());\"><ss style=\"display:block;border-radius:999px;\" class=\"heateorSssSharingSvg heateorSssPinterestSvg\"><\/ss><\/i><\/li><li class=\"heateorSssSharingRound\"><i style=\"width:35px;height:35px;border-radius:999px;\" alt=\"Google Gmail\" Title=\"Google Gmail\" class=\"heateorSssSharing heateorSssGoogleGmailBackground\" onclick='heateorSssPopup(\"https:\/\/mail.google.com\/mail\/?ui=2&view=cm&fs=1&tf=1&su=%C2%BFPor%20qu%C3%A9%20se%20suicidan%20los%20estudiantes%3F%20%28I%29%20Por%20%C3%93scar%20Humberto%20G%C3%B3mez%20G%C3%B3mez&body=Link:https%3A%2F%2Foscarhumbertogomez.com%2Findex.php%3Frest_route%3D%252Fwp%252Fv2%252Fposts%252F8865\")'><ss style=\"display:block;border-radius:999px;\" class=\"heateorSssSharingSvg heateorSssGoogleGmailSvg\"><\/ss><\/i><\/li><li class=\"heateorSssSharingRound\"><i style=\"width:35px;height:35px;border-radius:999px;\" title=\"More\" alt=\"More\" class=\"heateorSssSharing heateorSssMoreBackground\" onclick=\"heateorSssMoreSharingPopup(this, 'https:\/\/oscarhumbertogomez.com\/index.php?rest_route=%2Fwp%2Fv2%2Fposts%2F8865', '%C2%BFPor%20qu%C3%A9%20se%20suicidan%20los%20estudiantes%3F%20%28I%29%20Por%20%C3%93scar%20Humberto%20G%C3%B3mez%20G%C3%B3mez', '' )\" ><ss style=\"display:block\" class=\"heateorSssSharingSvg heateorSssMoreSvg\"><\/ss><\/i><\/li><\/ul><div class=\"heateorSssClear\"><\/div><\/div><div class='heateorSssClear'><\/div>","protected":false},"author":2,"featured_media":0,"comment_status":"open","ping_status":"open","sticky":false,"template":"","format":"standard","meta":{"spay_email":"","footnotes":""},"categories":[1],"tags":[],"class_list":["post-8865","post","type-post","status-publish","format-standard","hentry","category-blog"],"jetpack_featured_media_url":"","jetpack_shortlink":"https:\/\/wp.me\/p1FYrr-2iZ","_links":{"self":[{"href":"https:\/\/oscarhumbertogomez.com\/index.php?rest_route=\/wp\/v2\/posts\/8865","targetHints":{"allow":["GET"]}}],"collection":[{"href":"https:\/\/oscarhumbertogomez.com\/index.php?rest_route=\/wp\/v2\/posts"}],"about":[{"href":"https:\/\/oscarhumbertogomez.com\/index.php?rest_route=\/wp\/v2\/types\/post"}],"author":[{"embeddable":true,"href":"https:\/\/oscarhumbertogomez.com\/index.php?rest_route=\/wp\/v2\/users\/2"}],"replies":[{"embeddable":true,"href":"https:\/\/oscarhumbertogomez.com\/index.php?rest_route=%2Fwp%2Fv2%2Fcomments&post=8865"}],"version-history":[{"count":5,"href":"https:\/\/oscarhumbertogomez.com\/index.php?rest_route=\/wp\/v2\/posts\/8865\/revisions"}],"predecessor-version":[{"id":53454,"href":"https:\/\/oscarhumbertogomez.com\/index.php?rest_route=\/wp\/v2\/posts\/8865\/revisions\/53454"}],"wp:attachment":[{"href":"https:\/\/oscarhumbertogomez.com\/index.php?rest_route=%2Fwp%2Fv2%2Fmedia&parent=8865"}],"wp:term":[{"taxonomy":"category","embeddable":true,"href":"https:\/\/oscarhumbertogomez.com\/index.php?rest_route=%2Fwp%2Fv2%2Fcategories&post=8865"},{"taxonomy":"post_tag","embeddable":true,"href":"https:\/\/oscarhumbertogomez.com\/index.php?rest_route=%2Fwp%2Fv2%2Ftags&post=8865"}],"curies":[{"name":"wp","href":"https:\/\/api.w.org\/{rel}","templated":true}]}}