{"id":8882,"date":"2013-06-21T11:54:04","date_gmt":"2013-06-21T16:54:04","guid":{"rendered":"http:\/\/www.oscarhumbertogomez.com\/?p=8882"},"modified":"2025-04-02T12:39:18","modified_gmt":"2025-04-02T17:39:18","slug":"por-que-se-suicidan-los-estudiantes-ii-por-oscar-humberto-gomez-gomez","status":"publish","type":"post","link":"https:\/\/oscarhumbertogomez.com\/?p=8882","title":{"rendered":"\u00bfPor qu\u00e9 se suicidan los estudiantes? (II) Por \u00d3scar Humberto G\u00f3mez G\u00f3mez"},"content":{"rendered":"<div id=\"attachment_49906\" style=\"width: 650px\" class=\"wp-caption aligncenter\"><img loading=\"lazy\" decoding=\"async\" aria-describedby=\"caption-attachment-49906\" class=\"size-large wp-image-49906\" src=\"https:\/\/oscarhumbertogomez.com\/wp-content\/uploads\/2011\/06\/WhatsApp-Image-2025-01-19-at-16.33.19-1024x690.jpeg\" alt=\"\" width=\"640\" height=\"431\" srcset=\"https:\/\/oscarhumbertogomez.com\/wp-content\/uploads\/2011\/06\/WhatsApp-Image-2025-01-19-at-16.33.19-1024x690.jpeg 1024w, https:\/\/oscarhumbertogomez.com\/wp-content\/uploads\/2011\/06\/WhatsApp-Image-2025-01-19-at-16.33.19-300x202.jpeg 300w, https:\/\/oscarhumbertogomez.com\/wp-content\/uploads\/2011\/06\/WhatsApp-Image-2025-01-19-at-16.33.19-768x517.jpeg 768w, https:\/\/oscarhumbertogomez.com\/wp-content\/uploads\/2011\/06\/WhatsApp-Image-2025-01-19-at-16.33.19.jpeg 1280w\" sizes=\"auto, (max-width: 640px) 100vw, 640px\" \/><p id=\"caption-attachment-49906\" class=\"wp-caption-text\">\u00d3SCAR HUMBERTO G\u00d3MEZ G\u00d3MEZ. Fotograf\u00eda de Nylse Blackburn<\/p><\/div>\n<p>&nbsp;<\/p>\n<p>EL ESPECTADOR del 19 de junio de 2013 (como quien dice: de anteayer no m\u00e1s) informa:<\/p>\n<p>&#8220;<em>Matoneo en Colombia<\/em><br \/>\n<strong>Ni\u00f1a se suicid\u00f3 porque sus compa\u00f1eros la rechazaban por vivir en estrato 2<\/strong><\/p>\n<p>Otro caso de matoneo en el pa\u00eds tiene un desenlace fatal. Una ni\u00f1a de 13 a\u00f1os se quit\u00f3 la vida, al parecer, porque sus compa\u00f1eros de clase la agred\u00edan y humillaban por vivir en un barrio de estrato dos.<br \/>\nLos alumnos del Colegio Champagnat de Ibagu\u00e9, en el departamento del Tolima, habr\u00edan causado en la menor una perturbaci\u00f3n por vivir en un barrio humilde diferente al de los dem\u00e1s alumnos de la instituci\u00f3n de clase alta.<br \/>\nSeg\u00fan las autoridades, este martes la peque\u00f1a no aguant\u00f3 m\u00e1s y aprovech\u00f3 la soledad de su casa para propinarse dos disparos que le quitaron la vida.<br \/>\nJuliana, que se dispar\u00f3 con el rev\u00f3lver de su padre, era la hija \u00fanica del matrimonio conformado por dos pensionados de la Polic\u00eda Nacional&#8221;.<\/p>\n<p>Acerca de este doloroso caso, EL TIEMPO del mismo 19 de junio de 2013 informa:<\/p>\n<p>&#8220;<strong>Investigan si &#8216;matoneo&#8217; motiv\u00f3 suicidio de una ni\u00f1a en Ibagu\u00e9. La ni\u00f1a ten\u00eda 13 a\u00f1os y cursaba octavo grado en un colegio privado de esa ciudad.<\/strong><\/p>\n<p>Un posible caso de matoneo habr\u00eda generado el suicidio de una estudiante. La tragedia ocurri\u00f3 en un barrio de estrato 3, donde la menor viv\u00eda con sus padres. El martes, a las 8 de la noche, los padres salieron a caminar por el barrio y su hija se qued\u00f3 en la residencia, pero cuando regresaron la encontraron muerta de un disparo de arma de fuego en la cabeza. Ulises L\u00f3pez, t\u00edo de la menor, narr\u00f3 que el cuerpo fue encontrado en el piso de la cocina.<br \/>\n&#8220;Junto al cuerpo ensangrentado qued\u00f3 un rev\u00f3lver&#8221;, afirm\u00f3 L\u00f3pez, quien agreg\u00f3 que &#8220;el arma hab\u00eda sido dejada en la alacena de la cocina&#8221;.<br \/>\nLos familiares creen que todo obedeci\u00f3 a un posible caso de matoneo pues, seg\u00fan narran, al parecer la menor se sent\u00eda rechazada por sus compa\u00f1eros de colegio.<br \/>\n&#8220;Ella cont\u00f3 que algunos le dec\u00edan que se fuera pues esa instituci\u00f3n era para ni\u00f1os ricos y hasta se burlaban porque su casa no ten\u00eda piscina&#8221;, dijo Ulises L\u00f3pez. Alberto D\u00edaz, vecino de la menor, la describi\u00f3 como una estudiante juiciosa. &#8220;Era hija \u00fanica, una ni\u00f1a callada y humilde&#8221;, dijo D\u00edaz.<br \/>\nEl alcalde de Ibagu\u00e9, Luis Hernando Rodr\u00edguez, lament\u00f3 el caso y se\u00f1al\u00f3 que la comunidad educativa est\u00e1 de luto. &#8220;Un equipo de profesionales de educaci\u00f3n investiga si la causa del suicidio se gener\u00f3 por un posible acoso sistem\u00e1tico o matoneo&#8221;, asegur\u00f3 el mandatario.<br \/>\n&#8220;Al parecer la estudiante se sent\u00eda rechazada, pero una investigaci\u00f3n a fondo ser\u00e1 la que nos aclare todo lo sucedido&#8221;, afirm\u00f3 Diego Guzm\u00e1n, secretario de Educaci\u00f3n.<br \/>\nSin embargo, la Polic\u00eda tiene otra versi\u00f3n del hecho. El coronel Fernando Murillo, comandante de la Polic\u00eda Metropolitana de Ibagu\u00e9, dijo que &#8220;al parecer la menor tuvo una discusi\u00f3n con su se\u00f1or padre y en la noche tom\u00f3 un arma de fuego y se propin\u00f3 un disparo&#8221;. El Oficial agreg\u00f3 que la versi\u00f3n de posible matoneo puede ser una especulaci\u00f3n. Las autoridades manifestaron que el arma de fuego es del padre de la menor, un pensionado de la Polic\u00eda.<br \/>\nFABIO ARENAS<br \/>\nCorresponsal de EL TIEMPO<br \/>\nIBAGU\u00c9&#8221;.<\/p>\n<p>M\u00e1s atr\u00e1s en el tiempo, ECOS DEL COMBEIMA del 9 de abril de 2013 daba otra noticia:<\/p>\n<p><strong>Ni\u00f1a intent\u00f3 suicidarse por &#8216;matoneo&#8217; v\u00eda facebook<\/strong><br \/>\n<em>La menor de apenas 12 a\u00f1os era v\u00edctima de insultos y maltratos a trav\u00e9s de esta red social, por lo que intent\u00f3 acabar con su vida bebiendo gran cantidad de veneno, para no tener que enfrentarlos m\u00e1s<\/em>.<\/p>\n<p>Al Hospital Federico Lleras Acosta fue trasladada desde una vivienda del barrio Especial El Salado una ni\u00f1a de 12 a\u00f1os de edad, quien en medio de una profunda preocupaci\u00f3n, bebi\u00f3 gran cantidad de veneno para ratas, al ser v\u00edctima de matoneo por internet.<br \/>\nSeg\u00fan se pudo establecer, la menor de edad era maltratada por sus compa\u00f1eros de colegio a trav\u00e9s de la red social Facebook, donde constantemente recib\u00eda insultos de sus amigos, lo que la impuls\u00f3 a querer acabar con su existencia.<br \/>\nLa ni\u00f1a, de quien se prefiri\u00f3 guardar su identidad, as\u00ed como la de sus padres, aprovech\u00f3 un momento de soledad en la residencia donde vive, para cometer el hecho que por poco le cuesta la vida.<br \/>\nLa menor al ver que su organismo poco a poco era presa de la sustancia que bebi\u00f3, dio aviso a su progenitora, quien de inmediato la traslad\u00f3 hacia el primer centro asistencial del departamento del Tolima, donde recibi\u00f3 atenci\u00f3n m\u00e9dica profesional y a esta hora permanece bajo observaci\u00f3n&#8221;.<\/p>\n<p>Volvemos a preguntar: \u00bfQu\u00e9 est\u00e1 sucediendo?<\/p>\n<p>\u00bfDesde cu\u00e1ndo viene d\u00e1ndose en el sistema educativo el &#8220;bullying&#8221; o matoneo escolar?<\/p>\n<p>\u00bfPor qu\u00e9 hay muchachos que parecieran matricularse en un colegio solamente para ir a burlarse de sus compa\u00f1eros m\u00e1s d\u00e9biles y agredirlos f\u00edsicamente? \u00bfNace su propensi\u00f3n a la violencia del ambiente violento que se respira dentro de su familia? \u00bfO es que ya su familia no existe? \u00bfO es que lo que ya no existe es la familia colombiana?<\/p>\n<p>\u00bfEn qu\u00e9 momento se perdi\u00f3 el principio de autoridad y el respeto dentro de los establecimientos educativos?<\/p>\n<p>\u00bfCu\u00e1l es la <strong>actitud<\/strong> de los padres que saben que su hijo est\u00e1 siendo v\u00edctima de matoneo escolar?<\/p>\n<p>\u00bfCu\u00e1l es la <strong>actitud<\/strong> de los directivos y profesores del colegio cuando reciben las denuncias de que uno de sus alumnos est\u00e1 siendo v\u00edctima de matoneo?<\/p>\n<p>\u00bfCu\u00e1l es la <strong>actitud<\/strong> del Ministerio de Educaci\u00f3n Nacional y del Estado en general frente a la ya inocultable realidad del matoneo escolar?<\/p>\n<p>\u00bfQu\u00e9 tanta culpa tienen los medios de comunicaci\u00f3n, especialmente <strong>LA TELEVISI\u00d3N<\/strong>, en la propagaci\u00f3n del matoneo escolar?<\/p>\n<p>\u00bfNo es el matoneo escolar apenas una faceta m\u00e1s del contexto de violencia generalizada que se respira en el seno de la sociedad?<\/p>\n<p>\u00bfPuede seguirse aceptando como excusa oficial para no meter en cintura a los medios que propagan la violencia el respeto estatal a la libertad de prensa o a la libertad de expresi\u00f3n?<\/p>\n<p>\u00bfEs libertad de prensa o libertad de expresi\u00f3n hacerle apolog\u00eda al delito y a la violencia?<\/p>\n<p>\u00bfQui\u00e9nes son los <strong>modelos<\/strong> que actualmente admiran y siguen los estudiantes?<\/p>\n<p>\u00bfEsa concepci\u00f3n superficial, banal y est\u00fapida de la vida que se pone en evidencia cuando a una ni\u00f1a se le discrimina en el colegio porque en su casa &#8220;<em>no hay piscina<\/em>&#8220;, de d\u00f3nde nace? \u00bfqui\u00e9nes la estimulan? \u00bfc\u00f3mo actuar\u00e1n esos estudiantes hipnotizados por la idiotez el d\u00eda de ma\u00f1ana, cuando sean adultos, y ocupen ministerios, rector\u00edas, decanaturas o gerencias?<\/p>\n<p>\u00bfQu\u00e9 mueve a una familia de estrato 2 o 3 para matricular a su hija en un colegio de estrato 6? \u00bfLa mueve el alto nivel acad\u00e9mico que se pregona de ese colegio y del cual considera que su hija tiene derecho a beneficiarse? \u00bfO la mueve el arribismo?<\/p>\n<p>\u00bfHan preparado el sistema educativo colombiano y la organizaci\u00f3n familiar colombiana a los estudiantes para alternar con compa\u00f1eros de otras clases o estratos sociales, de otras regiones, de otras religiones, de otros credos pol\u00edticos, de otras expresiones \u00e9tnicas, de otras culturas?<\/p>\n<p>\u00bfHan preparado el sistema educativo colombiano y la organizaci\u00f3n familiar colombiana a los estudiantes para alternar con compa\u00f1eros que presentan discapacidades f\u00edsicas o psicol\u00f3gicas?<\/p>\n<p>En otras palabras, \u00bfhan preparado el sistema educativo colombiano y la organizaci\u00f3n familiar colombiana a los estudiantes para alternar con la diferencia?<\/p>\n<p><em><strong>Continuar\u00e1&#8230;<\/strong><\/em><\/p>\n<p>&nbsp;<\/p>\n","protected":false},"excerpt":{"rendered":"<p>&nbsp; EL ESPECTADOR del 19 de junio de 2013 (como quien dice: de anteayer no m\u00e1s) informa: &#8220;Matoneo en Colombia Ni\u00f1a se suicid\u00f3 porque sus compa\u00f1eros la rechazaban por vivir en estrato 2 Otro caso de matoneo en el pa\u00eds &hellip; <a href=\"https:\/\/oscarhumbertogomez.com\/?p=8882\">Sigue leyendo <span class=\"meta-nav\">&rarr;<\/span><\/a><\/p>\n<div class='heateorSssClear'><\/div><div  class='heateor_sss_sharing_container heateor_sss_horizontal_sharing' heateor-sss-data-href='https:\/\/oscarhumbertogomez.com\/?p=8882'><div class='heateor_sss_sharing_title' style=\"font-weight:bold\" >\u00a1Gracias por compartirla!<\/div><ul class=\"heateor_sss_sharing_ul\"><li class=\"heateorSssSharingRound\"><i style=\"width:35px;height:35px;border-radius:999px;\" alt=\"Facebook\" Title=\"Facebook\" class=\"heateorSssSharing heateorSssFacebookBackground\" onclick='heateorSssPopup(\"https:\/\/www.facebook.com\/sharer\/sharer.php?u=https%3A%2F%2Foscarhumbertogomez.com%2Findex.php%3Frest_route%3D%252Fwp%252Fv2%252Fposts%252F8882\")'><ss style=\"display:block;border-radius:999px;\" class=\"heateorSssSharingSvg heateorSssFacebookSvg\"><\/ss><\/i><\/li><li class=\"heateorSssSharingRound\"><i style=\"width:35px;height:35px;border-radius:999px;\" alt=\"Twitter\" Title=\"Twitter\" class=\"heateorSssSharing heateorSssTwitterBackground\" onclick='heateorSssPopup(\"http:\/\/twitter.com\/intent\/tweet?text=%C2%BFPor%20qu%C3%A9%20se%20suicidan%20los%20estudiantes%3F%20%28II%29%20Por%20%C3%93scar%20Humberto%20G%C3%B3mez%20G%C3%B3mez&url=https%3A%2F%2Foscarhumbertogomez.com%2Findex.php%3Frest_route%3D%252Fwp%252Fv2%252Fposts%252F8882\")'><ss style=\"display:block;border-radius:999px;\" class=\"heateorSssSharingSvg heateorSssTwitterSvg\"><\/ss><\/i><\/li><li class=\"heateorSssSharingRound\"><i style=\"width:35px;height:35px;border-radius:999px;\" alt=\"Whatsapp\" Title=\"Whatsapp\" class=\"heateorSssSharing heateorSssWhatsappBackground\" onclick='heateorSssPopup(\"https:\/\/web.whatsapp.com\/send?text=%C2%BFPor%20qu%C3%A9%20se%20suicidan%20los%20estudiantes%3F%20%28II%29%20Por%20%C3%93scar%20Humberto%20G%C3%B3mez%20G%C3%B3mez https%3A%2F%2Foscarhumbertogomez.com%2Findex.php%3Frest_route%3D%252Fwp%252Fv2%252Fposts%252F8882\")'><ss style=\"display:block\" class=\"heateorSssSharingSvg heateorSssWhatsappSvg\"><\/ss><\/i><\/li><li class=\"heateorSssSharingRound\"><i style=\"width:35px;height:35px;border-radius:999px;\" alt=\"Pinterest\" Title=\"Pinterest\" class=\"heateorSssSharing heateorSssPinterestBackground\" onclick=\"javascript:void( (function() {var e=document.createElement('script' );e.setAttribute('type','text\/javascript' );e.setAttribute('charset','UTF-8' );e.setAttribute('src','\/\/assets.pinterest.com\/js\/pinmarklet.js?r='+Math.random()*99999999);document.body.appendChild(e)})());\"><ss style=\"display:block;border-radius:999px;\" class=\"heateorSssSharingSvg heateorSssPinterestSvg\"><\/ss><\/i><\/li><li class=\"heateorSssSharingRound\"><i style=\"width:35px;height:35px;border-radius:999px;\" alt=\"Google Gmail\" Title=\"Google Gmail\" class=\"heateorSssSharing heateorSssGoogleGmailBackground\" onclick='heateorSssPopup(\"https:\/\/mail.google.com\/mail\/?ui=2&view=cm&fs=1&tf=1&su=%C2%BFPor%20qu%C3%A9%20se%20suicidan%20los%20estudiantes%3F%20%28II%29%20Por%20%C3%93scar%20Humberto%20G%C3%B3mez%20G%C3%B3mez&body=Link:https%3A%2F%2Foscarhumbertogomez.com%2Findex.php%3Frest_route%3D%252Fwp%252Fv2%252Fposts%252F8882\")'><ss style=\"display:block;border-radius:999px;\" class=\"heateorSssSharingSvg heateorSssGoogleGmailSvg\"><\/ss><\/i><\/li><li class=\"heateorSssSharingRound\"><i style=\"width:35px;height:35px;border-radius:999px;\" title=\"More\" alt=\"More\" class=\"heateorSssSharing heateorSssMoreBackground\" onclick=\"heateorSssMoreSharingPopup(this, 'https:\/\/oscarhumbertogomez.com\/index.php?rest_route=%2Fwp%2Fv2%2Fposts%2F8882', '%C2%BFPor%20qu%C3%A9%20se%20suicidan%20los%20estudiantes%3F%20%28II%29%20Por%20%C3%93scar%20Humberto%20G%C3%B3mez%20G%C3%B3mez', '' )\" ><ss style=\"display:block\" class=\"heateorSssSharingSvg heateorSssMoreSvg\"><\/ss><\/i><\/li><\/ul><div class=\"heateorSssClear\"><\/div><\/div><div class='heateorSssClear'><\/div>","protected":false},"author":2,"featured_media":0,"comment_status":"closed","ping_status":"closed","sticky":false,"template":"","format":"standard","meta":{"spay_email":"","footnotes":""},"categories":[1],"tags":[],"class_list":["post-8882","post","type-post","status-publish","format-standard","hentry","category-blog"],"jetpack_featured_media_url":"","jetpack_shortlink":"https:\/\/wp.me\/p1FYrr-2jg","_links":{"self":[{"href":"https:\/\/oscarhumbertogomez.com\/index.php?rest_route=\/wp\/v2\/posts\/8882","targetHints":{"allow":["GET"]}}],"collection":[{"href":"https:\/\/oscarhumbertogomez.com\/index.php?rest_route=\/wp\/v2\/posts"}],"about":[{"href":"https:\/\/oscarhumbertogomez.com\/index.php?rest_route=\/wp\/v2\/types\/post"}],"author":[{"embeddable":true,"href":"https:\/\/oscarhumbertogomez.com\/index.php?rest_route=\/wp\/v2\/users\/2"}],"replies":[{"embeddable":true,"href":"https:\/\/oscarhumbertogomez.com\/index.php?rest_route=%2Fwp%2Fv2%2Fcomments&post=8882"}],"version-history":[{"count":5,"href":"https:\/\/oscarhumbertogomez.com\/index.php?rest_route=\/wp\/v2\/posts\/8882\/revisions"}],"predecessor-version":[{"id":53452,"href":"https:\/\/oscarhumbertogomez.com\/index.php?rest_route=\/wp\/v2\/posts\/8882\/revisions\/53452"}],"wp:attachment":[{"href":"https:\/\/oscarhumbertogomez.com\/index.php?rest_route=%2Fwp%2Fv2%2Fmedia&parent=8882"}],"wp:term":[{"taxonomy":"category","embeddable":true,"href":"https:\/\/oscarhumbertogomez.com\/index.php?rest_route=%2Fwp%2Fv2%2Fcategories&post=8882"},{"taxonomy":"post_tag","embeddable":true,"href":"https:\/\/oscarhumbertogomez.com\/index.php?rest_route=%2Fwp%2Fv2%2Ftags&post=8882"}],"curies":[{"name":"wp","href":"https:\/\/api.w.org\/{rel}","templated":true}]}}