{"id":8919,"date":"2013-06-24T14:39:09","date_gmt":"2013-06-24T19:39:09","guid":{"rendered":"http:\/\/www.oscarhumbertogomez.com\/?p=8919"},"modified":"2025-02-20T17:16:35","modified_gmt":"2025-02-20T22:16:35","slug":"victor-suarez-regresa-a-la-emisora-cultural-luis-carlos-galan-sarmiento-su-nuevo-programa-se-llamara-album-del-folclor-colombiano","status":"publish","type":"post","link":"https:\/\/oscarhumbertogomez.com\/?p=8919","title":{"rendered":"V\u00edctor Su\u00e1rez regresa a la Emisora Cultural Luis Carlos Gal\u00e1n Sarmiento.  Su nuevo programa se llamar\u00e1 &#8220;\u00c1LBUM DEL FOLCLOR COLOMBIANO&#8221;. Por \u00d3scar Humberto G\u00f3mez G\u00f3mez"},"content":{"rendered":"<p><img loading=\"lazy\" decoding=\"async\" class=\"aligncenter size-large wp-image-8920\" title=\"V\u00cdCTOR SU\u00c1REZ\" src=\"https:\/\/lapiedrafilosofal.com\/wp-content\/uploads\/2013\/06\/V\u00cdCTOR-SU\u00c1REZ-1024x768.jpg\" alt=\"\" width=\"640\" height=\"480\" srcset=\"https:\/\/oscarhumbertogomez.com\/wp-content\/uploads\/2013\/06\/V\u00cdCTOR-SU\u00c1REZ-1024x768.jpg 1024w, https:\/\/oscarhumbertogomez.com\/wp-content\/uploads\/2013\/06\/V\u00cdCTOR-SU\u00c1REZ-300x225.jpg 300w\" sizes=\"auto, (max-width: 640px) 100vw, 640px\" \/><\/p>\n<p>&nbsp;<\/p>\n<p>&#8220;Apreciados amigos y amigas: Le doy gracias a DIOS por permitirme darles esta buena noticia: El pr\u00f3ximo martes 2 de julio regresamos a la emisora cultural Luis Carlos Gal\u00e1n Sarmiento con el &#8220;\u00c1lbum del Folclor Colombiano&#8221;.<\/p>\n<p>Lo haremos en el mismo horario de seis a ocho de la ma\u00f1ana, y de lunes a viernes. Es una gran oportunidad que nos ofrecen las directivas del&nbsp;Instituto Municipal de Cultura y Turismo de Bucaramanga, para que nuestros compositores e int\u00e9rpretes sean reconocidos y posicionados.<\/p>\n<p>Como ha sido nuestro convencimiento, la producci\u00f3n del \u00c1lbum estar\u00e1 enfocada, de manera especial, a la m\u00fasica de la regi\u00f3n andina; y el \u00e9nfasis en este enfoque de contenido, ser\u00e1 para los m\u00fasicos y compositores del Gran Santander.<\/p>\n<p>Les agradezco reenviar esta noticia a todos sus amigos y contactos de la internet.<\/p>\n<p>NOTA: La frecuencia de la emisora cultural Luis Carlos Gal\u00e1n es 100.7 en FM.<\/p>\n<p>V\u00edctor Su\u00e1rez&#8221;.<\/p>\n<p>&nbsp;<\/p>\n<p><img loading=\"lazy\" decoding=\"async\" class=\"aligncenter size-large wp-image-8923\" title=\"OLYMPUS DIGITAL CAMERA\" src=\"https:\/\/lapiedrafilosofal.com\/wp-content\/uploads\/2013\/06\/EMISORA-1024x768.jpg\" alt=\"\" width=\"640\" height=\"480\" srcset=\"https:\/\/oscarhumbertogomez.com\/wp-content\/uploads\/2013\/06\/EMISORA-1024x768.jpg 1024w, https:\/\/oscarhumbertogomez.com\/wp-content\/uploads\/2013\/06\/EMISORA-300x225.jpg 300w, https:\/\/oscarhumbertogomez.com\/wp-content\/uploads\/2013\/06\/EMISORA.jpg 2048w\" sizes=\"auto, (max-width: 640px) 100vw, 640px\" \/><\/p>\n<p>&nbsp;<\/p>\n<p>Con este mensaje, V\u00edctor S\u00faarez Casta\u00f1eda, el locutor santandereano creador y conductor durante quince a\u00f1os del programa &#8220;\u00c1LBUM MUSICAL DE COLOMBIA&#8221;, que se transmit\u00eda por la Emisora Cultural Luis Carlos Gal\u00e1n Sarmiento (100.7 FM) todos los d\u00edas, de lunes a viernes, de 6:00 a.m. a 8:00 a.m., y quien permanec\u00eda por fuera de esa radiodifusora por razones ampliamente conocidas y que este portal denunci\u00f3 en su momento, est\u00e1 informando a los seguidores del folclor colombiano que retorna a la emisora con el mismo espacio, aunque con otro nombre: el de &#8220;<strong>\u00c1LBUM DEL FOLCLOR COLOMBIANO<\/strong>&#8220;.<\/p>\n<p>&nbsp;<\/p>\n<p><img loading=\"lazy\" decoding=\"async\" class=\"aligncenter size-full wp-image-8924\" title=\"BAMBUCO\" src=\"https:\/\/lapiedrafilosofal.com\/wp-content\/uploads\/2013\/06\/BAMBUCO.jpg\" alt=\"\" width=\"610\" height=\"404\" srcset=\"https:\/\/oscarhumbertogomez.com\/wp-content\/uploads\/2013\/06\/BAMBUCO.jpg 610w, https:\/\/oscarhumbertogomez.com\/wp-content\/uploads\/2013\/06\/BAMBUCO-300x198.jpg 300w\" sizes=\"auto, (max-width: 610px) 100vw, 610px\" \/><\/p>\n<p>&nbsp;<\/p>\n<p>Felicitamos a V\u00edctor por este logro y hacemos votos porque el folclor santandereano y, en general, el de Colombia, pero especialmente el de la regi\u00f3n andina, encuentre el sendero que lo conduzca a su recuperaci\u00f3n definitiva para que se convierta en la expresi\u00f3n cultural por excelencia del pueblo colombiano y, sobre todo, encuentre receptividad dentro de la ni\u00f1ez y la juventud de nuestro pa\u00eds, que &#8211; en \u00faltimas -son el futuro y la verdadera esperanza de que las expresiones aut\u00f3ctonas de esta tierra no languidezcan y mueran.<\/p>\n<p>&nbsp;<\/p>\n<p><img loading=\"lazy\" decoding=\"async\" class=\"aligncenter size-full wp-image-8936\" title=\"TIPLE II\" src=\"https:\/\/lapiedrafilosofal.com\/wp-content\/uploads\/2013\/06\/TIPLE-II.jpg\" alt=\"\" width=\"515\" height=\"978\">\u00a1Bienvenido a la radio santandereana el &#8220;<strong>\u00c1LBUM DEL FOLCLOR COLOMBIANO<\/strong>&#8221; con V\u00edctor Su\u00e1rez!<\/p>\n<p>&nbsp;<\/p>\n<p><strong>NOTA: <\/strong>A sugerencia del maestro KEKAR, recibamos la noticia con <em><strong>&#8220;El volador&#8221;<\/strong><\/em> de Emiro Caicedo&#8230;<\/p>\n<p><iframe loading=\"lazy\" width=\"560\" height=\"315\" src=\"https:\/\/www.youtube-nocookie.com\/embed\/kDiQlCCuK2I?si=OCDWivxsas1vzp3F&amp;controls=0&amp;start=12\" title=\"YouTube video player\" frameborder=\"0\" allow=\"accelerometer; autoplay; clipboard-write; encrypted-media; gyroscope; picture-in-picture; web-share\" referrerpolicy=\"strict-origin-when-cross-origin\" allowfullscreen=\"\"><\/iframe><\/p>\n<p>&nbsp;<\/p>\n","protected":false},"excerpt":{"rendered":"<p>&nbsp; &#8220;Apreciados amigos y amigas: Le doy gracias a DIOS por permitirme darles esta buena noticia: El pr\u00f3ximo martes 2 de julio regresamos a la emisora cultural Luis Carlos Gal\u00e1n Sarmiento con el &#8220;\u00c1lbum del Folclor Colombiano&#8221;. Lo haremos en &hellip; <a href=\"https:\/\/oscarhumbertogomez.com\/?p=8919\">Sigue leyendo <span class=\"meta-nav\">&rarr;<\/span><\/a><\/p>\n<div class='heateorSssClear'><\/div><div  class='heateor_sss_sharing_container heateor_sss_horizontal_sharing' heateor-sss-data-href='https:\/\/oscarhumbertogomez.com\/?p=8919'><div class='heateor_sss_sharing_title' style=\"font-weight:bold\" >\u00a1Gracias por compartirla!<\/div><ul class=\"heateor_sss_sharing_ul\"><li class=\"heateorSssSharingRound\"><i style=\"width:35px;height:35px;border-radius:999px;\" alt=\"Facebook\" Title=\"Facebook\" class=\"heateorSssSharing heateorSssFacebookBackground\" onclick='heateorSssPopup(\"https:\/\/www.facebook.com\/sharer\/sharer.php?u=https%3A%2F%2Foscarhumbertogomez.com%2Findex.php%3Frest_route%3D%252Fwp%252Fv2%252Fposts%252F8919\")'><ss style=\"display:block;border-radius:999px;\" class=\"heateorSssSharingSvg heateorSssFacebookSvg\"><\/ss><\/i><\/li><li class=\"heateorSssSharingRound\"><i style=\"width:35px;height:35px;border-radius:999px;\" alt=\"Twitter\" Title=\"Twitter\" class=\"heateorSssSharing heateorSssTwitterBackground\" onclick='heateorSssPopup(\"http:\/\/twitter.com\/intent\/tweet?text=V%C3%ADctor%20Su%C3%A1rez%20regresa%20a%20la%20Emisora%20Cultural%20Luis%20Carlos%20Gal%C3%A1n%20Sarmiento.%20%20Su%20nuevo%20programa%20se%20llamar%C3%A1%20%22%C3%81LBUM%20DEL%20FOLCLOR%20COLOMBIANO%22.%20Por%20%C3%93scar%20Humberto%20G%C3%B3mez%20G%C3%B3mez&url=https%3A%2F%2Foscarhumbertogomez.com%2Findex.php%3Frest_route%3D%252Fwp%252Fv2%252Fposts%252F8919\")'><ss style=\"display:block;border-radius:999px;\" class=\"heateorSssSharingSvg heateorSssTwitterSvg\"><\/ss><\/i><\/li><li class=\"heateorSssSharingRound\"><i style=\"width:35px;height:35px;border-radius:999px;\" alt=\"Whatsapp\" Title=\"Whatsapp\" class=\"heateorSssSharing heateorSssWhatsappBackground\" onclick='heateorSssPopup(\"https:\/\/web.whatsapp.com\/send?text=V%C3%ADctor%20Su%C3%A1rez%20regresa%20a%20la%20Emisora%20Cultural%20Luis%20Carlos%20Gal%C3%A1n%20Sarmiento.%20%20Su%20nuevo%20programa%20se%20llamar%C3%A1%20%22%C3%81LBUM%20DEL%20FOLCLOR%20COLOMBIANO%22.%20Por%20%C3%93scar%20Humberto%20G%C3%B3mez%20G%C3%B3mez https%3A%2F%2Foscarhumbertogomez.com%2Findex.php%3Frest_route%3D%252Fwp%252Fv2%252Fposts%252F8919\")'><ss style=\"display:block\" class=\"heateorSssSharingSvg heateorSssWhatsappSvg\"><\/ss><\/i><\/li><li class=\"heateorSssSharingRound\"><i style=\"width:35px;height:35px;border-radius:999px;\" alt=\"Pinterest\" Title=\"Pinterest\" class=\"heateorSssSharing heateorSssPinterestBackground\" onclick=\"javascript:void( (function() {var e=document.createElement('script' );e.setAttribute('type','text\/javascript' );e.setAttribute('charset','UTF-8' );e.setAttribute('src','\/\/assets.pinterest.com\/js\/pinmarklet.js?r='+Math.random()*99999999);document.body.appendChild(e)})());\"><ss style=\"display:block;border-radius:999px;\" class=\"heateorSssSharingSvg heateorSssPinterestSvg\"><\/ss><\/i><\/li><li class=\"heateorSssSharingRound\"><i style=\"width:35px;height:35px;border-radius:999px;\" alt=\"Google Gmail\" Title=\"Google Gmail\" class=\"heateorSssSharing heateorSssGoogleGmailBackground\" onclick='heateorSssPopup(\"https:\/\/mail.google.com\/mail\/?ui=2&view=cm&fs=1&tf=1&su=V%C3%ADctor%20Su%C3%A1rez%20regresa%20a%20la%20Emisora%20Cultural%20Luis%20Carlos%20Gal%C3%A1n%20Sarmiento.%20%20Su%20nuevo%20programa%20se%20llamar%C3%A1%20%22%C3%81LBUM%20DEL%20FOLCLOR%20COLOMBIANO%22.%20Por%20%C3%93scar%20Humberto%20G%C3%B3mez%20G%C3%B3mez&body=Link:https%3A%2F%2Foscarhumbertogomez.com%2Findex.php%3Frest_route%3D%252Fwp%252Fv2%252Fposts%252F8919\")'><ss style=\"display:block;border-radius:999px;\" class=\"heateorSssSharingSvg heateorSssGoogleGmailSvg\"><\/ss><\/i><\/li><li class=\"heateorSssSharingRound\"><i style=\"width:35px;height:35px;border-radius:999px;\" title=\"More\" alt=\"More\" class=\"heateorSssSharing heateorSssMoreBackground\" onclick=\"heateorSssMoreSharingPopup(this, 'https:\/\/oscarhumbertogomez.com\/index.php?rest_route=%2Fwp%2Fv2%2Fposts%2F8919', 'V%C3%ADctor%20Su%C3%A1rez%20regresa%20a%20la%20Emisora%20Cultural%20Luis%20Carlos%20Gal%C3%A1n%20Sarmiento.%20%20Su%20nuevo%20programa%20se%20llamar%C3%A1%20%22%C3%81LBUM%20DEL%20FOLCLOR%20COLOMBIANO%22.%20Por%20%C3%93scar%20Humberto%20G%C3%B3mez%20G%C3%B3mez', '' )\" ><ss style=\"display:block\" class=\"heateorSssSharingSvg heateorSssMoreSvg\"><\/ss><\/i><\/li><\/ul><div class=\"heateorSssClear\"><\/div><\/div><div class='heateorSssClear'><\/div>","protected":false},"author":2,"featured_media":0,"comment_status":"open","ping_status":"open","sticky":false,"template":"","format":"standard","meta":{"spay_email":"","footnotes":""},"categories":[8],"tags":[],"class_list":["post-8919","post","type-post","status-publish","format-standard","hentry","category-musica"],"jetpack_featured_media_url":"","jetpack_shortlink":"https:\/\/wp.me\/p1FYrr-2jR","_links":{"self":[{"href":"https:\/\/oscarhumbertogomez.com\/index.php?rest_route=\/wp\/v2\/posts\/8919","targetHints":{"allow":["GET"]}}],"collection":[{"href":"https:\/\/oscarhumbertogomez.com\/index.php?rest_route=\/wp\/v2\/posts"}],"about":[{"href":"https:\/\/oscarhumbertogomez.com\/index.php?rest_route=\/wp\/v2\/types\/post"}],"author":[{"embeddable":true,"href":"https:\/\/oscarhumbertogomez.com\/index.php?rest_route=\/wp\/v2\/users\/2"}],"replies":[{"embeddable":true,"href":"https:\/\/oscarhumbertogomez.com\/index.php?rest_route=%2Fwp%2Fv2%2Fcomments&post=8919"}],"version-history":[{"count":4,"href":"https:\/\/oscarhumbertogomez.com\/index.php?rest_route=\/wp\/v2\/posts\/8919\/revisions"}],"predecessor-version":[{"id":51021,"href":"https:\/\/oscarhumbertogomez.com\/index.php?rest_route=\/wp\/v2\/posts\/8919\/revisions\/51021"}],"wp:attachment":[{"href":"https:\/\/oscarhumbertogomez.com\/index.php?rest_route=%2Fwp%2Fv2%2Fmedia&parent=8919"}],"wp:term":[{"taxonomy":"category","embeddable":true,"href":"https:\/\/oscarhumbertogomez.com\/index.php?rest_route=%2Fwp%2Fv2%2Fcategories&post=8919"},{"taxonomy":"post_tag","embeddable":true,"href":"https:\/\/oscarhumbertogomez.com\/index.php?rest_route=%2Fwp%2Fv2%2Ftags&post=8919"}],"curies":[{"name":"wp","href":"https:\/\/api.w.org\/{rel}","templated":true}]}}