{"id":8956,"date":"2013-06-30T00:30:59","date_gmt":"2013-06-30T05:30:59","guid":{"rendered":"http:\/\/www.oscarhumbertogomez.com\/?p=8956"},"modified":"2024-01-26T17:21:57","modified_gmt":"2024-01-26T22:21:57","slug":"exposicion-del-caricaturista-santandereano-kekar-en-fusader-tres-culturas-calle-37-no-24-62-bucaramanga","status":"publish","type":"post","link":"https:\/\/oscarhumbertogomez.com\/?p=8956","title":{"rendered":"Exposici\u00f3n del caricaturista santandereano KEKAR en Fusader &#8211; Tres Culturas. Por \u00d3scar Humberto G\u00f3mez G\u00f3mez"},"content":{"rendered":"<div id=\"attachment_8957\" style=\"width: 710px\" class=\"wp-caption aligncenter\"><img loading=\"lazy\" decoding=\"async\" aria-describedby=\"caption-attachment-8957\" class=\"size-full wp-image-8957\" title=\"kekar II\" src=\"https:\/\/lapiedrafilosofal.com\/wp-content\/uploads\/2013\/06\/kekar-II.jpg\" alt=\"\" width=\"700\" height=\"377\" srcset=\"https:\/\/oscarhumbertogomez.com\/wp-content\/uploads\/2013\/06\/kekar-II.jpg 700w, https:\/\/oscarhumbertogomez.com\/wp-content\/uploads\/2013\/06\/kekar-II-300x161.jpg 300w\" sizes=\"auto, (max-width: 700px) 100vw, 700px\" \/><p id=\"caption-attachment-8957\" class=\"wp-caption-text\">Maestro C\u00c9SAR AUGUSTO ALMEIDA REMOLINA (KEKAR), prominente caricaturista santandereano.<\/p><\/div>\n<p>&nbsp;<\/p>\n<p>A Kekar se lo pelean dos municipios. Afortunadamente no es -como pasa con ciertos personajes- para decir cada uno que no naci\u00f3 all\u00e1, sino en el otro. En su caso, Capitanejo dice que naci\u00f3 en Capitanejo y Rionegro dice que naci\u00f3 en Rionegro.<br \/>\n<em>Vanguardia Liberal<\/em> se parcializ\u00f3 a favor de Capitanejo el 17 de marzo de 2013; tajantemente afirm\u00f3: &#8220;<em>C\u00e9sar Augusto naci\u00f3 en Capitanejo, Santander, en octubre de 1956<\/em>&#8220;. Sin embargo, el propio Kekar ya hab\u00eda admitido que realmente naci\u00f3 en Rionegro, a pesar de que se siente de Capitanejo por la raz\u00f3n que \u00e9l mismo explica: &#8220;<em>Aunque mi mam\u00e1 Chepa me dio a luz el 1 de octubre de 1956 en Rionegro, Santander, he adoptado como cuna a Capitanejo, pues all\u00ed aprend\u00ed las primeras letras y a recorrer sus calles, y porque de all\u00ed tengo los m\u00e1s gratos recuerdos de mis primeros a\u00f1os de fantas\u00eda y travesuras<\/em>&#8220;. (kekarajadas.blogspot.com, 10 de agosto de 2006).<\/p>\n<p>&nbsp;<\/p>\n<div id=\"attachment_8958\" style=\"width: 467px\" class=\"wp-caption aligncenter\"><img loading=\"lazy\" decoding=\"async\" aria-describedby=\"caption-attachment-8958\" class=\"size-full wp-image-8958\" title=\"kekarajadas 130112004\" src=\"https:\/\/lapiedrafilosofal.com\/wp-content\/uploads\/2013\/06\/kekarajadas-130112004.jpg\" alt=\"\" width=\"457\" height=\"550\" srcset=\"https:\/\/oscarhumbertogomez.com\/wp-content\/uploads\/2013\/06\/kekarajadas-130112004.jpg 457w, https:\/\/oscarhumbertogomez.com\/wp-content\/uploads\/2013\/06\/kekarajadas-130112004-249x300.jpg 249w\" sizes=\"auto, (max-width: 457px) 100vw, 457px\" \/><p id=\"caption-attachment-8958\" class=\"wp-caption-text\">Portada del libro &#8220;KEKARAJADAS&#8221; de KEKAR, con pr\u00f3logo del compositor santandereano Pablus Gallinazo.<\/p><\/div>\n<p>&nbsp;<\/p>\n<p>Seg\u00fan Pablus Gallinazo, autor del pr\u00f3logo de su libro &#8220;KEKARAJADAS&#8221;, &#8220;<em>Dicen que sus caricaturas del colegio, como las de hoy, eran tan c\u00e1usticas, y tan sangrientas, y tan corrosivas, elaboradas con destreza tan siniestra, que, con perd\u00f3n de los delicados de paladar, en vez de Almeida le apellidaban Almierda<\/em>&#8220;.<\/p>\n<p>Fue fundador, director, jefe de redacci\u00f3n, cronista, gerente y sepulturero del peri\u00f3dico &#8220;<em>La lora borracha<\/em>&#8220;, que solo alcanz\u00f3 a salir dos veces.<\/p>\n<p>En 1983 fue galardonado con el Premio Nacional de Periodismo Sim\u00f3n Bol\u00edvar categor\u00eda Caricatura. Igualmente, ha recibido tres nominaciones del CPB.<\/p>\n<p>&nbsp;<\/p>\n<div id=\"attachment_8959\" style=\"width: 610px\" class=\"wp-caption aligncenter\"><img loading=\"lazy\" decoding=\"async\" aria-describedby=\"caption-attachment-8959\" class=\"size-full wp-image-8959\" title=\"KEKAR III\" src=\"https:\/\/lapiedrafilosofal.com\/wp-content\/uploads\/2013\/06\/KEKAR-III.jpg\" alt=\"\" width=\"600\" height=\"400\" srcset=\"https:\/\/oscarhumbertogomez.com\/wp-content\/uploads\/2013\/06\/KEKAR-III.jpg 600w, https:\/\/oscarhumbertogomez.com\/wp-content\/uploads\/2013\/06\/KEKAR-III-300x200.jpg 300w\" sizes=\"auto, (max-width: 600px) 100vw, 600px\" \/><p id=\"caption-attachment-8959\" class=\"wp-caption-text\">El maestro KEKAR, plumilla en mano.<\/p><\/div>\n<p>&nbsp;<\/p>\n<p>La exposici\u00f3n del maestro KEKAR estar\u00e1 abierta entre los d\u00edas jueves 27 de junio y jueves 11 de julio.<\/p>\n<p>Fusader &#8211; Tres Culturas est\u00e1 ubicado en la Calle 37 No. 24 &#8211; 62 Bucaramanga.<\/p>\n<p>Para cualquier informaci\u00f3n adicional, suministramos el tel\u00e9fono de Fusader &#8211; Tres Culturas: 6 34 48 59.<\/p>\n<p>La entrada es libre. En serio: es <strong>libre<\/strong>. Si no lo creen, vayan y compru\u00e9benlo.<\/p>\n<p>&nbsp;<\/p>\n<div id=\"attachment_8968\" style=\"width: 610px\" class=\"wp-caption aligncenter\"><img loading=\"lazy\" decoding=\"async\" aria-describedby=\"caption-attachment-8968\" class=\"size-full wp-image-8968\" title=\"KEKAR\" src=\"https:\/\/lapiedrafilosofal.com\/wp-content\/uploads\/2013\/06\/KEKAR1.jpg\" alt=\"\" width=\"600\" height=\"400\" srcset=\"https:\/\/oscarhumbertogomez.com\/wp-content\/uploads\/2013\/06\/KEKAR1.jpg 600w, https:\/\/oscarhumbertogomez.com\/wp-content\/uploads\/2013\/06\/KEKAR1-300x200.jpg 300w\" sizes=\"auto, (max-width: 600px) 100vw, 600px\" \/><p id=\"caption-attachment-8968\" class=\"wp-caption-text\">Caricatura de KEKAR. (Vanguardia Liberal. Bucaramanga. 4 de mayo de 2013).<\/p><\/div>\n<p>&nbsp;<\/p>\n<div id=\"attachment_8970\" style=\"width: 610px\" class=\"wp-caption aligncenter\"><img loading=\"lazy\" decoding=\"async\" aria-describedby=\"caption-attachment-8970\" class=\"size-full wp-image-8970\" title=\"KEKAR Caricatura\" src=\"https:\/\/lapiedrafilosofal.com\/wp-content\/uploads\/2013\/06\/KEKAR-Caricatura.jpg\" alt=\"\" width=\"600\" height=\"400\" srcset=\"https:\/\/oscarhumbertogomez.com\/wp-content\/uploads\/2013\/06\/KEKAR-Caricatura.jpg 600w, https:\/\/oscarhumbertogomez.com\/wp-content\/uploads\/2013\/06\/KEKAR-Caricatura-300x200.jpg 300w\" sizes=\"auto, (max-width: 600px) 100vw, 600px\" \/><p id=\"caption-attachment-8970\" class=\"wp-caption-text\">Caricatura de KEKAR. (Vanguardia Liberal. Bucaramanga. 28 de noviembre de 2012).<\/p><\/div>\n<p>&nbsp;<\/p>\n<div id=\"attachment_8972\" style=\"width: 655px\" class=\"wp-caption aligncenter\"><img loading=\"lazy\" decoding=\"async\" aria-describedby=\"caption-attachment-8972\" class=\"size-full wp-image-8972\" title=\"KEKAR caricatura\" src=\"https:\/\/lapiedrafilosofal.com\/wp-content\/uploads\/2013\/06\/KEKAR-caricatura-.jpg\" alt=\"\" width=\"645\" height=\"435\" srcset=\"https:\/\/oscarhumbertogomez.com\/wp-content\/uploads\/2013\/06\/KEKAR-caricatura-.jpg 645w, https:\/\/oscarhumbertogomez.com\/wp-content\/uploads\/2013\/06\/KEKAR-caricatura--300x202.jpg 300w\" sizes=\"auto, (max-width: 645px) 100vw, 645px\" \/><p id=\"caption-attachment-8972\" class=\"wp-caption-text\">Caricatura de KEKAR (El Universal. Cartagena. 14 de abril de 2013).<\/p><\/div>\n<p>&nbsp;<\/p>\n<div id=\"attachment_9038\" style=\"width: 650px\" class=\"wp-caption aligncenter\"><img loading=\"lazy\" decoding=\"async\" aria-describedby=\"caption-attachment-9038\" class=\"size-large wp-image-9038\" title=\"KEKAR INAUGURACI\u00d3N\" src=\"https:\/\/lapiedrafilosofal.com\/wp-content\/uploads\/2013\/07\/KEKAR-INAUGURACI\u00d3N-1024x680.jpg\" alt=\"\" width=\"640\" height=\"425\" srcset=\"https:\/\/oscarhumbertogomez.com\/wp-content\/uploads\/2013\/07\/KEKAR-INAUGURACI\u00d3N-1024x680.jpg 1024w, https:\/\/oscarhumbertogomez.com\/wp-content\/uploads\/2013\/07\/KEKAR-INAUGURACI\u00d3N-300x199.jpg 300w\" sizes=\"auto, (max-width: 640px) 100vw, 640px\" \/><p id=\"caption-attachment-9038\" class=\"wp-caption-text\">En Fusader &#8211; Tres Culturas, de izquierda a derecha: Orlando Almeida Remolina, Jairo Arenas Rivero y su peque\u00f1o hijo, Orlando Serrano Giraldo, C\u00e9sar Augusto Almeida Remolina (KEKAR), Gabriel Latorre Carvajal y N\u00e9stor C\u00e1ceres Aponte.<br \/>(Fotograf\u00eda de H\u00e9ctor Hern\u00e1ndez Mateus).<\/p><\/div>\n<p>&nbsp;<\/p>\n","protected":false},"excerpt":{"rendered":"<p>&nbsp; A Kekar se lo pelean dos municipios. Afortunadamente no es -como pasa con ciertos personajes- para decir cada uno que no naci\u00f3 all\u00e1, sino en el otro. En su caso, Capitanejo dice que naci\u00f3 en Capitanejo y Rionegro dice &hellip; <a href=\"https:\/\/oscarhumbertogomez.com\/?p=8956\">Sigue leyendo <span class=\"meta-nav\">&rarr;<\/span><\/a><\/p>\n<div class='heateorSssClear'><\/div><div  class='heateor_sss_sharing_container heateor_sss_horizontal_sharing' heateor-sss-data-href='https:\/\/oscarhumbertogomez.com\/?p=8956'><div class='heateor_sss_sharing_title' style=\"font-weight:bold\" >\u00a1Gracias por compartirla!<\/div><ul class=\"heateor_sss_sharing_ul\"><li class=\"heateorSssSharingRound\"><i style=\"width:35px;height:35px;border-radius:999px;\" alt=\"Facebook\" Title=\"Facebook\" class=\"heateorSssSharing heateorSssFacebookBackground\" onclick='heateorSssPopup(\"https:\/\/www.facebook.com\/sharer\/sharer.php?u=https%3A%2F%2Foscarhumbertogomez.com%2Findex.php%3Frest_route%3D%252Fwp%252Fv2%252Fposts%252F8956\")'><ss style=\"display:block;border-radius:999px;\" class=\"heateorSssSharingSvg heateorSssFacebookSvg\"><\/ss><\/i><\/li><li class=\"heateorSssSharingRound\"><i style=\"width:35px;height:35px;border-radius:999px;\" alt=\"Twitter\" Title=\"Twitter\" class=\"heateorSssSharing heateorSssTwitterBackground\" onclick='heateorSssPopup(\"http:\/\/twitter.com\/intent\/tweet?text=Exposici%C3%B3n%20del%20caricaturista%20santandereano%20KEKAR%20en%20Fusader%20-%20Tres%20Culturas.%20Por%20%C3%93scar%20Humberto%20G%C3%B3mez%20G%C3%B3mez&url=https%3A%2F%2Foscarhumbertogomez.com%2Findex.php%3Frest_route%3D%252Fwp%252Fv2%252Fposts%252F8956\")'><ss style=\"display:block;border-radius:999px;\" class=\"heateorSssSharingSvg heateorSssTwitterSvg\"><\/ss><\/i><\/li><li class=\"heateorSssSharingRound\"><i style=\"width:35px;height:35px;border-radius:999px;\" alt=\"Whatsapp\" Title=\"Whatsapp\" class=\"heateorSssSharing heateorSssWhatsappBackground\" onclick='heateorSssPopup(\"https:\/\/web.whatsapp.com\/send?text=Exposici%C3%B3n%20del%20caricaturista%20santandereano%20KEKAR%20en%20Fusader%20-%20Tres%20Culturas.%20Por%20%C3%93scar%20Humberto%20G%C3%B3mez%20G%C3%B3mez https%3A%2F%2Foscarhumbertogomez.com%2Findex.php%3Frest_route%3D%252Fwp%252Fv2%252Fposts%252F8956\")'><ss style=\"display:block\" class=\"heateorSssSharingSvg heateorSssWhatsappSvg\"><\/ss><\/i><\/li><li class=\"heateorSssSharingRound\"><i style=\"width:35px;height:35px;border-radius:999px;\" alt=\"Pinterest\" Title=\"Pinterest\" class=\"heateorSssSharing heateorSssPinterestBackground\" onclick=\"javascript:void( (function() {var e=document.createElement('script' );e.setAttribute('type','text\/javascript' );e.setAttribute('charset','UTF-8' );e.setAttribute('src','\/\/assets.pinterest.com\/js\/pinmarklet.js?r='+Math.random()*99999999);document.body.appendChild(e)})());\"><ss style=\"display:block;border-radius:999px;\" class=\"heateorSssSharingSvg heateorSssPinterestSvg\"><\/ss><\/i><\/li><li class=\"heateorSssSharingRound\"><i style=\"width:35px;height:35px;border-radius:999px;\" alt=\"Google Gmail\" Title=\"Google Gmail\" class=\"heateorSssSharing heateorSssGoogleGmailBackground\" onclick='heateorSssPopup(\"https:\/\/mail.google.com\/mail\/?ui=2&view=cm&fs=1&tf=1&su=Exposici%C3%B3n%20del%20caricaturista%20santandereano%20KEKAR%20en%20Fusader%20-%20Tres%20Culturas.%20Por%20%C3%93scar%20Humberto%20G%C3%B3mez%20G%C3%B3mez&body=Link:https%3A%2F%2Foscarhumbertogomez.com%2Findex.php%3Frest_route%3D%252Fwp%252Fv2%252Fposts%252F8956\")'><ss style=\"display:block;border-radius:999px;\" class=\"heateorSssSharingSvg heateorSssGoogleGmailSvg\"><\/ss><\/i><\/li><li class=\"heateorSssSharingRound\"><i style=\"width:35px;height:35px;border-radius:999px;\" title=\"More\" alt=\"More\" class=\"heateorSssSharing heateorSssMoreBackground\" onclick=\"heateorSssMoreSharingPopup(this, 'https:\/\/oscarhumbertogomez.com\/index.php?rest_route=%2Fwp%2Fv2%2Fposts%2F8956', 'Exposici%C3%B3n%20del%20caricaturista%20santandereano%20KEKAR%20en%20Fusader%20-%20Tres%20Culturas.%20Por%20%C3%93scar%20Humberto%20G%C3%B3mez%20G%C3%B3mez', '' )\" ><ss style=\"display:block\" class=\"heateorSssSharingSvg heateorSssMoreSvg\"><\/ss><\/i><\/li><\/ul><div class=\"heateorSssClear\"><\/div><\/div><div class='heateorSssClear'><\/div>","protected":false},"author":2,"featured_media":0,"comment_status":"open","ping_status":"open","sticky":false,"template":"","format":"standard","meta":{"spay_email":"","footnotes":""},"categories":[14],"tags":[],"class_list":["post-8956","post","type-post","status-publish","format-standard","hentry","category-caricatura"],"jetpack_featured_media_url":"","jetpack_shortlink":"https:\/\/wp.me\/p1FYrr-2ks","_links":{"self":[{"href":"https:\/\/oscarhumbertogomez.com\/index.php?rest_route=\/wp\/v2\/posts\/8956","targetHints":{"allow":["GET"]}}],"collection":[{"href":"https:\/\/oscarhumbertogomez.com\/index.php?rest_route=\/wp\/v2\/posts"}],"about":[{"href":"https:\/\/oscarhumbertogomez.com\/index.php?rest_route=\/wp\/v2\/types\/post"}],"author":[{"embeddable":true,"href":"https:\/\/oscarhumbertogomez.com\/index.php?rest_route=\/wp\/v2\/users\/2"}],"replies":[{"embeddable":true,"href":"https:\/\/oscarhumbertogomez.com\/index.php?rest_route=%2Fwp%2Fv2%2Fcomments&post=8956"}],"version-history":[{"count":5,"href":"https:\/\/oscarhumbertogomez.com\/index.php?rest_route=\/wp\/v2\/posts\/8956\/revisions"}],"predecessor-version":[{"id":46424,"href":"https:\/\/oscarhumbertogomez.com\/index.php?rest_route=\/wp\/v2\/posts\/8956\/revisions\/46424"}],"wp:attachment":[{"href":"https:\/\/oscarhumbertogomez.com\/index.php?rest_route=%2Fwp%2Fv2%2Fmedia&parent=8956"}],"wp:term":[{"taxonomy":"category","embeddable":true,"href":"https:\/\/oscarhumbertogomez.com\/index.php?rest_route=%2Fwp%2Fv2%2Fcategories&post=8956"},{"taxonomy":"post_tag","embeddable":true,"href":"https:\/\/oscarhumbertogomez.com\/index.php?rest_route=%2Fwp%2Fv2%2Ftags&post=8956"}],"curies":[{"name":"wp","href":"https:\/\/api.w.org\/{rel}","templated":true}]}}