{"id":9044,"date":"2013-07-03T22:20:31","date_gmt":"2013-07-04T03:20:31","guid":{"rendered":"http:\/\/www.oscarhumbertogomez.com\/?p=9044"},"modified":"2025-02-20T17:21:49","modified_gmt":"2025-02-20T22:21:49","slug":"9044","status":"publish","type":"post","link":"https:\/\/oscarhumbertogomez.com\/?p=9044","title":{"rendered":"Video de EL CAMPESINO EMBEJUCAO en Internet lleg\u00f3 al MILL\u00d3N de visitas. Por \u00d3scar Humberto G\u00f3mez G\u00f3mez"},"content":{"rendered":"<div id=\"attachment_219\" style=\"width: 467px\" class=\"wp-caption aligncenter\"><img loading=\"lazy\" decoding=\"async\" aria-describedby=\"caption-attachment-219\" class=\"size-full wp-image-219\" title=\"El Campesino Embejucao\" src=\"https:\/\/lapiedrafilosofal.com\/wp-content\/uploads\/2013\/07\/El-Campesino-Embejucao.jpg\" alt=\"El Campesino Embejucao\" width=\"457\" height=\"452\"><p id=\"caption-attachment-219\" class=\"wp-caption-text\">\u00d3SCAR HUMBERTO G\u00d3MEZ G\u00d3MEZ como &#8220;EL CAMPESINO EMBEJUCAO&#8221;. Fotograf\u00eda de David Navarro G\u00e1mez. 2002.<\/p><\/div>\n<p>&nbsp;<\/p>\n<p>El video NO OFICIAL de EL CAMPESINO EMBEJUCAO que circula en <em>Youtube<\/em> lleg\u00f3 al <strong>MILL\u00d3N<\/strong> de visitas, cifra r\u00e9cord que posiciona esta canci\u00f3n como <strong>la m\u00e1s popular de la m\u00fasica andina colombiana en Internet <\/strong>y una de las m\u00e1s populares en la historia de ese g\u00e9nero musical en Colombia. Casi de inmediato, el video, colgado por el joven Weimar Salazar, sobrepas\u00f3 esa cifra en varios miles de visitantes.<\/p>\n<p>&nbsp;<\/p>\n<p><img loading=\"lazy\" decoding=\"async\" class=\"aligncenter size-full wp-image-7969\" title=\"TIPLE II\" src=\"https:\/\/lapiedrafilosofal.com\/wp-content\/uploads\/2013\/04\/TIPLE-II.jpg\" alt=\"\" width=\"515\" height=\"978\"><\/p>\n<p>&nbsp;<\/p>\n<p>Los analistas del fen\u00f3meno de EL CAMPESINO EMBEJUCAO han hecho la observaci\u00f3n de que, para aproximarse a las verdaderas dimensiones alcanzadas por la popularidad de esta canci\u00f3n, a este mill\u00f3n de visitantes en Internet debe sumarse el estimado del ampl\u00edsimo sector poblacional urbano que no accede a la Red y la inmensa masa campesina y pueblerina, que a pesar de ser fiel seguidora de EL CAMPESINO EMBEJUCAO tampoco se conecta con la <em>web&nbsp;<\/em>y, por consiguiente, jam\u00e1s ha visitado el video, poblaci\u00f3n que todos calculan en, al menos, otro tanto. &nbsp;De hecho, diversas personalidades vinculadas a la radio y a la discograf\u00eda, en testimonios rendidos ante el Tribunal Administrativo de Santander dentro del proceso que all\u00ed se adelanta por la pirater\u00eda de la cual fue objeto el popular disco compacto tan pronto como sali\u00f3 a la luz p\u00fablica en el a\u00f1o 2002, han calculado en aproximadamente un mill\u00f3n la cifra de copias ilegales de EL CAMPESINO EMBEJUCAO vendidas ese a\u00f1o.<\/p>\n<p>&nbsp;<\/p>\n<div id=\"attachment_9062\" style=\"width: 810px\" class=\"wp-caption aligncenter\"><img loading=\"lazy\" decoding=\"async\" aria-describedby=\"caption-attachment-9062\" class=\"size-full wp-image-9062\" title=\"PLAZA DE MERCADO SAN GIL\" src=\"https:\/\/lapiedrafilosofal.com\/wp-content\/uploads\/2013\/07\/PLAZA-DE-MERCADO-SAN-GIL.jpg\" alt=\"\" width=\"800\" height=\"449\" srcset=\"https:\/\/oscarhumbertogomez.com\/wp-content\/uploads\/2013\/07\/PLAZA-DE-MERCADO-SAN-GIL.jpg 800w, https:\/\/oscarhumbertogomez.com\/wp-content\/uploads\/2013\/07\/PLAZA-DE-MERCADO-SAN-GIL-300x168.jpg 300w\" sizes=\"auto, (max-width: 800px) 100vw, 800px\" \/><p id=\"caption-attachment-9062\" class=\"wp-caption-text\">&#8220;EL CAMPESINO EMBEJUCAO&#8221; FUE ACOGIDO DESDE SUS INICIOS EN TODOS LOS LUGARES DE CONCENTRACI\u00d3N POPULAR CITADINA, PUEBLERINA Y CAMPESINA, COMO LAS PLAZAS DE MERCADO. EN LA FOTOGRAF\u00cdA, LA PLAZA DE MERCADO DE SAN GIL \/ SANTANDER.<\/p><\/div>\n<p>&nbsp;<\/p>\n<p>El director de este portal, en su condici\u00f3n de autor, compositor, int\u00e9rprete y productor discogr\u00e1fico de EL CAMPESINO EMBEJUCAO, no puede menos que expresar su gratitud imperecedera al pueblo santandereano y colombiano que apoy\u00f3 su bambuco guasca a partir del momento mismo en que comenz\u00f3 a sonar en la radio y, desde luego, a quienes lo han adquirido y lo siguen adquiriendo legalmente.<\/p>\n<p>&nbsp;<\/p>\n<p><img loading=\"lazy\" decoding=\"async\" class=\"aligncenter size-full wp-image-7973\" title=\"bandera_mapa_de_colombia1\" src=\"https:\/\/lapiedrafilosofal.com\/wp-content\/uploads\/2013\/04\/bandera_mapa_de_colombia1.gif\" alt=\"\" width=\"280\" height=\"350\" srcset=\"https:\/\/oscarhumbertogomez.com\/wp-content\/uploads\/2013\/04\/bandera_mapa_de_colombia1.gif 280w, https:\/\/oscarhumbertogomez.com\/wp-content\/uploads\/2013\/04\/bandera_mapa_de_colombia1-240x300.gif 240w\" sizes=\"auto, (max-width: 280px) 100vw, 280px\" \/><\/p>\n<p>&nbsp;<\/p>\n<p>Aunque el video oficial, de haberse producido (idea que no se ha descartado) hubiese sido enfocado de manera diferente, el entusiasmo mostrado en la divulgaci\u00f3n de esta canci\u00f3n colombiana por quien lo subi\u00f3 a <em>Youtube<\/em>, nos obliga a expresarle el reconocimiento por su buena intenci\u00f3n y la gratitud que se merece, m\u00e1xime cuando se trata de un exponente de la juventud colombiana que con ello ha contribuido a demostrar que no es verdad que la m\u00fasica andina colombiana sea m\u00fasica &#8220;<em>para cuchos<\/em>&#8220;. Y es que, en honor a la verdad, una expresi\u00f3n musical tan marginada en los grandes medios de comunicaci\u00f3n como lo es la m\u00fasica andina colombiana, tiene hoy por hoy en Internet su veh\u00edculo de divulgaci\u00f3n m\u00e1s efectivo.<\/p>\n<p>&nbsp;<\/p>\n<div id=\"attachment_9060\" style=\"width: 690px\" class=\"wp-caption aligncenter\"><img loading=\"lazy\" decoding=\"async\" aria-describedby=\"caption-attachment-9060\" class=\"size-full wp-image-9060\" title=\"Fiesta_de_San_Isidro_057\" src=\"https:\/\/lapiedrafilosofal.com\/wp-content\/uploads\/2013\/07\/Fiesta_de_San_Isidro_057.jpg\" alt=\"\" width=\"680\" height=\"907\" srcset=\"https:\/\/oscarhumbertogomez.com\/wp-content\/uploads\/2013\/07\/Fiesta_de_San_Isidro_057.jpg 680w, https:\/\/oscarhumbertogomez.com\/wp-content\/uploads\/2013\/07\/Fiesta_de_San_Isidro_057-224x300.jpg 224w\" sizes=\"auto, (max-width: 680px) 100vw, 680px\" \/><p id=\"caption-attachment-9060\" class=\"wp-caption-text\">NI\u00d1A DE GAL\u00c1N \/ SANTANDER CON EL TRAJE CAMPESINO. &#8220;EL CAMPESINO EMBEJUCAO&#8221; FUE, DESDE SUS COMIENZOS, REPRESENTADO POR LA NI\u00d1EZ SANTANDEREANA EN COLEGIOS Y ESCUELAS DEL DEPARTAMENTO.<\/p><\/div>\n<p>&nbsp;<\/p>\n<div id=\"attachment_9063\" style=\"width: 634px\" class=\"wp-caption aligncenter\"><img loading=\"lazy\" decoding=\"async\" aria-describedby=\"caption-attachment-9063\" class=\"size-full wp-image-9063\" title=\"MONSIEU PERIN\u00c9\" src=\"https:\/\/lapiedrafilosofal.com\/wp-content\/uploads\/2013\/07\/MONSIEU-PERIN\u00c9.jpg\" alt=\"\" width=\"624\" height=\"300\" srcset=\"https:\/\/oscarhumbertogomez.com\/wp-content\/uploads\/2013\/07\/MONSIEU-PERIN\u00c9.jpg 624w, https:\/\/oscarhumbertogomez.com\/wp-content\/uploads\/2013\/07\/MONSIEU-PERIN\u00c9-300x144.jpg 300w\" sizes=\"auto, (max-width: 624px) 100vw, 624px\" \/><p id=\"caption-attachment-9063\" class=\"wp-caption-text\">LA JUVENTUD TAMBI\u00c9N SE IDENTIFIC\u00d3 CON &#8220;EL CAMPESINO EMBEJUCAO&#8221;. EN LA FOTO, LA BANDA MONSIEU PERIN\u00c9, DE BOGOT\u00c1, QUE INCORPOR\u00d3 A &#8220;EL CAMPESINO EMBEJUCAO&#8221; EN SU REPERTORIO.<\/p><\/div>\n<p>&nbsp;<\/p>\n<p><iframe loading=\"lazy\" src=\"\/\/www.youtube.com\/embed\/t5usIwPJARk?rel=0\" frameborder=\"0\" width=\"560\" height=\"315\"><\/iframe><\/p>\n<p>&nbsp;<\/p>\n<p>Igualmente, va la manifestaci\u00f3n de nuestro afecto a todas las personas que tambi\u00e9n han colgado a EL CAMPESINO EMBEJUCAO en <em>Youtube&nbsp;<\/em>y en otros sitios de Internet, como sus blogs, p\u00e1ginas y portales, y -por supuesto- a todos sus amables visitantes. As\u00ed mismo, nuestro reconocimiento a quienes espont\u00e1neamente han subido a la Red sus propias interpretaciones de la canci\u00f3n, todas ellas muy bonitas. &nbsp;Nos complace, de manera especial, observar que en la interpretaci\u00f3n de EL CAMPESINO EMBEJUCAO se han involucrado mujeres, j\u00f3venes, ni\u00f1os y ni\u00f1as. Todo eso lo entendemos como demostraciones de cari\u00f1o hacia nuestro bambuco guasca y, por extensi\u00f3n, hacia la tarea cultural que realizamos.<\/p>\n<p>Como en el video que ha llegado al mill\u00f3n de visitas se ha insertado tambi\u00e9n la letra de la canci\u00f3n, queremos llamar la atenci\u00f3n sobre algunos errores que aparecen en la misma para que sean corregidos. La letra correcta es la siguiente:<\/p>\n<p><em>&#8220;Me tienen arrecho con tanta juepuerca preguntadera que qu\u00e9 color tiene mi bandera, que si yo soy godo o soy liberal;<\/em><\/p>\n<p><em>me tienen verraco con tanta juepuerca averiguadera que si soy eleno, <strong>epelo<\/strong> o siquiera apoyo a las AUC o soy de las JARC.<\/em><\/p>\n<p><em>me tienen mamao con tanta juepuerca interrogadera que si yo a la tropa le abro la cerca, si le doy el agua de mi manantial<\/em><\/p>\n<p><em>que si soy comunista, de Anapo, de izquierda o de la derecha, que si imperialista, qu\u00e9 joda arrecha resulta querer vivir uno en paz.<\/em><\/p>\n<p><em>CORO: Yo soy campesino, trabajador, pobre y muy honrado<\/em><\/p>\n<p><em>Viv\u00eda muy alegre, pero me tienen embejucao (BIS).<\/em><\/p>\n<p><em>Pues miren, se\u00f1ores, a todos ustedes yo les contesto, y quiero que quede muy claro esto: yo no soy de naide, hago el bien, no el mal;<\/em><\/p>\n<p><em>trabajo en el surco desde que el gallo me anuncia el d\u00eda y solo consigo pa&#8217; mi jamilia poquitas sonrisas y a\u00fan menos pan;<\/em><\/p>\n<p><em>aqu\u00ed naide viene sin\u00f3 cuando tienen las elecciones, llegan a joder que con los colores y con los dotores que el cambio har\u00e1n;<\/em><\/p>\n<p><em>yo soy hombre del campo o mejor dicho: soy campesino, as\u00ed que les ruego, suplico y pido: ya no m\u00e1s preguntas, no me jodan m\u00e1s (BIS)&#8221;.<\/em><\/p>\n<p>\u00a1Gracias, Bucaramanga! \u00a1Gracias, Santander! \u00a1Un mill\u00f3n de gracias, Colombia!<\/p>\n<p>Amigas y amigos: Y a continuaci\u00f3n, &#8220;EL CAMPESINO EMBEJUCAO&#8221;:<\/p>\n<p>&nbsp;<\/p>\n<p><iframe loading=\"lazy\" src=\"\/\/www.youtube.com\/embed\/V2M7U7SiX_4?rel=0\" frameborder=\"0\" width=\"560\" height=\"315\"><\/iframe><\/p>\n<p>&nbsp;<\/p>\n<p>\u00a1Un abrazo!<\/p>\n<p>&nbsp;<\/p>\n","protected":false},"excerpt":{"rendered":"<p>&nbsp; El video NO OFICIAL de EL CAMPESINO EMBEJUCAO que circula en Youtube lleg\u00f3 al MILL\u00d3N de visitas, cifra r\u00e9cord que posiciona esta canci\u00f3n como la m\u00e1s popular de la m\u00fasica andina colombiana en Internet y una de las m\u00e1s &hellip; <a href=\"https:\/\/oscarhumbertogomez.com\/?p=9044\">Sigue leyendo <span class=\"meta-nav\">&rarr;<\/span><\/a><\/p>\n<div class='heateorSssClear'><\/div><div  class='heateor_sss_sharing_container heateor_sss_horizontal_sharing' heateor-sss-data-href='https:\/\/oscarhumbertogomez.com\/?p=9044'><div class='heateor_sss_sharing_title' style=\"font-weight:bold\" >\u00a1Gracias por compartirla!<\/div><ul class=\"heateor_sss_sharing_ul\"><li class=\"heateorSssSharingRound\"><i style=\"width:35px;height:35px;border-radius:999px;\" alt=\"Facebook\" Title=\"Facebook\" class=\"heateorSssSharing heateorSssFacebookBackground\" onclick='heateorSssPopup(\"https:\/\/www.facebook.com\/sharer\/sharer.php?u=https%3A%2F%2Foscarhumbertogomez.com%2Findex.php%3Frest_route%3D%252Fwp%252Fv2%252Fposts%252F9044\")'><ss style=\"display:block;border-radius:999px;\" class=\"heateorSssSharingSvg heateorSssFacebookSvg\"><\/ss><\/i><\/li><li class=\"heateorSssSharingRound\"><i style=\"width:35px;height:35px;border-radius:999px;\" alt=\"Twitter\" Title=\"Twitter\" class=\"heateorSssSharing heateorSssTwitterBackground\" onclick='heateorSssPopup(\"http:\/\/twitter.com\/intent\/tweet?text=Video%20de%20EL%20CAMPESINO%20EMBEJUCAO%20en%20Internet%20lleg%C3%B3%20al%20MILL%C3%93N%20de%20visitas.%20Por%20%C3%93scar%20Humberto%20G%C3%B3mez%20G%C3%B3mez&url=https%3A%2F%2Foscarhumbertogomez.com%2Findex.php%3Frest_route%3D%252Fwp%252Fv2%252Fposts%252F9044\")'><ss style=\"display:block;border-radius:999px;\" class=\"heateorSssSharingSvg heateorSssTwitterSvg\"><\/ss><\/i><\/li><li class=\"heateorSssSharingRound\"><i style=\"width:35px;height:35px;border-radius:999px;\" alt=\"Whatsapp\" Title=\"Whatsapp\" class=\"heateorSssSharing heateorSssWhatsappBackground\" onclick='heateorSssPopup(\"https:\/\/web.whatsapp.com\/send?text=Video%20de%20EL%20CAMPESINO%20EMBEJUCAO%20en%20Internet%20lleg%C3%B3%20al%20MILL%C3%93N%20de%20visitas.%20Por%20%C3%93scar%20Humberto%20G%C3%B3mez%20G%C3%B3mez https%3A%2F%2Foscarhumbertogomez.com%2Findex.php%3Frest_route%3D%252Fwp%252Fv2%252Fposts%252F9044\")'><ss style=\"display:block\" class=\"heateorSssSharingSvg heateorSssWhatsappSvg\"><\/ss><\/i><\/li><li class=\"heateorSssSharingRound\"><i style=\"width:35px;height:35px;border-radius:999px;\" alt=\"Pinterest\" Title=\"Pinterest\" class=\"heateorSssSharing heateorSssPinterestBackground\" onclick=\"javascript:void( (function() {var e=document.createElement('script' );e.setAttribute('type','text\/javascript' );e.setAttribute('charset','UTF-8' );e.setAttribute('src','\/\/assets.pinterest.com\/js\/pinmarklet.js?r='+Math.random()*99999999);document.body.appendChild(e)})());\"><ss style=\"display:block;border-radius:999px;\" class=\"heateorSssSharingSvg heateorSssPinterestSvg\"><\/ss><\/i><\/li><li class=\"heateorSssSharingRound\"><i style=\"width:35px;height:35px;border-radius:999px;\" alt=\"Google Gmail\" Title=\"Google Gmail\" class=\"heateorSssSharing heateorSssGoogleGmailBackground\" onclick='heateorSssPopup(\"https:\/\/mail.google.com\/mail\/?ui=2&view=cm&fs=1&tf=1&su=Video%20de%20EL%20CAMPESINO%20EMBEJUCAO%20en%20Internet%20lleg%C3%B3%20al%20MILL%C3%93N%20de%20visitas.%20Por%20%C3%93scar%20Humberto%20G%C3%B3mez%20G%C3%B3mez&body=Link:https%3A%2F%2Foscarhumbertogomez.com%2Findex.php%3Frest_route%3D%252Fwp%252Fv2%252Fposts%252F9044\")'><ss style=\"display:block;border-radius:999px;\" class=\"heateorSssSharingSvg heateorSssGoogleGmailSvg\"><\/ss><\/i><\/li><li class=\"heateorSssSharingRound\"><i style=\"width:35px;height:35px;border-radius:999px;\" title=\"More\" alt=\"More\" class=\"heateorSssSharing heateorSssMoreBackground\" onclick=\"heateorSssMoreSharingPopup(this, 'https:\/\/oscarhumbertogomez.com\/index.php?rest_route=%2Fwp%2Fv2%2Fposts%2F9044', 'Video%20de%20EL%20CAMPESINO%20EMBEJUCAO%20en%20Internet%20lleg%C3%B3%20al%20MILL%C3%93N%20de%20visitas.%20Por%20%C3%93scar%20Humberto%20G%C3%B3mez%20G%C3%B3mez', '' )\" ><ss style=\"display:block\" class=\"heateorSssSharingSvg heateorSssMoreSvg\"><\/ss><\/i><\/li><\/ul><div class=\"heateorSssClear\"><\/div><\/div><div class='heateorSssClear'><\/div>","protected":false},"author":2,"featured_media":0,"comment_status":"open","ping_status":"open","sticky":false,"template":"","format":"standard","meta":{"spay_email":"","footnotes":""},"categories":[8],"tags":[],"class_list":["post-9044","post","type-post","status-publish","format-standard","hentry","category-musica"],"jetpack_featured_media_url":"","jetpack_shortlink":"https:\/\/wp.me\/s1FYrr-9044","_links":{"self":[{"href":"https:\/\/oscarhumbertogomez.com\/index.php?rest_route=\/wp\/v2\/posts\/9044","targetHints":{"allow":["GET"]}}],"collection":[{"href":"https:\/\/oscarhumbertogomez.com\/index.php?rest_route=\/wp\/v2\/posts"}],"about":[{"href":"https:\/\/oscarhumbertogomez.com\/index.php?rest_route=\/wp\/v2\/types\/post"}],"author":[{"embeddable":true,"href":"https:\/\/oscarhumbertogomez.com\/index.php?rest_route=\/wp\/v2\/users\/2"}],"replies":[{"embeddable":true,"href":"https:\/\/oscarhumbertogomez.com\/index.php?rest_route=%2Fwp%2Fv2%2Fcomments&post=9044"}],"version-history":[{"count":4,"href":"https:\/\/oscarhumbertogomez.com\/index.php?rest_route=\/wp\/v2\/posts\/9044\/revisions"}],"predecessor-version":[{"id":51022,"href":"https:\/\/oscarhumbertogomez.com\/index.php?rest_route=\/wp\/v2\/posts\/9044\/revisions\/51022"}],"wp:attachment":[{"href":"https:\/\/oscarhumbertogomez.com\/index.php?rest_route=%2Fwp%2Fv2%2Fmedia&parent=9044"}],"wp:term":[{"taxonomy":"category","embeddable":true,"href":"https:\/\/oscarhumbertogomez.com\/index.php?rest_route=%2Fwp%2Fv2%2Fcategories&post=9044"},{"taxonomy":"post_tag","embeddable":true,"href":"https:\/\/oscarhumbertogomez.com\/index.php?rest_route=%2Fwp%2Fv2%2Ftags&post=9044"}],"curies":[{"name":"wp","href":"https:\/\/api.w.org\/{rel}","templated":true}]}}