{"id":9145,"date":"2013-07-14T14:56:25","date_gmt":"2013-07-14T19:56:25","guid":{"rendered":"http:\/\/www.oscarhumbertogomez.com\/?p=9145"},"modified":"2025-02-14T22:35:14","modified_gmt":"2025-02-15T03:35:14","slug":"poesia-santandereana-por-oscar-humberto-gomez-gomez-2","status":"publish","type":"post","link":"https:\/\/oscarhumbertogomez.com\/?p=9145","title":{"rendered":"POES\u00cdA SANTANDEREANA (IV). Por \u00d3scar Humberto G\u00f3mez G\u00f3mez"},"content":{"rendered":"<p><strong><span style=\"color: #000080;\">NOTA DEL PORTAL:<\/span>&nbsp;<\/strong><em>Otra vez, por cuarta ocasi\u00f3n, hemos retornado al Parnaso santandereano, a la pluma sensible de los hombres y las mujeres de esta comarca nuestra tan entra\u00f1able, aunque a veces tan incomprensible, que dejaron y siguen dejando para siempre plasmados en papeles las l\u00e1grimas, los recuerdos, las alegr\u00edas y las esperanzas de sus corazones, de su terru\u00f1o y de su pueblo. Es la poes\u00eda santandereana que en este portal est\u00e1 renaciendo, es decir, que literalmente est\u00e1 naciendo de nuevo. Si con esta aproximaci\u00f3n a nuestras ra\u00edces, al legado cultural de Santander, logramos que alguien se anime a volver a leer a sus poetas, habremos cumplido con el cometido que nos inspir\u00f3 al crear esta secci\u00f3n dedicada a los rapsodas. Aqu\u00ed est\u00e1n, pues, de nuevo los bardos de estas bre\u00f1as, con sus versos de amor, de desolaci\u00f3n, de lucha. \u00a1Bienvenidos al mundo m\u00e1gico e inmortal de la Poes\u00eda!<\/em><\/p>\n<p>&nbsp;<\/p>\n<p><span style=\"color: #808080;\"><strong>FUTURO<\/strong><\/span><\/p>\n<p>&nbsp;<\/p>\n<p>(Fragmento)<\/p>\n<p><img loading=\"lazy\" decoding=\"async\" class=\"aligncenter size-full wp-image-9155\" title=\"noche-de-luna\" src=\"https:\/\/lapiedrafilosofal.com\/wp-content\/uploads\/2013\/07\/noche-de-luna.jpg\" alt=\"\" width=\"752\" height=\"517\" srcset=\"https:\/\/oscarhumbertogomez.com\/wp-content\/uploads\/2013\/07\/noche-de-luna.jpg 752w, https:\/\/oscarhumbertogomez.com\/wp-content\/uploads\/2013\/07\/noche-de-luna-300x206.jpg 300w\" sizes=\"auto, (max-width: 752px) 100vw, 752px\" \/><\/p>\n<p>&nbsp;<\/p>\n<p>No tengo nada, ni una casa de humo<br \/>\nni un paisaje de viento.<br \/>\nPero construyo por todos los que pasan,<br \/>\npor todos los que llevan una vida adelante,<br \/>\nmolinos, molinos de viento.<\/p>\n<p>Y las voces surgiendo,<br \/>\ny yo sola, detenida,<br \/>\nen el silencio de esta noche<br \/>\ny de todas las noches futuras.<\/p>\n<p>Es fuerte el vendaval que azota mis sentidos;<br \/>\nhe cerrado todas las ventanas.<br \/>\nYo enciendo mi llama, la de esta noche y la de ma\u00f1ana.<br \/>\nPienso en una casa grande.<br \/>\nLa miro crecer con los ojos de adentro.<\/p>\n<p>Hay que so\u00f1ar y reedificarla a trechos,<br \/>\nesta casa que habitar\u00e9 por un tiempo,<br \/>\nla misma de mis padres, mis hermanos.<\/p>\n<p>Ahora recuerdo<br \/>\nque mi madre ten\u00eda una fuente en el pecho<br \/>\ny mi padre, una placa de acero,<br \/>\ny mis hermanos, bosques de encinas y laureles,<br \/>\ny los que ahora han nacido de mi sangre<br \/>\nun cementerio de p\u00e1jaros muertos.<\/p>\n<p>Y este fr\u00edo glacial de alambradas,<br \/>\ny este sabor a humo y a tierra,<br \/>\ny este sabor a sangre viva y este olor a resinas,<br \/>\ny esta voz desatada y detenida,<br \/>\ny estos muros de cristal y de acero.<\/p>\n<p>Atados est\u00e1n a m\u00ed, pero yo construyo por ellos,<br \/>\npor no dejarles este sabor a tierra est\u00e9ril.<br \/>\nConstruyo por ellos<br \/>\ny por los que han de venir<br \/>\ny residir bajo este mismo techo<br \/>\ny a la sombra de este mismo bosque de fuego.<\/p>\n<p>Vendr\u00e1 el invierno y har\u00e1 trizas los cristales.<br \/>\nPero yo persisto por esta casa, por su lumbre,<br \/>\npor su pan y por sus frutos, por sus techos.<br \/>\nPersisto por todos y cada uno de ellos.<\/p>\n<p>De mi sangre nacer\u00e1n verdes bosques,<br \/>\nr\u00edos de golondrinas bajar\u00e1n por mis venas<br \/>\ny la tierra y el sol tendr\u00e1n un rostro nuevo.<br \/>\nY amar\u00e9 esta tierra y amar\u00e9 estos huesos,<br \/>\nestos hombres desnudos de palabras y gestos,<br \/>\ny las hordas de salvajes que destruyen el mundo,<br \/>\nestos diminutos enanos de la tierra,<br \/>\nestos gusanos que roen la entra\u00f1a<br \/>\ncomo a Prometeo los cuervos.<\/p>\n<p>Amanece en m\u00ed.<br \/>\nTodo lo amo hoy, hasta el dolor,<br \/>\nque se ha hecho flor en mi pensamiento.<\/p>\n<p>CARMEN DE G\u00d3MEZ MEJ\u00cdA<br \/>\n(1916 &#8211; 2002).<\/p>\n<p>___________<\/p>\n<p>&nbsp;<\/p>\n<p><span style=\"color: #ff0000;\"><strong>PATRIA INCIERTA<\/strong><\/span><\/p>\n<p>&nbsp;<\/p>\n<p><a href=\"https:\/\/lapiedrafilosofal.com\/wp-content\/uploads\/2013\/07\/rosas-rojas-rosa-roja-flores-fondos-de-pantalla-hd-1476221.jpg\"><img loading=\"lazy\" decoding=\"async\" class=\"aligncenter size-large wp-image-9150\" title=\"rosas-rojas-rosa-roja-flores-fondos-de-pantalla-hd-1476221\" src=\"https:\/\/lapiedrafilosofal.com\/wp-content\/uploads\/2013\/07\/rosas-rojas-rosa-roja-flores-fondos-de-pantalla-hd-1476221-1024x640.jpg\" alt=\"\" width=\"640\" height=\"400\" srcset=\"https:\/\/oscarhumbertogomez.com\/wp-content\/uploads\/2013\/07\/rosas-rojas-rosa-roja-flores-fondos-de-pantalla-hd-1476221-1024x640.jpg 1024w, https:\/\/oscarhumbertogomez.com\/wp-content\/uploads\/2013\/07\/rosas-rojas-rosa-roja-flores-fondos-de-pantalla-hd-1476221-300x187.jpg 300w\" sizes=\"auto, (max-width: 640px) 100vw, 640px\" \/><\/a><\/p>\n<p>&nbsp;<\/p>\n<p>Detr\u00e1s de la mentira proclamada,<br \/>\nexiste una verdad sin voz ni voto.<br \/>\nLa patria oculta del escudo roto<br \/>\ncon su tea en mitad de barricada.<\/p>\n<p>Y en la lava del pueblo naufragada<br \/>\nse est\u00e1 hundiendo la patria como exvoto.<br \/>\nTraum\u00e1tico dolor de terremoto.<br \/>\nDolor de tierra adentro despatriada.<\/p>\n<p>Patria sin ton ni son. Plena de escombro<br \/>\npasa a la historia con la muerte al hombro,<br \/>\ny con la cruz a cuestas del momento,<\/p>\n<p>pone el grito en el cielo y se renueva<br \/>\nen el fondo del alma cuando eleva<br \/>\nsu amargo c\u00e1liz a merced del viento.<\/p>\n<p>RAMIRO LAGOS<\/p>\n<p>_______<\/p>\n<p>&nbsp;<\/p>\n<p><span style=\"color: #0000ff;\"><strong>MIRAJE<\/strong><\/span><\/p>\n<p>&nbsp;<\/p>\n<p><img loading=\"lazy\" decoding=\"async\" class=\"aligncenter size-large wp-image-9152\" title=\"PAISAJE I\" src=\"https:\/\/lapiedrafilosofal.com\/wp-content\/uploads\/2013\/07\/PAISAJE-I-1024x576.jpg\" alt=\"\" width=\"640\" height=\"360\" srcset=\"https:\/\/oscarhumbertogomez.com\/wp-content\/uploads\/2013\/07\/PAISAJE-I-1024x576.jpg 1024w, https:\/\/oscarhumbertogomez.com\/wp-content\/uploads\/2013\/07\/PAISAJE-I-300x168.jpg 300w, https:\/\/oscarhumbertogomez.com\/wp-content\/uploads\/2013\/07\/PAISAJE-I.jpg 1920w\" sizes=\"auto, (max-width: 640px) 100vw, 640px\" \/><\/p>\n<p>&nbsp;<\/p>\n<p>Te esper\u00e9, como m\u00e1stil indeciso,<br \/>\ndesmantelado al filo de la espera,<br \/>\nvana visi\u00f3n azul en la quimera<br \/>\nde coraz\u00f3n fugaz y tornadizo.<\/p>\n<p>Y as\u00ed como llegaste de improviso<br \/>\npor el azar de una ilusi\u00f3n cualquiera,<br \/>\nte me fuiste tambi\u00e9n, como si fuera<br \/>\ntu imagen un cristal que se deshizo.<\/p>\n<p>Como ceniza que se va en el viento<br \/>\nguarda mi voz pedazos de tu aliento<br \/>\ny en la desolaci\u00f3n en que me abraso<\/p>\n<p>tu amor es la corriente agradecida<br \/>\nque, rozando la orilla de mi vida,<br \/>\nle refresca su ardor a cada paso.<\/p>\n<p>EFRA\u00cdN OTERO RUIZ<\/p>\n<p>_________<\/p>\n<p>&nbsp;<\/p>\n<p><span style=\"color: #008000;\"><strong>CANCI\u00d3N DE LOS ARADOS<\/strong><\/span><\/p>\n<p>&nbsp;<\/p>\n<p><img loading=\"lazy\" decoding=\"async\" class=\"aligncenter size-full wp-image-9153\" title=\"ARADOS\" src=\"https:\/\/lapiedrafilosofal.com\/wp-content\/uploads\/2013\/07\/ARADOS.jpg\" alt=\"\" width=\"500\" height=\"304\" srcset=\"https:\/\/oscarhumbertogomez.com\/wp-content\/uploads\/2013\/07\/ARADOS.jpg 500w, https:\/\/oscarhumbertogomez.com\/wp-content\/uploads\/2013\/07\/ARADOS-300x182.jpg 300w\" sizes=\"auto, (max-width: 500px) 100vw, 500px\" \/><\/p>\n<p>&nbsp;<\/p>\n<p>\u00a1Cantan los arados!<br \/>\n\u00a1Cantan los arados!<br \/>\n\u00a1Cantan los arados!<\/p>\n<p>Y se despierta el campo<br \/>\nal paso de los bueyes<br \/>\nque avanzan lentamente<br \/>\nsobre el surco dorado.<\/p>\n<p>Son dos bueyes tan grandes,<br \/>\nson dos bueyes tan altos,<br \/>\nson dos bueyes tan mansos,<br \/>\nson dos bueyes tan tristes&#8230;<br \/>\n\u00a1En sus pupilas hondas<br \/>\nvienen como so\u00f1ando!<\/p>\n<p>A la orilla del cielo<br \/>\nla ma\u00f1ana est\u00e1 joven<br \/>\npara tanta grandeza!<\/p>\n<p>Hoy no me llames, r\u00edo,<br \/>\nque ya estoy sobre el campo.<br \/>\nMe despert\u00f3 la aurora<br \/>\ncon su himno met\u00e1lico.<br \/>\nCon su rumor de \u00e9gloga<br \/>\nque anuncia la cosecha,<br \/>\nfeliz he despertado.<\/p>\n<p>Me despert\u00f3 la m\u00fasica<br \/>\nde Dios sobre los surcos<br \/>\ny estoy oyendo ahora<br \/>\nla canci\u00f3n de los arados!<\/p>\n<p>\u00a1Hoy no me llames, fuente!<br \/>\nHoy no me mezas, \u00e1rbol!<br \/>\nLa cuna en que so\u00f1aba<br \/>\nse me volvi\u00f3 milagro.<\/p>\n<p>El agua y la semilla<br \/>\ncayeron en mis manos<br \/>\ny hay un r\u00edo de savia<br \/>\nm\u00e1s secreto en mi sangre.<\/p>\n<p>En el laboratorio<br \/>\nde la gleba mojada<br \/>\nfabrican los az\u00facares<br \/>\nla primera naranja.<\/p>\n<p>Siento que soy labriego.<br \/>\nLlevo trigo en el alma!<br \/>\nLa noche en que ven\u00eda<br \/>\nse me volvi\u00f3 ma\u00f1ana\u2026<\/p>\n<p>Hoy no regreses, muerte,<br \/>\nque comenz\u00f3 la vida<br \/>\ny es bello el firmamento<br \/>\nde mi poes\u00eda.<\/p>\n<p>Hoy no me tientes, suelo,<br \/>\nque de volar o navegar, ser\u00eda<br \/>\npor los mares del cielo!<\/p>\n<p>EUGENIO PINTO BARAJAS<br \/>\n(1922 &#8211; 1983)<\/p>\n<p>_____<\/p>\n<p>&nbsp;<\/p>\n<p><span style=\"color: #ff6600;\"><strong>EN COLONIA<\/strong><\/span><\/p>\n<p>&nbsp;<\/p>\n<p><img loading=\"lazy\" decoding=\"async\" class=\"aligncenter size-full wp-image-9156\" title=\"ROSA AMARILLA\" src=\"https:\/\/lapiedrafilosofal.com\/wp-content\/uploads\/2013\/07\/ROSA-AMARILLA1.jpg\" alt=\"\" width=\"800\" height=\"532\" srcset=\"https:\/\/oscarhumbertogomez.com\/wp-content\/uploads\/2013\/07\/ROSA-AMARILLA1.jpg 800w, https:\/\/oscarhumbertogomez.com\/wp-content\/uploads\/2013\/07\/ROSA-AMARILLA1-300x199.jpg 300w\" sizes=\"auto, (max-width: 800px) 100vw, 800px\" \/><\/p>\n<p>&nbsp;<\/p>\n<p>En la vieja Colonia, en el oscuro<br \/>\nrinc\u00f3n de una taberna,<br \/>\ntres estudiantes de Alemania un d\u00eda<br \/>\nbeb\u00edamos cerveza.<br \/>\nCerca el Rhin murmuraba entre la bruma<br \/>\nevocando leyendas,<br \/>\ny sobre el muerto campo y en las almas<br \/>\nflotaba la tristeza.<\/p>\n<p>Habl\u00e1bamos de amor, y Franz, el triste,<br \/>\nel so\u00f1ador poeta,<br \/>\nde versos enfermizos, cual las hadas<br \/>\nde sus vagos poemas,<br \/>\n\u201cYo brindo, dijo, por la amada m\u00eda,<br \/>\nla que vive en las nieblas,<br \/>\nen los viejos castillos y en las sombras<br \/>\nde las mudas iglesias;<br \/>\npor mi p\u00e1lida musa de ojos castos<br \/>\ny rubia cabellera,<br \/>\nque cuando entra de noche<br \/>\na mi buhardilla<br \/>\nen la frente me besa\u201d<br \/>\nY Kart, el de las rimas aceradas,<br \/>\nel de la lira en\u00e9rgica,<br \/>\ncantor del sol, de los radiantes cielos<br \/>\ny de las hondas selvas;<br \/>\nel poeta del pueblo, el que ha narrado<br \/>\nlas campestres faenas;<br \/>\nel de los versos que en las almas vibran<br \/>\ncual m\u00fasicas guerreras,<\/p>\n<p>\u201cYo brindo, dijo, por la amada m\u00eda,<br \/>\nla hermosa lorenesa<br \/>\nde ojos ardientes, de encendidos labios,<br \/>\ny riza cabellera;<br \/>\npor la mujer de besos ardorosos<br \/>\nque aguarda ya mi vuelta<br \/>\nen los verdes vi\u00f1edos donde arrastra<br \/>\nsus aguas el Mosela.\u201d<br \/>\n\u201cBrinda, t\u00fa!\u201d \u2013 me dijeron. Yo callaba,<br \/>\nde codos en la mesa,<br \/>\ny ocultando una l\u00e1grima, alc\u00e9 el vaso<br \/>\ny dije con voz tr\u00e9mula:<br \/>\n\u201c\u00a1Brindo por el amor que nunca acaba!&#8230;\u201d<br \/>\ny apur\u00e9 la cerveza,<br \/>\ny entre cantos y gritos exclamamos:<br \/>\n\u201c\u00a1Por la pasi\u00f3n eterna!\u201d<br \/>\nY seguimos risue\u00f1os, charladores,<br \/>\nen nuestra alegre fiesta\u2026<br \/>\n\u00a1Y all\u00ed mi coraz\u00f3n se me mor\u00eda,<br \/>\nse mor\u00eda de fr\u00edo y de tristeza!<\/p>\n<p>ISMAEL ENRIQUE ARCINIEGAS<br \/>\n(1865 &#8211; 1938)<\/p>\n<p>&nbsp;<\/p>\n","protected":false},"excerpt":{"rendered":"<p>NOTA DEL PORTAL:&nbsp;Otra vez, por cuarta ocasi\u00f3n, hemos retornado al Parnaso santandereano, a la pluma sensible de los hombres y las mujeres de esta comarca nuestra tan entra\u00f1able, aunque a veces tan incomprensible, que dejaron y siguen dejando para siempre &hellip; <a href=\"https:\/\/oscarhumbertogomez.com\/?p=9145\">Sigue leyendo <span class=\"meta-nav\">&rarr;<\/span><\/a><\/p>\n<div class='heateorSssClear'><\/div><div  class='heateor_sss_sharing_container heateor_sss_horizontal_sharing' heateor-sss-data-href='https:\/\/oscarhumbertogomez.com\/?p=9145'><div class='heateor_sss_sharing_title' style=\"font-weight:bold\" >\u00a1Gracias por compartirla!<\/div><ul class=\"heateor_sss_sharing_ul\"><li class=\"heateorSssSharingRound\"><i style=\"width:35px;height:35px;border-radius:999px;\" alt=\"Facebook\" Title=\"Facebook\" class=\"heateorSssSharing heateorSssFacebookBackground\" onclick='heateorSssPopup(\"https:\/\/www.facebook.com\/sharer\/sharer.php?u=https%3A%2F%2Foscarhumbertogomez.com%2Findex.php%3Frest_route%3D%252Fwp%252Fv2%252Fposts%252F9145\")'><ss style=\"display:block;border-radius:999px;\" class=\"heateorSssSharingSvg heateorSssFacebookSvg\"><\/ss><\/i><\/li><li class=\"heateorSssSharingRound\"><i style=\"width:35px;height:35px;border-radius:999px;\" alt=\"Twitter\" Title=\"Twitter\" class=\"heateorSssSharing heateorSssTwitterBackground\" onclick='heateorSssPopup(\"http:\/\/twitter.com\/intent\/tweet?text=POES%C3%8DA%20SANTANDEREANA%20%28IV%29.%20Por%20%C3%93scar%20Humberto%20G%C3%B3mez%20G%C3%B3mez&url=https%3A%2F%2Foscarhumbertogomez.com%2Findex.php%3Frest_route%3D%252Fwp%252Fv2%252Fposts%252F9145\")'><ss style=\"display:block;border-radius:999px;\" class=\"heateorSssSharingSvg heateorSssTwitterSvg\"><\/ss><\/i><\/li><li class=\"heateorSssSharingRound\"><i style=\"width:35px;height:35px;border-radius:999px;\" alt=\"Whatsapp\" Title=\"Whatsapp\" class=\"heateorSssSharing heateorSssWhatsappBackground\" onclick='heateorSssPopup(\"https:\/\/web.whatsapp.com\/send?text=POES%C3%8DA%20SANTANDEREANA%20%28IV%29.%20Por%20%C3%93scar%20Humberto%20G%C3%B3mez%20G%C3%B3mez https%3A%2F%2Foscarhumbertogomez.com%2Findex.php%3Frest_route%3D%252Fwp%252Fv2%252Fposts%252F9145\")'><ss style=\"display:block\" class=\"heateorSssSharingSvg heateorSssWhatsappSvg\"><\/ss><\/i><\/li><li class=\"heateorSssSharingRound\"><i style=\"width:35px;height:35px;border-radius:999px;\" alt=\"Pinterest\" Title=\"Pinterest\" class=\"heateorSssSharing heateorSssPinterestBackground\" onclick=\"javascript:void( (function() {var e=document.createElement('script' );e.setAttribute('type','text\/javascript' );e.setAttribute('charset','UTF-8' );e.setAttribute('src','\/\/assets.pinterest.com\/js\/pinmarklet.js?r='+Math.random()*99999999);document.body.appendChild(e)})());\"><ss style=\"display:block;border-radius:999px;\" class=\"heateorSssSharingSvg heateorSssPinterestSvg\"><\/ss><\/i><\/li><li class=\"heateorSssSharingRound\"><i style=\"width:35px;height:35px;border-radius:999px;\" alt=\"Google Gmail\" Title=\"Google Gmail\" class=\"heateorSssSharing heateorSssGoogleGmailBackground\" onclick='heateorSssPopup(\"https:\/\/mail.google.com\/mail\/?ui=2&view=cm&fs=1&tf=1&su=POES%C3%8DA%20SANTANDEREANA%20%28IV%29.%20Por%20%C3%93scar%20Humberto%20G%C3%B3mez%20G%C3%B3mez&body=Link:https%3A%2F%2Foscarhumbertogomez.com%2Findex.php%3Frest_route%3D%252Fwp%252Fv2%252Fposts%252F9145\")'><ss style=\"display:block;border-radius:999px;\" class=\"heateorSssSharingSvg heateorSssGoogleGmailSvg\"><\/ss><\/i><\/li><li class=\"heateorSssSharingRound\"><i style=\"width:35px;height:35px;border-radius:999px;\" title=\"More\" alt=\"More\" class=\"heateorSssSharing heateorSssMoreBackground\" onclick=\"heateorSssMoreSharingPopup(this, 'https:\/\/oscarhumbertogomez.com\/index.php?rest_route=%2Fwp%2Fv2%2Fposts%2F9145', 'POES%C3%8DA%20SANTANDEREANA%20%28IV%29.%20Por%20%C3%93scar%20Humberto%20G%C3%B3mez%20G%C3%B3mez', '' )\" ><ss style=\"display:block\" class=\"heateorSssSharingSvg heateorSssMoreSvg\"><\/ss><\/i><\/li><\/ul><div class=\"heateorSssClear\"><\/div><\/div><div class='heateorSssClear'><\/div>","protected":false},"author":2,"featured_media":0,"comment_status":"closed","ping_status":"closed","sticky":false,"template":"","format":"standard","meta":{"spay_email":"","footnotes":""},"categories":[6,7],"tags":[],"class_list":["post-9145","post","type-post","status-publish","format-standard","hentry","category-la-pluma-ajena","category-poesia"],"jetpack_featured_media_url":"","jetpack_shortlink":"https:\/\/wp.me\/p1FYrr-2nv","_links":{"self":[{"href":"https:\/\/oscarhumbertogomez.com\/index.php?rest_route=\/wp\/v2\/posts\/9145","targetHints":{"allow":["GET"]}}],"collection":[{"href":"https:\/\/oscarhumbertogomez.com\/index.php?rest_route=\/wp\/v2\/posts"}],"about":[{"href":"https:\/\/oscarhumbertogomez.com\/index.php?rest_route=\/wp\/v2\/types\/post"}],"author":[{"embeddable":true,"href":"https:\/\/oscarhumbertogomez.com\/index.php?rest_route=\/wp\/v2\/users\/2"}],"replies":[{"embeddable":true,"href":"https:\/\/oscarhumbertogomez.com\/index.php?rest_route=%2Fwp%2Fv2%2Fcomments&post=9145"}],"version-history":[{"count":5,"href":"https:\/\/oscarhumbertogomez.com\/index.php?rest_route=\/wp\/v2\/posts\/9145\/revisions"}],"predecessor-version":[{"id":50681,"href":"https:\/\/oscarhumbertogomez.com\/index.php?rest_route=\/wp\/v2\/posts\/9145\/revisions\/50681"}],"wp:attachment":[{"href":"https:\/\/oscarhumbertogomez.com\/index.php?rest_route=%2Fwp%2Fv2%2Fmedia&parent=9145"}],"wp:term":[{"taxonomy":"category","embeddable":true,"href":"https:\/\/oscarhumbertogomez.com\/index.php?rest_route=%2Fwp%2Fv2%2Fcategories&post=9145"},{"taxonomy":"post_tag","embeddable":true,"href":"https:\/\/oscarhumbertogomez.com\/index.php?rest_route=%2Fwp%2Fv2%2Ftags&post=9145"}],"curies":[{"name":"wp","href":"https:\/\/api.w.org\/{rel}","templated":true}]}}