{"id":9183,"date":"2013-09-06T13:30:12","date_gmt":"2013-09-06T18:30:12","guid":{"rendered":"http:\/\/www.oscarhumbertogomez.com\/?p=9183"},"modified":"2025-02-25T09:51:04","modified_gmt":"2025-02-25T14:51:04","slug":"poesia-santandereana-vi-por-oscar-humberto-gomez-gomez","status":"publish","type":"post","link":"https:\/\/oscarhumbertogomez.com\/?p=9183","title":{"rendered":"POES\u00cdA SANTANDEREANA (VI). Por \u00d3scar Humberto G\u00f3mez G\u00f3mez"},"content":{"rendered":"<p><em><span style=\"color: #ff0000;\"><strong>NOTA DEL PORTAL:<\/strong><\/span> <\/em><\/p>\n<p><em>Aqu\u00ed est\u00e1 presente, otra vez, la poes\u00eda emergida de la pluma de nuestros vates. De Santander, tierra de poetas, pedazo de una patria injustamente desacreditada en el mundo, porque al mundo s\u00f3lo se exporta el descr\u00e9dito. Y es que, como aqu\u00ed se observa, en las entra\u00f1as del solar nativo palpita el amor filial, la evocaci\u00f3n del padre ido en la pluma de su hijo, pero tambi\u00e9n el recuerdo imperecedero de la patria chica y de la casa envejecida donde transcurri\u00f3 nuestra ni\u00f1ez o nuestra adolescencia, la reflexi\u00f3n \u00edntima sobre nuestra presencia en el cosmos y la b\u00fasqueda incesante de la paz espiritual en medio del bullicio, o la perplejidad que nos desconcierta cuando vemos que el amor se exacerba en la lejan\u00eda e, inexplicablemente, se debilita cuando estamos cerca, as\u00ed como tambi\u00e9n aflora la exaltaci\u00f3n de la herramienta m\u00e1s fr\u00e1gil y sencilla, y parad\u00f3jicamente m\u00e1s poderosa, con que contamos para defender lo que pensamos y lo que so\u00f1amos sobre la sempiterna ilusi\u00f3n de construir una sociedad mejor. &nbsp;Todo ello se conjuga hoy en esta maravillosa s\u00edntesis po\u00e9tica del terru\u00f1o natal, con la que volvemos a enviar al mundo, a trav\u00e9s del sortilegio incomparable de la Internet, el mensaje contundente, evidente, irrefutable, de que lo \u00fanico que aqu\u00ed producimos no es lo que se dice en los medios de comunicaci\u00f3n, porque esta tierra, agreste, luchadora e intr\u00ednsecamente buena, es tierra abonada para el cultivo de las m\u00e1s excelsas manifestaciones del esp\u00edritu humano, entre las cuales la Poes\u00eda sobresale con toda su carga de belleza, de protesta o de ternura.<\/em><\/p>\n<p><em>\u00a1Bienvenidos!<\/em><\/p>\n<p>&nbsp;<\/p>\n<p><span style=\"color: #ff9900;\"><strong>ELEG\u00cdA AL PADRE<\/strong><\/span><\/p>\n<p>&nbsp;<\/p>\n<p><img loading=\"lazy\" decoding=\"async\" class=\"aligncenter size-full wp-image-9718\" title=\"OTO\u00d1O\" src=\"https:\/\/lapiedrafilosofal.com\/wp-content\/uploads\/2013\/09\/OTO\u00d1O.jpg\" alt=\"\" width=\"320\" height=\"240\" srcset=\"https:\/\/oscarhumbertogomez.com\/wp-content\/uploads\/2013\/09\/OTO\u00d1O.jpg 320w, https:\/\/oscarhumbertogomez.com\/wp-content\/uploads\/2013\/09\/OTO\u00d1O-300x225.jpg 300w\" sizes=\"auto, (max-width: 320px) 100vw, 320px\" \/><\/p>\n<p>&nbsp;<\/p>\n<p>Te fuiste,<br \/>\ncomo si atravesaras una puerta invisible,<br \/>\nun t\u00fanel,<br \/>\nla niebla en el invierno.<br \/>\nSe derrumb\u00f3 la arcilla de tu cuerpo.<br \/>\nS\u00f3lo qued\u00f3 tu esp\u00edritu<br \/>\nque a\u00fan divaga por los corredores de la casa triste.<br \/>\nMe asomo a la orilla del mundo<br \/>\npara verte pasar<br \/>\ncabalgando en el tiempo.<br \/>\nHabitante del d\u00eda.<br \/>\nPor la savia subes a los \u00e1rboles<br \/>\ntrepando las ramas de sus copas<br \/>\npara en las noches<br \/>\nestar mucho m\u00e1s cerca del cielo.<br \/>\nTu coraz\u00f3n era un p\u00e1jaro<br \/>\nque se echaba a volar sobre las nubes.<br \/>\nUn \u00e1rbol gigantesco eras.<br \/>\nDe \u00e9l fabricaste una barca para viajar por el mundo.<br \/>\nDe tu cuerpo los le\u00f1adores hac\u00edan las mesas<br \/>\ny puertas de sus casas<br \/>\ny cada cicatriz<br \/>\nfue un golpe que te doli\u00f3 en la vida.<br \/>\nEn los atardeceres las golondrinas se equivocaban<br \/>\ny hac\u00edan nidos en los helechos de tu pelo<br \/>\ny los p\u00e1rpados se te llenaban de sue\u00f1os<br \/>\ny una llovizna ni\u00f1a<br \/>\nca\u00eda sobre tus sienes plateadas.<br \/>\nTu camisa estaba hecha de hojas<br \/>\ny en tus manos beb\u00edan agua los ruise\u00f1ores.<br \/>\nCuando caminabas descalzo sobre la arena<br \/>\nel viento desdibujaba las huellas de tus pies.<\/p>\n<p>Corr\u00edas como un r\u00edo perdido por el mundo,<br \/>\nhecho de sangre y barro,<br \/>\nhecho de luna y puerto.<\/p>\n<p>En tu piel hab\u00eda una ligera sombra de Dios.<br \/>\nTen\u00edas la estatura de las cosechas<br \/>\ny entre tus dientes<br \/>\nlas mazorcas ten\u00edan un sabor a roc\u00edo.<br \/>\nTu voz como una gaviota desdoblada<br \/>\nme hac\u00eda recordar<br \/>\nel denso oleaje del mar.<br \/>\nSiempre te recordar\u00e9 jugando carambolas,<br \/>\npescando luceros<br \/>\nsobre el lago azul de tu silencio.<\/p>\n<p>Ahora te han quitado como un peso de los hombros<br \/>\ny las amapolas se aglomeran para ver tu rostro<br \/>\ndonde se iza todo tu cuerpo.<br \/>\nTuviste que morir<br \/>\npara volver a la vida.<br \/>\nYo soy la prolongaci\u00f3n de tu existencia,<br \/>\nla imagen que un d\u00eda dejaste olvidada en los espejos.<\/p>\n<p>Te recordar\u00e9 vestido de ternura,<br \/>\ncaminando en los bosques,<br \/>\nalumbrando caminos,<br \/>\nprolongando los pasos.<br \/>\nAve F\u00e9nix:<br \/>\ncada vez que t\u00fa mueres,<br \/>\nrenaces&#8221;.<\/p>\n<p><strong>JOS\u00c9 ORTEGA MORENO<\/strong><\/p>\n<p>_______<\/p>\n<p>&nbsp;<\/p>\n<p><span style=\"color: #008000;\"><strong>A\u00d1ORANZA<\/strong><\/span><\/p>\n<p>&nbsp;<\/p>\n<p><img loading=\"lazy\" decoding=\"async\" class=\"aligncenter size-full wp-image-9719\" title=\"casona antigua\" src=\"https:\/\/lapiedrafilosofal.com\/wp-content\/uploads\/2013\/09\/casona-antigua.jpg\" alt=\"\" width=\"1024\" height=\"576\" srcset=\"https:\/\/oscarhumbertogomez.com\/wp-content\/uploads\/2013\/09\/casona-antigua.jpg 1024w, https:\/\/oscarhumbertogomez.com\/wp-content\/uploads\/2013\/09\/casona-antigua-300x168.jpg 300w\" sizes=\"auto, (max-width: 1024px) 100vw, 1024px\" \/><\/p>\n<p>&nbsp;<\/p>\n<p>Regreso a ti, solar de mis mayores,<br \/>\ntierra de los jazmines<br \/>\ny de las mariposas.<br \/>\nAltos \u00e1rboles a\u00fan rodean<br \/>\nesta casa, tan derruida y solitaria,<br \/>\ndonde mi infancia transcurri\u00f3<br \/>\nserena, como este viento<br \/>\nque ahora mi rostro besa,<br \/>\ndespertando im\u00e1genes rec\u00f3nditas,<br \/>\nmemorias que regresan<br \/>\ncomo fugaces golondrinas<br \/>\nen vuelo de a\u00f1oranza.<\/p>\n<p>Conservo en el recuerdo<br \/>\nla visi\u00f3n<br \/>\nde este sal\u00f3n inmenso,<br \/>\ncon paredes de libros y retratos<br \/>\nde antepasados;<br \/>\nrostros varoniles<br \/>\ny mujeres hermosas de ojos tristes,<br \/>\npelo y pecho ce\u00f1idos,<br \/>\nmanos enjoyadas<br \/>\nsobre el regazo de crujientes sedas.<\/p>\n<p>Aqu\u00ed, en las tardes lluviosas,<br \/>\nbajo la tenue luz<br \/>\nde altos candelabros<br \/>\nmi padre me llevaba, deslumbr\u00e1ndome,<br \/>\npor el mundo secreto de las f\u00e1bulas.<br \/>\nY en este ventanal, ya sin vitrales,<br \/>\nen las noches de veranos violentos<br \/>\natentos escuch\u00e1bamos<br \/>\nel canto de la noche distendido<br \/>\npor llanuras y cerros.<\/p>\n<p>El tiempo ha devastado<br \/>\nel huerto, los jardines, el establo<br \/>\ny parte de la estancia;<br \/>\npero en la comarca de los sue\u00f1os<br \/>\nrespirante y nost\u00e1lgica,<br \/>\na\u00fan navega<br \/>\nla dulce caracola de mi infancia.<\/p>\n<p>HELVIA GARC\u00cdA DE BODMER<br \/>\n(1908 &#8211; 2000)<\/p>\n<p>_________<\/p>\n<p>&nbsp;<\/p>\n<p><span style=\"color: #333399;\"><strong>CATARSIS<\/strong><\/span><\/p>\n<p>&nbsp;<\/p>\n<p><img loading=\"lazy\" decoding=\"async\" class=\"aligncenter size-full wp-image-9720\" title=\"UNIVERSO\" src=\"https:\/\/lapiedrafilosofal.com\/wp-content\/uploads\/2013\/09\/UNIVERSO.jpg\" alt=\"\" width=\"533\" height=\"350\" srcset=\"https:\/\/oscarhumbertogomez.com\/wp-content\/uploads\/2013\/09\/UNIVERSO.jpg 533w, https:\/\/oscarhumbertogomez.com\/wp-content\/uploads\/2013\/09\/UNIVERSO-300x196.jpg 300w\" sizes=\"auto, (max-width: 533px) 100vw, 533px\" \/><\/p>\n<p>&nbsp;<\/p>\n<p>Con las cuerdas sensibles de mi lira<br \/>\nquiero una nota ta\u00f1er sobre mi frente,<br \/>\nhacer vibrar el alma y todo el ente<br \/>\nen el centro vital donde suspira.<\/p>\n<p>Limpiar escorias y matar la ira<br \/>\nde nuestro ser humano decadente,<br \/>\nelevar el coraz\u00f3n hasta la mente<br \/>\ny quemar la maldad en una pira.<\/p>\n<p>Anhelo una catarsis para el alma,<br \/>\nsumergir el esp\u00edritu en un verso<br \/>\ny declararme ya en completa calma;<\/p>\n<p>Tener el mundo en un poema inmerso,<br \/>\nque brote amor de la frondosa palma<br \/>\ny se funda en poes\u00eda el Universo.<\/p>\n<p>RAMIRO QUIROGA ARIZA<\/p>\n<p>_______<\/p>\n<p>&nbsp;<\/p>\n<p><span style=\"color: #800000;\"><strong>AMOR A DISTANCIA<\/strong><\/span><\/p>\n<p>&nbsp;<\/p>\n<p><img loading=\"lazy\" decoding=\"async\" class=\"aligncenter size-large wp-image-9722\" title=\"CARRILERA\" src=\"https:\/\/lapiedrafilosofal.com\/wp-content\/uploads\/2013\/09\/CARRILERA-1024x768.jpg\" alt=\"\" width=\"640\" height=\"480\" srcset=\"https:\/\/oscarhumbertogomez.com\/wp-content\/uploads\/2013\/09\/CARRILERA-1024x768.jpg 1024w, https:\/\/oscarhumbertogomez.com\/wp-content\/uploads\/2013\/09\/CARRILERA-300x225.jpg 300w\" sizes=\"auto, (max-width: 640px) 100vw, 640px\" \/><\/p>\n<p>&nbsp;<\/p>\n<p>El misterioso amor que nos devora<br \/>\ntan s\u00f3lo da su perfumada esencia<br \/>\nsi la tr\u00e1gica mano de la ausencia<br \/>\nrompe el fino cristal que lo atesora.<\/p>\n<p>Y luego de a\u00f1orarte, hora tras hora,<br \/>\ndecrece ante la luz de tu presencia,<br \/>\ncomo decrece la luminiscencia<br \/>\nde los cocuyos al llegar la aurora.<\/p>\n<p>Raro amor de virtual dicotom\u00eda<br \/>\nque -como el fuego- pr\u00f3ximo devora<br \/>\ny lejano es antorcha o faro-gu\u00eda.<\/p>\n<p>Amor que al alma desolada aflora<br \/>\nen el and\u00e9n de la estaci\u00f3n vac\u00eda<br \/>\nmientras se aleja la locomotora.<\/p>\n<p>F\u00c9LIX SILVA DUGARTE<\/p>\n<p>________<\/p>\n<p>&nbsp;<\/p>\n<p><strong>SONETO A UN L\u00c1PIZ<\/strong><\/p>\n<p>&nbsp;<\/p>\n<p><img loading=\"lazy\" decoding=\"async\" class=\"aligncenter size-full wp-image-9187\" title=\"lapiz\" src=\"https:\/\/lapiedrafilosofal.com\/wp-content\/uploads\/2013\/07\/lapiz1.jpg\" alt=\"\" width=\"1024\" height=\"768\" srcset=\"https:\/\/oscarhumbertogomez.com\/wp-content\/uploads\/2013\/07\/lapiz1.jpg 1024w, https:\/\/oscarhumbertogomez.com\/wp-content\/uploads\/2013\/07\/lapiz1-300x225.jpg 300w\" sizes=\"auto, (max-width: 1024px) 100vw, 1024px\" \/><\/p>\n<p>&nbsp;<\/p>\n<p>Un l\u00e1piz solo tengo entre las manos,<br \/>\ny puedo defender a los campesinos;<br \/>\ny se\u00f1alar del triunfo los caminos,<br \/>\ny a los hombres llamarlos mis hermanos.<\/p>\n<p>Con este l\u00e1piz puedo a los tiranos<br \/>\nnombre dar de traidores y asesinos;<br \/>\nerrores corregir, y desatinos,<br \/>\ny escribir los vocablos m\u00e1s humanos.<\/p>\n<p>Con este l\u00e1piz descubrir podr\u00eda<br \/>\nun reino de bondad y de armon\u00eda,<br \/>\ny enviar de paz al mundo mil mensajes,<\/p>\n<p>el clar\u00edn despertar de Juana de Arco<br \/>\no hacer de una hoja de papel un barco<br \/>\no una nave espacial para mis viajes.<\/p>\n<p>PABLO ZOGOIBI<br \/>\n(1909 &#8211; 1995)<\/p>\n<p>_________<\/p>\n<p>&nbsp;<\/p>\n","protected":false},"excerpt":{"rendered":"<p>NOTA DEL PORTAL: Aqu\u00ed est\u00e1 presente, otra vez, la poes\u00eda emergida de la pluma de nuestros vates. De Santander, tierra de poetas, pedazo de una patria injustamente desacreditada en el mundo, porque al mundo s\u00f3lo se exporta el descr\u00e9dito. Y &hellip; <a href=\"https:\/\/oscarhumbertogomez.com\/?p=9183\">Sigue leyendo <span class=\"meta-nav\">&rarr;<\/span><\/a><\/p>\n<div class='heateorSssClear'><\/div><div  class='heateor_sss_sharing_container heateor_sss_horizontal_sharing' heateor-sss-data-href='https:\/\/oscarhumbertogomez.com\/?p=9183'><div class='heateor_sss_sharing_title' style=\"font-weight:bold\" >\u00a1Gracias por compartirla!<\/div><ul class=\"heateor_sss_sharing_ul\"><li class=\"heateorSssSharingRound\"><i style=\"width:35px;height:35px;border-radius:999px;\" alt=\"Facebook\" Title=\"Facebook\" class=\"heateorSssSharing heateorSssFacebookBackground\" onclick='heateorSssPopup(\"https:\/\/www.facebook.com\/sharer\/sharer.php?u=https%3A%2F%2Foscarhumbertogomez.com%2Findex.php%3Frest_route%3D%252Fwp%252Fv2%252Fposts%252F9183\")'><ss style=\"display:block;border-radius:999px;\" class=\"heateorSssSharingSvg heateorSssFacebookSvg\"><\/ss><\/i><\/li><li class=\"heateorSssSharingRound\"><i style=\"width:35px;height:35px;border-radius:999px;\" alt=\"Twitter\" Title=\"Twitter\" class=\"heateorSssSharing heateorSssTwitterBackground\" onclick='heateorSssPopup(\"http:\/\/twitter.com\/intent\/tweet?text=POES%C3%8DA%20SANTANDEREANA%20%28VI%29.%20Por%20%C3%93scar%20Humberto%20G%C3%B3mez%20G%C3%B3mez&url=https%3A%2F%2Foscarhumbertogomez.com%2Findex.php%3Frest_route%3D%252Fwp%252Fv2%252Fposts%252F9183\")'><ss style=\"display:block;border-radius:999px;\" class=\"heateorSssSharingSvg heateorSssTwitterSvg\"><\/ss><\/i><\/li><li class=\"heateorSssSharingRound\"><i style=\"width:35px;height:35px;border-radius:999px;\" alt=\"Whatsapp\" Title=\"Whatsapp\" class=\"heateorSssSharing heateorSssWhatsappBackground\" onclick='heateorSssPopup(\"https:\/\/web.whatsapp.com\/send?text=POES%C3%8DA%20SANTANDEREANA%20%28VI%29.%20Por%20%C3%93scar%20Humberto%20G%C3%B3mez%20G%C3%B3mez https%3A%2F%2Foscarhumbertogomez.com%2Findex.php%3Frest_route%3D%252Fwp%252Fv2%252Fposts%252F9183\")'><ss style=\"display:block\" class=\"heateorSssSharingSvg heateorSssWhatsappSvg\"><\/ss><\/i><\/li><li class=\"heateorSssSharingRound\"><i style=\"width:35px;height:35px;border-radius:999px;\" alt=\"Pinterest\" Title=\"Pinterest\" class=\"heateorSssSharing heateorSssPinterestBackground\" onclick=\"javascript:void( (function() {var e=document.createElement('script' );e.setAttribute('type','text\/javascript' );e.setAttribute('charset','UTF-8' );e.setAttribute('src','\/\/assets.pinterest.com\/js\/pinmarklet.js?r='+Math.random()*99999999);document.body.appendChild(e)})());\"><ss style=\"display:block;border-radius:999px;\" class=\"heateorSssSharingSvg heateorSssPinterestSvg\"><\/ss><\/i><\/li><li class=\"heateorSssSharingRound\"><i style=\"width:35px;height:35px;border-radius:999px;\" alt=\"Google Gmail\" Title=\"Google Gmail\" class=\"heateorSssSharing heateorSssGoogleGmailBackground\" onclick='heateorSssPopup(\"https:\/\/mail.google.com\/mail\/?ui=2&view=cm&fs=1&tf=1&su=POES%C3%8DA%20SANTANDEREANA%20%28VI%29.%20Por%20%C3%93scar%20Humberto%20G%C3%B3mez%20G%C3%B3mez&body=Link:https%3A%2F%2Foscarhumbertogomez.com%2Findex.php%3Frest_route%3D%252Fwp%252Fv2%252Fposts%252F9183\")'><ss style=\"display:block;border-radius:999px;\" class=\"heateorSssSharingSvg heateorSssGoogleGmailSvg\"><\/ss><\/i><\/li><li class=\"heateorSssSharingRound\"><i style=\"width:35px;height:35px;border-radius:999px;\" title=\"More\" alt=\"More\" class=\"heateorSssSharing heateorSssMoreBackground\" onclick=\"heateorSssMoreSharingPopup(this, 'https:\/\/oscarhumbertogomez.com\/index.php?rest_route=%2Fwp%2Fv2%2Fposts%2F9183', 'POES%C3%8DA%20SANTANDEREANA%20%28VI%29.%20Por%20%C3%93scar%20Humberto%20G%C3%B3mez%20G%C3%B3mez', '' )\" ><ss style=\"display:block\" class=\"heateorSssSharingSvg heateorSssMoreSvg\"><\/ss><\/i><\/li><\/ul><div class=\"heateorSssClear\"><\/div><\/div><div class='heateorSssClear'><\/div>","protected":false},"author":2,"featured_media":0,"comment_status":"open","ping_status":"open","sticky":false,"template":"","format":"standard","meta":{"spay_email":"","footnotes":""},"categories":[6,7],"tags":[],"class_list":["post-9183","post","type-post","status-publish","format-standard","hentry","category-la-pluma-ajena","category-poesia"],"jetpack_featured_media_url":"","jetpack_shortlink":"https:\/\/wp.me\/p1FYrr-2o7","_links":{"self":[{"href":"https:\/\/oscarhumbertogomez.com\/index.php?rest_route=\/wp\/v2\/posts\/9183","targetHints":{"allow":["GET"]}}],"collection":[{"href":"https:\/\/oscarhumbertogomez.com\/index.php?rest_route=\/wp\/v2\/posts"}],"about":[{"href":"https:\/\/oscarhumbertogomez.com\/index.php?rest_route=\/wp\/v2\/types\/post"}],"author":[{"embeddable":true,"href":"https:\/\/oscarhumbertogomez.com\/index.php?rest_route=\/wp\/v2\/users\/2"}],"replies":[{"embeddable":true,"href":"https:\/\/oscarhumbertogomez.com\/index.php?rest_route=%2Fwp%2Fv2%2Fcomments&post=9183"}],"version-history":[{"count":5,"href":"https:\/\/oscarhumbertogomez.com\/index.php?rest_route=\/wp\/v2\/posts\/9183\/revisions"}],"predecessor-version":[{"id":50689,"href":"https:\/\/oscarhumbertogomez.com\/index.php?rest_route=\/wp\/v2\/posts\/9183\/revisions\/50689"}],"wp:attachment":[{"href":"https:\/\/oscarhumbertogomez.com\/index.php?rest_route=%2Fwp%2Fv2%2Fmedia&parent=9183"}],"wp:term":[{"taxonomy":"category","embeddable":true,"href":"https:\/\/oscarhumbertogomez.com\/index.php?rest_route=%2Fwp%2Fv2%2Fcategories&post=9183"},{"taxonomy":"post_tag","embeddable":true,"href":"https:\/\/oscarhumbertogomez.com\/index.php?rest_route=%2Fwp%2Fv2%2Ftags&post=9183"}],"curies":[{"name":"wp","href":"https:\/\/api.w.org\/{rel}","templated":true}]}}