{"id":9335,"date":"2013-07-31T23:06:55","date_gmt":"2013-08-01T04:06:55","guid":{"rendered":"http:\/\/www.oscarhumbertogomez.com\/?p=9335"},"modified":"2025-03-13T09:02:04","modified_gmt":"2025-03-13T14:02:04","slug":"en-el-diario-del-oriente-de-corrector-de-pruebas-a-todero-por-oscar-humberto-gomez-gomez","status":"publish","type":"post","link":"https:\/\/oscarhumbertogomez.com\/?p=9335","title":{"rendered":"En el Diario del Oriente: de corrector de pruebas a &#8220;todero&#8221;. Por \u00d3scar Humberto G\u00f3mez G\u00f3mez"},"content":{"rendered":"<div id=\"attachment_49906\" style=\"width: 650px\" class=\"wp-caption aligncenter\"><img loading=\"lazy\" decoding=\"async\" aria-describedby=\"caption-attachment-49906\" class=\"size-large wp-image-49906\" src=\"https:\/\/oscarhumbertogomez.com\/wp-content\/uploads\/2011\/06\/WhatsApp-Image-2025-01-19-at-16.33.19-1024x690.jpeg\" alt=\"\" width=\"640\" height=\"431\" srcset=\"https:\/\/oscarhumbertogomez.com\/wp-content\/uploads\/2011\/06\/WhatsApp-Image-2025-01-19-at-16.33.19-1024x690.jpeg 1024w, https:\/\/oscarhumbertogomez.com\/wp-content\/uploads\/2011\/06\/WhatsApp-Image-2025-01-19-at-16.33.19-300x202.jpeg 300w, https:\/\/oscarhumbertogomez.com\/wp-content\/uploads\/2011\/06\/WhatsApp-Image-2025-01-19-at-16.33.19-768x517.jpeg 768w, https:\/\/oscarhumbertogomez.com\/wp-content\/uploads\/2011\/06\/WhatsApp-Image-2025-01-19-at-16.33.19.jpeg 1280w\" sizes=\"auto, (max-width: 640px) 100vw, 640px\" \/><p id=\"caption-attachment-49906\" class=\"wp-caption-text\">\u00d3SCAR HUMBERTO G\u00d3MEZ G\u00d3MEZ. Fotograf\u00eda de Nylse Blackburn. 2009<\/p><\/div>\n<p>&nbsp;<\/p>\n<p><strong><span style=\"color: #333399;\">[NOTA: Estas l\u00edneas, que forman parte de nuestro libro in\u00e9dito <em>ENTRE LA LIBERTAD DE EXPRESI\u00d3N Y LA CENSURA. Columnas de opini\u00f3n, cr\u00f3nicas, informes especiales y memorias de un periodista provinciano y an\u00f3nimo<\/em>, las traemos de nuevo al portal con ocasi\u00f3n de la honrosa decisi\u00f3n que ha adoptado la Junta Directiva del Colegio Nacional de Periodistas en el sentido de otorgarle al director de este portal la credencial de periodista].<\/span><\/strong><\/p>\n<p>&nbsp;<\/p>\n<p><strong><span style=\"color: #ff0000;\">En el Diario del Oriente: de corrector de pruebas a &#8220;todero&#8221;.<\/span><\/strong><\/p>\n<p><strong>(Fragmentos)<\/strong><\/p>\n<p>Por:&nbsp;<strong>\u00d3scar Humberto G\u00f3mez G\u00f3mez<\/strong><\/p>\n<p>&nbsp;<\/p>\n<p><img loading=\"lazy\" decoding=\"async\" class=\"aligncenter size-full wp-image-2167\" title=\"PRENSA\" src=\"https:\/\/lapiedrafilosofal.com\/wp-content\/uploads\/2011\/12\/PRENSA.jpg\" alt=\"\" width=\"200\" height=\"100\"><\/p>\n<p>&nbsp;<\/p>\n<p>Corr\u00eda el a\u00f1o 1973 y yo no estaba estudiando, ni trabajando, ni haciendo nada. El a\u00f1o inmediatamente anterior me hab\u00eda negado a asistir a la ceremonia de graduaci\u00f3n en la cual recibir\u00eda mi diploma de Experto en Mec\u00e1nica Industrial porque consider\u00e9 que no lo merec\u00eda. M\u00e1s a\u00fan: hab\u00eda decidido no retornar al Instituto T\u00e9cnico Superior D\u00e1maso Zapata, convencido como estaba de que no me interesaba en absoluto carrera tecnol\u00f3gica alguna y que, definitivamente, no ten\u00eda vocaci\u00f3n ni capacidades para ingeniero.<\/p>\n<p>R\u00f3mulo Brito era un muchacho que hab\u00eda llegado procedente de Cali, donde hab\u00eda laborado en&nbsp;<em>El Crisol<\/em>, un peque\u00f1o peri\u00f3dico de la capital vallecaucana. Hab\u00eda terminado como inquilino de mi madre y gracias a \u00e9l pude saber que el peri\u00f3dico donde ahora trabajaba,&nbsp;<em>Diario del Oriente<\/em>, se hab\u00eda quedado sin corrector de pruebas. &#8220;Mira, ve -me dijo-. Si quer\u00e9s yo te presento con el director para que te haga un examen de ortograf\u00eda. Si la ten\u00e9s buena, es fijo que te dan el puesto&#8221;.<\/p>\n<p>&nbsp;<\/p>\n<p><img loading=\"lazy\" decoding=\"async\" class=\"aligncenter size-full wp-image-2172\" title=\"CORRECTOR DE PRUEBAS\" src=\"https:\/\/lapiedrafilosofal.com\/wp-content\/uploads\/2011\/12\/CORRECTOR-DE-PRUEBAS.jpg\" alt=\"\" width=\"244\" height=\"244\" srcset=\"https:\/\/oscarhumbertogomez.com\/wp-content\/uploads\/2011\/12\/CORRECTOR-DE-PRUEBAS.jpg 244w, https:\/\/oscarhumbertogomez.com\/wp-content\/uploads\/2011\/12\/CORRECTOR-DE-PRUEBAS-150x150.jpg 150w\" sizes=\"auto, (max-width: 244px) 100vw, 244px\" \/><\/p>\n<p>&nbsp;<\/p>\n<p>Al d\u00eda siguiente, yo ya estaba sentado en la oficina del director, esperando a que \u00e9ste llegara para que me practicara la prueba. El director ingres\u00f3 en medio de una ruidosa conversaci\u00f3n con otros tres hombres. De uno de ellos habr\u00eda de saber despu\u00e9s que se llamaba Roberto Harker Valdivieso y fung\u00eda como subdirector. A otro llegar\u00eda a tenerlo como juez en mi primera audiencia p\u00fablica con jurado: el doctor Rafael Garc\u00eda Ord\u00f3\u00f1ez. El tercero, resultar\u00eda siendo el jefe de personal.<br \/>\nJos\u00e9 Manuel Jaimes Espinosa, el director, era alto y delgado. Rafael Boh\u00f3rquez, el jefe de personal, bajito y gordo.<br \/>\n-Escriba las palabras que le voy a dictar -me orden\u00f3 el doctor Jaimes, y yo las escrib\u00ed. Al revisarlas, repar\u00f3 en &#8220;hierva&#8221;, que yo hab\u00eda escrito con &#8220;v&#8221;.<br \/>\n-&#8220;Hierba&#8221; se escribe con &#8220;b&#8221; larga, no con &#8220;v&#8221; corta-, me recrimin\u00f3.<br \/>\n-Depende, doctor -le argument\u00e9 con voz firme-. Si decimos: &#8220;Hay que cortar la hierba&#8221; es con &#8220;b&#8221; larga. Pero si decimos: &#8220;Mar\u00eda, hierva el agua&#8221;, es con &#8220;v&#8221; corta.<br \/>\nEl director se quit\u00f3 las gafas, las mantuvo en una de sus manos mientras se pon\u00eda una de las patas de sus anteojos entre los labios, y se qued\u00f3 mir\u00e1ndome muy serio. Yo le sostuve la mirada, expectante.<\/p>\n<p>&nbsp;<\/p>\n<p><img loading=\"lazy\" decoding=\"async\" class=\"aligncenter size-full wp-image-2173\" title=\"diccionario\" src=\"https:\/\/lapiedrafilosofal.com\/wp-content\/uploads\/2011\/12\/diccionario.jpg\" alt=\"\" width=\"362\" height=\"312\" srcset=\"https:\/\/oscarhumbertogomez.com\/wp-content\/uploads\/2011\/12\/diccionario.jpg 362w, https:\/\/oscarhumbertogomez.com\/wp-content\/uploads\/2011\/12\/diccionario-300x258.jpg 300w\" sizes=\"auto, (max-width: 362px) 100vw, 362px\" \/><\/p>\n<p>&nbsp;<\/p>\n<p>-\u00a1Boh\u00f3rquez! -llam\u00f3 sin dejar de mirarme.<br \/>\n-Mande, se\u00f1or director- dijo una voz a mis espaldas.<br \/>\n-G\u00f3mez es el nuevo corrector -dijo el director a\u00fan mir\u00e1ndome-. Ll\u00e9velo a su escritorio y d\u00e9le las instrucciones.<br \/>\n-Como usted ordene, se\u00f1or director-, respondi\u00f3 la misma voz.<br \/>\nDe inmediato deduje que el hombre ubicado a mis espaldas hab\u00eda sido militar o polic\u00eda.<br \/>\n-Gracias, doctor- le dije al director. \u00c9ste tan solo sonri\u00f3 a medias y se puso las gafas.<br \/>\nEntonces volv\u00ed la mirada y vi al hombre que se hallaba detr\u00e1s m\u00edo. Mientras caminaba a su lado supe que era el jefe de personal. Se dirigi\u00f3 hacia la sala de redacci\u00f3n, seguido por m\u00ed, y descubr\u00ed no s\u00f3lo que cojeaba, sino que me iba a caer bien. Como, en efecto, me cay\u00f3.<\/p>\n<p>&nbsp;<\/p>\n<p><img loading=\"lazy\" decoding=\"async\" class=\"aligncenter size-full wp-image-2174\" title=\"SALA DE REDACCI\u00d3N\" src=\"https:\/\/lapiedrafilosofal.com\/wp-content\/uploads\/2011\/12\/SALA-DE-REDACCI\u00d3N.gif\" alt=\"\" width=\"1\" height=\"1\"><\/p>\n<p>&nbsp;<\/p>\n<p><img loading=\"lazy\" decoding=\"async\" class=\"aligncenter size-full wp-image-2175\" title=\"MAQUINA-ESCRIBIR-5\" src=\"https:\/\/lapiedrafilosofal.com\/wp-content\/uploads\/2011\/12\/MAQUINA-ESCRIBIR-5.jpg\" alt=\"\" width=\"520\" height=\"419\" srcset=\"https:\/\/oscarhumbertogomez.com\/wp-content\/uploads\/2011\/12\/MAQUINA-ESCRIBIR-5.jpg 520w, https:\/\/oscarhumbertogomez.com\/wp-content\/uploads\/2011\/12\/MAQUINA-ESCRIBIR-5-300x241.jpg 300w\" sizes=\"auto, (max-width: 520px) 100vw, 520px\" \/><\/p>\n<p>&nbsp;<\/p>\n<p>M\u00e1s tarde conoc\u00ed a su hijo. Tambi\u00e9n trabajaba en el diario y tambi\u00e9n se llamaba Rafael Boh\u00f3rquez, igual que su padre. Ambos terminar\u00edan siendo amigos m\u00edos. Y a ambos terminar\u00eda perdi\u00e9ndolos. El coraz\u00f3n le fall\u00f3 primero al que ten\u00eda que fallarle primero. Siempre hab\u00eda escuchado decir que lo correcto es que los hijos entierren a sus padres, no al contrario. Y as\u00ed sucedi\u00f3. El viejo Rafael fue enterrado por su hijo. El d\u00eda en que \u00e9ste me cont\u00f3 c\u00f3mo hab\u00eda muerto el ex jefe de personal del&nbsp;<em>Diario del Oriente<\/em> seguramente no imaginaba que pronto \u00e9l correr\u00eda la misma suerte.<br \/>\nTampoco el d\u00eda en que Rafael Boh\u00f3rquez, el pap\u00e1, me mostr\u00f3 mi escritorio me imagin\u00e9 yo que el&nbsp;<em>Diario del Oriente<\/em> habr\u00eda de morir muy pronto.<\/p>\n<p>(&#8230;)<\/p>\n<p>&nbsp;<\/p>\n<p><img loading=\"lazy\" decoding=\"async\" class=\"aligncenter size-full wp-image-2176\" title=\"JOS\u00c9 MANUEL JAIMES ESPINOSA\" src=\"https:\/\/lapiedrafilosofal.com\/wp-content\/uploads\/2011\/12\/JOS\u00c9-MANUEL-JAIMES-ESPINOSA.jpg\" alt=\"\" width=\"180\" height=\"253\"><\/p>\n<p>&nbsp;<\/p>\n<p>De Jos\u00e9 Manuel Jaimes Espinosa me llamaban la atenci\u00f3n varias cosas: una, que nunca se refiriera a los dem\u00e1s diarios de la ciudad con sus propios nombres, sino con la expresi\u00f3n &#8220;colega&#8221; seguida de la calle o la carrera de su ubicaci\u00f3n. &nbsp;As\u00ed, para mencionar a&nbsp;<em>Vanguardia Liberal <\/em>hablaba de &#8220;el colega de la 34&#8221;, para citar a&nbsp;<em>El Frente<\/em> lo hac\u00eda como &#8220;el colega de la 35&#8221;, para traer a colaci\u00f3n a&nbsp;<em>El Liberal<\/em> escrib\u00eda &#8220;el colega de la 27&#8221;,&nbsp;<em>Diario de Bucaramanga <\/em>era &#8220;el colega de la 42&#8221; y&nbsp;<em>El Deber<\/em>, &#8220;el colega de la 14&#8221;.<br \/>\nLa otra, era su permanente preocupaci\u00f3n por el tema de la paridad pol\u00edtica en los cargos p\u00fablicos: fueron varios los informes de p\u00e1gina entera con los que crey\u00f3 demostrar que en la repartici\u00f3n del ponqu\u00e9 burocr\u00e1tico el Partido Conservador se hallaba en descomunal e irritante desventaja.<\/p>\n<p>(&#8230;)<\/p>\n<p>&nbsp;<\/p>\n<p><img loading=\"lazy\" decoding=\"async\" class=\"aligncenter size-full wp-image-2177\" title=\"HOMBRE HACIENDO VARIAS COSAS AL TIEMPO\" src=\"https:\/\/lapiedrafilosofal.com\/wp-content\/uploads\/2011\/12\/HOMBRE-HACIENDO-VARIAS-COSAS-AL-TIEMPO.jpg\" alt=\"\" width=\"600\" height=\"469\" srcset=\"https:\/\/oscarhumbertogomez.com\/wp-content\/uploads\/2011\/12\/HOMBRE-HACIENDO-VARIAS-COSAS-AL-TIEMPO.jpg 600w, https:\/\/oscarhumbertogomez.com\/wp-content\/uploads\/2011\/12\/HOMBRE-HACIENDO-VARIAS-COSAS-AL-TIEMPO-300x234.jpg 300w\" sizes=\"auto, (max-width: 600px) 100vw, 600px\" \/><\/p>\n<p>&nbsp;<\/p>\n<p>A mi cargo de corrector de pruebas fueron uni\u00e9ndose otros adicionales, aunque por el mismo sueldo: columnista de la p\u00e1gina editorial, coordinador de la p\u00e1gina cultural, encargado del archivo fotogr\u00e1fico, redactor del hor\u00f3scopo, creador del crucigrama y hasta cronista deportivo.<\/p>\n<p>(&#8230;)<\/p>\n<p>&nbsp;<\/p>\n<p><img loading=\"lazy\" decoding=\"async\" class=\"aligncenter size-full wp-image-2178\" title=\"horoscopo-del-dia\" src=\"https:\/\/lapiedrafilosofal.com\/wp-content\/uploads\/2011\/12\/horoscopo-del-dia.jpg\" alt=\"\" width=\"350\" height=\"354\" srcset=\"https:\/\/oscarhumbertogomez.com\/wp-content\/uploads\/2011\/12\/horoscopo-del-dia.jpg 350w, https:\/\/oscarhumbertogomez.com\/wp-content\/uploads\/2011\/12\/horoscopo-del-dia-296x300.jpg 296w\" sizes=\"auto, (max-width: 350px) 100vw, 350px\" \/><\/p>\n<p>&nbsp;<\/p>\n<p>El hab\u00e9rseme asignado la redacci\u00f3n del hor\u00f3scopo me permiti\u00f3 burlarme de mis ex compa\u00f1eros m\u00e1s cercanos quienes, por la misma raz\u00f3n por la que se hab\u00edan vuelto lectores de&nbsp;<em>El Deber<\/em> hab\u00edan pasado a serlo del&nbsp;<em>Diario del Oriente<\/em>. Me di a la tarea de indagar con sigilo cu\u00e1l era el signo zodiacal de cada uno de ellos, cosa que fue f\u00e1cil porque lo \u00fanico que tuve que hacer fue preguntarles a todos la fecha de su cumplea\u00f1os para, supuestamente, llevarles serenata con&nbsp;<em>Los Rebeldes<\/em>, el grupo musical que yo hab\u00eda montado dizque para participar en El Festival del Coco en Barranquilla.<br \/>\nConocedor del signo zodiacal de cada uno, y por supuesto de sus andanzas amorosas, de sus proyectos para conseguir dinero y hasta de sus planes de estudio, no fue dif\u00edcil &#8220;predecirles&#8221; el futuro a mis ingenuos lectores, ninguno de los cuales imaginaba siquiera qui\u00e9n era, en realidad, el nuevo &#8220;profesor Cayenus&#8221;, a quien hab\u00eda contratado el peri\u00f3dico como asesor astral. M\u00e1s de uno me comentaba, con notorio asombro, que &#8220;eso del hor\u00f3scopo es cierto, absolutamente cierto&#8221;, porque a \u00e9l, a mi asombrado interlocutor, le hab\u00eda &#8220;salido&#8221; perfecto.<\/p>\n<p>La fama de aquel acertado hor\u00f3scopo fue creciendo cada vez m\u00e1s entre mis amigos hasta terminar convenciendo a los pocos incr\u00e9dulos que a\u00fan se resist\u00edan a creer en esas predicciones.<\/p>\n<p>Y no era para menos: no hab\u00eda d\u00eda en que &#8220;el profesor Cayenus&#8221; no acertara con la realidad personal de alguno de mis ex compa\u00f1eros. As\u00ed, por ejemplo, al que ten\u00eda como novia a una vecina de su casa y se encontraba por esos d\u00edas disgustado con ella, el &#8220;profesor Cayenus&#8221; le aconsejaba: &#8220;Reconc\u00edliese con esa persona cercana a usted con la cual disgust\u00f3 esta semana&#8221; y al que hab\u00eda dicho que quer\u00eda ser aviador, pero de quien todos sab\u00edamos de sobra que no contaba con recursos para esa carrera, el &#8220;astr\u00f3logo&#8221; le indicaba: &#8220;Usted quiere volar alto y eso est\u00e1 muy bien. Pero no pierda de vista su propia realidad socioecon\u00f3mica para evitar que se quede toda la vida esperando lo que posiblemente nunca va a llegar. Si, por el contrario, ve que tiene posibilidades de asumir los costos de esa carrera, \u00a1adelante!&#8221;.<\/p>\n<p>&nbsp;<\/p>\n<p>El nombre de &#8220;Cayenus&#8221; era una deformaci\u00f3n del de Cayetano Rugeles, un brillante estudiante de ingenier\u00eda el\u00e9ctrica cercano a nuestra familia.<\/p>\n<p>(&#8230;)<\/p>\n<p>&nbsp;<\/p>\n<p><img loading=\"lazy\" decoding=\"async\" class=\"aligncenter size-full wp-image-2179\" title=\"VUELTA A COLOMBIA 1973 RAFAEL ANTONIO NI\u00d1O, CAMPE\u00d3N\" src=\"https:\/\/lapiedrafilosofal.com\/wp-content\/uploads\/2011\/12\/VUELTA-A-COLOMBIA-1973-RAFAEL-ANTONIO-NI\u00d1O-CAMPE\u00d3N.jpg\" alt=\"\" width=\"400\" height=\"339\" srcset=\"https:\/\/oscarhumbertogomez.com\/wp-content\/uploads\/2011\/12\/VUELTA-A-COLOMBIA-1973-RAFAEL-ANTONIO-NI\u00d1O-CAMPE\u00d3N.jpg 400w, https:\/\/oscarhumbertogomez.com\/wp-content\/uploads\/2011\/12\/VUELTA-A-COLOMBIA-1973-RAFAEL-ANTONIO-NI\u00d1O-CAMPE\u00d3N-300x254.jpg 300w\" sizes=\"auto, (max-width: 400px) 100vw, 400px\" \/><\/p>\n<p>&nbsp;<\/p>\n<p>Cuando el doctor Jaimes Espinosa me pregunt\u00f3 si me pod\u00eda encargar de cubrir la Vuelta a Colombia en Bicicleta, no dud\u00e9 un instante en decirle que s\u00ed. Ya me imaginaba viajando por las carreteras, detr\u00e1s de la caravana de ciclistas, en aquel certamen deportivo que siempre hab\u00eda cautivado mi atenci\u00f3n desde la ma\u00f1ana lejana cuando, en pleno cuarto a\u00f1o de primaria, los directivos de la Concentraci\u00f3n Escolar Jos\u00e9 Camacho Carre\u00f1o reunieron en el patio a todos los estudiantes de la escuela para decirnos, con voz inocultablemente emocionada, que pod\u00edamos irnos, no para la casa, sino a recibir a un tal &#8220;Acevedo&#8221; Hern\u00e1ndez, quien ven\u00eda de puntero e iba a ganar la etapa que llegaba a Bucaramanga procedente de Pamplona. Despu\u00e9s supe que &#8220;Acevedo&#8221; era como yo o\u00eda la palabra&nbsp;<em>Severo<\/em> y que, en efecto, el magn\u00edfico ciclista santandereano Severo Hern\u00e1ndez hab\u00eda arribado de primero al estadio Alfonso L\u00f3pez aquel jueves 18 de marzo de 1965 en medio del rugido de la multitud que colmaba el escenario deportivo.<\/p>\n<p>&nbsp;<\/p>\n<p><img loading=\"lazy\" decoding=\"async\" class=\"aligncenter size-full wp-image-2180\" title=\"SEVERO HERN\u00c1NDEZ\" src=\"https:\/\/lapiedrafilosofal.com\/wp-content\/uploads\/2011\/12\/SEVERO-HERN\u00c1NDEZ.jpg\" alt=\"\" width=\"300\" height=\"277\"><\/p>\n<p>&nbsp;<\/p>\n<p>Pero no. Yo no termin\u00e9 viajando por las carreteras nacionales como parte integrante de la prensa deportiva. Mi trabajo result\u00f3 mucho m\u00e1s modesto: ten\u00eda que seguir la transmisi\u00f3n del popular evento desde la sala de redacci\u00f3n, con un radio transistor pegado a la oreja y garrapateando datos en una libreta para luego proceder a redactar un informe a publicarse el d\u00eda siguiente, basado en lo que hab\u00eda escuchado. As\u00ed lo hice, d\u00eda tras d\u00eda, siempre pendiente de lo que narraran los &#8220;comandantes&#8221; de los tres &#8220;transm\u00f3viles&#8221; de Radio Cadena Nacional (Alberto Piedrahita Pacheco del Uno, Dar\u00edo \u00c1lvarez Rodr\u00edguez, del Dos, y \u00c1lvaro Fonseca Cornejo, del Tres, despu\u00e9s reemplazado por Jos\u00e9 Antonio Churio), hasta que culmin\u00f3 la vuelta.<\/p>\n<p>&nbsp;<\/p>\n<p><img loading=\"lazy\" decoding=\"async\" class=\"aligncenter size-full wp-image-2181\" title=\"RADIO TRANSISTOR\" src=\"https:\/\/lapiedrafilosofal.com\/wp-content\/uploads\/2011\/12\/RADIO-TRANSISTOR.jpg\" alt=\"\" width=\"600\" height=\"348\" srcset=\"https:\/\/oscarhumbertogomez.com\/wp-content\/uploads\/2011\/12\/RADIO-TRANSISTOR.jpg 600w, https:\/\/oscarhumbertogomez.com\/wp-content\/uploads\/2011\/12\/RADIO-TRANSISTOR-300x174.jpg 300w\" sizes=\"auto, (max-width: 600px) 100vw, 600px\" \/><\/p>\n<p>&nbsp;<\/p>\n<p>Claro est\u00e1 que incluso un periodista tan humilde como yo deb\u00eda tener su orgullo. Y fue, justamente, ese orgullo el que hizo que cada informe lo encabezara siempre con la misma frase. Una frase que a\u00fan hoy recuerdo con una mezcla confusa de picard\u00eda y nostalgia: &#8220;<em>Por \u00d3scar Humberto G\u00f3mez, enviado especial<\/em>&#8220;.<\/p>\n<p>_______________________<\/p>\n<p>&nbsp;<\/p>\n","protected":false},"excerpt":{"rendered":"<p>&nbsp; [NOTA: Estas l\u00edneas, que forman parte de nuestro libro in\u00e9dito ENTRE LA LIBERTAD DE EXPRESI\u00d3N Y LA CENSURA. Columnas de opini\u00f3n, cr\u00f3nicas, informes especiales y memorias de un periodista provinciano y an\u00f3nimo, las traemos de nuevo al portal con &hellip; <a href=\"https:\/\/oscarhumbertogomez.com\/?p=9335\">Sigue leyendo <span class=\"meta-nav\">&rarr;<\/span><\/a><\/p>\n<div class='heateorSssClear'><\/div><div  class='heateor_sss_sharing_container heateor_sss_horizontal_sharing' heateor-sss-data-href='https:\/\/oscarhumbertogomez.com\/?p=9335'><div class='heateor_sss_sharing_title' style=\"font-weight:bold\" >\u00a1Gracias por compartirla!<\/div><ul class=\"heateor_sss_sharing_ul\"><li class=\"heateorSssSharingRound\"><i style=\"width:35px;height:35px;border-radius:999px;\" alt=\"Facebook\" Title=\"Facebook\" class=\"heateorSssSharing heateorSssFacebookBackground\" onclick='heateorSssPopup(\"https:\/\/www.facebook.com\/sharer\/sharer.php?u=https%3A%2F%2Foscarhumbertogomez.com%2Findex.php%3Frest_route%3D%252Fwp%252Fv2%252Fposts%252F9335\")'><ss style=\"display:block;border-radius:999px;\" class=\"heateorSssSharingSvg heateorSssFacebookSvg\"><\/ss><\/i><\/li><li class=\"heateorSssSharingRound\"><i style=\"width:35px;height:35px;border-radius:999px;\" alt=\"Twitter\" Title=\"Twitter\" class=\"heateorSssSharing heateorSssTwitterBackground\" onclick='heateorSssPopup(\"http:\/\/twitter.com\/intent\/tweet?text=En%20el%20Diario%20del%20Oriente%3A%20de%20corrector%20de%20pruebas%20a%20%22todero%22.%20Por%20%C3%93scar%20Humberto%20G%C3%B3mez%20G%C3%B3mez&url=https%3A%2F%2Foscarhumbertogomez.com%2Findex.php%3Frest_route%3D%252Fwp%252Fv2%252Fposts%252F9335\")'><ss style=\"display:block;border-radius:999px;\" class=\"heateorSssSharingSvg heateorSssTwitterSvg\"><\/ss><\/i><\/li><li class=\"heateorSssSharingRound\"><i style=\"width:35px;height:35px;border-radius:999px;\" alt=\"Whatsapp\" Title=\"Whatsapp\" class=\"heateorSssSharing heateorSssWhatsappBackground\" onclick='heateorSssPopup(\"https:\/\/web.whatsapp.com\/send?text=En%20el%20Diario%20del%20Oriente%3A%20de%20corrector%20de%20pruebas%20a%20%22todero%22.%20Por%20%C3%93scar%20Humberto%20G%C3%B3mez%20G%C3%B3mez https%3A%2F%2Foscarhumbertogomez.com%2Findex.php%3Frest_route%3D%252Fwp%252Fv2%252Fposts%252F9335\")'><ss style=\"display:block\" class=\"heateorSssSharingSvg heateorSssWhatsappSvg\"><\/ss><\/i><\/li><li class=\"heateorSssSharingRound\"><i style=\"width:35px;height:35px;border-radius:999px;\" alt=\"Pinterest\" Title=\"Pinterest\" class=\"heateorSssSharing heateorSssPinterestBackground\" onclick=\"javascript:void( (function() {var e=document.createElement('script' );e.setAttribute('type','text\/javascript' );e.setAttribute('charset','UTF-8' );e.setAttribute('src','\/\/assets.pinterest.com\/js\/pinmarklet.js?r='+Math.random()*99999999);document.body.appendChild(e)})());\"><ss style=\"display:block;border-radius:999px;\" class=\"heateorSssSharingSvg heateorSssPinterestSvg\"><\/ss><\/i><\/li><li class=\"heateorSssSharingRound\"><i style=\"width:35px;height:35px;border-radius:999px;\" alt=\"Google Gmail\" Title=\"Google Gmail\" class=\"heateorSssSharing heateorSssGoogleGmailBackground\" onclick='heateorSssPopup(\"https:\/\/mail.google.com\/mail\/?ui=2&view=cm&fs=1&tf=1&su=En%20el%20Diario%20del%20Oriente%3A%20de%20corrector%20de%20pruebas%20a%20%22todero%22.%20Por%20%C3%93scar%20Humberto%20G%C3%B3mez%20G%C3%B3mez&body=Link:https%3A%2F%2Foscarhumbertogomez.com%2Findex.php%3Frest_route%3D%252Fwp%252Fv2%252Fposts%252F9335\")'><ss style=\"display:block;border-radius:999px;\" class=\"heateorSssSharingSvg heateorSssGoogleGmailSvg\"><\/ss><\/i><\/li><li class=\"heateorSssSharingRound\"><i style=\"width:35px;height:35px;border-radius:999px;\" title=\"More\" alt=\"More\" class=\"heateorSssSharing heateorSssMoreBackground\" onclick=\"heateorSssMoreSharingPopup(this, 'https:\/\/oscarhumbertogomez.com\/index.php?rest_route=%2Fwp%2Fv2%2Fposts%2F9335', 'En%20el%20Diario%20del%20Oriente%3A%20de%20corrector%20de%20pruebas%20a%20%22todero%22.%20Por%20%C3%93scar%20Humberto%20G%C3%B3mez%20G%C3%B3mez', '' )\" ><ss style=\"display:block\" class=\"heateorSssSharingSvg heateorSssMoreSvg\"><\/ss><\/i><\/li><\/ul><div class=\"heateorSssClear\"><\/div><\/div><div class='heateorSssClear'><\/div>","protected":false},"author":2,"featured_media":0,"comment_status":"open","ping_status":"open","sticky":false,"template":"","format":"standard","meta":{"spay_email":"","footnotes":""},"categories":[11],"tags":[],"class_list":["post-9335","post","type-post","status-publish","format-standard","hentry","category-periodismo"],"jetpack_featured_media_url":"","jetpack_shortlink":"https:\/\/wp.me\/p1FYrr-2qz","_links":{"self":[{"href":"https:\/\/oscarhumbertogomez.com\/index.php?rest_route=\/wp\/v2\/posts\/9335","targetHints":{"allow":["GET"]}}],"collection":[{"href":"https:\/\/oscarhumbertogomez.com\/index.php?rest_route=\/wp\/v2\/posts"}],"about":[{"href":"https:\/\/oscarhumbertogomez.com\/index.php?rest_route=\/wp\/v2\/types\/post"}],"author":[{"embeddable":true,"href":"https:\/\/oscarhumbertogomez.com\/index.php?rest_route=\/wp\/v2\/users\/2"}],"replies":[{"embeddable":true,"href":"https:\/\/oscarhumbertogomez.com\/index.php?rest_route=%2Fwp%2Fv2%2Fcomments&post=9335"}],"version-history":[{"count":5,"href":"https:\/\/oscarhumbertogomez.com\/index.php?rest_route=\/wp\/v2\/posts\/9335\/revisions"}],"predecessor-version":[{"id":52355,"href":"https:\/\/oscarhumbertogomez.com\/index.php?rest_route=\/wp\/v2\/posts\/9335\/revisions\/52355"}],"wp:attachment":[{"href":"https:\/\/oscarhumbertogomez.com\/index.php?rest_route=%2Fwp%2Fv2%2Fmedia&parent=9335"}],"wp:term":[{"taxonomy":"category","embeddable":true,"href":"https:\/\/oscarhumbertogomez.com\/index.php?rest_route=%2Fwp%2Fv2%2Fcategories&post=9335"},{"taxonomy":"post_tag","embeddable":true,"href":"https:\/\/oscarhumbertogomez.com\/index.php?rest_route=%2Fwp%2Fv2%2Ftags&post=9335"}],"curies":[{"name":"wp","href":"https:\/\/api.w.org\/{rel}","templated":true}]}}