{"id":9359,"date":"2013-08-04T11:02:14","date_gmt":"2013-08-04T16:02:14","guid":{"rendered":"http:\/\/www.oscarhumbertogomez.com\/?p=9359"},"modified":"2025-03-13T09:06:51","modified_gmt":"2025-03-13T14:06:51","slug":"el-colegio-nacional-de-periodistas-celebra-el-dia-nacional-del-periodista","status":"publish","type":"post","link":"https:\/\/oscarhumbertogomez.com\/?p=9359","title":{"rendered":"El Colegio Nacional de Periodistas celebra el D\u00eda Nacional del Periodista. Por \u00d3scar Humberto G\u00f3mez G\u00f3mez"},"content":{"rendered":"<p><img loading=\"lazy\" decoding=\"async\" class=\"aligncenter size-full wp-image-9360\" title=\"ANTONIO NARI\u00d1O\" src=\"https:\/\/lapiedrafilosofal.com\/wp-content\/uploads\/2013\/08\/ANTONIO-NARI\u00d1O.jpg\" alt=\"\" width=\"555\" height=\"512\" srcset=\"https:\/\/oscarhumbertogomez.com\/wp-content\/uploads\/2013\/08\/ANTONIO-NARI\u00d1O.jpg 555w, https:\/\/oscarhumbertogomez.com\/wp-content\/uploads\/2013\/08\/ANTONIO-NARI\u00d1O-300x276.jpg 300w\" sizes=\"auto, (max-width: 555px) 100vw, 555px\" \/><\/p>\n<p>&nbsp;<\/p>\n<p>La ley <strong>918 del 2004<\/strong> estableci\u00f3 el <strong>4 de agosto<\/strong> como el <strong>D\u00eda Nacional del Periodista<\/strong>, festividad que tradicionalmente se ven\u00eda conmemorando el 9 de febrero.<\/p>\n<p>La diferencia de fechas obedece al personaje en cuyo honor se consagr\u00f3 la celebraci\u00f3n.<\/p>\n<p>Seg\u00fan la posici\u00f3n cl\u00e1sica, la celebraci\u00f3n del D\u00eda del Periodista naci\u00f3 el 9 de febrero de 1791 cuando apareci\u00f3 en la capital del pa\u00eds el primer peri\u00f3dico. Se llam\u00f3 <em>Papel Peri\u00f3dico de la Ciudad de Santaf\u00e9 de Bogot\u00e1<\/em>, \u00f3rgano fundado y dirigido por el cubano Manuel del Socorro Rodr\u00edguez de la Victoria. En aquel peri\u00f3dico se publicaron art\u00edculos de prensa escritos por algunos de los m\u00e1s destacados pr\u00f3ceres colombianos: Antonio Nari\u00f1o, Francisco Antonio Zea, Francisco Jos\u00e9 de Caldas, entre otros. Los temas que se trataban eran del m\u00e1s diverso contenido y se refer\u00edan a la vida social, literaria, cient\u00edfica, militar y civil de Espa\u00f1a, entendiendo como tal la metr\u00f3poli y sus colonias, entre ellas la Nueva Granada.<\/p>\n<p>Sin embargo, como ya se anot\u00f3, la precitada ley 918 de 2004, estableci\u00f3 una nueva fecha para la celebraci\u00f3n del D\u00eda Nacional del Periodista, la del 4 de agosto, en homenaje a otro gran precursor de la prensa, pero principalmente de la libertad de expresi\u00f3n: precisamente el patriota de la Independencia Antonio Nari\u00f1o, quien tradujo del franc\u00e9s e imprimi\u00f3 en la clandestinidad -y alcanz\u00f3 a distribuir tambi\u00e9n en la clandestinidad- la Declaraci\u00f3n de Derechos del Hombre y del Ciudadano, por lo cual es considerado el primer periodista pol\u00edtico del pa\u00eds.<\/p>\n<p>De todos modos, como ya se dijo, el 9 de febrero sigue siendo conmemorado por un sector de los periodistas. En efecto, a pesar de lo dispuesto por la ley, el C\u00edrculo de Periodistas de Bogot\u00e1 (CPB) ratific\u00f3 el 9 de febrero como el D\u00eda del Periodista Profesional, consagrado como tal por la Ley 51 del 18 de diciembre de 1975.<\/p>\n<p>El Colegio Nacional de Periodistas, por su parte, celebra hoy, 4 de agosto, el D\u00eda Nacional del Periodista con un almuerzo de compa\u00f1eros a realizarse en una finca ubicada en los alrededores del estadio de f\u00fatbol \u00c1lvaro G\u00f3mez Hurtado, en el costado oriental de la autopista Floridablanca &#8211; Piedecuesta.<\/p>\n<p>La celebraci\u00f3n solemne de la festividad ser\u00e1 ma\u00f1ana, lunes 5 de agosto a las 5 de la tarde, en la Casa de Bol\u00edvar, sede de la Academia de Historia de Santander, acto en el cual el director de este portal tendr\u00e1 el honor de recibir la credencial de periodista y de ingresar como nuevo Miembro del Colegio Nacional de Periodistas.<\/p>\n<p>&nbsp;<\/p>\n<p><img loading=\"lazy\" decoding=\"async\" class=\"aligncenter size-full wp-image-9361\" title=\"CASA DE BOL\u00cdVAR BUCARAMANGA\" src=\"https:\/\/lapiedrafilosofal.com\/wp-content\/uploads\/2013\/08\/CASA-DE-BOL\u00cdVAR-BUCARAMANGA.jpg\" alt=\"\" width=\"596\" height=\"383\" srcset=\"https:\/\/oscarhumbertogomez.com\/wp-content\/uploads\/2013\/08\/CASA-DE-BOL\u00cdVAR-BUCARAMANGA.jpg 596w, https:\/\/oscarhumbertogomez.com\/wp-content\/uploads\/2013\/08\/CASA-DE-BOL\u00cdVAR-BUCARAMANGA-300x192.jpg 300w\" sizes=\"auto, (max-width: 596px) 100vw, 596px\" \/><\/p>\n<p>&nbsp;<\/p>\n<p>\u00a1Un abrazo inmenso, periodistas!<\/p>\n<p>&nbsp;<\/p>\n","protected":false},"excerpt":{"rendered":"<p>&nbsp; La ley 918 del 2004 estableci\u00f3 el 4 de agosto como el D\u00eda Nacional del Periodista, festividad que tradicionalmente se ven\u00eda conmemorando el 9 de febrero. La diferencia de fechas obedece al personaje en cuyo honor se consagr\u00f3 la &hellip; <a href=\"https:\/\/oscarhumbertogomez.com\/?p=9359\">Sigue leyendo <span class=\"meta-nav\">&rarr;<\/span><\/a><\/p>\n<div class='heateorSssClear'><\/div><div  class='heateor_sss_sharing_container heateor_sss_horizontal_sharing' heateor-sss-data-href='https:\/\/oscarhumbertogomez.com\/?p=9359'><div class='heateor_sss_sharing_title' style=\"font-weight:bold\" >\u00a1Gracias por compartirla!<\/div><ul class=\"heateor_sss_sharing_ul\"><li class=\"heateorSssSharingRound\"><i style=\"width:35px;height:35px;border-radius:999px;\" alt=\"Facebook\" Title=\"Facebook\" class=\"heateorSssSharing heateorSssFacebookBackground\" onclick='heateorSssPopup(\"https:\/\/www.facebook.com\/sharer\/sharer.php?u=https%3A%2F%2Foscarhumbertogomez.com%2Findex.php%3Frest_route%3D%252Fwp%252Fv2%252Fposts%252F9359\")'><ss style=\"display:block;border-radius:999px;\" class=\"heateorSssSharingSvg heateorSssFacebookSvg\"><\/ss><\/i><\/li><li class=\"heateorSssSharingRound\"><i style=\"width:35px;height:35px;border-radius:999px;\" alt=\"Twitter\" Title=\"Twitter\" class=\"heateorSssSharing heateorSssTwitterBackground\" onclick='heateorSssPopup(\"http:\/\/twitter.com\/intent\/tweet?text=El%20Colegio%20Nacional%20de%20Periodistas%20celebra%20el%20D%C3%ADa%20Nacional%20del%20Periodista.%20Por%20%C3%93scar%20Humberto%20G%C3%B3mez%20G%C3%B3mez&url=https%3A%2F%2Foscarhumbertogomez.com%2Findex.php%3Frest_route%3D%252Fwp%252Fv2%252Fposts%252F9359\")'><ss style=\"display:block;border-radius:999px;\" class=\"heateorSssSharingSvg heateorSssTwitterSvg\"><\/ss><\/i><\/li><li class=\"heateorSssSharingRound\"><i style=\"width:35px;height:35px;border-radius:999px;\" alt=\"Whatsapp\" Title=\"Whatsapp\" class=\"heateorSssSharing heateorSssWhatsappBackground\" onclick='heateorSssPopup(\"https:\/\/web.whatsapp.com\/send?text=El%20Colegio%20Nacional%20de%20Periodistas%20celebra%20el%20D%C3%ADa%20Nacional%20del%20Periodista.%20Por%20%C3%93scar%20Humberto%20G%C3%B3mez%20G%C3%B3mez https%3A%2F%2Foscarhumbertogomez.com%2Findex.php%3Frest_route%3D%252Fwp%252Fv2%252Fposts%252F9359\")'><ss style=\"display:block\" class=\"heateorSssSharingSvg heateorSssWhatsappSvg\"><\/ss><\/i><\/li><li class=\"heateorSssSharingRound\"><i style=\"width:35px;height:35px;border-radius:999px;\" alt=\"Pinterest\" Title=\"Pinterest\" class=\"heateorSssSharing heateorSssPinterestBackground\" onclick=\"javascript:void( (function() {var e=document.createElement('script' );e.setAttribute('type','text\/javascript' );e.setAttribute('charset','UTF-8' );e.setAttribute('src','\/\/assets.pinterest.com\/js\/pinmarklet.js?r='+Math.random()*99999999);document.body.appendChild(e)})());\"><ss style=\"display:block;border-radius:999px;\" class=\"heateorSssSharingSvg heateorSssPinterestSvg\"><\/ss><\/i><\/li><li class=\"heateorSssSharingRound\"><i style=\"width:35px;height:35px;border-radius:999px;\" alt=\"Google Gmail\" Title=\"Google Gmail\" class=\"heateorSssSharing heateorSssGoogleGmailBackground\" onclick='heateorSssPopup(\"https:\/\/mail.google.com\/mail\/?ui=2&view=cm&fs=1&tf=1&su=El%20Colegio%20Nacional%20de%20Periodistas%20celebra%20el%20D%C3%ADa%20Nacional%20del%20Periodista.%20Por%20%C3%93scar%20Humberto%20G%C3%B3mez%20G%C3%B3mez&body=Link:https%3A%2F%2Foscarhumbertogomez.com%2Findex.php%3Frest_route%3D%252Fwp%252Fv2%252Fposts%252F9359\")'><ss style=\"display:block;border-radius:999px;\" class=\"heateorSssSharingSvg heateorSssGoogleGmailSvg\"><\/ss><\/i><\/li><li class=\"heateorSssSharingRound\"><i style=\"width:35px;height:35px;border-radius:999px;\" title=\"More\" alt=\"More\" class=\"heateorSssSharing heateorSssMoreBackground\" onclick=\"heateorSssMoreSharingPopup(this, 'https:\/\/oscarhumbertogomez.com\/index.php?rest_route=%2Fwp%2Fv2%2Fposts%2F9359', 'El%20Colegio%20Nacional%20de%20Periodistas%20celebra%20el%20D%C3%ADa%20Nacional%20del%20Periodista.%20Por%20%C3%93scar%20Humberto%20G%C3%B3mez%20G%C3%B3mez', '' )\" ><ss style=\"display:block\" class=\"heateorSssSharingSvg heateorSssMoreSvg\"><\/ss><\/i><\/li><\/ul><div class=\"heateorSssClear\"><\/div><\/div><div class='heateorSssClear'><\/div>","protected":false},"author":2,"featured_media":0,"comment_status":"open","ping_status":"open","sticky":false,"template":"","format":"standard","meta":{"spay_email":"","footnotes":""},"categories":[11],"tags":[],"class_list":["post-9359","post","type-post","status-publish","format-standard","hentry","category-periodismo"],"jetpack_featured_media_url":"","jetpack_shortlink":"https:\/\/wp.me\/p1FYrr-2qX","_links":{"self":[{"href":"https:\/\/oscarhumbertogomez.com\/index.php?rest_route=\/wp\/v2\/posts\/9359","targetHints":{"allow":["GET"]}}],"collection":[{"href":"https:\/\/oscarhumbertogomez.com\/index.php?rest_route=\/wp\/v2\/posts"}],"about":[{"href":"https:\/\/oscarhumbertogomez.com\/index.php?rest_route=\/wp\/v2\/types\/post"}],"author":[{"embeddable":true,"href":"https:\/\/oscarhumbertogomez.com\/index.php?rest_route=\/wp\/v2\/users\/2"}],"replies":[{"embeddable":true,"href":"https:\/\/oscarhumbertogomez.com\/index.php?rest_route=%2Fwp%2Fv2%2Fcomments&post=9359"}],"version-history":[{"count":2,"href":"https:\/\/oscarhumbertogomez.com\/index.php?rest_route=\/wp\/v2\/posts\/9359\/revisions"}],"predecessor-version":[{"id":52356,"href":"https:\/\/oscarhumbertogomez.com\/index.php?rest_route=\/wp\/v2\/posts\/9359\/revisions\/52356"}],"wp:attachment":[{"href":"https:\/\/oscarhumbertogomez.com\/index.php?rest_route=%2Fwp%2Fv2%2Fmedia&parent=9359"}],"wp:term":[{"taxonomy":"category","embeddable":true,"href":"https:\/\/oscarhumbertogomez.com\/index.php?rest_route=%2Fwp%2Fv2%2Fcategories&post=9359"},{"taxonomy":"post_tag","embeddable":true,"href":"https:\/\/oscarhumbertogomez.com\/index.php?rest_route=%2Fwp%2Fv2%2Ftags&post=9359"}],"curies":[{"name":"wp","href":"https:\/\/api.w.org\/{rel}","templated":true}]}}